{"id":7785,"date":"2021-05-24T18:42:47","date_gmt":"2021-05-24T16:42:47","guid":{"rendered":"http:\/\/www.lacostituzione.info\/?p=7785"},"modified":"2021-05-24T19:12:18","modified_gmt":"2021-05-24T17:12:18","slug":"chi-ha-paura-della-democrazia","status":"publish","type":"post","link":"https:\/\/www.lacostituzione.info\/index.php\/2021\/05\/24\/chi-ha-paura-della-democrazia\/","title":{"rendered":"Chi ha paura della democrazia?"},"content":{"rendered":"\n<p><a href=\"http:\/\/www.lacostituzione.info\/index.php\/2021\/03\/31\/il-voto-e-un-diritto-anche-a-distanza\/votarefuorisede3\/#main\" rel=\"attachment wp-att-7685\"><img loading=\"lazy\" decoding=\"async\" data-attachment-id=\"7685\" data-permalink=\"https:\/\/www.lacostituzione.info\/index.php\/2021\/03\/31\/il-voto-e-un-diritto-anche-a-distanza\/votarefuorisede3\/#main\" data-orig-file=\"https:\/\/www.lacostituzione.info\/wp-content\/uploads\/2021\/03\/votarefuorisede3.jpg\" data-orig-size=\"960,720\" data-comments-opened=\"1\" data-image-meta=\"{&quot;aperture&quot;:&quot;0&quot;,&quot;credit&quot;:&quot;&quot;,&quot;camera&quot;:&quot;&quot;,&quot;caption&quot;:&quot;&quot;,&quot;created_timestamp&quot;:&quot;0&quot;,&quot;copyright&quot;:&quot;&quot;,&quot;focal_length&quot;:&quot;0&quot;,&quot;iso&quot;:&quot;0&quot;,&quot;shutter_speed&quot;:&quot;0&quot;,&quot;title&quot;:&quot;&quot;,&quot;orientation&quot;:&quot;0&quot;}\" data-image-title=\"votarefuorisede3\" data-image-description=\"\" data-image-caption=\"\" data-medium-file=\"https:\/\/www.lacostituzione.info\/wp-content\/uploads\/2021\/03\/votarefuorisede3-300x225.jpg\" data-large-file=\"https:\/\/www.lacostituzione.info\/wp-content\/uploads\/2021\/03\/votarefuorisede3.jpg\" class=\"alignleft size-thumbnail wp-image-7685\" src=\"http:\/\/www.lacostituzione.info\/wp-content\/uploads\/2021\/03\/votarefuorisede3-150x150.jpg\" alt=\"\" width=\"150\" height=\"150\" \/><\/a>di <strong><abbr class='c2c-text-hover' title='Professore ordinario di Diritto costituzionale - Universit\u00e0 di Ferrara'>Roberto Bin<\/abbr><\/strong><\/p>\n<p>Ne avevamo <a href=\"http:\/\/www.lacostituzione.info\/index.php\/2021\/03\/31\/il-voto-e-un-diritto-anche-a-distanza\/\">dato conto poco tempo fa<\/a>. In vista delle elezioni di autunno in Calabria (per la regione) e in molti comuni grossi e piccoli, un collettivo di giovani aveva lanciato un appello, chiedendo aiuto per redigere un progetto di legge che consenta finalmente di votare a distanza.<!--more--> Ne \u00e8 un uscito un testo molto ridotto, ma autoapplicativo, che consentirebbe a chiunque lo voglia &#8211; e dia congruo preavviso &#8211; di votare nella prefettura in cui \u00e8 momentaneamente domiciliato. Il progetto \u00e8 stato adottato dal presidente della prima commissione della Camera (Michele Brescia, M5S) che lo ha trasformato in una proposta di legge, sottoscritta da altri deputati del M5S (<a href=\"https:\/\/documenti.camera.it\/leg18\/pdl\/pdf\/leg.18.pdl.camera.3007.18PDL0137410.pdf\">A.C. 3007<\/a>). Tutto sembrava aver preso un bell&#8217;abbrivio ma, come spesso capita in Italia, improvvisamente tutto si \u00e8 fermato. Perch\u00e9? Chi ostacola una proposta che affronta un problema serio e non troppo difficile, come far votare le persone senza costringerle ad affrontare un viaggio che pu\u00f2 essere parecchio lungo (non a caso sono elettori calabresi ad aver sollevato il problema), in un periodo (il prossimo autunno) in cui non si pu\u00f2\u00a0 avere alcuna certezza sullo stato della pandemia?<\/p>\n<p>Vi \u00e8 anzitutto l&#8217;ostacolo burocratico, ossia il Ministero degli interni. E&#8217; un mondo a s\u00e9, il regno della burocrazia pi\u00f9 arcigna: sono tutti prefetti, anche i &#8220;tecnici&#8221;, e da un po&#8217; anche il ministro; parlano il loro linguaggio, legiferano tramite circolare e condizionano qualsiasi scelta politica che debba avere il loro placet &#8220;tecnico&#8221;. C&#8217;\u00e8 un bello studio di Marilisa D&#8217;Amico che risale a qualche anno fa (<a href=\"https:\/\/www.rivistaaic.it\/images\/rivista\/pdf\/D_Amico_4_2018.pdf\"><em>Amministrazione creatrice ed esecutrice del diritto<\/em><\/a>, 2018), in cui si mette in evidenza quanta continuit\u00e0 storica vi sia nei comportamenti del Viminale tra il fascismo e i giorni attuali (par. 4): continuit\u00e0 che si manifesta nell&#8217;uso e abuso della circolare come strumento per disciplinare rapporti che dovrebbero essere riservati alla legge, soprattutto in materia di immigrazione, ma non solo.<\/p>\n<p>La granitica difesa burocratica dell&#8217;esistente porta con s\u00e9 la tendenza a opporsi a qualsiasi modificazione delle prassi consolidate, specie se connesse a momenti istituzionali fondamentali come le elezioni. Che vi siano schede elettorali &#8220;che viaggiano&#8221; da una regione all&#8217;altra preoccupa e disturba il buon funzionario, non istruito ad essere sensibile alle istanze di democrazia, che vorrebbero la rimozione degli ostacoli che complicano il diritto di voto. Da qui un&#8217;istintiva reazione di rigetto contro l&#8217;ipotesi di ammettere il voto per corrispondenza e di opporre ogni sorta di argomento: argomenti davvero sorprendenti se impiegati dal Ministero degli interni, come la difesa delle regioni e della loro autonomia legislativa in materia elettorale contro l&#8217;ipotesi di norme &#8220;autoapplicative&#8221; che verrebbero introdotte dalla legge dello Stato. Il diritto regionale \u00e8 materia assai complicata, e bisognerebbe studiarlo a fondo prima di spendere questo tipo di argomenti. Chi se non lo Stato potrebbe disporre delle poste e degli uffici delle prefetture? E a chi spetta di assicurare i &#8220;livelli essenziali delle prestazioni concernenti i diritti civili e sociali che devono essere garantiti su tutto il territorio nazionale&#8221; (art. 117.2, lett. m)? E come sarebbe stato possibile che il Governo intervenisse &#8211; con decreto-legge per di pi\u00f9 <a href=\"https:\/\/www.normattiva.it\/uri-res\/N2Ls?urn:nir:stato:decreto-%20%20%20%20%20%20%20%20%20%20%20%20legge:2020;86,\" class=\"broken_link\">(d.l. 86\/2020<\/a>) &#8211; sostituendo parti della legge elettorale della Puglia con norme di immediata applicazione tese a tutelare il principio di parit\u00e0 di genere?<\/p>\n<p>Ma basta davvero l&#8217;ostruzionismo delle strutture burocratiche per bloccare una legge voluta da una larga e convinta maggioranza politica? Qui sta il punto: esiste davvero una compatta maggioranza politica? Il M5S ha seguito il Presidente Brescia \u00e8 ha sottoscritto in massa il progetto da lui presentato. L&#8217;on. D&#8217;Ettore (FI) ha presentato una proposta che recepisce la proposta del collettivo, con una variazione non decisiva. Il PD da tempo sostiene il <a href=\"https:\/\/documenti.camera.it\/leg18\/pdl\/pdf\/leg.18.pdl.camera.1714.18PDL0054080.pdf\">pdl Madia<\/a>, che intende introdurre il voto a distanza per le elezioni politiche e comunitarie e per il referendum, una proposta che da tempo galleggia in parlamento. Il neo-segretario Letta ha molto sottolineato l&#8217;importanza dei giovani e del loro apporto alla politica, sino al punto di suggerire la concessione del voto ai sedicenni. Tutto questo dovrebbe far prevedere che il PD accolga con entusiasmo l&#8217;iniziativa spontanea che parte da un collettivo di giovani, per di pi\u00f9 del profondo Sud, che chiedono semplicemente di rimuovere un ostacolo all&#8217;esercizio del loro voto. Ma sembra che altrettanto entusiasmo non sia condiviso dal gruppo parlamentare PD. Forse per una malintesa difesa del pdl Madia, che per\u00f2 non si occupa delle elezioni regionali e municipali: l&#8217;argomento sarebbe diverso, anche se l&#8217;intento coinciderebbe. O forse perch\u00e9 almeno una cosa il PD ha ereditato dal vecchio PCI: una insuperabile diffidenza per le iniziative &#8220;spontanee&#8221; che salgono dalla societ\u00e0 e non vengono filtrate all&#8217;interno del partito e dalle sue articolazioni.<\/p>\n","protected":false},"excerpt":{"rendered":"<p>di <abbr class='c2c-text-hover' title='Professore ordinario di Diritto costituzionale - Universit\u00e0 di Ferrara'>Roberto Bin<\/abbr> Ne avevamo dato conto poco tempo fa. In vista delle elezioni di autunno in Calabria (per la regione) e in molti comuni grossi e piccoli, un collettivo di giovani aveva lanciato un appello, chiedendo aiuto per redigere un progetto di legge che consenta finalmente di votare a distanza.<\/p>\n<div class='heateorSssClear'><\/div><div  class='heateor_sss_sharing_container heateor_sss_horizontal_sharing' data-heateor-sss-href='https:\/\/www.lacostituzione.info\/index.php\/2021\/05\/24\/chi-ha-paura-della-democrazia\/'><div class='heateor_sss_sharing_title' style=\"font-weight:bold\" >Condividi!<\/div><div class=\"heateor_sss_sharing_ul\"><a aria-label=\"Facebook\" class=\"heateor_sss_facebook\" href=\"https:\/\/www.facebook.com\/sharer\/sharer.php?u=https%3A%2F%2Fwww.lacostituzione.info%2Findex.php%2F2021%2F05%2F24%2Fchi-ha-paura-della-democrazia%2F\" title=\"Facebook\" rel=\"nofollow noopener\" target=\"_blank\" style=\"font-size:32px!important;box-shadow:none;display:inline-block;vertical-align:middle\"><span class=\"heateor_sss_svg\" style=\"background-color:#0765FE;width:35px;height:35px;display:inline-block;opacity:1;float:left;font-size:32px;box-shadow:none;display:inline-block;font-size:16px;padding:0 4px;vertical-align:middle;background-repeat:repeat;overflow:hidden;padding:0;cursor:pointer;box-sizing:content-box\"><svg style=\"display:block;\" focusable=\"false\" aria-hidden=\"true\" xmlns=\"http:\/\/www.w3.org\/2000\/svg\" width=\"100%\" height=\"100%\" viewBox=\"0 0 32 32\"><path fill=\"#fff\" d=\"M28 16c0-6.627-5.373-12-12-12S4 9.373 4 16c0 5.628 3.875 10.35 9.101 11.647v-7.98h-2.474V16H13.1v-1.58c0-4.085 1.849-5.978 5.859-5.978.76 0 2.072.15 2.608.298v3.325c-.283-.03-.775-.045-1.386-.045-1.967 0-2.728.745-2.728 2.683V16h3.92l-.673 3.667h-3.247v8.245C23.395 27.195 28 22.135 28 16Z\"><\/path><\/svg><\/span><\/a><a aria-label=\"Twitter\" class=\"heateor_sss_button_twitter\" href=\"https:\/\/twitter.com\/intent\/tweet?text=Chi%20ha%20paura%20della%20democrazia%3F&url=https%3A%2F%2Fwww.lacostituzione.info%2Findex.php%2F2021%2F05%2F24%2Fchi-ha-paura-della-democrazia%2F\" title=\"Twitter\" rel=\"nofollow noopener\" target=\"_blank\" style=\"font-size:32px!important;box-shadow:none;display:inline-block;vertical-align:middle\"><span class=\"heateor_sss_svg heateor_sss_s__default heateor_sss_s_twitter\" style=\"background-color:#55acee;width:35px;height:35px;display:inline-block;opacity:1;float:left;font-size:32px;box-shadow:none;display:inline-block;font-size:16px;padding:0 4px;vertical-align:middle;background-repeat:repeat;overflow:hidden;padding:0;cursor:pointer;box-sizing:content-box\"><svg style=\"display:block;\" focusable=\"false\" aria-hidden=\"true\" xmlns=\"http:\/\/www.w3.org\/2000\/svg\" width=\"100%\" height=\"100%\" viewBox=\"-4 -4 39 39\"><path d=\"M28 8.557a9.913 9.913 0 0 1-2.828.775 4.93 4.93 0 0 0 2.166-2.725 9.738 9.738 0 0 1-3.13 1.194 4.92 4.92 0 0 0-3.593-1.55 4.924 4.924 0 0 0-4.794 6.049c-4.09-.21-7.72-2.17-10.15-5.15a4.942 4.942 0 0 0-.665 2.477c0 1.71.87 3.214 2.19 4.1a4.968 4.968 0 0 1-2.23-.616v.06c0 2.39 1.7 4.38 3.952 4.83-.414.115-.85.174-1.297.174-.318 0-.626-.03-.928-.086a4.935 4.935 0 0 0 4.6 3.42 9.893 9.893 0 0 1-6.114 2.107c-.398 0-.79-.023-1.175-.068a13.953 13.953 0 0 0 7.55 2.213c9.056 0 14.01-7.507 14.01-14.013 0-.213-.005-.426-.015-.637.96-.695 1.795-1.56 2.455-2.55z\" fill=\"#fff\"><\/path><\/svg><\/span><\/a><a aria-label=\"Reddit\" class=\"heateor_sss_button_reddit\" href=\"https:\/\/reddit.com\/submit?url=https%3A%2F%2Fwww.lacostituzione.info%2Findex.php%2F2021%2F05%2F24%2Fchi-ha-paura-della-democrazia%2F&title=Chi%20ha%20paura%20della%20democrazia%3F\" title=\"Reddit\" rel=\"nofollow noopener\" target=\"_blank\" style=\"font-size:32px!important;box-shadow:none;display:inline-block;vertical-align:middle\"><span class=\"heateor_sss_svg heateor_sss_s__default heateor_sss_s_reddit\" style=\"background-color:#ff5700;width:35px;height:35px;display:inline-block;opacity:1;float:left;font-size:32px;box-shadow:none;display:inline-block;font-size:16px;padding:0 4px;vertical-align:middle;background-repeat:repeat;overflow:hidden;padding:0;cursor:pointer;box-sizing:content-box\"><svg style=\"display:block;\" focusable=\"false\" aria-hidden=\"true\" xmlns=\"http:\/\/www.w3.org\/2000\/svg\" width=\"100%\" height=\"100%\" viewBox=\"-3.5 -3.5 39 39\"><path d=\"M28.543 15.774a2.953 2.953 0 0 0-2.951-2.949 2.882 2.882 0 0 0-1.9.713 14.075 14.075 0 0 0-6.85-2.044l1.38-4.349 3.768.884a2.452 2.452 0 1 0 .24-1.176l-4.274-1a.6.6 0 0 0-.709.4l-1.659 5.224a14.314 14.314 0 0 0-7.316 2.029 2.908 2.908 0 0 0-1.872-.681 2.942 2.942 0 0 0-1.618 5.4 5.109 5.109 0 0 0-.062.765c0 4.158 5.037 7.541 11.229 7.541s11.22-3.383 11.22-7.541a5.2 5.2 0 0 0-.053-.706 2.963 2.963 0 0 0 1.427-2.51zm-18.008 1.88a1.753 1.753 0 0 1 1.73-1.74 1.73 1.73 0 0 1 1.709 1.74 1.709 1.709 0 0 1-1.709 1.711 1.733 1.733 0 0 1-1.73-1.711zm9.565 4.968a5.573 5.573 0 0 1-4.081 1.272h-.032a5.576 5.576 0 0 1-4.087-1.272.6.6 0 0 1 .844-.854 4.5 4.5 0 0 0 3.238.927h.032a4.5 4.5 0 0 0 3.237-.927.6.6 0 1 1 .844.854zm-.331-3.256a1.726 1.726 0 1 1 1.709-1.712 1.717 1.717 0 0 1-1.712 1.712z\" fill=\"#fff\"\/><\/svg><\/span><\/a><a aria-label=\"Linkedin\" class=\"heateor_sss_button_linkedin\" href=\"https:\/\/www.linkedin.com\/sharing\/share-offsite\/?url=https%3A%2F%2Fwww.lacostituzione.info%2Findex.php%2F2021%2F05%2F24%2Fchi-ha-paura-della-democrazia%2F\" title=\"Linkedin\" rel=\"nofollow noopener\" target=\"_blank\" style=\"font-size:32px!important;box-shadow:none;display:inline-block;vertical-align:middle\"><span class=\"heateor_sss_svg heateor_sss_s__default heateor_sss_s_linkedin\" style=\"background-color:#0077b5;width:35px;height:35px;display:inline-block;opacity:1;float:left;font-size:32px;box-shadow:none;display:inline-block;font-size:16px;padding:0 4px;vertical-align:middle;background-repeat:repeat;overflow:hidden;padding:0;cursor:pointer;box-sizing:content-box\"><svg style=\"display:block;\" focusable=\"false\" aria-hidden=\"true\" xmlns=\"http:\/\/www.w3.org\/2000\/svg\" width=\"100%\" height=\"100%\" viewBox=\"0 0 32 32\"><path d=\"M6.227 12.61h4.19v13.48h-4.19V12.61zm2.095-6.7a2.43 2.43 0 0 1 0 4.86c-1.344 0-2.428-1.09-2.428-2.43s1.084-2.43 2.428-2.43m4.72 6.7h4.02v1.84h.058c.56-1.058 1.927-2.176 3.965-2.176 4.238 0 5.02 2.792 5.02 6.42v7.395h-4.183v-6.56c0-1.564-.03-3.574-2.178-3.574-2.18 0-2.514 1.7-2.514 3.46v6.668h-4.187V12.61z\" fill=\"#fff\"><\/path><\/svg><\/span><\/a><a aria-label=\"Pinterest\" class=\"heateor_sss_button_pinterest\" href=\"https:\/\/www.lacostituzione.info\/index.php\/2021\/05\/24\/chi-ha-paura-della-democrazia\/\" onclick=\"event.preventDefault();javascript:void( (function() {var e=document.createElement('script' );e.setAttribute('type','text\/javascript' );e.setAttribute('charset','UTF-8' );e.setAttribute('src','\/\/assets.pinterest.com\/js\/pinmarklet.js?r='+Math.random()*99999999);document.body.appendChild(e)})());\" title=\"Pinterest\" rel=\"noopener\" style=\"font-size:32px!important;box-shadow:none;display:inline-block;vertical-align:middle\"><span class=\"heateor_sss_svg heateor_sss_s__default heateor_sss_s_pinterest\" style=\"background-color:#cc2329;width:35px;height:35px;display:inline-block;opacity:1;float:left;font-size:32px;box-shadow:none;display:inline-block;font-size:16px;padding:0 4px;vertical-align:middle;background-repeat:repeat;overflow:hidden;padding:0;cursor:pointer;box-sizing:content-box\"><svg style=\"display:block;\" focusable=\"false\" aria-hidden=\"true\" xmlns=\"http:\/\/www.w3.org\/2000\/svg\" width=\"100%\" height=\"100%\" viewBox=\"-2 -2 35 35\"><path fill=\"#fff\" d=\"M16.539 4.5c-6.277 0-9.442 4.5-9.442 8.253 0 2.272.86 4.293 2.705 5.046.303.125.574.005.662-.33.061-.231.205-.816.27-1.06.088-.331.053-.447-.191-.736-.532-.627-.873-1.439-.873-2.591 0-3.338 2.498-6.327 6.505-6.327 3.548 0 5.497 2.168 5.497 5.062 0 3.81-1.686 7.025-4.188 7.025-1.382 0-2.416-1.142-2.085-2.545.397-1.674 1.166-3.48 1.166-4.689 0-1.081-.581-1.983-1.782-1.983-1.413 0-2.548 1.462-2.548 3.419 0 1.247.421 2.091.421 2.091l-1.699 7.199c-.505 2.137-.076 4.755-.039 5.019.021.158.223.196.314.077.13-.17 1.813-2.247 2.384-4.324.162-.587.929-3.631.929-3.631.46.876 1.801 1.646 3.227 1.646 4.247 0 7.128-3.871 7.128-9.053.003-3.918-3.317-7.568-8.361-7.568z\"\/><\/svg><\/span><\/a><a aria-label=\"Whatsapp\" class=\"heateor_sss_whatsapp\" href=\"https:\/\/api.whatsapp.com\/send?text=Chi%20ha%20paura%20della%20democrazia%3F%20https%3A%2F%2Fwww.lacostituzione.info%2Findex.php%2F2021%2F05%2F24%2Fchi-ha-paura-della-democrazia%2F\" title=\"Whatsapp\" rel=\"nofollow noopener\" target=\"_blank\" style=\"font-size:32px!important;box-shadow:none;display:inline-block;vertical-align:middle\"><span class=\"heateor_sss_svg\" style=\"background-color:#55eb4c;width:35px;height:35px;display:inline-block;opacity:1;float:left;font-size:32px;box-shadow:none;display:inline-block;font-size:16px;padding:0 4px;vertical-align:middle;background-repeat:repeat;overflow:hidden;padding:0;cursor:pointer;box-sizing:content-box\"><svg style=\"display:block;\" focusable=\"false\" aria-hidden=\"true\" xmlns=\"http:\/\/www.w3.org\/2000\/svg\" width=\"100%\" height=\"100%\" viewBox=\"-6 -5 40 40\"><path class=\"heateor_sss_svg_stroke heateor_sss_no_fill\" stroke=\"#fff\" stroke-width=\"2\" fill=\"none\" d=\"M 11.579798566743314 24.396926207859085 A 10 10 0 1 0 6.808479557110079 20.73576436351046\"><\/path><path d=\"M 7 19 l -1 6 l 6 -1\" class=\"heateor_sss_no_fill heateor_sss_svg_stroke\" stroke=\"#fff\" stroke-width=\"2\" fill=\"none\"><\/path><path d=\"M 10 10 q -1 8 8 11 c 5 -1 0 -6 -1 -3 q -4 -3 -5 -5 c 4 -2 -1 -5 -1 -4\" fill=\"#fff\"><\/path><\/svg><\/span><\/a><\/div><div class=\"heateorSssClear\"><\/div><\/div><div class='heateorSssClear'><\/div>","protected":false},"author":3,"featured_media":0,"comment_status":"open","ping_status":"open","sticky":false,"template":"","format":"standard","meta":{"jetpack_post_was_ever_published":false,"_jetpack_newsletter_access":"","_jetpack_dont_email_post_to_subs":false,"_jetpack_newsletter_tier_id":0,"_jetpack_memberships_contains_paywalled_content":false,"_jetpack_memberships_contains_paid_content":false,"footnotes":"","jetpack_publicize_message":"","jetpack_publicize_feature_enabled":true,"jetpack_social_post_already_shared":false,"jetpack_social_options":{"image_generator_settings":{"template":"highway","default_image_id":0,"enabled":false},"version":2}},"categories":[4],"tags":[529,1551,1347,417],"class_list":["post-7785","post","type-post","status-publish","format-standard","hentry","category-attualita","tag-democrazia","tag-diritto-di-voto","tag-elezioni-regionali","tag-giovani"],"jetpack_publicize_connections":[],"jetpack_featured_media_url":"","jetpack_shortlink":"https:\/\/wp.me\/p84sDq-21z","jetpack_likes_enabled":true,"jetpack_sharing_enabled":true,"_links":{"self":[{"href":"https:\/\/www.lacostituzione.info\/index.php\/wp-json\/wp\/v2\/posts\/7785","targetHints":{"allow":["GET"]}}],"collection":[{"href":"https:\/\/www.lacostituzione.info\/index.php\/wp-json\/wp\/v2\/posts"}],"about":[{"href":"https:\/\/www.lacostituzione.info\/index.php\/wp-json\/wp\/v2\/types\/post"}],"author":[{"embeddable":true,"href":"https:\/\/www.lacostituzione.info\/index.php\/wp-json\/wp\/v2\/users\/3"}],"replies":[{"embeddable":true,"href":"https:\/\/www.lacostituzione.info\/index.php\/wp-json\/wp\/v2\/comments?post=7785"}],"version-history":[{"count":0,"href":"https:\/\/www.lacostituzione.info\/index.php\/wp-json\/wp\/v2\/posts\/7785\/revisions"}],"wp:attachment":[{"href":"https:\/\/www.lacostituzione.info\/index.php\/wp-json\/wp\/v2\/media?parent=7785"}],"wp:term":[{"taxonomy":"category","embeddable":true,"href":"https:\/\/www.lacostituzione.info\/index.php\/wp-json\/wp\/v2\/categories?post=7785"},{"taxonomy":"post_tag","embeddable":true,"href":"https:\/\/www.lacostituzione.info\/index.php\/wp-json\/wp\/v2\/tags?post=7785"}],"curies":[{"name":"wp","href":"https:\/\/api.w.org\/{rel}","templated":true}]}}