{"id":7802,"date":"2021-05-29T12:31:14","date_gmt":"2021-05-29T10:31:14","guid":{"rendered":"http:\/\/www.lacostituzione.info\/?p=7802"},"modified":"2021-05-29T12:31:15","modified_gmt":"2021-05-29T10:31:15","slug":"e-tramontata-lipotesi-del-mattarella-bis","status":"publish","type":"post","link":"https:\/\/www.lacostituzione.info\/index.php\/2021\/05\/29\/e-tramontata-lipotesi-del-mattarella-bis\/","title":{"rendered":"E&#8217; tramontata l&#8217;ipotesi del &#8220;Mattarella-bis&#8221;?"},"content":{"rendered":"\n<p style=\"text-align: center;\"><a href=\"http:\/\/www.lacostituzione.info\/index.php\/2021\/03\/14\/decisioni-neutrali-che-neutrali-non-sono-linvestitura-del-nuovo-governo\/matadraghi\/#main\" rel=\"attachment wp-att-7656\"><img loading=\"lazy\" decoding=\"async\" data-attachment-id=\"7656\" data-permalink=\"https:\/\/www.lacostituzione.info\/index.php\/2021\/03\/14\/decisioni-neutrali-che-neutrali-non-sono-linvestitura-del-nuovo-governo\/matadraghi\/#main\" data-orig-file=\"https:\/\/www.lacostituzione.info\/wp-content\/uploads\/2021\/03\/matadraghi.jpg\" data-orig-size=\"1024,537\" data-comments-opened=\"1\" data-image-meta=\"{&quot;aperture&quot;:&quot;0&quot;,&quot;credit&quot;:&quot;&quot;,&quot;camera&quot;:&quot;&quot;,&quot;caption&quot;:&quot;&quot;,&quot;created_timestamp&quot;:&quot;0&quot;,&quot;copyright&quot;:&quot;&quot;,&quot;focal_length&quot;:&quot;0&quot;,&quot;iso&quot;:&quot;0&quot;,&quot;shutter_speed&quot;:&quot;0&quot;,&quot;title&quot;:&quot;&quot;,&quot;orientation&quot;:&quot;0&quot;}\" data-image-title=\"matadraghi\" data-image-description=\"\" data-image-caption=\"\" data-medium-file=\"https:\/\/www.lacostituzione.info\/wp-content\/uploads\/2021\/03\/matadraghi-300x157.jpg\" data-large-file=\"https:\/\/www.lacostituzione.info\/wp-content\/uploads\/2021\/03\/matadraghi-1024x537.jpg\" class=\"aligncenter size-thumbnail wp-image-7656\" src=\"http:\/\/www.lacostituzione.info\/wp-content\/uploads\/2021\/03\/matadraghi-150x150.jpg\" alt=\"\" width=\"150\" height=\"150\" \/><\/a>di <strong>Luana Leo <\/strong><\/p>\n<p>Nel giro di pochi mesi, il Presidente Mattarella ha ribadito un concetto ormai ben chiaro alla compagine politica: \u201cIl mandato presidenziale dura sette anni\u201d. Declina, dunque, l\u2019ipotesi di una ricandidatura da parte dello stesso.<!--more--> Del resto, gi\u00e0 in occasione del discorso di fine anno, il Capo dello Stato aveva lasciato intendere le sue intenzioni, evocando la figura di Antonio Segni, indiscutibile personalit\u00e0 di spicco, passato alla storia per il Messaggio reso alle Camere il 16 settembre 1963. Con esso egli intendeva porre in luce taluni difetti riscontrati nella Costituzione, in modo tale da esortare il Legislatore a porvi rimedio tempestivamente. In particolare, Segni invitava a riflettere sulla possibilit\u00e0 di inserire, nel dettato costituzionale, il principio di non immediata rieleggibilit\u00e0 presidenziale, sottolineando cos\u00ec la non necessaria permanenza dell\u2019istituto del semestre bianco, che, come noto, impedisce al Presidente della Repubblica di assolvere la prerogativa dello scioglimento anticipato delle Camere negli ultimi sei mesi del proprio mandato, fatta eccezione in caso di fine Legislatura (art. 88.2, Cost., come modificato dalla legge cost. n. 1\/1991). Compiere tale passo avrebbe significato, altres\u00ec, <em>\u201celiminare qualunque, sia pure ingiusto, sospetto che qualche atto del Capo dello Stato sia compiuto al fine di favorirne la rielezione\u201d<\/em>. Di conseguenza, la non rieleggibilit\u00e0 presidenziale avrebbe innescato l\u2019abrogazione della previsione contenuta nell\u2019art. 88.2, Cost., poich\u00e9, ad avviso del quarto Presidente della storia repubblicana <em>\u201caltera il difficile e delicato equilibrio tra i poteri dello Stato, e pu\u00f2 far scattare la sospensione del potere di scioglimento delle Camere in un momento politico tale da determinare gravi effetti\u201d<\/em>.<\/p>\n<p>Il messaggio rivolto da Segni alle Camere nel 1963 non sorprese taluni deputati e senatori. Gi\u00e0 in Assemblea Costituente, infatti, si era dibattuto circa l\u2019opportunit\u00e0 o meno di inserire nella Costituzione una clausola di non rieleggibilit\u00e0 del Presidente della Repubblica. La <em>querelle<\/em> divise la Costituente: si segnalano, gli accesi interventi di Tosato, Starnuti, Togliatti e Moro. Tale breve \u201ctuffo\u201d nel passato risulta prezioso per comprendere sia la riconferma di Giorgio Napolitano alla guida del Quirinale nel 2013, sia la volont\u00e0 dell\u2019attuale Capo dello Stato di non concedere un <em>\u201cbis\u201d<\/em>. Entrambi, infatti, appaiono uniti da un filo invisibile, nonch\u00e9 il contesto storico, segnato nel primo caso da una forte instabilit\u00e0 politica, e nel secondo dalla pandemia da Covid-19. Quel che accadde nella prima vicenda \u00e8 risaputo: scartata la nomina dell\u2019<em>ex<\/em> Presidente del Senato Franco Marini e quella dell\u2019<em>ex<\/em> Presidente del Consiglio Romano Prodi, la rielezione del Presidente in uscita apparve l\u2019unica ipotesi sostenibile, sebbene questi avesse manifestato non poche perplessit\u00e0, anche per l\u2019et\u00e0. Nel caso in esame, la riconferma del Presidente riusc\u00ec a evitare il peggio: un Paese politicamente ingovernabile, contraddistinto da quotidiani contrasti tra i partiti, non avrebbe potuto affrontare in modo egregio il \u201cnodo\u201d presidenziale. La rieleggibilit\u00e0 del Presidente, dunque, rappresent\u00f2 un\u2019ancora di salvezza per la Nazione. \u00c8 possibile, dunque, sostenere che la riconferma del Presidente della Repubblica uscente costituisca uno strumento idoneo ad assicurare il funzionamento del sistema in certe situazioni critiche. Un mezzo s\u00ec efficace, ma eccezionale. Lo stesso Capo dello Stato, durante il suo secondo giuramento, tenne a chiarire che la rielezione si pone come <em>\u201cuna scelta pienamente legittima, ma eccezionale\u201d<\/em>.<\/p>\n<p>Come il suo predecessore, il Presidente Mattarella ha dovuto risolvere molteplici \u201cspine\u201d, di diversa natura. Nel mese di gennaio 2021, egli si \u00e8 trovato a gestire uno scenario politico delicato, aggravato dalla pandemia. Il fallimento del mandato esplorativo al Presidente del Senato ha costretto il Presidente della Repubblica ad attribuire l\u2019incarico ad un soggetto \u201cneutro\u201d, Mario Draghi, celebre per aver guidato la BCE durante la crisi del debito sovrano europeo <em>(\u201cWhatever it takes\u201d)<\/em>. Una decisione tanto apprezzata, dalla quale sembrava trasparire un <em>\u201critorno allo Statuto\u201d<\/em>; taluni, infatti, hanno intravisto <em>\u201cla rivincita della Costituzione scritta su quella deformata nella prassi\u201d <\/em>(M. Ainis); altri, invece, hanno definito il nuovo Esecutivo come <em>\u201cil primo governo della Costituzione\u201d<\/em> (L. Violante). Una scelta talmente incisiva da generare leggeri malumori: vi \u00e8 chi riteneva che essa avrebbe dovuto porsi <em>\u201cin sintonia con la composizione politica del Parlamento\u201d<\/em>, ricordando che la formazione del Governo \u00e8 <em>\u201cregolata da norme scritte\u201d<\/em> (M. Volpi); aspetto che porta il Presidente della Repubblica ad essere <em>\u201cil regista, ma non l\u2019autore dell\u2019indirizzo politico\u201d<\/em> (G. Zagrebelsky). A prescindere da ci\u00f2, appare evidente come egli abbia assunto il ruolo di attore-protagonista, giocando ruoli ben diversi: ora assecondando i partiti, ora promuovendo il suo piano, per via dell\u2019inerzia dell\u2019organo legislativo.<\/p>\n<p>Pertanto, risulta legittimo chiedersi se un\u2019eventuale ricandidatura del Presidente in carica sia da reputare come <em>\u201ccosa buona e giusta\u201d<\/em>. Per un\u2019Italia che sogna di ritornare presto alla \u201cnormalit\u00e0\u201d, la rielezione del Presidente Mattarella potrebbe tradursi in una vittoria sulla pandemia. Il Capo dello Stato ha rivestito un ruolo-chiave nell\u2019emergenza sanitaria: egli dapprima ha ringraziato i cittadini per gli importanti sacrifici compiuti (oggetto di ammirazione all\u2019estero); in seguito, ha invitato il popolo a riflettere su come la pandemia abbia mutato il nostro \u201cessere\u201d; infine, ha ricordato a tutti che la prova potr\u00e0 ritenersi superata continuando a dimostrare unit\u00e0, coesione, e spirito democratico.<\/p>\n<p>Una parte nobile della dottrina ammetteva che negare la rieleggibilit\u00e0 del Capo dello Stato provocherebbe un indebolimento della responsabilit\u00e0 non politica, ma puramente istituzionale (P. Barile). Preso atto della volont\u00e0 del Presidente Mattarella di uscire di \u201cscena\u201d, non resta che iniziare a riportare sui prossimi manuali di storia e diritto l\u2019impresa compiuta dalla Presidenza attuale. Con riguardo al successore, occorrer\u00e0 aspettare i prossimi mesi per avere un quadro pi\u00f9 completo. La maggioranza politica intravede in Mario Draghi la persona pi\u00f9 adatta per assumere l\u2019incarico. A parere di chi scrive, \u00e8 possibile che tutto possa cambiare in pochissimo tempo, rimescolando cos\u00ec le \u201ccarte\u201d, portando al Colle qualcuno di inaspettato (una donna?). <em>Omnia cum tempore<\/em>.<\/p>\n","protected":false},"excerpt":{"rendered":"<p>di Luana Leo Nel giro di pochi mesi, il Presidente Mattarella ha ribadito un concetto ormai ben chiaro alla compagine politica: \u201cIl mandato presidenziale dura sette anni\u201d. Declina, dunque, l\u2019ipotesi di una ricandidatura da parte dello stesso.<\/p>\n<div class='heateorSssClear'><\/div><div  class='heateor_sss_sharing_container heateor_sss_horizontal_sharing' data-heateor-sss-href='https:\/\/www.lacostituzione.info\/index.php\/2021\/05\/29\/e-tramontata-lipotesi-del-mattarella-bis\/'><div class='heateor_sss_sharing_title' style=\"font-weight:bold\" >Condividi!<\/div><div class=\"heateor_sss_sharing_ul\"><a aria-label=\"Facebook\" class=\"heateor_sss_facebook\" href=\"https:\/\/www.facebook.com\/sharer\/sharer.php?u=https%3A%2F%2Fwww.lacostituzione.info%2Findex.php%2F2021%2F05%2F29%2Fe-tramontata-lipotesi-del-mattarella-bis%2F\" title=\"Facebook\" rel=\"nofollow noopener\" target=\"_blank\" style=\"font-size:32px!important;box-shadow:none;display:inline-block;vertical-align:middle\"><span class=\"heateor_sss_svg\" style=\"background-color:#0765FE;width:35px;height:35px;display:inline-block;opacity:1;float:left;font-size:32px;box-shadow:none;display:inline-block;font-size:16px;padding:0 4px;vertical-align:middle;background-repeat:repeat;overflow:hidden;padding:0;cursor:pointer;box-sizing:content-box\"><svg style=\"display:block;\" focusable=\"false\" aria-hidden=\"true\" xmlns=\"http:\/\/www.w3.org\/2000\/svg\" width=\"100%\" height=\"100%\" viewBox=\"0 0 32 32\"><path fill=\"#fff\" d=\"M28 16c0-6.627-5.373-12-12-12S4 9.373 4 16c0 5.628 3.875 10.35 9.101 11.647v-7.98h-2.474V16H13.1v-1.58c0-4.085 1.849-5.978 5.859-5.978.76 0 2.072.15 2.608.298v3.325c-.283-.03-.775-.045-1.386-.045-1.967 0-2.728.745-2.728 2.683V16h3.92l-.673 3.667h-3.247v8.245C23.395 27.195 28 22.135 28 16Z\"><\/path><\/svg><\/span><\/a><a aria-label=\"Twitter\" class=\"heateor_sss_button_twitter\" href=\"https:\/\/twitter.com\/intent\/tweet?text=E%27%20tramontata%20l%27ipotesi%20del%20%22Mattarella-bis%22%3F&url=https%3A%2F%2Fwww.lacostituzione.info%2Findex.php%2F2021%2F05%2F29%2Fe-tramontata-lipotesi-del-mattarella-bis%2F\" title=\"Twitter\" rel=\"nofollow noopener\" target=\"_blank\" style=\"font-size:32px!important;box-shadow:none;display:inline-block;vertical-align:middle\"><span class=\"heateor_sss_svg heateor_sss_s__default heateor_sss_s_twitter\" style=\"background-color:#55acee;width:35px;height:35px;display:inline-block;opacity:1;float:left;font-size:32px;box-shadow:none;display:inline-block;font-size:16px;padding:0 4px;vertical-align:middle;background-repeat:repeat;overflow:hidden;padding:0;cursor:pointer;box-sizing:content-box\"><svg style=\"display:block;\" focusable=\"false\" aria-hidden=\"true\" xmlns=\"http:\/\/www.w3.org\/2000\/svg\" width=\"100%\" height=\"100%\" viewBox=\"-4 -4 39 39\"><path d=\"M28 8.557a9.913 9.913 0 0 1-2.828.775 4.93 4.93 0 0 0 2.166-2.725 9.738 9.738 0 0 1-3.13 1.194 4.92 4.92 0 0 0-3.593-1.55 4.924 4.924 0 0 0-4.794 6.049c-4.09-.21-7.72-2.17-10.15-5.15a4.942 4.942 0 0 0-.665 2.477c0 1.71.87 3.214 2.19 4.1a4.968 4.968 0 0 1-2.23-.616v.06c0 2.39 1.7 4.38 3.952 4.83-.414.115-.85.174-1.297.174-.318 0-.626-.03-.928-.086a4.935 4.935 0 0 0 4.6 3.42 9.893 9.893 0 0 1-6.114 2.107c-.398 0-.79-.023-1.175-.068a13.953 13.953 0 0 0 7.55 2.213c9.056 0 14.01-7.507 14.01-14.013 0-.213-.005-.426-.015-.637.96-.695 1.795-1.56 2.455-2.55z\" fill=\"#fff\"><\/path><\/svg><\/span><\/a><a aria-label=\"Reddit\" class=\"heateor_sss_button_reddit\" href=\"https:\/\/reddit.com\/submit?url=https%3A%2F%2Fwww.lacostituzione.info%2Findex.php%2F2021%2F05%2F29%2Fe-tramontata-lipotesi-del-mattarella-bis%2F&title=E%27%20tramontata%20l%27ipotesi%20del%20%22Mattarella-bis%22%3F\" title=\"Reddit\" rel=\"nofollow noopener\" target=\"_blank\" style=\"font-size:32px!important;box-shadow:none;display:inline-block;vertical-align:middle\"><span class=\"heateor_sss_svg heateor_sss_s__default heateor_sss_s_reddit\" style=\"background-color:#ff5700;width:35px;height:35px;display:inline-block;opacity:1;float:left;font-size:32px;box-shadow:none;display:inline-block;font-size:16px;padding:0 4px;vertical-align:middle;background-repeat:repeat;overflow:hidden;padding:0;cursor:pointer;box-sizing:content-box\"><svg style=\"display:block;\" focusable=\"false\" aria-hidden=\"true\" xmlns=\"http:\/\/www.w3.org\/2000\/svg\" width=\"100%\" height=\"100%\" viewBox=\"-3.5 -3.5 39 39\"><path d=\"M28.543 15.774a2.953 2.953 0 0 0-2.951-2.949 2.882 2.882 0 0 0-1.9.713 14.075 14.075 0 0 0-6.85-2.044l1.38-4.349 3.768.884a2.452 2.452 0 1 0 .24-1.176l-4.274-1a.6.6 0 0 0-.709.4l-1.659 5.224a14.314 14.314 0 0 0-7.316 2.029 2.908 2.908 0 0 0-1.872-.681 2.942 2.942 0 0 0-1.618 5.4 5.109 5.109 0 0 0-.062.765c0 4.158 5.037 7.541 11.229 7.541s11.22-3.383 11.22-7.541a5.2 5.2 0 0 0-.053-.706 2.963 2.963 0 0 0 1.427-2.51zm-18.008 1.88a1.753 1.753 0 0 1 1.73-1.74 1.73 1.73 0 0 1 1.709 1.74 1.709 1.709 0 0 1-1.709 1.711 1.733 1.733 0 0 1-1.73-1.711zm9.565 4.968a5.573 5.573 0 0 1-4.081 1.272h-.032a5.576 5.576 0 0 1-4.087-1.272.6.6 0 0 1 .844-.854 4.5 4.5 0 0 0 3.238.927h.032a4.5 4.5 0 0 0 3.237-.927.6.6 0 1 1 .844.854zm-.331-3.256a1.726 1.726 0 1 1 1.709-1.712 1.717 1.717 0 0 1-1.712 1.712z\" fill=\"#fff\"\/><\/svg><\/span><\/a><a aria-label=\"Linkedin\" class=\"heateor_sss_button_linkedin\" href=\"https:\/\/www.linkedin.com\/sharing\/share-offsite\/?url=https%3A%2F%2Fwww.lacostituzione.info%2Findex.php%2F2021%2F05%2F29%2Fe-tramontata-lipotesi-del-mattarella-bis%2F\" title=\"Linkedin\" rel=\"nofollow noopener\" target=\"_blank\" style=\"font-size:32px!important;box-shadow:none;display:inline-block;vertical-align:middle\"><span class=\"heateor_sss_svg heateor_sss_s__default heateor_sss_s_linkedin\" style=\"background-color:#0077b5;width:35px;height:35px;display:inline-block;opacity:1;float:left;font-size:32px;box-shadow:none;display:inline-block;font-size:16px;padding:0 4px;vertical-align:middle;background-repeat:repeat;overflow:hidden;padding:0;cursor:pointer;box-sizing:content-box\"><svg style=\"display:block;\" focusable=\"false\" aria-hidden=\"true\" xmlns=\"http:\/\/www.w3.org\/2000\/svg\" width=\"100%\" height=\"100%\" viewBox=\"0 0 32 32\"><path d=\"M6.227 12.61h4.19v13.48h-4.19V12.61zm2.095-6.7a2.43 2.43 0 0 1 0 4.86c-1.344 0-2.428-1.09-2.428-2.43s1.084-2.43 2.428-2.43m4.72 6.7h4.02v1.84h.058c.56-1.058 1.927-2.176 3.965-2.176 4.238 0 5.02 2.792 5.02 6.42v7.395h-4.183v-6.56c0-1.564-.03-3.574-2.178-3.574-2.18 0-2.514 1.7-2.514 3.46v6.668h-4.187V12.61z\" fill=\"#fff\"><\/path><\/svg><\/span><\/a><a aria-label=\"Pinterest\" class=\"heateor_sss_button_pinterest\" href=\"https:\/\/www.lacostituzione.info\/index.php\/2021\/05\/29\/e-tramontata-lipotesi-del-mattarella-bis\/\" onclick=\"event.preventDefault();javascript:void( (function() {var e=document.createElement('script' );e.setAttribute('type','text\/javascript' );e.setAttribute('charset','UTF-8' );e.setAttribute('src','\/\/assets.pinterest.com\/js\/pinmarklet.js?r='+Math.random()*99999999);document.body.appendChild(e)})());\" title=\"Pinterest\" rel=\"noopener\" style=\"font-size:32px!important;box-shadow:none;display:inline-block;vertical-align:middle\"><span class=\"heateor_sss_svg heateor_sss_s__default heateor_sss_s_pinterest\" style=\"background-color:#cc2329;width:35px;height:35px;display:inline-block;opacity:1;float:left;font-size:32px;box-shadow:none;display:inline-block;font-size:16px;padding:0 4px;vertical-align:middle;background-repeat:repeat;overflow:hidden;padding:0;cursor:pointer;box-sizing:content-box\"><svg style=\"display:block;\" focusable=\"false\" aria-hidden=\"true\" xmlns=\"http:\/\/www.w3.org\/2000\/svg\" width=\"100%\" height=\"100%\" viewBox=\"-2 -2 35 35\"><path fill=\"#fff\" d=\"M16.539 4.5c-6.277 0-9.442 4.5-9.442 8.253 0 2.272.86 4.293 2.705 5.046.303.125.574.005.662-.33.061-.231.205-.816.27-1.06.088-.331.053-.447-.191-.736-.532-.627-.873-1.439-.873-2.591 0-3.338 2.498-6.327 6.505-6.327 3.548 0 5.497 2.168 5.497 5.062 0 3.81-1.686 7.025-4.188 7.025-1.382 0-2.416-1.142-2.085-2.545.397-1.674 1.166-3.48 1.166-4.689 0-1.081-.581-1.983-1.782-1.983-1.413 0-2.548 1.462-2.548 3.419 0 1.247.421 2.091.421 2.091l-1.699 7.199c-.505 2.137-.076 4.755-.039 5.019.021.158.223.196.314.077.13-.17 1.813-2.247 2.384-4.324.162-.587.929-3.631.929-3.631.46.876 1.801 1.646 3.227 1.646 4.247 0 7.128-3.871 7.128-9.053.003-3.918-3.317-7.568-8.361-7.568z\"\/><\/svg><\/span><\/a><a aria-label=\"Whatsapp\" class=\"heateor_sss_whatsapp\" href=\"https:\/\/api.whatsapp.com\/send?text=E%27%20tramontata%20l%27ipotesi%20del%20%22Mattarella-bis%22%3F%20https%3A%2F%2Fwww.lacostituzione.info%2Findex.php%2F2021%2F05%2F29%2Fe-tramontata-lipotesi-del-mattarella-bis%2F\" title=\"Whatsapp\" rel=\"nofollow noopener\" target=\"_blank\" style=\"font-size:32px!important;box-shadow:none;display:inline-block;vertical-align:middle\"><span class=\"heateor_sss_svg\" style=\"background-color:#55eb4c;width:35px;height:35px;display:inline-block;opacity:1;float:left;font-size:32px;box-shadow:none;display:inline-block;font-size:16px;padding:0 4px;vertical-align:middle;background-repeat:repeat;overflow:hidden;padding:0;cursor:pointer;box-sizing:content-box\"><svg style=\"display:block;\" focusable=\"false\" aria-hidden=\"true\" xmlns=\"http:\/\/www.w3.org\/2000\/svg\" width=\"100%\" height=\"100%\" viewBox=\"-6 -5 40 40\"><path class=\"heateor_sss_svg_stroke heateor_sss_no_fill\" stroke=\"#fff\" stroke-width=\"2\" fill=\"none\" d=\"M 11.579798566743314 24.396926207859085 A 10 10 0 1 0 6.808479557110079 20.73576436351046\"><\/path><path d=\"M 7 19 l -1 6 l 6 -1\" class=\"heateor_sss_no_fill heateor_sss_svg_stroke\" stroke=\"#fff\" stroke-width=\"2\" fill=\"none\"><\/path><path d=\"M 10 10 q -1 8 8 11 c 5 -1 0 -6 -1 -3 q -4 -3 -5 -5 c 4 -2 -1 -5 -1 -4\" fill=\"#fff\"><\/path><\/svg><\/span><\/a><\/div><div class=\"heateorSssClear\"><\/div><\/div><div class='heateorSssClear'><\/div>","protected":false},"author":1,"featured_media":0,"comment_status":"open","ping_status":"open","sticky":false,"template":"","format":"standard","meta":{"jetpack_post_was_ever_published":false,"_jetpack_newsletter_access":"","_jetpack_dont_email_post_to_subs":false,"_jetpack_newsletter_tier_id":0,"_jetpack_memberships_contains_paywalled_content":false,"_jetpack_memberships_contains_paid_content":false,"footnotes":"","jetpack_publicize_message":"","jetpack_publicize_feature_enabled":true,"jetpack_social_post_already_shared":false,"jetpack_social_options":{"image_generator_settings":{"template":"highway","default_image_id":0,"enabled":false},"version":2}},"categories":[5],"tags":[1569,761,1570],"class_list":["post-7802","post","type-post","status-publish","format-standard","hentry","category-lavori-in-corso","tag-elezione-del-presidente-della-repubblica","tag-mattarella","tag-secondo-mandato"],"jetpack_publicize_connections":[],"jetpack_featured_media_url":"","jetpack_shortlink":"https:\/\/wp.me\/p84sDq-21Q","jetpack_likes_enabled":true,"jetpack_sharing_enabled":true,"_links":{"self":[{"href":"https:\/\/www.lacostituzione.info\/index.php\/wp-json\/wp\/v2\/posts\/7802","targetHints":{"allow":["GET"]}}],"collection":[{"href":"https:\/\/www.lacostituzione.info\/index.php\/wp-json\/wp\/v2\/posts"}],"about":[{"href":"https:\/\/www.lacostituzione.info\/index.php\/wp-json\/wp\/v2\/types\/post"}],"author":[{"embeddable":true,"href":"https:\/\/www.lacostituzione.info\/index.php\/wp-json\/wp\/v2\/users\/1"}],"replies":[{"embeddable":true,"href":"https:\/\/www.lacostituzione.info\/index.php\/wp-json\/wp\/v2\/comments?post=7802"}],"version-history":[{"count":0,"href":"https:\/\/www.lacostituzione.info\/index.php\/wp-json\/wp\/v2\/posts\/7802\/revisions"}],"wp:attachment":[{"href":"https:\/\/www.lacostituzione.info\/index.php\/wp-json\/wp\/v2\/media?parent=7802"}],"wp:term":[{"taxonomy":"category","embeddable":true,"href":"https:\/\/www.lacostituzione.info\/index.php\/wp-json\/wp\/v2\/categories?post=7802"},{"taxonomy":"post_tag","embeddable":true,"href":"https:\/\/www.lacostituzione.info\/index.php\/wp-json\/wp\/v2\/tags?post=7802"}],"curies":[{"name":"wp","href":"https:\/\/api.w.org\/{rel}","templated":true}]}}