{"id":7856,"date":"2021-06-29T17:31:18","date_gmt":"2021-06-29T15:31:18","guid":{"rendered":"http:\/\/www.lacostituzione.info\/?p=7856"},"modified":"2021-06-29T17:31:20","modified_gmt":"2021-06-29T15:31:20","slug":"lespulso-dal-gruppo-alla-ricerca-del-suo-giudice","status":"publish","type":"post","link":"https:\/\/www.lacostituzione.info\/index.php\/2021\/06\/29\/lespulso-dal-gruppo-alla-ricerca-del-suo-giudice\/","title":{"rendered":"L\u2019espulso dal gruppo alla ricerca del suo giudice"},"content":{"rendered":"\n<p style=\"text-align: center;\"><a href=\"http:\/\/www.lacostituzione.info\/index.php\/2021\/06\/27\/il-consiglio-di-giurisdizione-apre-inaspettatamente-al-giudizio-interno-delle-camere-sulle-espulsioni-dal-gruppo-politico__trashed\/adamo\/#main\" rel=\"attachment wp-att-7835\"><img loading=\"lazy\" decoding=\"async\" data-attachment-id=\"7835\" data-permalink=\"https:\/\/www.lacostituzione.info\/adamo\/\" data-orig-file=\"https:\/\/www.lacostituzione.info\/wp-content\/uploads\/2021\/06\/adamo.jpg\" data-orig-size=\"272,185\" data-comments-opened=\"1\" data-image-meta=\"{&quot;aperture&quot;:&quot;0&quot;,&quot;credit&quot;:&quot;&quot;,&quot;camera&quot;:&quot;&quot;,&quot;caption&quot;:&quot;&quot;,&quot;created_timestamp&quot;:&quot;0&quot;,&quot;copyright&quot;:&quot;&quot;,&quot;focal_length&quot;:&quot;0&quot;,&quot;iso&quot;:&quot;0&quot;,&quot;shutter_speed&quot;:&quot;0&quot;,&quot;title&quot;:&quot;&quot;,&quot;orientation&quot;:&quot;0&quot;}\" data-image-title=\"adamo\" data-image-description=\"\" data-image-caption=\"\" data-medium-file=\"https:\/\/www.lacostituzione.info\/wp-content\/uploads\/2021\/06\/adamo.jpg\" data-large-file=\"https:\/\/www.lacostituzione.info\/wp-content\/uploads\/2021\/06\/adamo.jpg\" class=\"aligncenter size-thumbnail wp-image-7835\" src=\"http:\/\/www.lacostituzione.info\/wp-content\/uploads\/2021\/06\/adamo-150x150.jpg\" alt=\"\" width=\"150\" height=\"150\" \/><\/a>di\u00a0<strong>Salvatore Curreri<\/strong><\/p>\n<p>La Commissione contenziosa del Senato, con <a href=\"https:\/\/www.giurcost.org\/cronache\/COMMISSIONECONTENZIOSASENATO.pdf\">decisione<\/a> dello scorso 13-26 aprile, ha dichiarato improcedibile il ricorso presentato da sei senatori (Lezzi, Lannutti, Abata, Angrisani, Corrado e Di Micco) contro il Presidente del Senato per averli assegnati al gruppo misto dopo la loro espulsione dal gruppo parlamentare del MoVimento 5 Stelle.<!--more--><\/p>\n<p>Secondo la Commissione, infatti, quello del Presidente del Senato non \u00e8 un provvedimento amministrativo impugnabile dinanzi ad essa ma un mero annuncio, imposto dal Regolamento, che \u201cassolve ad una funzione meramente ricognitiva e notiziale\u201d. Con esso, infatti, il Presidente si limita semplicemente a prendere atto ed a rendere nota l\u2019appartenenza al Gruppo misto dei \u201csenatori che non abbiano dichiarato di voler appartenere ad un Gruppo\u201d (art. 14.4, V periodo).<\/p>\n<p>Ma al di l\u00e0 di tale profilo, era ampiamente prevedibile che il ricorso sarebbe stato respinto non solo e non tanto per ragioni di merito, quanto piuttosto per l\u2019ardito tentativo di considerare il provvedimento di espulsione dal gruppo (presupposto dell\u2019annuncio del Presidente) un atto amministrativo sindacabile dinanzi agli organi di autodichia interna del Senato.<\/p>\n<p>Non tanto nel merito perch\u00e9 solo chi ritiene la disciplina di gruppo un attentato alla libert\u00e0 di mandato del parlamentare (art. 67 Cost.) pu\u00f2 sostenere che questi abbia diritto, in nome addirittura della propria libert\u00e0 d\u2019espressione, d\u2019infrangerla impunemente, financo in occasione delle votazioni fiduciarie che non a caso l\u2019art. 94 Cost. vuole per appello nominale. Argomentazioni cos\u00ec unilaterali e forzate, frutto di una visione individualista del mandato parlamentare, da non meritare a mio parere ulteriori confutazioni.<\/p>\n<p>Allo stesso modo, frutto di una interpretazione ardita era il tentativo di sottoporre alla competenza della Commissione contenziosa il provvedimento di espulsione dal gruppo, annoverandolo tra \u201cgli atti e i provvedimenti amministrativi adottati dal Senato non concernenti i dipendenti o le procedure di reclutamento del personale\u201d impugnabili dinanzi ad essa ai sensi dell\u2019art. 1.1 della deliberazione del Consiglio di Presidenza n. 180 del 2005. \u00c8 evidente infatti che tale disposizione, modificata per permettere agli organi di autodichia di pronunciarsi anche sulle controversie che oppongono l\u2019amministrazione del Senato non solo ai propri dipendenti ma anche a quanti ambiscono a diventarlo o ai terzi fornitori di beni e servizi non pu\u00f2 estendersi fino al punto da ricomprendere le controversie sugli atti di natura politica adottati dai gruppi parlamentari, che \u201csono soggetti interni alle Camere che svolgono funzioni parlamentari, meramente politiche, e non anche amministrative\u201d.<\/p>\n<p>Era, dunque, ampiamente prevedibile che la Commissione avesse gioco facile nell\u2019affermare la propria carenza di giurisdizione.<\/p>\n<p>Piuttosto la sentenza merita attenzione perch\u00e9 pone il problema di chi sia il giudice competente a risolvere simili controversie. Come \u00e8 noto, infatti, la Cassazione (sez. un. civili, ordinanza n. 6458\/2020) ha sancito che le controversie tra parlamentari espulsi ed ex gruppo politico d\u2019appartenenza (anche in quel caso del M5S) non sono di competenza del giudice comune ma delle Camere. Esse, infatti, vertono \u201cin una sfera che, attenendo ad una articolazione fondamentale dell\u2019Assemblea parlamentare, non sfugge al cono d\u2019ombra che gli <em>interna corporis<\/em> e il diritto parlamentare frappongono alla giustiziabilit\u00e0 delle situazioni giuridiche individuali dinanzi al giudice comune dei diritti soggettivi\u201d.<\/p>\n<p>Il ricorso quindi pu\u00f2 trovare una sua giustificazione perch\u00e9 costituisce, come dire?, il primo tentativo d\u2019individuare quale sia l\u2019organo interno alle Camere che possa dirimere tali controversie. Sotto questo profilo, la decisione della Commissione contenziosa del Senato \u00e8 perfettamente allineata alla non a caso coeva (22 aprile) decisione del Consiglio di giurisdizione della Camera dei deputati che ha parimenti dichiarato inammissibili i ricorsi presentati da cinque deputati a seguito della loro espulsione dal gruppo parlamentare del Movimento 5 Stelle (per non aver votato la fiducia al governo Draghi) e della conseguente loro assegnazione al gruppo misto da parte del Presidente della Camera.<\/p>\n<p>Entrambe le sentenze, infatti, pongono alle rispettive Presidenze il problema di come raccogliere l\u2019invito della Cassazione secondo cui rientra nel potere delle camere \u201cdecidere autonomamente e secondo le modalit\u00e0 da esso stabilite le controversie che possono investire le attivit\u00e0 interne allo stesso Senato nei rapporti tra Gruppo parlamentare e senatore espulso dal Raggruppamento stesso\u201d.<\/p>\n<p>Una pronuncia scontata quindi ma che costituisce forse un passaggio obbligato perch\u00e9 le camere, uscendo dall\u2019attuale situazione che esclude la competenza sia del giudice ordinario che degli organi di autodichia, decidano presupposti, procedure e soggetti competenti a risolvere le controversie tra gruppi parlamentari e loro iscritti.<\/p>\n<p>Compito non facile, vista l\u2019incandescenza della materia, ma ineludibile se non si vuole violare quella \u201ctutela giustiziale\u201d (come scritto nella sentenza, al posto di \u201cgiurisdizionale\u201d) cui anche i parlamentari espulsi hanno diritto ex art. 24 Cost. e che potrebbe segnare un primo importante passo per la democrazia all\u2019interno dei partiti politici, visto la sempre maggioranza importanza (talora quasi esclusiva) della loro dimensione parlamentare.<\/p>\n","protected":false},"excerpt":{"rendered":"<p>di\u00a0Salvatore Curreri La Commissione contenziosa del Senato, con decisione dello scorso 13-26 aprile, ha dichiarato improcedibile il ricorso presentato da sei senatori (Lezzi, Lannutti, Abata, Angrisani, Corrado e Di Micco) contro il Presidente del Senato per averli assegnati al gruppo misto dopo la loro espulsione dal gruppo parlamentare del MoVimento 5 Stelle.<\/p>\n<div class='heateorSssClear'><\/div><div  class='heateor_sss_sharing_container heateor_sss_horizontal_sharing' data-heateor-sss-href='https:\/\/www.lacostituzione.info\/index.php\/2021\/06\/29\/lespulso-dal-gruppo-alla-ricerca-del-suo-giudice\/'><div class='heateor_sss_sharing_title' style=\"font-weight:bold\" >Condividi!<\/div><div class=\"heateor_sss_sharing_ul\"><a aria-label=\"Facebook\" class=\"heateor_sss_facebook\" href=\"https:\/\/www.facebook.com\/sharer\/sharer.php?u=https%3A%2F%2Fwww.lacostituzione.info%2Findex.php%2F2021%2F06%2F29%2Flespulso-dal-gruppo-alla-ricerca-del-suo-giudice%2F\" title=\"Facebook\" rel=\"nofollow noopener\" target=\"_blank\" style=\"font-size:32px!important;box-shadow:none;display:inline-block;vertical-align:middle\"><span class=\"heateor_sss_svg\" style=\"background-color:#0765FE;width:35px;height:35px;display:inline-block;opacity:1;float:left;font-size:32px;box-shadow:none;display:inline-block;font-size:16px;padding:0 4px;vertical-align:middle;background-repeat:repeat;overflow:hidden;padding:0;cursor:pointer;box-sizing:content-box\"><svg style=\"display:block;\" focusable=\"false\" aria-hidden=\"true\" xmlns=\"http:\/\/www.w3.org\/2000\/svg\" width=\"100%\" height=\"100%\" viewBox=\"0 0 32 32\"><path fill=\"#fff\" d=\"M28 16c0-6.627-5.373-12-12-12S4 9.373 4 16c0 5.628 3.875 10.35 9.101 11.647v-7.98h-2.474V16H13.1v-1.58c0-4.085 1.849-5.978 5.859-5.978.76 0 2.072.15 2.608.298v3.325c-.283-.03-.775-.045-1.386-.045-1.967 0-2.728.745-2.728 2.683V16h3.92l-.673 3.667h-3.247v8.245C23.395 27.195 28 22.135 28 16Z\"><\/path><\/svg><\/span><\/a><a aria-label=\"Twitter\" class=\"heateor_sss_button_twitter\" href=\"https:\/\/twitter.com\/intent\/tweet?text=L%E2%80%99espulso%20dal%20gruppo%20alla%20ricerca%20del%20suo%20giudice&url=https%3A%2F%2Fwww.lacostituzione.info%2Findex.php%2F2021%2F06%2F29%2Flespulso-dal-gruppo-alla-ricerca-del-suo-giudice%2F\" title=\"Twitter\" rel=\"nofollow noopener\" target=\"_blank\" style=\"font-size:32px!important;box-shadow:none;display:inline-block;vertical-align:middle\"><span class=\"heateor_sss_svg heateor_sss_s__default heateor_sss_s_twitter\" style=\"background-color:#55acee;width:35px;height:35px;display:inline-block;opacity:1;float:left;font-size:32px;box-shadow:none;display:inline-block;font-size:16px;padding:0 4px;vertical-align:middle;background-repeat:repeat;overflow:hidden;padding:0;cursor:pointer;box-sizing:content-box\"><svg style=\"display:block;\" focusable=\"false\" aria-hidden=\"true\" xmlns=\"http:\/\/www.w3.org\/2000\/svg\" width=\"100%\" height=\"100%\" viewBox=\"-4 -4 39 39\"><path d=\"M28 8.557a9.913 9.913 0 0 1-2.828.775 4.93 4.93 0 0 0 2.166-2.725 9.738 9.738 0 0 1-3.13 1.194 4.92 4.92 0 0 0-3.593-1.55 4.924 4.924 0 0 0-4.794 6.049c-4.09-.21-7.72-2.17-10.15-5.15a4.942 4.942 0 0 0-.665 2.477c0 1.71.87 3.214 2.19 4.1a4.968 4.968 0 0 1-2.23-.616v.06c0 2.39 1.7 4.38 3.952 4.83-.414.115-.85.174-1.297.174-.318 0-.626-.03-.928-.086a4.935 4.935 0 0 0 4.6 3.42 9.893 9.893 0 0 1-6.114 2.107c-.398 0-.79-.023-1.175-.068a13.953 13.953 0 0 0 7.55 2.213c9.056 0 14.01-7.507 14.01-14.013 0-.213-.005-.426-.015-.637.96-.695 1.795-1.56 2.455-2.55z\" fill=\"#fff\"><\/path><\/svg><\/span><\/a><a aria-label=\"Reddit\" class=\"heateor_sss_button_reddit\" href=\"https:\/\/reddit.com\/submit?url=https%3A%2F%2Fwww.lacostituzione.info%2Findex.php%2F2021%2F06%2F29%2Flespulso-dal-gruppo-alla-ricerca-del-suo-giudice%2F&title=L%E2%80%99espulso%20dal%20gruppo%20alla%20ricerca%20del%20suo%20giudice\" title=\"Reddit\" rel=\"nofollow noopener\" target=\"_blank\" style=\"font-size:32px!important;box-shadow:none;display:inline-block;vertical-align:middle\"><span class=\"heateor_sss_svg heateor_sss_s__default heateor_sss_s_reddit\" style=\"background-color:#ff5700;width:35px;height:35px;display:inline-block;opacity:1;float:left;font-size:32px;box-shadow:none;display:inline-block;font-size:16px;padding:0 4px;vertical-align:middle;background-repeat:repeat;overflow:hidden;padding:0;cursor:pointer;box-sizing:content-box\"><svg style=\"display:block;\" focusable=\"false\" aria-hidden=\"true\" xmlns=\"http:\/\/www.w3.org\/2000\/svg\" width=\"100%\" height=\"100%\" viewBox=\"-3.5 -3.5 39 39\"><path d=\"M28.543 15.774a2.953 2.953 0 0 0-2.951-2.949 2.882 2.882 0 0 0-1.9.713 14.075 14.075 0 0 0-6.85-2.044l1.38-4.349 3.768.884a2.452 2.452 0 1 0 .24-1.176l-4.274-1a.6.6 0 0 0-.709.4l-1.659 5.224a14.314 14.314 0 0 0-7.316 2.029 2.908 2.908 0 0 0-1.872-.681 2.942 2.942 0 0 0-1.618 5.4 5.109 5.109 0 0 0-.062.765c0 4.158 5.037 7.541 11.229 7.541s11.22-3.383 11.22-7.541a5.2 5.2 0 0 0-.053-.706 2.963 2.963 0 0 0 1.427-2.51zm-18.008 1.88a1.753 1.753 0 0 1 1.73-1.74 1.73 1.73 0 0 1 1.709 1.74 1.709 1.709 0 0 1-1.709 1.711 1.733 1.733 0 0 1-1.73-1.711zm9.565 4.968a5.573 5.573 0 0 1-4.081 1.272h-.032a5.576 5.576 0 0 1-4.087-1.272.6.6 0 0 1 .844-.854 4.5 4.5 0 0 0 3.238.927h.032a4.5 4.5 0 0 0 3.237-.927.6.6 0 1 1 .844.854zm-.331-3.256a1.726 1.726 0 1 1 1.709-1.712 1.717 1.717 0 0 1-1.712 1.712z\" fill=\"#fff\"\/><\/svg><\/span><\/a><a aria-label=\"Linkedin\" class=\"heateor_sss_button_linkedin\" href=\"https:\/\/www.linkedin.com\/sharing\/share-offsite\/?url=https%3A%2F%2Fwww.lacostituzione.info%2Findex.php%2F2021%2F06%2F29%2Flespulso-dal-gruppo-alla-ricerca-del-suo-giudice%2F\" title=\"Linkedin\" rel=\"nofollow noopener\" target=\"_blank\" style=\"font-size:32px!important;box-shadow:none;display:inline-block;vertical-align:middle\"><span class=\"heateor_sss_svg heateor_sss_s__default heateor_sss_s_linkedin\" style=\"background-color:#0077b5;width:35px;height:35px;display:inline-block;opacity:1;float:left;font-size:32px;box-shadow:none;display:inline-block;font-size:16px;padding:0 4px;vertical-align:middle;background-repeat:repeat;overflow:hidden;padding:0;cursor:pointer;box-sizing:content-box\"><svg style=\"display:block;\" focusable=\"false\" aria-hidden=\"true\" xmlns=\"http:\/\/www.w3.org\/2000\/svg\" width=\"100%\" height=\"100%\" viewBox=\"0 0 32 32\"><path d=\"M6.227 12.61h4.19v13.48h-4.19V12.61zm2.095-6.7a2.43 2.43 0 0 1 0 4.86c-1.344 0-2.428-1.09-2.428-2.43s1.084-2.43 2.428-2.43m4.72 6.7h4.02v1.84h.058c.56-1.058 1.927-2.176 3.965-2.176 4.238 0 5.02 2.792 5.02 6.42v7.395h-4.183v-6.56c0-1.564-.03-3.574-2.178-3.574-2.18 0-2.514 1.7-2.514 3.46v6.668h-4.187V12.61z\" fill=\"#fff\"><\/path><\/svg><\/span><\/a><a aria-label=\"Pinterest\" class=\"heateor_sss_button_pinterest\" href=\"https:\/\/www.lacostituzione.info\/index.php\/2021\/06\/29\/lespulso-dal-gruppo-alla-ricerca-del-suo-giudice\/\" onclick=\"event.preventDefault();javascript:void( (function() {var e=document.createElement('script' );e.setAttribute('type','text\/javascript' );e.setAttribute('charset','UTF-8' );e.setAttribute('src','\/\/assets.pinterest.com\/js\/pinmarklet.js?r='+Math.random()*99999999);document.body.appendChild(e)})());\" title=\"Pinterest\" rel=\"noopener\" style=\"font-size:32px!important;box-shadow:none;display:inline-block;vertical-align:middle\"><span class=\"heateor_sss_svg heateor_sss_s__default heateor_sss_s_pinterest\" style=\"background-color:#cc2329;width:35px;height:35px;display:inline-block;opacity:1;float:left;font-size:32px;box-shadow:none;display:inline-block;font-size:16px;padding:0 4px;vertical-align:middle;background-repeat:repeat;overflow:hidden;padding:0;cursor:pointer;box-sizing:content-box\"><svg style=\"display:block;\" focusable=\"false\" aria-hidden=\"true\" xmlns=\"http:\/\/www.w3.org\/2000\/svg\" width=\"100%\" height=\"100%\" viewBox=\"-2 -2 35 35\"><path fill=\"#fff\" d=\"M16.539 4.5c-6.277 0-9.442 4.5-9.442 8.253 0 2.272.86 4.293 2.705 5.046.303.125.574.005.662-.33.061-.231.205-.816.27-1.06.088-.331.053-.447-.191-.736-.532-.627-.873-1.439-.873-2.591 0-3.338 2.498-6.327 6.505-6.327 3.548 0 5.497 2.168 5.497 5.062 0 3.81-1.686 7.025-4.188 7.025-1.382 0-2.416-1.142-2.085-2.545.397-1.674 1.166-3.48 1.166-4.689 0-1.081-.581-1.983-1.782-1.983-1.413 0-2.548 1.462-2.548 3.419 0 1.247.421 2.091.421 2.091l-1.699 7.199c-.505 2.137-.076 4.755-.039 5.019.021.158.223.196.314.077.13-.17 1.813-2.247 2.384-4.324.162-.587.929-3.631.929-3.631.46.876 1.801 1.646 3.227 1.646 4.247 0 7.128-3.871 7.128-9.053.003-3.918-3.317-7.568-8.361-7.568z\"\/><\/svg><\/span><\/a><a aria-label=\"Whatsapp\" class=\"heateor_sss_whatsapp\" href=\"https:\/\/api.whatsapp.com\/send?text=L%E2%80%99espulso%20dal%20gruppo%20alla%20ricerca%20del%20suo%20giudice%20https%3A%2F%2Fwww.lacostituzione.info%2Findex.php%2F2021%2F06%2F29%2Flespulso-dal-gruppo-alla-ricerca-del-suo-giudice%2F\" title=\"Whatsapp\" rel=\"nofollow noopener\" target=\"_blank\" style=\"font-size:32px!important;box-shadow:none;display:inline-block;vertical-align:middle\"><span class=\"heateor_sss_svg\" style=\"background-color:#55eb4c;width:35px;height:35px;display:inline-block;opacity:1;float:left;font-size:32px;box-shadow:none;display:inline-block;font-size:16px;padding:0 4px;vertical-align:middle;background-repeat:repeat;overflow:hidden;padding:0;cursor:pointer;box-sizing:content-box\"><svg style=\"display:block;\" focusable=\"false\" aria-hidden=\"true\" xmlns=\"http:\/\/www.w3.org\/2000\/svg\" width=\"100%\" height=\"100%\" viewBox=\"-6 -5 40 40\"><path class=\"heateor_sss_svg_stroke heateor_sss_no_fill\" stroke=\"#fff\" stroke-width=\"2\" fill=\"none\" d=\"M 11.579798566743314 24.396926207859085 A 10 10 0 1 0 6.808479557110079 20.73576436351046\"><\/path><path d=\"M 7 19 l -1 6 l 6 -1\" class=\"heateor_sss_no_fill heateor_sss_svg_stroke\" stroke=\"#fff\" stroke-width=\"2\" fill=\"none\"><\/path><path d=\"M 10 10 q -1 8 8 11 c 5 -1 0 -6 -1 -3 q -4 -3 -5 -5 c 4 -2 -1 -5 -1 -4\" fill=\"#fff\"><\/path><\/svg><\/span><\/a><\/div><div class=\"heateorSssClear\"><\/div><\/div><div class='heateorSssClear'><\/div>","protected":false},"author":3,"featured_media":0,"comment_status":"open","ping_status":"open","sticky":false,"template":"","format":"standard","meta":{"jetpack_post_was_ever_published":false,"_jetpack_newsletter_access":"","_jetpack_dont_email_post_to_subs":false,"_jetpack_newsletter_tier_id":0,"_jetpack_memberships_contains_paywalled_content":false,"_jetpack_memberships_contains_paid_content":false,"footnotes":"","jetpack_publicize_message":"","jetpack_publicize_feature_enabled":true,"jetpack_social_post_already_shared":false,"jetpack_social_options":{"image_generator_settings":{"template":"highway","default_image_id":0,"enabled":false},"version":2}},"categories":[5],"tags":[1009,1276,316,315,397],"class_list":["post-7856","post","type-post","status-publish","format-standard","hentry","category-lavori-in-corso","tag-autodichia","tag-autonomia-parlamentare","tag-divieto-di-mandato-imperativo","tag-gruppi-parlamentari","tag-partiti-politici"],"jetpack_publicize_connections":[],"jetpack_featured_media_url":"","jetpack_shortlink":"https:\/\/wp.me\/p84sDq-22I","jetpack_likes_enabled":true,"jetpack_sharing_enabled":true,"_links":{"self":[{"href":"https:\/\/www.lacostituzione.info\/index.php\/wp-json\/wp\/v2\/posts\/7856","targetHints":{"allow":["GET"]}}],"collection":[{"href":"https:\/\/www.lacostituzione.info\/index.php\/wp-json\/wp\/v2\/posts"}],"about":[{"href":"https:\/\/www.lacostituzione.info\/index.php\/wp-json\/wp\/v2\/types\/post"}],"author":[{"embeddable":true,"href":"https:\/\/www.lacostituzione.info\/index.php\/wp-json\/wp\/v2\/users\/3"}],"replies":[{"embeddable":true,"href":"https:\/\/www.lacostituzione.info\/index.php\/wp-json\/wp\/v2\/comments?post=7856"}],"version-history":[{"count":0,"href":"https:\/\/www.lacostituzione.info\/index.php\/wp-json\/wp\/v2\/posts\/7856\/revisions"}],"wp:attachment":[{"href":"https:\/\/www.lacostituzione.info\/index.php\/wp-json\/wp\/v2\/media?parent=7856"}],"wp:term":[{"taxonomy":"category","embeddable":true,"href":"https:\/\/www.lacostituzione.info\/index.php\/wp-json\/wp\/v2\/categories?post=7856"},{"taxonomy":"post_tag","embeddable":true,"href":"https:\/\/www.lacostituzione.info\/index.php\/wp-json\/wp\/v2\/tags?post=7856"}],"curies":[{"name":"wp","href":"https:\/\/api.w.org\/{rel}","templated":true}]}}