{"id":7865,"date":"2021-07-08T14:11:11","date_gmt":"2021-07-08T12:11:11","guid":{"rendered":"http:\/\/www.lacostituzione.info\/?p=7865"},"modified":"2021-07-08T14:11:13","modified_gmt":"2021-07-08T12:11:13","slug":"la-fabbrica-dellillegalita","status":"publish","type":"post","link":"https:\/\/www.lacostituzione.info\/index.php\/2021\/07\/08\/la-fabbrica-dellillegalita\/","title":{"rendered":"La fabbrica dell\u2019illegalit\u00e0"},"content":{"rendered":"\n<p><a href=\"http:\/\/www.lacostituzione.info\/index.php\/2021\/07\/08\/la-fabbrica-dellillegalita\/carcere\/#main\" rel=\"attachment wp-att-7867\"><img loading=\"lazy\" decoding=\"async\" data-attachment-id=\"7867\" data-permalink=\"https:\/\/www.lacostituzione.info\/index.php\/2021\/07\/08\/la-fabbrica-dellillegalita\/carcere\/#main\" data-orig-file=\"https:\/\/www.lacostituzione.info\/wp-content\/uploads\/2021\/07\/carcere.jpg\" data-orig-size=\"275,183\" data-comments-opened=\"1\" data-image-meta=\"{&quot;aperture&quot;:&quot;0&quot;,&quot;credit&quot;:&quot;&quot;,&quot;camera&quot;:&quot;&quot;,&quot;caption&quot;:&quot;&quot;,&quot;created_timestamp&quot;:&quot;0&quot;,&quot;copyright&quot;:&quot;&quot;,&quot;focal_length&quot;:&quot;0&quot;,&quot;iso&quot;:&quot;0&quot;,&quot;shutter_speed&quot;:&quot;0&quot;,&quot;title&quot;:&quot;&quot;,&quot;orientation&quot;:&quot;0&quot;}\" data-image-title=\"carcere\" data-image-description=\"\" data-image-caption=\"\" data-medium-file=\"https:\/\/www.lacostituzione.info\/wp-content\/uploads\/2021\/07\/carcere.jpg\" data-large-file=\"https:\/\/www.lacostituzione.info\/wp-content\/uploads\/2021\/07\/carcere.jpg\" class=\"alignleft size-thumbnail wp-image-7867\" src=\"http:\/\/www.lacostituzione.info\/wp-content\/uploads\/2021\/07\/carcere-150x150.jpg\" alt=\"\" width=\"150\" height=\"150\" \/><\/a>di <strong>Claudio Tani<\/strong><\/p>\n<p>La violenza \u201cistituzionale\u201d in quanto manifestazione organizzata dell\u2019apparato pubblico nel carcere di Santa Maria Capua Vetere, con il seguito di depistaggi e di falsi, fa venire alla mente i fatti del carcere di Sassari di vent\u2019anni fa. I fatti di un anno fa della caserma Levante di Piacenza si collocano in un contesto di devianza diverso. <!--more-->In quest\u2019ultimo caso al centro vi era il rapporto tra mafia e apparato pubblico, il potere e la capacit\u00e0 corruttiva nel mercato regolato della droga da parte di uomini delle istituzioni che si fanno criminalit\u00e0 organizzata per il controllo del territorio, con la violenza efferata verso persone totalmente innocenti.<\/p>\n<p>Negli altri ambiti dello Stato amministrativo, il potere \u00e8 esercitato senza ricorso alla violenza fisica. Lo Stato amministrativo si manifesta con un complesso sistema di apparati, centrali e periferici, predisposti a molteplici scopi e che, semmai, esercitano il potere paralizzando, rallentando, aggravando o inasprendo il funzionamento del sistema per condizionare il potere politico.<\/p>\n<p>Il comune denominatore di ci\u00f2 che avviene all\u2019interno di carceri e caserme \u00e8 che le vittime non sono scelte a caso. Nella caserma Levante, non certo un <em>unicum,<\/em> le vittime erano immigrati, persone coinvolte nel mondo della droga o della prostituzione, minacciate di arresto in base a una arbitraria colpevolezza \u201cpresunta\u201d e una sorta di impunit\u00e0 mediatica a priori, con l\u2019ulteriore incredibile e folle motivazione che il numero di arresti \u00e8 considerato un criterio per avere premi e fare carriera, generando incentivi perversi negli apparati preposti alla repressione. Tutto in base alla teoria della deterrenza, che &#8211; come dimostrano gli studi sulla carcerazione di massa negli USA e nell\u2019America centrale e nei gulag sovietici &#8211; oltre un certo limite genera il fenomeno opposto e la necessit\u00e0 di rivolgersi alle organizzazioni criminali per tenere la situazione sotto controllo (sul tema si rinvia alla conversazione reperibile on line su <em>Fuoriluogo.it<\/em> con il Prof. Federico Varese, Ordinario di Criminologia all\u2019Universit\u00e0 di Oxford e studioso di mafie internazionali). \u00a0<\/p>\n<p>Il caso di Santa Maria Capua Vetere (dal Ministro dell\u2019epoca definita una \u201c<em>doverosa azione di ripristino della legalit\u00e0<\/em>\u201d, in un luogo sovraffollato, da venticinque anni senza allacciamento alla rete idrica, a poca distanza da una discarica a cielo aperto e con il blocco dei volontari a seguito dell\u2019emergenza <em>covid <\/em><strong>)<\/strong> \u00e8 un esempio di \u201c<em>etnografia carceraria<\/em>\u201d. Si \u00e8 trattato di violenza gratuita a seguito della protesta di alcuni detenuti i quali, dopo un caso di positivit\u00e0 di un addetto alla distribuzione della spesa, avevano chiesto disinfettanti e mascherine. La pianificazione della rappresaglia, la certezza dell\u2019impunit\u00e0, lo spirito di corpo a tutti i livelli gerarchici e, infine, il linguaggio, con i detenuti, nello <em>slang<\/em> carcerario ancora oggi definiti \u201c<em>camosci\u201d<\/em> o \u201c<em>vitelli\u201d<\/em>, trattati come bestiame da ammansire. Questo per dire che anche nelle carceri la pandemia non cancella le disuguaglianze, ma le accentua. Possiamo essere certi che fra i \u201c<em>camosci\u201d<\/em> di S. Maria Capua Vetere non vi era nessun detenuto <em>\u201ceccellente\u201d.<\/em><\/p>\n<p>Il Ministro della Giustizia impugnando gli articoli 3 e 27 della Costituzione ha dichiarato che fatti come quelli avvenuti a S. Maria Capua Vetere sono un oltraggio alla Costituzione e un colpo inferto alla funzione di rieducazione della pena. Il Ministro dell\u2019Interno ha aggiunto che la gravit\u00e0 di tali fatti non deve far dimenticare il lavoro svolto onestamente e in condizioni davvero difficili dalle altre migliaia di onesti operatori penitenziari. \u00a0Le truppe cammellate parlamentari<em>, of course<\/em>, vengono al seguito. Gli ispettori e le procure, come per i morti sul lavoro, arrivano sempre dopo a fotografare i resti.<\/p>\n<p>Il nodo culturale del problema \u00e8 che il carcere \u00e8 il luogo dove l\u2019esercizio del potere legittimo dello Stato di ridurre la libert\u00e0 dell\u2019individuo si salda, dovrebbe saldarsi, con il dovere di mettere al riparo lo stesso individuo da ogni violenza o vendetta privata e da comportamenti illeciti di giudici, pubblici ufficiali e custodi. Il carcere dovrebbe rappresentare un luogo \u201c<em>sanctus honestatis et magnae reverentiae a<\/em> <em>quo omnis iniuria abesse debet<\/em>\u2026\u201d e dove alle guardie \u00e8 richiesto di adottare comportamenti ispirati a umanit\u00e0 e benignit\u00e0 (si veda per un\u2019ampia disamina e per la vasta letteratura citata sull\u2019evoluzione storica della funzione della pena carceraria, <a href=\"https:\/\/archiviodpc.dirittopenaleuomo.org\/d\/5882---sepolti-vivi-il-carcere-al-tempo-delle-pratiche-criminali-riti-antichi-per-funzioni-nuove\">Loredana Garlati, <em>Sepolti vivi. Il carcere al tempo delle Pratiche criminali: riti antichi e funzioni nuove<\/em> &#8211; <em>\u00a0Crisi del carcere e interventi di riforma: un dialogo con la storia<\/em><\/a>, in Diritto penale contemporaneo, 4\/2017).<\/p>\n<p>Il carcere, quale pena suprema, deve dare valore alla funzione di umanit\u00e0 della pena, di vivibilit\u00e0, di luogo dal quale sia bandita ogni forma di oppressione (le idee di Mario Pagano, Gaetano Filangieri e Antonio Genovesi) e lo Stato deve difenderne apertamente e senza ipocrisia il ruolo di reazione moderata alla ferocia sanzionatoria di epoche precedenti. Nel XX secolo vi sono state deviazioni totalitarie di portata immensa da quel ruolo. Oggi nuove forme intrecciate di totalitarismo economico, mediatico e istituzionale, esercitato su una societ\u00e0 di massa, sfaldata come un <em>iceberg <\/em>a causa del cambiamento climatico, espongono a nuovi rischi.<\/p>\n<p>Se l\u2019autodifesa dello Stato dal delitto si traduce in vendetta, non solo al momento del verdetto, ma nel tempo pi\u00f9 o meno lungo dell\u2019esecuzione della pena, torniamo al principio della pena come retribuzione, come forma di equivalente, ovvero come scambio misurato dal valore. In qualunque sistema la vendetta perpetrata dalle guardie verso i detenuti \u00e8 un mezzo permanente di difesa della disciplina sociale, ma \u00e8 tutto il contrario della speranza rieducativa e recuperativa del carcerato. La vendetta \u00e8 destinata a prevalere, dacch\u00e9 funzionale alla politica degli interessi della classe dominante di riduzione all\u2019obbedienza delle classi sfruttate, siano queste i proletari classici nella societ\u00e0 borghese, oppure i borghesi nelle dittature del proletariato e oggi i nuovi proletari, immigrati, giovani disoccupati, masse di ceto medio impoverito della globalizzazione, emarginati sociali per tossicodipendenza o per condizione sessuale.<\/p>\n<p>Sarebbe di aiuto rivisitare criticamente le idee di E.B. Pasukanis, il giurista sovietico di cui si persero le tracce \u00a0nel 1937 in piena epoca di purghe staliniane, (<em>La teoria generale del diritto e il marxismo,<\/em> in Stucka, Pasukanis, Vysinskij, Strogovic <em>Le teorie sovietiche del diritto,<\/em> a cura di Umberto Cerroni , Milano !954) sulla contraddittoriet\u00e0 della societ\u00e0 moderna studiata da Marx sotto tutti i molteplici aspetti, ma valorizzata dai successori prevalentemente al livello di opposizione tra borghesia e proletariato e non abbastanza al livello delle istituzioni politiche e giuridiche, tra le quali anche il carcere.<\/p>\n<p>In poche parole, fatto sta che ci\u00f2 che avviene nelle carceri \u00e8 sempre sullo sfondo del dibattito politico e l\u00ec \u00e8 destinato a rimanere. Dopo le dichiarazioni di circostanza in occasione di casuali scoperte, il carcere \u00e8 comunque considerato tutt\u2019al pi\u00f9 un luogo di mera custodia. Anche se non dovrebbe mai precedere la sentenza, troppo spesso la previene, rendendo l\u2019individuo non pi\u00f9 padrone della propria sorte e distruggendola durante il tempo sospeso della custodia cautelare, dove l\u2019innocenza si confonde col delitto. Il carcere \u00e8 sempre e comunque un luogo di infamia, dove \u00e8 bandito, proprio da parte dello Stato, prima che la legalit\u00e0, ogni sentimento di virt\u00f9.<\/p>\n","protected":false},"excerpt":{"rendered":"<p>di Claudio Tani La violenza \u201cistituzionale\u201d in quanto manifestazione organizzata dell\u2019apparato pubblico nel carcere di Santa Maria Capua Vetere, con il seguito di depistaggi e di falsi, fa venire alla mente i fatti del carcere di Sassari di vent\u2019anni fa. I fatti di un anno fa della caserma Levante di Piacenza si collocano in un &#8230; <a title=\"La fabbrica dell\u2019illegalit\u00e0\" class=\"read-more\" href=\"https:\/\/www.lacostituzione.info\/index.php\/2021\/07\/08\/la-fabbrica-dellillegalita\/\">Leggi tutto<\/a><\/p>\n<div class='heateorSssClear'><\/div><div  class='heateor_sss_sharing_container heateor_sss_horizontal_sharing' data-heateor-sss-href='https:\/\/www.lacostituzione.info\/index.php\/2021\/07\/08\/la-fabbrica-dellillegalita\/'><div class='heateor_sss_sharing_title' style=\"font-weight:bold\" >Condividi!<\/div><div class=\"heateor_sss_sharing_ul\"><a aria-label=\"Facebook\" class=\"heateor_sss_facebook\" href=\"https:\/\/www.facebook.com\/sharer\/sharer.php?u=https%3A%2F%2Fwww.lacostituzione.info%2Findex.php%2F2021%2F07%2F08%2Fla-fabbrica-dellillegalita%2F\" title=\"Facebook\" rel=\"nofollow noopener\" target=\"_blank\" style=\"font-size:32px!important;box-shadow:none;display:inline-block;vertical-align:middle\"><span class=\"heateor_sss_svg\" style=\"background-color:#0765FE;width:35px;height:35px;display:inline-block;opacity:1;float:left;font-size:32px;box-shadow:none;display:inline-block;font-size:16px;padding:0 4px;vertical-align:middle;background-repeat:repeat;overflow:hidden;padding:0;cursor:pointer;box-sizing:content-box\"><svg style=\"display:block;\" focusable=\"false\" aria-hidden=\"true\" xmlns=\"http:\/\/www.w3.org\/2000\/svg\" width=\"100%\" height=\"100%\" viewBox=\"0 0 32 32\"><path fill=\"#fff\" d=\"M28 16c0-6.627-5.373-12-12-12S4 9.373 4 16c0 5.628 3.875 10.35 9.101 11.647v-7.98h-2.474V16H13.1v-1.58c0-4.085 1.849-5.978 5.859-5.978.76 0 2.072.15 2.608.298v3.325c-.283-.03-.775-.045-1.386-.045-1.967 0-2.728.745-2.728 2.683V16h3.92l-.673 3.667h-3.247v8.245C23.395 27.195 28 22.135 28 16Z\"><\/path><\/svg><\/span><\/a><a aria-label=\"Twitter\" class=\"heateor_sss_button_twitter\" href=\"https:\/\/twitter.com\/intent\/tweet?text=La%20fabbrica%20dell%E2%80%99illegalit%C3%A0&url=https%3A%2F%2Fwww.lacostituzione.info%2Findex.php%2F2021%2F07%2F08%2Fla-fabbrica-dellillegalita%2F\" title=\"Twitter\" rel=\"nofollow noopener\" target=\"_blank\" style=\"font-size:32px!important;box-shadow:none;display:inline-block;vertical-align:middle\"><span class=\"heateor_sss_svg heateor_sss_s__default heateor_sss_s_twitter\" style=\"background-color:#55acee;width:35px;height:35px;display:inline-block;opacity:1;float:left;font-size:32px;box-shadow:none;display:inline-block;font-size:16px;padding:0 4px;vertical-align:middle;background-repeat:repeat;overflow:hidden;padding:0;cursor:pointer;box-sizing:content-box\"><svg style=\"display:block;\" focusable=\"false\" aria-hidden=\"true\" xmlns=\"http:\/\/www.w3.org\/2000\/svg\" width=\"100%\" height=\"100%\" viewBox=\"-4 -4 39 39\"><path d=\"M28 8.557a9.913 9.913 0 0 1-2.828.775 4.93 4.93 0 0 0 2.166-2.725 9.738 9.738 0 0 1-3.13 1.194 4.92 4.92 0 0 0-3.593-1.55 4.924 4.924 0 0 0-4.794 6.049c-4.09-.21-7.72-2.17-10.15-5.15a4.942 4.942 0 0 0-.665 2.477c0 1.71.87 3.214 2.19 4.1a4.968 4.968 0 0 1-2.23-.616v.06c0 2.39 1.7 4.38 3.952 4.83-.414.115-.85.174-1.297.174-.318 0-.626-.03-.928-.086a4.935 4.935 0 0 0 4.6 3.42 9.893 9.893 0 0 1-6.114 2.107c-.398 0-.79-.023-1.175-.068a13.953 13.953 0 0 0 7.55 2.213c9.056 0 14.01-7.507 14.01-14.013 0-.213-.005-.426-.015-.637.96-.695 1.795-1.56 2.455-2.55z\" fill=\"#fff\"><\/path><\/svg><\/span><\/a><a aria-label=\"Reddit\" class=\"heateor_sss_button_reddit\" href=\"https:\/\/reddit.com\/submit?url=https%3A%2F%2Fwww.lacostituzione.info%2Findex.php%2F2021%2F07%2F08%2Fla-fabbrica-dellillegalita%2F&title=La%20fabbrica%20dell%E2%80%99illegalit%C3%A0\" title=\"Reddit\" rel=\"nofollow noopener\" target=\"_blank\" style=\"font-size:32px!important;box-shadow:none;display:inline-block;vertical-align:middle\"><span class=\"heateor_sss_svg heateor_sss_s__default heateor_sss_s_reddit\" style=\"background-color:#ff5700;width:35px;height:35px;display:inline-block;opacity:1;float:left;font-size:32px;box-shadow:none;display:inline-block;font-size:16px;padding:0 4px;vertical-align:middle;background-repeat:repeat;overflow:hidden;padding:0;cursor:pointer;box-sizing:content-box\"><svg style=\"display:block;\" focusable=\"false\" aria-hidden=\"true\" xmlns=\"http:\/\/www.w3.org\/2000\/svg\" width=\"100%\" height=\"100%\" viewBox=\"-3.5 -3.5 39 39\"><path d=\"M28.543 15.774a2.953 2.953 0 0 0-2.951-2.949 2.882 2.882 0 0 0-1.9.713 14.075 14.075 0 0 0-6.85-2.044l1.38-4.349 3.768.884a2.452 2.452 0 1 0 .24-1.176l-4.274-1a.6.6 0 0 0-.709.4l-1.659 5.224a14.314 14.314 0 0 0-7.316 2.029 2.908 2.908 0 0 0-1.872-.681 2.942 2.942 0 0 0-1.618 5.4 5.109 5.109 0 0 0-.062.765c0 4.158 5.037 7.541 11.229 7.541s11.22-3.383 11.22-7.541a5.2 5.2 0 0 0-.053-.706 2.963 2.963 0 0 0 1.427-2.51zm-18.008 1.88a1.753 1.753 0 0 1 1.73-1.74 1.73 1.73 0 0 1 1.709 1.74 1.709 1.709 0 0 1-1.709 1.711 1.733 1.733 0 0 1-1.73-1.711zm9.565 4.968a5.573 5.573 0 0 1-4.081 1.272h-.032a5.576 5.576 0 0 1-4.087-1.272.6.6 0 0 1 .844-.854 4.5 4.5 0 0 0 3.238.927h.032a4.5 4.5 0 0 0 3.237-.927.6.6 0 1 1 .844.854zm-.331-3.256a1.726 1.726 0 1 1 1.709-1.712 1.717 1.717 0 0 1-1.712 1.712z\" fill=\"#fff\"\/><\/svg><\/span><\/a><a aria-label=\"Linkedin\" class=\"heateor_sss_button_linkedin\" href=\"https:\/\/www.linkedin.com\/sharing\/share-offsite\/?url=https%3A%2F%2Fwww.lacostituzione.info%2Findex.php%2F2021%2F07%2F08%2Fla-fabbrica-dellillegalita%2F\" title=\"Linkedin\" rel=\"nofollow noopener\" target=\"_blank\" style=\"font-size:32px!important;box-shadow:none;display:inline-block;vertical-align:middle\"><span class=\"heateor_sss_svg heateor_sss_s__default heateor_sss_s_linkedin\" style=\"background-color:#0077b5;width:35px;height:35px;display:inline-block;opacity:1;float:left;font-size:32px;box-shadow:none;display:inline-block;font-size:16px;padding:0 4px;vertical-align:middle;background-repeat:repeat;overflow:hidden;padding:0;cursor:pointer;box-sizing:content-box\"><svg style=\"display:block;\" focusable=\"false\" aria-hidden=\"true\" xmlns=\"http:\/\/www.w3.org\/2000\/svg\" width=\"100%\" height=\"100%\" viewBox=\"0 0 32 32\"><path d=\"M6.227 12.61h4.19v13.48h-4.19V12.61zm2.095-6.7a2.43 2.43 0 0 1 0 4.86c-1.344 0-2.428-1.09-2.428-2.43s1.084-2.43 2.428-2.43m4.72 6.7h4.02v1.84h.058c.56-1.058 1.927-2.176 3.965-2.176 4.238 0 5.02 2.792 5.02 6.42v7.395h-4.183v-6.56c0-1.564-.03-3.574-2.178-3.574-2.18 0-2.514 1.7-2.514 3.46v6.668h-4.187V12.61z\" fill=\"#fff\"><\/path><\/svg><\/span><\/a><a aria-label=\"Pinterest\" class=\"heateor_sss_button_pinterest\" href=\"https:\/\/www.lacostituzione.info\/index.php\/2021\/07\/08\/la-fabbrica-dellillegalita\/\" onclick=\"event.preventDefault();javascript:void( (function() {var e=document.createElement('script' );e.setAttribute('type','text\/javascript' );e.setAttribute('charset','UTF-8' );e.setAttribute('src','\/\/assets.pinterest.com\/js\/pinmarklet.js?r='+Math.random()*99999999);document.body.appendChild(e)})());\" title=\"Pinterest\" rel=\"noopener\" style=\"font-size:32px!important;box-shadow:none;display:inline-block;vertical-align:middle\"><span class=\"heateor_sss_svg heateor_sss_s__default heateor_sss_s_pinterest\" style=\"background-color:#cc2329;width:35px;height:35px;display:inline-block;opacity:1;float:left;font-size:32px;box-shadow:none;display:inline-block;font-size:16px;padding:0 4px;vertical-align:middle;background-repeat:repeat;overflow:hidden;padding:0;cursor:pointer;box-sizing:content-box\"><svg style=\"display:block;\" focusable=\"false\" aria-hidden=\"true\" xmlns=\"http:\/\/www.w3.org\/2000\/svg\" width=\"100%\" height=\"100%\" viewBox=\"-2 -2 35 35\"><path fill=\"#fff\" d=\"M16.539 4.5c-6.277 0-9.442 4.5-9.442 8.253 0 2.272.86 4.293 2.705 5.046.303.125.574.005.662-.33.061-.231.205-.816.27-1.06.088-.331.053-.447-.191-.736-.532-.627-.873-1.439-.873-2.591 0-3.338 2.498-6.327 6.505-6.327 3.548 0 5.497 2.168 5.497 5.062 0 3.81-1.686 7.025-4.188 7.025-1.382 0-2.416-1.142-2.085-2.545.397-1.674 1.166-3.48 1.166-4.689 0-1.081-.581-1.983-1.782-1.983-1.413 0-2.548 1.462-2.548 3.419 0 1.247.421 2.091.421 2.091l-1.699 7.199c-.505 2.137-.076 4.755-.039 5.019.021.158.223.196.314.077.13-.17 1.813-2.247 2.384-4.324.162-.587.929-3.631.929-3.631.46.876 1.801 1.646 3.227 1.646 4.247 0 7.128-3.871 7.128-9.053.003-3.918-3.317-7.568-8.361-7.568z\"\/><\/svg><\/span><\/a><a aria-label=\"Whatsapp\" class=\"heateor_sss_whatsapp\" href=\"https:\/\/api.whatsapp.com\/send?text=La%20fabbrica%20dell%E2%80%99illegalit%C3%A0%20https%3A%2F%2Fwww.lacostituzione.info%2Findex.php%2F2021%2F07%2F08%2Fla-fabbrica-dellillegalita%2F\" title=\"Whatsapp\" rel=\"nofollow noopener\" target=\"_blank\" style=\"font-size:32px!important;box-shadow:none;display:inline-block;vertical-align:middle\"><span class=\"heateor_sss_svg\" style=\"background-color:#55eb4c;width:35px;height:35px;display:inline-block;opacity:1;float:left;font-size:32px;box-shadow:none;display:inline-block;font-size:16px;padding:0 4px;vertical-align:middle;background-repeat:repeat;overflow:hidden;padding:0;cursor:pointer;box-sizing:content-box\"><svg style=\"display:block;\" focusable=\"false\" aria-hidden=\"true\" xmlns=\"http:\/\/www.w3.org\/2000\/svg\" width=\"100%\" height=\"100%\" viewBox=\"-6 -5 40 40\"><path class=\"heateor_sss_svg_stroke heateor_sss_no_fill\" stroke=\"#fff\" stroke-width=\"2\" fill=\"none\" d=\"M 11.579798566743314 24.396926207859085 A 10 10 0 1 0 6.808479557110079 20.73576436351046\"><\/path><path d=\"M 7 19 l -1 6 l 6 -1\" class=\"heateor_sss_no_fill heateor_sss_svg_stroke\" stroke=\"#fff\" stroke-width=\"2\" fill=\"none\"><\/path><path d=\"M 10 10 q -1 8 8 11 c 5 -1 0 -6 -1 -3 q -4 -3 -5 -5 c 4 -2 -1 -5 -1 -4\" fill=\"#fff\"><\/path><\/svg><\/span><\/a><\/div><div class=\"heateorSssClear\"><\/div><\/div><div class='heateorSssClear'><\/div>","protected":false},"author":1,"featured_media":0,"comment_status":"open","ping_status":"open","sticky":false,"template":"","format":"standard","meta":{"jetpack_post_was_ever_published":false,"_jetpack_newsletter_access":"","_jetpack_dont_email_post_to_subs":false,"_jetpack_newsletter_tier_id":0,"_jetpack_memberships_contains_paywalled_content":false,"_jetpack_memberships_contains_paid_content":false,"footnotes":"","jetpack_publicize_message":"","jetpack_publicize_feature_enabled":true,"jetpack_social_post_already_shared":false,"jetpack_social_options":{"image_generator_settings":{"template":"highway","default_image_id":0,"enabled":false},"version":2}},"categories":[4],"tags":[718,495,498],"class_list":["post-7865","post","type-post","status-publish","format-standard","hentry","category-attualita","tag-carcere","tag-diritti-della-persona","tag-giustizia"],"jetpack_publicize_connections":[],"jetpack_featured_media_url":"","jetpack_shortlink":"https:\/\/wp.me\/p84sDq-22R","jetpack_likes_enabled":true,"jetpack_sharing_enabled":true,"_links":{"self":[{"href":"https:\/\/www.lacostituzione.info\/index.php\/wp-json\/wp\/v2\/posts\/7865","targetHints":{"allow":["GET"]}}],"collection":[{"href":"https:\/\/www.lacostituzione.info\/index.php\/wp-json\/wp\/v2\/posts"}],"about":[{"href":"https:\/\/www.lacostituzione.info\/index.php\/wp-json\/wp\/v2\/types\/post"}],"author":[{"embeddable":true,"href":"https:\/\/www.lacostituzione.info\/index.php\/wp-json\/wp\/v2\/users\/1"}],"replies":[{"embeddable":true,"href":"https:\/\/www.lacostituzione.info\/index.php\/wp-json\/wp\/v2\/comments?post=7865"}],"version-history":[{"count":0,"href":"https:\/\/www.lacostituzione.info\/index.php\/wp-json\/wp\/v2\/posts\/7865\/revisions"}],"wp:attachment":[{"href":"https:\/\/www.lacostituzione.info\/index.php\/wp-json\/wp\/v2\/media?parent=7865"}],"wp:term":[{"taxonomy":"category","embeddable":true,"href":"https:\/\/www.lacostituzione.info\/index.php\/wp-json\/wp\/v2\/categories?post=7865"},{"taxonomy":"post_tag","embeddable":true,"href":"https:\/\/www.lacostituzione.info\/index.php\/wp-json\/wp\/v2\/tags?post=7865"}],"curies":[{"name":"wp","href":"https:\/\/api.w.org\/{rel}","templated":true}]}}