{"id":7933,"date":"2021-08-13T10:33:42","date_gmt":"2021-08-13T08:33:42","guid":{"rendered":"http:\/\/www.lacostituzione.info\/?p=7933"},"modified":"2021-08-13T10:33:44","modified_gmt":"2021-08-13T08:33:44","slug":"tra-green-pass-e-norme-ue-non-ce-contrasto","status":"publish","type":"post","link":"https:\/\/www.lacostituzione.info\/index.php\/2021\/08\/13\/tra-green-pass-e-norme-ue-non-ce-contrasto\/","title":{"rendered":"Tra green pass e norme Ue non c&#8217;\u00e8 contrasto"},"content":{"rendered":"\n<p style=\"text-align: center;\"><a href=\"http:\/\/www.lacostituzione.info\/index.php\/2021\/07\/27\/le-certificazioni-verdi-covid-19-al-cospetto-della-costituzione-e-delle-sue-liberta\/greenpass\/#main\" rel=\"attachment wp-att-7915\"><img loading=\"lazy\" decoding=\"async\" data-attachment-id=\"7915\" data-permalink=\"https:\/\/www.lacostituzione.info\/index.php\/2021\/07\/27\/le-certificazioni-verdi-covid-19-al-cospetto-della-costituzione-e-delle-sue-liberta\/greenpass\/#main\" data-orig-file=\"https:\/\/www.lacostituzione.info\/wp-content\/uploads\/2021\/07\/greenpass.jpg\" data-orig-size=\"1990,1326\" data-comments-opened=\"1\" data-image-meta=\"{&quot;aperture&quot;:&quot;0&quot;,&quot;credit&quot;:&quot;&quot;,&quot;camera&quot;:&quot;&quot;,&quot;caption&quot;:&quot;&quot;,&quot;created_timestamp&quot;:&quot;0&quot;,&quot;copyright&quot;:&quot;&quot;,&quot;focal_length&quot;:&quot;0&quot;,&quot;iso&quot;:&quot;0&quot;,&quot;shutter_speed&quot;:&quot;0&quot;,&quot;title&quot;:&quot;&quot;,&quot;orientation&quot;:&quot;0&quot;}\" data-image-title=\"greenpass\" data-image-description=\"\" data-image-caption=\"\" data-medium-file=\"https:\/\/www.lacostituzione.info\/wp-content\/uploads\/2021\/07\/greenpass-300x200.jpg\" data-large-file=\"https:\/\/www.lacostituzione.info\/wp-content\/uploads\/2021\/07\/greenpass-1024x682.jpg\" class=\"aligncenter size-thumbnail wp-image-7915\" src=\"http:\/\/www.lacostituzione.info\/wp-content\/uploads\/2021\/07\/greenpass-150x150.jpg\" alt=\"\" width=\"150\" height=\"150\" \/><\/a>di <strong>Alessandro Gigliotti<\/strong><\/p>\n<p>Circola con forza, in questi ultimi giorni, la tesi secondo cui il noto <em>green pass<\/em>, la Certificazione verde COVID-19 rilasciata dal Ministero della Salute, sarebbe illegittimo per palese e macroscopica violazione di norme dell\u2019ordinamento dell\u2019Unione europ&#8230;<!--more--> in particolare del recente <a href=\"https:\/\/eur-lex.europa.eu\/legal-content\/IT\/TXT\/?uri=CELEX%3A32021R0953\">Regolamento (UE) 2021\/953 del Parlamento europeo e del Consiglio del 14 giugno 2021<\/a> che disciplina le certificazioni a livello europeo. Altre tesi, anch\u2019esse molto diffuse soprattutto nell\u2019ambito dei <em>social media<\/em>, sostengono inoltre che il <em>green pass<\/em> non sarebbe obbligatorio e che pertanto i titolari di attivit\u00e0 commerciali \u2013 in particolare i ristoratori \u2013 non sarebbero tenuti a richiedere ai loro clienti di esibirlo.<\/p>\n<p>Le tesi suesposte, talvolta proposte come verit\u00e0 pressoch\u00e9 assolute ed incontrovertibili, non sono per\u00f2 fondate.<\/p>\n<p>Occorre premettere, a scanso di equivoci, che chi scrive non intende sostenere in alcun modo l\u2019assoluta legittimit\u00e0 costituzionale del <em>green pass<\/em>, o per meglio dire non intende escludere <em>a priori<\/em> che nell\u2019attuale quadro normativo si possano ravvisare profili di incostituzionalit\u00e0. N\u00e9 tanto meno vuole esprime valutazioni in ordine alla sua opportunit\u00e0, cosa che spetta ai decisori pubblici, sulla base delle indicazioni che pervengono dalle autorit\u00e0 sanitarie, le uniche in grado di valutare gli aspetti epidemiologici di ogni singola misura atta a contrastare l\u2019emergenza in corso.<\/p>\n<p>Obiettivo del seguente scritto \u00e8, semmai, dimostrare che alcune tesi in ordine ad una presunta incompatibilit\u00e0 tra diritto interno e diritto Ue non sono fondate.<\/p>\n<p>Orbene, \u00e8 opportuno anzitutto chiarire un primo aspetto: i <em>green pass<\/em> e le restrizioni disposte per i soggetti che ne sono sprovvisti sono due cose ben distinte, per quanto correlate.<\/p>\n<p>Il cd. <em>green pass<\/em> \u00e8 attualmente disciplinato ai sensi dell\u2019<a href=\"https:\/\/www.normattiva.it\/atto\/caricaDettaglioAtto?atto.dataPubblicazioneGazzetta=2021-04-22&amp;atto.codiceRedazionale=21G00064&amp;atto.articolo.numero=9&amp;atto.articolo.sottoArticolo=1&amp;atto.articolo.sottoArticolo1=10&amp;qId=&amp;tabID=0.3706575582986553&amp;title=lbl.dettaglioAtto\">art. 9 del decreto-legge 22 aprile 2021, n. 52<\/a>, il quale lo definisce come documento che comprova \u00ab<em>lo stato di avvenuta vaccinazione contro il SARS-CoV-2 o guarigione dall\u2019infezione da SARS-CoV-2, ovvero l\u2019effettuazione di un test molecolare o antigenico rapido con risultato negativo al virus SARS-CoV-2<\/em>\u201d. \u00c8 quindi un documento, cartaceo o digitale, rilasciato dalle autorit\u00e0 sanitarie ai soggetti i quali: 1) abbiano completato il percorso vaccinale contro il virus SARS-CoV-2; 2) siano guariti dall\u2019infezione causata dal medesimo virus; 3) abbiano effettuato un test molecolare o antigenico con esito negativo in ordine all\u2019infezione dal richiamato virus.<\/p>\n<p>Le restrizioni disposte per i soggetti sprovvisti di Certificazione verde sono invece successive e, nel dettaglio, sono state introdotte attraverso l\u2019art. 3 del decreto-legge 23 luglio 2021, n. 105, attualmente all\u2019esame della Camera dei deputati per la conversione in legge. L\u2019art. 3 ha novellato il gi\u00e0 citato decreto-legge 22 aprile 2021, n. 52, introducendo un nuovo <a href=\"https:\/\/www.normattiva.it\/atto\/caricaDettaglioAtto?atto.dataPubblicazioneGazzetta=2021-04-22&amp;atto.codiceRedazionale=21G00064&amp;atto.articolo.numero=9&amp;atto.articolo.sottoArticolo=2&amp;atto.articolo.sottoArticolo1=10&amp;qId=&amp;tabID=0.3706575582986553&amp;title=lbl.dettaglioAtto\">art. 9-<em>bis<\/em><\/a>, il quale dispone che, a decorrere dal 6 agosto 2021, nelle zone bianche l\u2019accesso a determinati servizi ed attivit\u00e0 \u00e8 consentito esclusivamente ai soggetti muniti delle Certificazioni verdi: si tratta, tra l\u2019altro, di servizi di ristorazione al chiuso, spettacoli aperti al pubblico, musei e mostre, piscine e palestre, sagre e ferie, convegni e congressi, centri termali, centri culturali e sociali, sale gioco e concorsi pubblici.<\/p>\n<p>L\u2019art. 9-<em>bis<\/em>, peraltro, precisa espressamente che le restrizioni non si applicano n\u00e9 ai soggetti esclusi per et\u00e0 dalla campagna vaccinale \u2013 al momento, i soggetti minori di 12 anni \u2013 n\u00e9 a coloro i quali siano esenti dalla medesima campagna vaccinale sulla base di idonea certificazione medica. In sostanza, le restrizioni si applicano solo ai soggetti che sono in condizione di vaccinarsi e non anche a coloro che, per le ragioni di cui si \u00e8 detto, non sono coinvolti dalla campagna vaccinale e, pertanto, non hanno modo di ottenere il <em>green pass<\/em> (salvo sottoporsi a test molecolare o antigenico o essere guariti dall\u2019infezione).<\/p>\n<p>La necessit\u00e0 di mettere l\u2019accento sulla distinzione tra Certificazioni verdi e restrizioni, apparentemente irrilevante se non addirittura bizantina, apparir\u00e0 chiara tra un momento. Una delle tesi sostenute da coloro che lamentano l\u2019illegittimit\u00e0 del <em>green pass<\/em>, infatti, si basa su una disposizione recentemente introdotta dal decreto-legge 23 luglio 2021, n. 105, che modifica il comma 8 dell\u2019art. 9 del decreto-legge 22 aprile 2021, n. 52, al fine di precisare che \u00ab<em>le disposizioni dei commi da 1 a 8 continuano ad applicarsi ove compatibili con i regolamenti (UE) 2021\/953 e 2021\/954<\/em>\u00bb. Da qui la conclusione secondo cui il <em>green pass<\/em> sarebbe incompatibile con il regolamento (UE) 2021\/953 e quindi illegittimo, tenuto conto del considerando n. 36 il quale recita nel seguente modo: \u00ab<em>\u00c8 necessario evitare la discriminazione diretta o indiretta di persone che non sono vaccinate, per esempio per motivi medici, perch\u00e9 non rientrano nel gruppo di destinatari per cui il vaccino anti COVID-19 \u00e8 attualmente somministrato o consentito, come i bambini, o perch\u00e9 non hanno ancora avuto l\u2019opportunit\u00e0 di essere vaccinate o hanno scelto di non essere vaccinate. Pertanto il possesso di un certificato di vaccinazione, o di un certificato di vaccinazione che attesti l\u2019uso di uno specifico vaccino anti COVID-19, non dovrebbe costituire una condizione preliminare per l\u2019esercizio del diritto di libera circolazione o per l\u2019utilizzo di servizi di trasporto passeggeri transfrontalieri quali linee aeree, treni, pullman, traghetti o qualsiasi altro mezzo di trasporto. Inoltre, il presente regolamento non pu\u00f2 essere interpretato nel senso che istituisce un diritto o un obbligo a essere vaccinati<\/em>\u00bb.<\/p>\n<p>La tesi sarebbe in sostanza questa: dal momento che il <em>green pass<\/em> si applica solo ove compatibile con il regolamento UE, e dal momento che detto regolamento prevede espressamente che non si possano fare discriminazioni nei confronti dei soggetti che hanno scelto di non vaccinarsi, ecco che il <em>pass<\/em> si rivelerebbe non obbligatorio o addirittura illegittimo.<\/p>\n<p>Tuttavia, il sillogismo non regge. Anzitutto, per il semplice fatto che la disposizione normativa secondo cui \u00ab<em>le disposizioni dei commi da 1 a 8 continuano ad applicarsi ove compatibili con i regolamenti (UE) 2021\/953 e 2021\/954<\/em>\u00bb si riferisce ai primi otto commi dell\u2019art. 9 del decreto-legge 22 aprile 2021, n. 52. Si riferisce cio\u00e8 alle disposizioni normative che disciplinano le Certificazioni verdi (art. 9) e non gi\u00e0 a quelle che prevedono restrizioni nei confronti di chi non ne sia in possesso (art. 9-<em>bis<\/em>). La distinzione \u00e8 dirimente.<\/p>\n<p>Pertanto, sono le norme che attualmente dispongono a quali soggetti possa essere conferito il <em>green pass<\/em>, nonch\u00e9 la durata della certificazione (9 mesi per i vaccinati, 6 mesi per i guariti e 48 ore per chi si \u00e8 sottoposto a tampone) e l\u2019equivalenza con le analoghe certificazioni rilasciante da Stati Ue o extra-Ue ad essere applicabili solo ove compatibili con le disposizioni contenute nel citato Regolamento (UE) 2021\/953, che detta norme in tema di rilascio, verifica ed accettazione dei Certificati COVID-19 al fine di agevolare la libera circolazione da parte dei loro titolari, nonch\u00e9 nel coevo <a href=\"https:\/\/eur-lex.europa.eu\/legal-content\/IT\/TXT\/?uri=CELEX:32021R0954\">Regolamento (UE) 2021\/954<\/a>, che dispone l\u2019applicazione delle norme sulle Certificazioni anche ai cittadini di Paesi terzi regolarmente soggiornanti o residenti nel territorio degli Stati membri. Non le norme in tema di restrizioni all\u2019accesso a servizi o attivit\u00e0.<\/p>\n<p>In secondo luogo, il sillogismo si rileva fallace ove sin consideri che il divieto di discriminazione, di cui al \u201cconsiderando\u201d n. 36, si riferisce agli spostamenti tra Paesi europei e non a quelli all\u2019interno dei medesimi, in quanto l\u2019obiettivo \u00e8 tutelare la libera circolazione dei cittadini in ambito europeo e non gi\u00e0, come si potrebbe erroneamente pensare, all\u2019interno dei territori dei singoli Stati.<\/p>\n<p>Il testo del \u201cconsiderando\u201d, chiamato impropriamente in causa, richiama peraltro il solo certificato di vaccinazione \u2013 e non anche quelli di guarigione e di test \u2013 e precisa che questo \u00ab<em>non dovrebbe costituire una condizione preliminare per l\u2019esercizio del diritto di libera circolazione o per l\u2019utilizzo di servizi di trasporto passeggeri transfrontalieri<\/em>\u00bb. In sostanza, gli Stati membri non devono \u2013 <em>rectius<\/em>, non dovrebbero \u2013 fare in modo che il certificato di vaccinazione costituisca condizione per circolare tra gli Stati europei o per utilizzare i mezzi di trasporto transfrontalieri. Nulla a che vedere, come si pu\u00f2 notare, con le restrizioni disposte dal recente decreto-legge.<\/p>\n<p>A quanto detto si aggiunga inoltre che l\u2019art. 11 del Regolamento (UE) 2021\/953 precisa che resta \u00ab<em>salva la competenza degli Stati membri di imporre restrizioni per motivi di salute pubblica<\/em>\u00bb e prevede che, qualora gli Stati accettino le Certificazioni verdi, non debbano imporre ulteriori restrizioni alla libera circolazione, quali ulteriori test, quarantena o isolamento, che non siano necessarie e proporzionate al fine di tutelare la salute pubblica. Il che significa che, ove le condizioni peggiorassero, anche i cittadini europei dotati di certificazioni potrebbero essere soggetti ad ulteriori restrizioni.<\/p>\n<p>Inoltre, il medesimo art. 11 prevede che, qualora uno Stato membro imponga ai titolari di Certificazioni verdi di sottoporsi a test, quarantena o isolamento dopo l\u2019ingresso nel suo territorio, o qualora imponga altre restrizioni ai titolari delle certificazioni perch\u00e9, per esempio, la situazione epidemiologica \u00e8 peggiorata, lo Stato stesso debba informare la Commissione e gli altri Stati membri, se possibile 48 ore prima dell\u2019introduzione di tali nuove restrizioni. Insomma, le restrizioni non soltanto non sono vietate, ma sono addirittura consentite.<\/p>\n<p>In definitiva, chi sostiene che il <em>green pass<\/em> non sia obbligatorio o addirittura che sia illegittimo per contrasto con le norme Ue giunge a conclusioni inesatte.<\/p>\n<p>Quanto al primo aspetto, sebbene il <em>pass<\/em> non sia effettivamente obbligatorio in senso assoluto, va evidenziato che esso \u00e8 obbligatorio per accedere a musei, palestre, ristoranti al chiuso e via dicendo, salvo nel caso di soggetti esclusi, per ragioni mediche o di et\u00e0, dalla campagna vaccinale.<\/p>\n<p>Quanto al secondo, occorre osservare che la presunta illegittimit\u00e0 \u2013 delle restrizioni, pi\u00f9 che del <em>pass<\/em> in quanto tale \u2013 viene dedotta da una disposizione che si riferisce alle modalit\u00e0 di concessione del <em>pass<\/em> e non alle restrizioni per chi ne \u00e8 sprovvisto, nonch\u00e9 da una disposizione del regolamento (UE) 2021\/953, contenuta in un \u201cconsiderando\u201d, che si riferisce agli spostamenti transnazionali e non a quelli interni al territorio di un singolo Stato. Con il che non si vuole asserire, come gi\u00e0 detto, che le restrizioni disposte dal recente decreto-legge 23 luglio 2021, n. 105, siano senza ombra di dubbio conformi al quadro costituzionale, ma semplicemente che i profili di incostituzionalit\u00e0 di cui si parla insistentemente, e di cui si \u00e8 parlato in questo articolo, non sono fondati.<\/p>\n","protected":false},"excerpt":{"rendered":"<p>di Alessandro Gigliotti Circola con forza, in questi ultimi giorni, la tesi secondo cui il noto green pass, la Certificazione verde COVID-19 rilasciata dal Ministero della Salute, sarebbe illegittimo per palese e macroscopica violazione di norme dell\u2019ordinamento dell\u2019Unione europ&#8230;<\/p>\n<div class='heateorSssClear'><\/div><div  class='heateor_sss_sharing_container heateor_sss_horizontal_sharing' data-heateor-sss-href='https:\/\/www.lacostituzione.info\/index.php\/2021\/08\/13\/tra-green-pass-e-norme-ue-non-ce-contrasto\/'><div class='heateor_sss_sharing_title' style=\"font-weight:bold\" >Condividi!<\/div><div class=\"heateor_sss_sharing_ul\"><a aria-label=\"Facebook\" class=\"heateor_sss_facebook\" href=\"https:\/\/www.facebook.com\/sharer\/sharer.php?u=https%3A%2F%2Fwww.lacostituzione.info%2Findex.php%2F2021%2F08%2F13%2Ftra-green-pass-e-norme-ue-non-ce-contrasto%2F\" title=\"Facebook\" rel=\"nofollow noopener\" target=\"_blank\" style=\"font-size:32px!important;box-shadow:none;display:inline-block;vertical-align:middle\"><span class=\"heateor_sss_svg\" style=\"background-color:#0765FE;width:35px;height:35px;display:inline-block;opacity:1;float:left;font-size:32px;box-shadow:none;display:inline-block;font-size:16px;padding:0 4px;vertical-align:middle;background-repeat:repeat;overflow:hidden;padding:0;cursor:pointer;box-sizing:content-box\"><svg style=\"display:block;\" focusable=\"false\" aria-hidden=\"true\" xmlns=\"http:\/\/www.w3.org\/2000\/svg\" width=\"100%\" height=\"100%\" viewBox=\"0 0 32 32\"><path fill=\"#fff\" d=\"M28 16c0-6.627-5.373-12-12-12S4 9.373 4 16c0 5.628 3.875 10.35 9.101 11.647v-7.98h-2.474V16H13.1v-1.58c0-4.085 1.849-5.978 5.859-5.978.76 0 2.072.15 2.608.298v3.325c-.283-.03-.775-.045-1.386-.045-1.967 0-2.728.745-2.728 2.683V16h3.92l-.673 3.667h-3.247v8.245C23.395 27.195 28 22.135 28 16Z\"><\/path><\/svg><\/span><\/a><a aria-label=\"Twitter\" class=\"heateor_sss_button_twitter\" href=\"https:\/\/twitter.com\/intent\/tweet?text=Tra%20green%20pass%20e%20norme%20Ue%20non%20c%27%C3%A8%20contrasto&url=https%3A%2F%2Fwww.lacostituzione.info%2Findex.php%2F2021%2F08%2F13%2Ftra-green-pass-e-norme-ue-non-ce-contrasto%2F\" title=\"Twitter\" rel=\"nofollow noopener\" target=\"_blank\" style=\"font-size:32px!important;box-shadow:none;display:inline-block;vertical-align:middle\"><span class=\"heateor_sss_svg heateor_sss_s__default heateor_sss_s_twitter\" style=\"background-color:#55acee;width:35px;height:35px;display:inline-block;opacity:1;float:left;font-size:32px;box-shadow:none;display:inline-block;font-size:16px;padding:0 4px;vertical-align:middle;background-repeat:repeat;overflow:hidden;padding:0;cursor:pointer;box-sizing:content-box\"><svg style=\"display:block;\" focusable=\"false\" aria-hidden=\"true\" xmlns=\"http:\/\/www.w3.org\/2000\/svg\" width=\"100%\" height=\"100%\" viewBox=\"-4 -4 39 39\"><path d=\"M28 8.557a9.913 9.913 0 0 1-2.828.775 4.93 4.93 0 0 0 2.166-2.725 9.738 9.738 0 0 1-3.13 1.194 4.92 4.92 0 0 0-3.593-1.55 4.924 4.924 0 0 0-4.794 6.049c-4.09-.21-7.72-2.17-10.15-5.15a4.942 4.942 0 0 0-.665 2.477c0 1.71.87 3.214 2.19 4.1a4.968 4.968 0 0 1-2.23-.616v.06c0 2.39 1.7 4.38 3.952 4.83-.414.115-.85.174-1.297.174-.318 0-.626-.03-.928-.086a4.935 4.935 0 0 0 4.6 3.42 9.893 9.893 0 0 1-6.114 2.107c-.398 0-.79-.023-1.175-.068a13.953 13.953 0 0 0 7.55 2.213c9.056 0 14.01-7.507 14.01-14.013 0-.213-.005-.426-.015-.637.96-.695 1.795-1.56 2.455-2.55z\" fill=\"#fff\"><\/path><\/svg><\/span><\/a><a aria-label=\"Reddit\" class=\"heateor_sss_button_reddit\" href=\"https:\/\/reddit.com\/submit?url=https%3A%2F%2Fwww.lacostituzione.info%2Findex.php%2F2021%2F08%2F13%2Ftra-green-pass-e-norme-ue-non-ce-contrasto%2F&title=Tra%20green%20pass%20e%20norme%20Ue%20non%20c%27%C3%A8%20contrasto\" title=\"Reddit\" rel=\"nofollow noopener\" target=\"_blank\" style=\"font-size:32px!important;box-shadow:none;display:inline-block;vertical-align:middle\"><span class=\"heateor_sss_svg heateor_sss_s__default heateor_sss_s_reddit\" style=\"background-color:#ff5700;width:35px;height:35px;display:inline-block;opacity:1;float:left;font-size:32px;box-shadow:none;display:inline-block;font-size:16px;padding:0 4px;vertical-align:middle;background-repeat:repeat;overflow:hidden;padding:0;cursor:pointer;box-sizing:content-box\"><svg style=\"display:block;\" focusable=\"false\" aria-hidden=\"true\" xmlns=\"http:\/\/www.w3.org\/2000\/svg\" width=\"100%\" height=\"100%\" viewBox=\"-3.5 -3.5 39 39\"><path d=\"M28.543 15.774a2.953 2.953 0 0 0-2.951-2.949 2.882 2.882 0 0 0-1.9.713 14.075 14.075 0 0 0-6.85-2.044l1.38-4.349 3.768.884a2.452 2.452 0 1 0 .24-1.176l-4.274-1a.6.6 0 0 0-.709.4l-1.659 5.224a14.314 14.314 0 0 0-7.316 2.029 2.908 2.908 0 0 0-1.872-.681 2.942 2.942 0 0 0-1.618 5.4 5.109 5.109 0 0 0-.062.765c0 4.158 5.037 7.541 11.229 7.541s11.22-3.383 11.22-7.541a5.2 5.2 0 0 0-.053-.706 2.963 2.963 0 0 0 1.427-2.51zm-18.008 1.88a1.753 1.753 0 0 1 1.73-1.74 1.73 1.73 0 0 1 1.709 1.74 1.709 1.709 0 0 1-1.709 1.711 1.733 1.733 0 0 1-1.73-1.711zm9.565 4.968a5.573 5.573 0 0 1-4.081 1.272h-.032a5.576 5.576 0 0 1-4.087-1.272.6.6 0 0 1 .844-.854 4.5 4.5 0 0 0 3.238.927h.032a4.5 4.5 0 0 0 3.237-.927.6.6 0 1 1 .844.854zm-.331-3.256a1.726 1.726 0 1 1 1.709-1.712 1.717 1.717 0 0 1-1.712 1.712z\" fill=\"#fff\"\/><\/svg><\/span><\/a><a aria-label=\"Linkedin\" class=\"heateor_sss_button_linkedin\" href=\"https:\/\/www.linkedin.com\/sharing\/share-offsite\/?url=https%3A%2F%2Fwww.lacostituzione.info%2Findex.php%2F2021%2F08%2F13%2Ftra-green-pass-e-norme-ue-non-ce-contrasto%2F\" title=\"Linkedin\" rel=\"nofollow noopener\" target=\"_blank\" style=\"font-size:32px!important;box-shadow:none;display:inline-block;vertical-align:middle\"><span class=\"heateor_sss_svg heateor_sss_s__default heateor_sss_s_linkedin\" style=\"background-color:#0077b5;width:35px;height:35px;display:inline-block;opacity:1;float:left;font-size:32px;box-shadow:none;display:inline-block;font-size:16px;padding:0 4px;vertical-align:middle;background-repeat:repeat;overflow:hidden;padding:0;cursor:pointer;box-sizing:content-box\"><svg style=\"display:block;\" focusable=\"false\" aria-hidden=\"true\" xmlns=\"http:\/\/www.w3.org\/2000\/svg\" width=\"100%\" height=\"100%\" viewBox=\"0 0 32 32\"><path d=\"M6.227 12.61h4.19v13.48h-4.19V12.61zm2.095-6.7a2.43 2.43 0 0 1 0 4.86c-1.344 0-2.428-1.09-2.428-2.43s1.084-2.43 2.428-2.43m4.72 6.7h4.02v1.84h.058c.56-1.058 1.927-2.176 3.965-2.176 4.238 0 5.02 2.792 5.02 6.42v7.395h-4.183v-6.56c0-1.564-.03-3.574-2.178-3.574-2.18 0-2.514 1.7-2.514 3.46v6.668h-4.187V12.61z\" fill=\"#fff\"><\/path><\/svg><\/span><\/a><a aria-label=\"Pinterest\" class=\"heateor_sss_button_pinterest\" href=\"https:\/\/www.lacostituzione.info\/index.php\/2021\/08\/13\/tra-green-pass-e-norme-ue-non-ce-contrasto\/\" onclick=\"event.preventDefault();javascript:void( (function() {var e=document.createElement('script' );e.setAttribute('type','text\/javascript' );e.setAttribute('charset','UTF-8' );e.setAttribute('src','\/\/assets.pinterest.com\/js\/pinmarklet.js?r='+Math.random()*99999999);document.body.appendChild(e)})());\" title=\"Pinterest\" rel=\"noopener\" style=\"font-size:32px!important;box-shadow:none;display:inline-block;vertical-align:middle\"><span class=\"heateor_sss_svg heateor_sss_s__default heateor_sss_s_pinterest\" style=\"background-color:#cc2329;width:35px;height:35px;display:inline-block;opacity:1;float:left;font-size:32px;box-shadow:none;display:inline-block;font-size:16px;padding:0 4px;vertical-align:middle;background-repeat:repeat;overflow:hidden;padding:0;cursor:pointer;box-sizing:content-box\"><svg style=\"display:block;\" focusable=\"false\" aria-hidden=\"true\" xmlns=\"http:\/\/www.w3.org\/2000\/svg\" width=\"100%\" height=\"100%\" viewBox=\"-2 -2 35 35\"><path fill=\"#fff\" d=\"M16.539 4.5c-6.277 0-9.442 4.5-9.442 8.253 0 2.272.86 4.293 2.705 5.046.303.125.574.005.662-.33.061-.231.205-.816.27-1.06.088-.331.053-.447-.191-.736-.532-.627-.873-1.439-.873-2.591 0-3.338 2.498-6.327 6.505-6.327 3.548 0 5.497 2.168 5.497 5.062 0 3.81-1.686 7.025-4.188 7.025-1.382 0-2.416-1.142-2.085-2.545.397-1.674 1.166-3.48 1.166-4.689 0-1.081-.581-1.983-1.782-1.983-1.413 0-2.548 1.462-2.548 3.419 0 1.247.421 2.091.421 2.091l-1.699 7.199c-.505 2.137-.076 4.755-.039 5.019.021.158.223.196.314.077.13-.17 1.813-2.247 2.384-4.324.162-.587.929-3.631.929-3.631.46.876 1.801 1.646 3.227 1.646 4.247 0 7.128-3.871 7.128-9.053.003-3.918-3.317-7.568-8.361-7.568z\"\/><\/svg><\/span><\/a><a aria-label=\"Whatsapp\" class=\"heateor_sss_whatsapp\" href=\"https:\/\/api.whatsapp.com\/send?text=Tra%20green%20pass%20e%20norme%20Ue%20non%20c%27%C3%A8%20contrasto%20https%3A%2F%2Fwww.lacostituzione.info%2Findex.php%2F2021%2F08%2F13%2Ftra-green-pass-e-norme-ue-non-ce-contrasto%2F\" title=\"Whatsapp\" rel=\"nofollow noopener\" target=\"_blank\" style=\"font-size:32px!important;box-shadow:none;display:inline-block;vertical-align:middle\"><span class=\"heateor_sss_svg\" style=\"background-color:#55eb4c;width:35px;height:35px;display:inline-block;opacity:1;float:left;font-size:32px;box-shadow:none;display:inline-block;font-size:16px;padding:0 4px;vertical-align:middle;background-repeat:repeat;overflow:hidden;padding:0;cursor:pointer;box-sizing:content-box\"><svg style=\"display:block;\" focusable=\"false\" aria-hidden=\"true\" xmlns=\"http:\/\/www.w3.org\/2000\/svg\" width=\"100%\" height=\"100%\" viewBox=\"-6 -5 40 40\"><path class=\"heateor_sss_svg_stroke heateor_sss_no_fill\" stroke=\"#fff\" stroke-width=\"2\" fill=\"none\" d=\"M 11.579798566743314 24.396926207859085 A 10 10 0 1 0 6.808479557110079 20.73576436351046\"><\/path><path d=\"M 7 19 l -1 6 l 6 -1\" class=\"heateor_sss_no_fill heateor_sss_svg_stroke\" stroke=\"#fff\" stroke-width=\"2\" fill=\"none\"><\/path><path d=\"M 10 10 q -1 8 8 11 c 5 -1 0 -6 -1 -3 q -4 -3 -5 -5 c 4 -2 -1 -5 -1 -4\" fill=\"#fff\"><\/path><\/svg><\/span><\/a><\/div><div class=\"heateorSssClear\"><\/div><\/div><div class='heateorSssClear'><\/div>","protected":false},"author":1,"featured_media":0,"comment_status":"open","ping_status":"open","sticky":false,"template":"","format":"standard","meta":{"jetpack_post_was_ever_published":false,"_jetpack_newsletter_access":"","_jetpack_dont_email_post_to_subs":false,"_jetpack_newsletter_tier_id":0,"_jetpack_memberships_contains_paywalled_content":false,"_jetpack_memberships_contains_paid_content":false,"footnotes":"","jetpack_publicize_message":"","jetpack_publicize_feature_enabled":true,"jetpack_social_post_already_shared":false,"jetpack_social_options":{"image_generator_settings":{"template":"highway","default_image_id":0,"enabled":false},"version":2}},"categories":[5],"tags":[1560,1575,1486,1545],"class_list":["post-7933","post","type-post","status-publish","format-standard","hentry","category-lavori-in-corso","tag-covid19-passaporto-sanitario-diritto-alla-salute","tag-green-pass","tag-liberta-di-circolazione","tag-pandemia"],"jetpack_publicize_connections":[],"jetpack_featured_media_url":"","jetpack_shortlink":"https:\/\/wp.me\/p84sDq-23X","jetpack_likes_enabled":true,"jetpack_sharing_enabled":true,"_links":{"self":[{"href":"https:\/\/www.lacostituzione.info\/index.php\/wp-json\/wp\/v2\/posts\/7933","targetHints":{"allow":["GET"]}}],"collection":[{"href":"https:\/\/www.lacostituzione.info\/index.php\/wp-json\/wp\/v2\/posts"}],"about":[{"href":"https:\/\/www.lacostituzione.info\/index.php\/wp-json\/wp\/v2\/types\/post"}],"author":[{"embeddable":true,"href":"https:\/\/www.lacostituzione.info\/index.php\/wp-json\/wp\/v2\/users\/1"}],"replies":[{"embeddable":true,"href":"https:\/\/www.lacostituzione.info\/index.php\/wp-json\/wp\/v2\/comments?post=7933"}],"version-history":[{"count":0,"href":"https:\/\/www.lacostituzione.info\/index.php\/wp-json\/wp\/v2\/posts\/7933\/revisions"}],"wp:attachment":[{"href":"https:\/\/www.lacostituzione.info\/index.php\/wp-json\/wp\/v2\/media?parent=7933"}],"wp:term":[{"taxonomy":"category","embeddable":true,"href":"https:\/\/www.lacostituzione.info\/index.php\/wp-json\/wp\/v2\/categories?post=7933"},{"taxonomy":"post_tag","embeddable":true,"href":"https:\/\/www.lacostituzione.info\/index.php\/wp-json\/wp\/v2\/tags?post=7933"}],"curies":[{"name":"wp","href":"https:\/\/api.w.org\/{rel}","templated":true}]}}