{"id":7982,"date":"2021-09-13T12:01:32","date_gmt":"2021-09-13T10:01:32","guid":{"rendered":"http:\/\/www.lacostituzione.info\/?p=7982"},"modified":"2021-09-13T12:35:06","modified_gmt":"2021-09-13T10:35:06","slug":"ambiente-sempre-lo-dice-la-corte-costituzionale-ma-subito-si-smentisce","status":"publish","type":"post","link":"https:\/\/www.lacostituzione.info\/index.php\/2021\/09\/13\/ambiente-sempre-lo-dice-la-corte-costituzionale-ma-subito-si-smentisce\/","title":{"rendered":"Ambiente sempre! Lo dice la Corte costituzionale (ma subito si smentisce)"},"content":{"rendered":"\n<p>di\u00a0<strong><abbr class='c2c-text-hover' title='Professore ordinario di Diritto costituzionale - Universit\u00e0 di Ferrara'>Roberto Bin<\/abbr><a href=\"http:\/\/www.lacostituzione.info\/index.php\/2021\/09\/13\/ambiente-sempre-lo-dice-la-corte-costituzionale-ma-subito-si-smentisce\/comelico\/#main\" rel=\"attachment wp-att-7983\"><img loading=\"lazy\" decoding=\"async\" data-attachment-id=\"7983\" data-permalink=\"https:\/\/www.lacostituzione.info\/index.php\/2021\/09\/13\/ambiente-sempre-lo-dice-la-corte-costituzionale-ma-subito-si-smentisce\/comelico\/#main\" data-orig-file=\"https:\/\/www.lacostituzione.info\/wp-content\/uploads\/2021\/09\/comelico.jpg\" data-orig-size=\"1080,723\" data-comments-opened=\"1\" data-image-meta=\"{&quot;aperture&quot;:&quot;0&quot;,&quot;credit&quot;:&quot;&quot;,&quot;camera&quot;:&quot;&quot;,&quot;caption&quot;:&quot;&quot;,&quot;created_timestamp&quot;:&quot;0&quot;,&quot;copyright&quot;:&quot;&quot;,&quot;focal_length&quot;:&quot;0&quot;,&quot;iso&quot;:&quot;0&quot;,&quot;shutter_speed&quot;:&quot;0&quot;,&quot;title&quot;:&quot;&quot;,&quot;orientation&quot;:&quot;0&quot;}\" data-image-title=\"comelico\" data-image-description=\"\" data-image-caption=\"\" data-medium-file=\"https:\/\/www.lacostituzione.info\/wp-content\/uploads\/2021\/09\/comelico-300x201.jpg\" data-large-file=\"https:\/\/www.lacostituzione.info\/wp-content\/uploads\/2021\/09\/comelico-1024x686.jpg\" class=\"alignright size-thumbnail wp-image-7983\" src=\"http:\/\/www.lacostituzione.info\/wp-content\/uploads\/2021\/09\/comelico-150x150.jpg\" alt=\"\" width=\"150\" height=\"150\" \/><\/a><\/strong><\/p>\n<p>Nelle calde e movimentate giornate di fine luglio \u00e8 uscita alla chetichella un&#8217;importante decisione della Corte costituzionale, la <a href=\"https:\/\/www.giurcost.org\/decisioni\/2021\/0164s-21.html\">sent. 164\/2021<\/a>. Nasce da un ricorso della regione Veneto contro un atto del Ministero che dichiara \u00abdi notevole interesse pubblico\u00bb l\u2019area alpina del Comelico: la regione protesta contro un atto vincolante, che pone limiti e prescrizioni alla &#8220;valorizzazione&#8221; del territorio senza coinvolgere nelle dovute forme la regione stessa e i comuni compresi.<!--more--> Questioni complicate, che qui poco interesserebbero. E&#8217; invece molto interessante l&#8217;argomento impiegato dalla sentenza (scritta da Augusto Barbera) per tagliare di netto il groviglio di competenze e procedure.<\/p>\n<p>Il principio \u00e8 la &#8220;logica incrementale delle tutele&#8221;, conforme al carattere primario del bene ambientale (art. 9 Cost.). Il corrolario \u00e8 che lo Stato pu\u00f2 esercitare le sua competenza senza alcun condizionamento legato a fattori temporali o contingenti, ovvero alla sfera di competenza regionale.<\/p>\n<p>Tale logica, dal lato della Regione, &#8220;opera sul piano procedimentale per addizione, e mai per sottrazione, nel senso che la competenza regionale pu\u00f2 essere spesa al solo fine di arricchire il catalogo dei beni paesaggistici, in virt\u00f9 della conoscenza che ne abbia l\u2019autorit\u00e0 pi\u00f9 vicina al territorio ove essi sorgono, e non gi\u00e0 di alleggerirlo in forza di considerazioni confliggenti con quelle assunte dallo Stato, o comunque mosse dalla volont\u00e0 di affermare la prevalenza di interessi opposti, facenti capo all\u2019autonomia regionale, come accade nel settore del governo del territorio&#8221;.<\/p>\n<p>I punti fermi attorno cui ruota il ragionamento sono la &#8220;prevalenza assiomatica della tutela dell\u2019ambiente sugli interessi urbanistico-edilizi&#8221; e quindi che la tutela dell&#8217;ambiente precede sempre lo sfruttamento urbanistico del territorio; a cui si aggiunga che la <span style=\"font-size: inherit;\">conservazione del paesaggio non si limita a rilevare il valore paesaggistico di un bene, ma si accompagna &#8220;a prescrizioni intese a regolamentarne l\u2019uso, fino alla possibilit\u00e0 di vietarlo del tutto&#8221;. La dichiarazione di interesse ambientale &#8220;<\/span>non si sovrappone alla disciplina urbanistica ed edilizia di competenza regionale e locale, ma piuttosto specifica se e in quale misura quest\u2019ultima possa esercitarsi, in forma compatibile con la vocazione alla conservazione del pregio paesaggistico propria dell\u2019immobile o dell\u2019area vincolata&#8221;. Il che non significa affatto che la regione non possa &#8220;aggiungere&#8221; vincoli e limiti allo sfruttamento del territorio: &#8220;secondo la logica incrementale delle tutele&#8221; lo Stato pu\u00f2 esercitare la sua competenza di tutelare l&#8217;ambiente &#8220;senza alcun condizionamento legato a fattori temporali o contingenti, ovvero alla sfera di competenza regionale&#8221;; quello che la regione pu\u00f2 fare \u00e8 aggiungere, non derogare ai limiti e alle prescrizioni fissati dallo Stato.<\/p>\n<p>Come la Corte mostra con puntigliosa attenzione, tutto ci\u00f2 era gi\u00e0 contenuto nella sua giurisprudenza antecedente. Nulla di nuovo dunque? A parte la questione &#8220;tecnica&#8221; di quali siano gli atti con cui lo Stato pu\u00f2 vincolare le scelte legislative e amministrative della regione, \u00e8 importate che la Corte abbia ribadito un principio di tutela &#8220;incrementale&#8221; dell&#8217;ambiente, tale per cui la tutela pu\u00f2 essere soltanto incrementata e non diminuita in nome di altri interessi. Ma \u00e8 un principio credibile? Purtroppo non tanto: ogni volta che la Corte lo ha ribadito per confermare la competenza dello Stato a fissare gli standard di protezione, riconoscendo alla regione la possibilit\u00e0 teorica di migliorarli, si \u00e8 subito smentita negando alla regione la possibilit\u00e0 pratica di alzare l&#8217;asticella della protezione se altri interessi entrano in gioco: il che avviene sempre, come \u00e8 ovvio. Anche in questo caso la smentita viene solo tre giorni dopo, con la sent. 177\/2021 (scritta da Emanuela Navarretta). Viene dichiarata illegittima la legge della Toscana che avrebbe voluto inspessire la protezione ambientale limitando la realizzazione di impianti fotovoltaici a terra. In questo caso, dice la Corte (ripetendo un argomento impiegato gi\u00e0 nella &#8220;storica&#8221; sent. 307\/2003) la legge dello Stato fissa un principio che segna il &#8220;punto di equilibrio&#8221; tra pi\u00f9 interessi concorrenti. L&#8217;ambiente cessa di essere l&#8217;interesse prevalente, perch\u00e9 \u00e8 necessario tener conto anche dell&#8217;interesse alla diffusione delle energie rinnovabili.<\/p>\n<p>L&#8217;ambiente sar\u00e0 anche oggetto di una tutela &#8220;incrementale&#8221;, ma la regione non pu\u00f2 incrementare un bel niente! E&#8217; vero che delle regioni non ci si pu\u00f2 troppo fidare, rivelandosi troppo spesso pi\u00f9 vicine agli interessi dei cacciatori, dei costruttori e dei &#8220;valorizzatori&#8221; del territorio che a quelli degli interessi ambientali e del paesaggio. Ma \u00e8 vero anche che quando provano ad assumerne la tutela e a &#8220;incrementarla&#8221;, il blocco \u00e8 immediato.<\/p>\n","protected":false},"excerpt":{"rendered":"<p>di\u00a0<abbr class='c2c-text-hover' title='Professore ordinario di Diritto costituzionale - Universit\u00e0 di Ferrara'>Roberto Bin<\/abbr> Nelle calde e movimentate giornate di fine luglio \u00e8 uscita alla chetichella un&#8217;importante decisione della Corte costituzionale, la sent. 164\/2021. Nasce da un ricorso della regione Veneto contro un atto del Ministero che dichiara \u00abdi notevole interesse pubblico\u00bb l\u2019area alpina del Comelico: la regione protesta contro un atto vincolante, che pone limiti e &#8230; <a title=\"Ambiente sempre! Lo dice la Corte costituzionale (ma subito si smentisce)\" class=\"read-more\" href=\"https:\/\/www.lacostituzione.info\/index.php\/2021\/09\/13\/ambiente-sempre-lo-dice-la-corte-costituzionale-ma-subito-si-smentisce\/\">Leggi tutto<\/a><\/p>\n<div class='heateorSssClear'><\/div><div  class='heateor_sss_sharing_container heateor_sss_horizontal_sharing' data-heateor-sss-href='https:\/\/www.lacostituzione.info\/index.php\/2021\/09\/13\/ambiente-sempre-lo-dice-la-corte-costituzionale-ma-subito-si-smentisce\/'><div class='heateor_sss_sharing_title' style=\"font-weight:bold\" >Condividi!<\/div><div class=\"heateor_sss_sharing_ul\"><a aria-label=\"Facebook\" class=\"heateor_sss_facebook\" href=\"https:\/\/www.facebook.com\/sharer\/sharer.php?u=https%3A%2F%2Fwww.lacostituzione.info%2Findex.php%2F2021%2F09%2F13%2Fambiente-sempre-lo-dice-la-corte-costituzionale-ma-subito-si-smentisce%2F\" title=\"Facebook\" rel=\"nofollow noopener\" target=\"_blank\" style=\"font-size:32px!important;box-shadow:none;display:inline-block;vertical-align:middle\"><span class=\"heateor_sss_svg\" style=\"background-color:#0765FE;width:35px;height:35px;display:inline-block;opacity:1;float:left;font-size:32px;box-shadow:none;display:inline-block;font-size:16px;padding:0 4px;vertical-align:middle;background-repeat:repeat;overflow:hidden;padding:0;cursor:pointer;box-sizing:content-box\"><svg style=\"display:block;\" focusable=\"false\" aria-hidden=\"true\" xmlns=\"http:\/\/www.w3.org\/2000\/svg\" width=\"100%\" height=\"100%\" viewBox=\"0 0 32 32\"><path fill=\"#fff\" d=\"M28 16c0-6.627-5.373-12-12-12S4 9.373 4 16c0 5.628 3.875 10.35 9.101 11.647v-7.98h-2.474V16H13.1v-1.58c0-4.085 1.849-5.978 5.859-5.978.76 0 2.072.15 2.608.298v3.325c-.283-.03-.775-.045-1.386-.045-1.967 0-2.728.745-2.728 2.683V16h3.92l-.673 3.667h-3.247v8.245C23.395 27.195 28 22.135 28 16Z\"><\/path><\/svg><\/span><\/a><a aria-label=\"Twitter\" class=\"heateor_sss_button_twitter\" href=\"https:\/\/twitter.com\/intent\/tweet?text=Ambiente%20sempre%21%20Lo%20dice%20la%20Corte%20costituzionale%20%28ma%20subito%20si%20smentisce%29&url=https%3A%2F%2Fwww.lacostituzione.info%2Findex.php%2F2021%2F09%2F13%2Fambiente-sempre-lo-dice-la-corte-costituzionale-ma-subito-si-smentisce%2F\" title=\"Twitter\" rel=\"nofollow noopener\" target=\"_blank\" style=\"font-size:32px!important;box-shadow:none;display:inline-block;vertical-align:middle\"><span class=\"heateor_sss_svg heateor_sss_s__default heateor_sss_s_twitter\" style=\"background-color:#55acee;width:35px;height:35px;display:inline-block;opacity:1;float:left;font-size:32px;box-shadow:none;display:inline-block;font-size:16px;padding:0 4px;vertical-align:middle;background-repeat:repeat;overflow:hidden;padding:0;cursor:pointer;box-sizing:content-box\"><svg style=\"display:block;\" focusable=\"false\" aria-hidden=\"true\" xmlns=\"http:\/\/www.w3.org\/2000\/svg\" width=\"100%\" height=\"100%\" viewBox=\"-4 -4 39 39\"><path d=\"M28 8.557a9.913 9.913 0 0 1-2.828.775 4.93 4.93 0 0 0 2.166-2.725 9.738 9.738 0 0 1-3.13 1.194 4.92 4.92 0 0 0-3.593-1.55 4.924 4.924 0 0 0-4.794 6.049c-4.09-.21-7.72-2.17-10.15-5.15a4.942 4.942 0 0 0-.665 2.477c0 1.71.87 3.214 2.19 4.1a4.968 4.968 0 0 1-2.23-.616v.06c0 2.39 1.7 4.38 3.952 4.83-.414.115-.85.174-1.297.174-.318 0-.626-.03-.928-.086a4.935 4.935 0 0 0 4.6 3.42 9.893 9.893 0 0 1-6.114 2.107c-.398 0-.79-.023-1.175-.068a13.953 13.953 0 0 0 7.55 2.213c9.056 0 14.01-7.507 14.01-14.013 0-.213-.005-.426-.015-.637.96-.695 1.795-1.56 2.455-2.55z\" fill=\"#fff\"><\/path><\/svg><\/span><\/a><a aria-label=\"Reddit\" class=\"heateor_sss_button_reddit\" href=\"https:\/\/reddit.com\/submit?url=https%3A%2F%2Fwww.lacostituzione.info%2Findex.php%2F2021%2F09%2F13%2Fambiente-sempre-lo-dice-la-corte-costituzionale-ma-subito-si-smentisce%2F&title=Ambiente%20sempre%21%20Lo%20dice%20la%20Corte%20costituzionale%20%28ma%20subito%20si%20smentisce%29\" title=\"Reddit\" rel=\"nofollow noopener\" target=\"_blank\" style=\"font-size:32px!important;box-shadow:none;display:inline-block;vertical-align:middle\"><span class=\"heateor_sss_svg heateor_sss_s__default heateor_sss_s_reddit\" style=\"background-color:#ff5700;width:35px;height:35px;display:inline-block;opacity:1;float:left;font-size:32px;box-shadow:none;display:inline-block;font-size:16px;padding:0 4px;vertical-align:middle;background-repeat:repeat;overflow:hidden;padding:0;cursor:pointer;box-sizing:content-box\"><svg style=\"display:block;\" focusable=\"false\" aria-hidden=\"true\" xmlns=\"http:\/\/www.w3.org\/2000\/svg\" width=\"100%\" height=\"100%\" viewBox=\"-3.5 -3.5 39 39\"><path d=\"M28.543 15.774a2.953 2.953 0 0 0-2.951-2.949 2.882 2.882 0 0 0-1.9.713 14.075 14.075 0 0 0-6.85-2.044l1.38-4.349 3.768.884a2.452 2.452 0 1 0 .24-1.176l-4.274-1a.6.6 0 0 0-.709.4l-1.659 5.224a14.314 14.314 0 0 0-7.316 2.029 2.908 2.908 0 0 0-1.872-.681 2.942 2.942 0 0 0-1.618 5.4 5.109 5.109 0 0 0-.062.765c0 4.158 5.037 7.541 11.229 7.541s11.22-3.383 11.22-7.541a5.2 5.2 0 0 0-.053-.706 2.963 2.963 0 0 0 1.427-2.51zm-18.008 1.88a1.753 1.753 0 0 1 1.73-1.74 1.73 1.73 0 0 1 1.709 1.74 1.709 1.709 0 0 1-1.709 1.711 1.733 1.733 0 0 1-1.73-1.711zm9.565 4.968a5.573 5.573 0 0 1-4.081 1.272h-.032a5.576 5.576 0 0 1-4.087-1.272.6.6 0 0 1 .844-.854 4.5 4.5 0 0 0 3.238.927h.032a4.5 4.5 0 0 0 3.237-.927.6.6 0 1 1 .844.854zm-.331-3.256a1.726 1.726 0 1 1 1.709-1.712 1.717 1.717 0 0 1-1.712 1.712z\" fill=\"#fff\"\/><\/svg><\/span><\/a><a aria-label=\"Linkedin\" class=\"heateor_sss_button_linkedin\" href=\"https:\/\/www.linkedin.com\/sharing\/share-offsite\/?url=https%3A%2F%2Fwww.lacostituzione.info%2Findex.php%2F2021%2F09%2F13%2Fambiente-sempre-lo-dice-la-corte-costituzionale-ma-subito-si-smentisce%2F\" title=\"Linkedin\" rel=\"nofollow noopener\" target=\"_blank\" style=\"font-size:32px!important;box-shadow:none;display:inline-block;vertical-align:middle\"><span class=\"heateor_sss_svg heateor_sss_s__default heateor_sss_s_linkedin\" style=\"background-color:#0077b5;width:35px;height:35px;display:inline-block;opacity:1;float:left;font-size:32px;box-shadow:none;display:inline-block;font-size:16px;padding:0 4px;vertical-align:middle;background-repeat:repeat;overflow:hidden;padding:0;cursor:pointer;box-sizing:content-box\"><svg style=\"display:block;\" focusable=\"false\" aria-hidden=\"true\" xmlns=\"http:\/\/www.w3.org\/2000\/svg\" width=\"100%\" height=\"100%\" viewBox=\"0 0 32 32\"><path d=\"M6.227 12.61h4.19v13.48h-4.19V12.61zm2.095-6.7a2.43 2.43 0 0 1 0 4.86c-1.344 0-2.428-1.09-2.428-2.43s1.084-2.43 2.428-2.43m4.72 6.7h4.02v1.84h.058c.56-1.058 1.927-2.176 3.965-2.176 4.238 0 5.02 2.792 5.02 6.42v7.395h-4.183v-6.56c0-1.564-.03-3.574-2.178-3.574-2.18 0-2.514 1.7-2.514 3.46v6.668h-4.187V12.61z\" fill=\"#fff\"><\/path><\/svg><\/span><\/a><a aria-label=\"Pinterest\" class=\"heateor_sss_button_pinterest\" href=\"https:\/\/www.lacostituzione.info\/index.php\/2021\/09\/13\/ambiente-sempre-lo-dice-la-corte-costituzionale-ma-subito-si-smentisce\/\" onclick=\"event.preventDefault();javascript:void( (function() {var e=document.createElement('script' );e.setAttribute('type','text\/javascript' );e.setAttribute('charset','UTF-8' );e.setAttribute('src','\/\/assets.pinterest.com\/js\/pinmarklet.js?r='+Math.random()*99999999);document.body.appendChild(e)})());\" title=\"Pinterest\" rel=\"noopener\" style=\"font-size:32px!important;box-shadow:none;display:inline-block;vertical-align:middle\"><span class=\"heateor_sss_svg heateor_sss_s__default heateor_sss_s_pinterest\" style=\"background-color:#cc2329;width:35px;height:35px;display:inline-block;opacity:1;float:left;font-size:32px;box-shadow:none;display:inline-block;font-size:16px;padding:0 4px;vertical-align:middle;background-repeat:repeat;overflow:hidden;padding:0;cursor:pointer;box-sizing:content-box\"><svg style=\"display:block;\" focusable=\"false\" aria-hidden=\"true\" xmlns=\"http:\/\/www.w3.org\/2000\/svg\" width=\"100%\" height=\"100%\" viewBox=\"-2 -2 35 35\"><path fill=\"#fff\" d=\"M16.539 4.5c-6.277 0-9.442 4.5-9.442 8.253 0 2.272.86 4.293 2.705 5.046.303.125.574.005.662-.33.061-.231.205-.816.27-1.06.088-.331.053-.447-.191-.736-.532-.627-.873-1.439-.873-2.591 0-3.338 2.498-6.327 6.505-6.327 3.548 0 5.497 2.168 5.497 5.062 0 3.81-1.686 7.025-4.188 7.025-1.382 0-2.416-1.142-2.085-2.545.397-1.674 1.166-3.48 1.166-4.689 0-1.081-.581-1.983-1.782-1.983-1.413 0-2.548 1.462-2.548 3.419 0 1.247.421 2.091.421 2.091l-1.699 7.199c-.505 2.137-.076 4.755-.039 5.019.021.158.223.196.314.077.13-.17 1.813-2.247 2.384-4.324.162-.587.929-3.631.929-3.631.46.876 1.801 1.646 3.227 1.646 4.247 0 7.128-3.871 7.128-9.053.003-3.918-3.317-7.568-8.361-7.568z\"\/><\/svg><\/span><\/a><a aria-label=\"Whatsapp\" class=\"heateor_sss_whatsapp\" href=\"https:\/\/api.whatsapp.com\/send?text=Ambiente%20sempre%21%20Lo%20dice%20la%20Corte%20costituzionale%20%28ma%20subito%20si%20smentisce%29%20https%3A%2F%2Fwww.lacostituzione.info%2Findex.php%2F2021%2F09%2F13%2Fambiente-sempre-lo-dice-la-corte-costituzionale-ma-subito-si-smentisce%2F\" title=\"Whatsapp\" rel=\"nofollow noopener\" target=\"_blank\" style=\"font-size:32px!important;box-shadow:none;display:inline-block;vertical-align:middle\"><span class=\"heateor_sss_svg\" style=\"background-color:#55eb4c;width:35px;height:35px;display:inline-block;opacity:1;float:left;font-size:32px;box-shadow:none;display:inline-block;font-size:16px;padding:0 4px;vertical-align:middle;background-repeat:repeat;overflow:hidden;padding:0;cursor:pointer;box-sizing:content-box\"><svg style=\"display:block;\" focusable=\"false\" aria-hidden=\"true\" xmlns=\"http:\/\/www.w3.org\/2000\/svg\" width=\"100%\" height=\"100%\" viewBox=\"-6 -5 40 40\"><path class=\"heateor_sss_svg_stroke heateor_sss_no_fill\" stroke=\"#fff\" stroke-width=\"2\" fill=\"none\" d=\"M 11.579798566743314 24.396926207859085 A 10 10 0 1 0 6.808479557110079 20.73576436351046\"><\/path><path d=\"M 7 19 l -1 6 l 6 -1\" class=\"heateor_sss_no_fill heateor_sss_svg_stroke\" stroke=\"#fff\" stroke-width=\"2\" fill=\"none\"><\/path><path d=\"M 10 10 q -1 8 8 11 c 5 -1 0 -6 -1 -3 q -4 -3 -5 -5 c 4 -2 -1 -5 -1 -4\" fill=\"#fff\"><\/path><\/svg><\/span><\/a><\/div><div class=\"heateorSssClear\"><\/div><\/div><div class='heateorSssClear'><\/div>","protected":false},"author":3,"featured_media":0,"comment_status":"open","ping_status":"open","sticky":false,"template":"","format":"standard","meta":{"jetpack_post_was_ever_published":false,"_jetpack_newsletter_access":"","_jetpack_dont_email_post_to_subs":false,"_jetpack_newsletter_tier_id":0,"_jetpack_memberships_contains_paywalled_content":false,"_jetpack_memberships_contains_paid_content":false,"footnotes":"","jetpack_publicize_message":"","jetpack_publicize_feature_enabled":true,"jetpack_social_post_already_shared":false,"jetpack_social_options":{"image_generator_settings":{"template":"highway","default_image_id":0,"enabled":false},"version":2}},"categories":[4],"tags":[24,384,267,680],"class_list":["post-7982","post","type-post","status-publish","format-standard","hentry","category-attualita","tag-ambiente","tag-codice-dei-beni-culturali-e-del-paesaggio","tag-leggi-regionali","tag-urbanistica"],"jetpack_publicize_connections":[],"jetpack_featured_media_url":"","jetpack_shortlink":"https:\/\/wp.me\/p84sDq-24K","jetpack_likes_enabled":true,"jetpack_sharing_enabled":true,"_links":{"self":[{"href":"https:\/\/www.lacostituzione.info\/index.php\/wp-json\/wp\/v2\/posts\/7982","targetHints":{"allow":["GET"]}}],"collection":[{"href":"https:\/\/www.lacostituzione.info\/index.php\/wp-json\/wp\/v2\/posts"}],"about":[{"href":"https:\/\/www.lacostituzione.info\/index.php\/wp-json\/wp\/v2\/types\/post"}],"author":[{"embeddable":true,"href":"https:\/\/www.lacostituzione.info\/index.php\/wp-json\/wp\/v2\/users\/3"}],"replies":[{"embeddable":true,"href":"https:\/\/www.lacostituzione.info\/index.php\/wp-json\/wp\/v2\/comments?post=7982"}],"version-history":[{"count":0,"href":"https:\/\/www.lacostituzione.info\/index.php\/wp-json\/wp\/v2\/posts\/7982\/revisions"}],"wp:attachment":[{"href":"https:\/\/www.lacostituzione.info\/index.php\/wp-json\/wp\/v2\/media?parent=7982"}],"wp:term":[{"taxonomy":"category","embeddable":true,"href":"https:\/\/www.lacostituzione.info\/index.php\/wp-json\/wp\/v2\/categories?post=7982"},{"taxonomy":"post_tag","embeddable":true,"href":"https:\/\/www.lacostituzione.info\/index.php\/wp-json\/wp\/v2\/tags?post=7982"}],"curies":[{"name":"wp","href":"https:\/\/api.w.org\/{rel}","templated":true}]}}