{"id":8062,"date":"2021-11-13T16:37:14","date_gmt":"2021-11-13T15:37:14","guid":{"rendered":"http:\/\/www.lacostituzione.info\/?p=8062"},"modified":"2021-11-13T16:37:16","modified_gmt":"2021-11-13T15:37:16","slug":"paura-del-tiranno-una-psicopatologia-culturale","status":"publish","type":"post","link":"https:\/\/www.lacostituzione.info\/index.php\/2021\/11\/13\/paura-del-tiranno-una-psicopatologia-culturale\/","title":{"rendered":"\u201cPaura del tiranno\u201d: una psicopatologia culturale"},"content":{"rendered":"\n<p style=\"text-align: center;\"><a href=\"http:\/\/www.lacostituzione.info\/index.php\/2021\/11\/13\/paura-del-tiranno-una-psicopatologia-culturale\/tiranno\/#main\" rel=\"attachment wp-att-8063\"><img loading=\"lazy\" decoding=\"async\" data-attachment-id=\"8063\" data-permalink=\"https:\/\/www.lacostituzione.info\/index.php\/2021\/11\/13\/paura-del-tiranno-una-psicopatologia-culturale\/tiranno\/#main\" data-orig-file=\"https:\/\/www.lacostituzione.info\/wp-content\/uploads\/2021\/11\/tiranno.jpg\" data-orig-size=\"225,225\" data-comments-opened=\"1\" data-image-meta=\"{&quot;aperture&quot;:&quot;0&quot;,&quot;credit&quot;:&quot;&quot;,&quot;camera&quot;:&quot;&quot;,&quot;caption&quot;:&quot;&quot;,&quot;created_timestamp&quot;:&quot;0&quot;,&quot;copyright&quot;:&quot;&quot;,&quot;focal_length&quot;:&quot;0&quot;,&quot;iso&quot;:&quot;0&quot;,&quot;shutter_speed&quot;:&quot;0&quot;,&quot;title&quot;:&quot;&quot;,&quot;orientation&quot;:&quot;0&quot;}\" data-image-title=\"tiranno\" data-image-description=\"\" data-image-caption=\"\" data-medium-file=\"https:\/\/www.lacostituzione.info\/wp-content\/uploads\/2021\/11\/tiranno.jpg\" data-large-file=\"https:\/\/www.lacostituzione.info\/wp-content\/uploads\/2021\/11\/tiranno.jpg\" class=\"aligncenter size-thumbnail wp-image-8063\" src=\"http:\/\/www.lacostituzione.info\/wp-content\/uploads\/2021\/11\/tiranno-150x150.jpg\" alt=\"\" width=\"150\" height=\"150\" srcset=\"https:\/\/www.lacostituzione.info\/wp-content\/uploads\/2021\/11\/tiranno-150x150.jpg 150w, https:\/\/www.lacostituzione.info\/wp-content\/uploads\/2021\/11\/tiranno.jpg 225w\" sizes=\"auto, (max-width: 150px) 100vw, 150px\" \/><\/a>di\u00a0<strong>Gladio Gemma<\/strong><\/p>\n<p>La psicologia ha individuato due tipi di paure. La prima \u00e8 di natura funzionale (razionale, pu\u00f2 dirsi con un ossimoro). Essa si sostanzia nel timore di un evento negativo, probabile e pericoloso ed \u00e8 utile perch\u00e9 alimenta una reazione onde prevenire o contrastare l\u2019evento stesso:<\/p>\n<p><!--more--> esempio, la presenza di un fumo denso pu\u00f2 far temere un incendio ed indurre all\u2019adozione di misure conseguenti. L\u2019altra paura, irrazionale, consiste nel timore di un evento sfavorevole o impossibile o quanto mai improbabile, con conseguente adozione di comportamenti inutili o pericolosi: un esempio ci \u00e8 offerto dai rischi, privi di fondamento, alimentati dai dissennati no-vax. La \u201cpaura del tiranno\u201d rientra nel secondo tipo e quindi va contrastata perch\u00e9 dannosa. \u00a0\u00a0\u00a0\u00a0\u00a0\u00a0\u00a0\u00a0\u00a0\u00a0\u00a0 <br \/>In che cosa si sostanzia la paura in oggetto? Con riferimento all\u2019Italia essa si sostanzia nel duplice timore di un ritorno al potere di un partito fascista (o simile) e del rischio di favorire l\u2019avvento di norme limitative dei diritti di libert\u00e0, pur se queste siano necessarie per contrastare la criminalit\u00e0 o delle pandemie. Verifichiamo la infondatezza di tale duplice timore.\u00a0 <br \/>Come prova la storia della met\u00e0 del secolo scorso, per l\u2019avvento di un regime fascista (o simile) occorrono forze politiche organizzate, con seguito notevole nel Paese, ed intenzionate a sopprimere la democrazia: si pensi alle vicende del fascismo, del nazismo, del franchismo in Spagna, ecc. Orbene in Italia non abbiamo questi attori politici. Abbiamo s\u00ec gruppuscoli di marca fascista, ma abbastanza emarginati e costituenti, se mai, un problema di ordine pubblico ordinario (come i gruppuscoli di estrema sinistra). C\u2019\u00e8 inoltre un partito, Fratelli d\u2019Italia, che \u00e8 il successore del Movimento Sociale Italiano, il quale \u00e8 sorto con una forte nostalgia del fascismo (e composto, nella fase iniziale, da molti nostalgici del fascismo). Ma dalla fine degli anni \u201940 agli anni \u201980 c\u2019\u00e8 stata una trasformazione del MSI in senso di una ridotta nostalgia del fascismo, processo che \u00e8 poi culminato nella trasformazione di detto partito in Alleanza Nazionale, con l\u2019abbandono esplicito dell\u2019ideologia fascista. Non mancano certo, qua e l\u00e0, tracce delle origini, ma onestamente non si pu\u00f2 attribuire al nuovo partito, FdI, un intento di restaurazione del fascismo. Se mai, se \u00e8 consentito, la <em>leadership<\/em> di tale partito \u00e8 costituita da una demagoga, priva di cultura e del senso dello Stato (come prova la benevolenza verso i no-vax), ben diversa, e sotto questo profilo peggiore, di certi <em>leaders<\/em> fascisti i quali, con idee ed atteggiamenti certo rigettabili, non avrebbero peraltro mai propugnato la libert\u00e0 di non vaccinarsi e di favorire la diffusione della pandemia. Al momento, nel sistema politico nel quale ex fascisti o filofascisti dichiarano di condividere i principi scritti nella prima parte della Costituzione, non si scorgono all\u2019orizzonte consistenti forze politiche ed istituzionali intenzionate a ripristinare il regime fascista.\u00a0\u00a0 <br \/>Il timore di una restaurazione di un regime totalitario eventualmente provocata dall\u2019adozione di norme e misure limitative di libert\u00e0 costituzionali \u00e8 anch\u2019esso nettamente infondato per due motivi.\u00a0\u00a0\u00a0\u00a0\u00a0\u00a0 <br \/>Il primo motivo \u00e8 di ordine storico (e politologico). L\u2019ascesa al potere di partiti contrari alla democrazia liberale si \u00e8 accompagnata alla limitazione non della libert\u00e0 <em>tout court<\/em>, bens\u00ec delle libert\u00e0 politiche, cio\u00e8 quelle relative alla facolt\u00e0 di formare partiti (anche antigovernativi) e allo svolgimento di una corretta competizione di formazioni partitiche e di esponenti politici di opposte, o comunque, di divergenti opinioni. Riprendendo quanto detto poc\u2019anzi, se c\u2019\u00e8 un lealismo costituzionale e la condivisione di principi del costituzionalismo, leggi pur limitative di libert\u00e0 non costituiscono un pericolo. Con una battuta riassuntiva di quanto sostenuto in precedenza, il fascismo, il nazismo, il franchismo, ecc. non si sono affermati a causa di norme volte a contrastare epidemie, cos\u00ec come nessuna persona di buon senso (quindi pi\u00f9 saggia di certi giuristi invasati) ha mai temuto che il ricorso del generale De Gaulle ai poteri eccezionali prevista dall\u2019art.16 della Costituzione della V\u00b0 Repubblica per reprimere il pronunciamento militare dei generali francesi in Algeria nel 1961 (un po\u2019 diverso \u00e8 stato il caso della ribellione dei medesimi nel 1958, con caduta della IV\u00b0 Repubblica) costituisse un pericolo per la democrazia francese. \u00a0\u00a0\u00a0 <br \/>L\u2019altro motivo, correlato a quello precedente, \u00e8 di ordine logico. Ci pu\u00f2 essere una relazione causale fra avvento di un regime totalitario e legislazione repressiva di libert\u00e0, ma ci\u00f2 non \u00e8 significativo, poich\u00e9 occorre stabilire quale entit\u00e0 sia la causa e quale sia l\u2019effetto, e sarebbe illogico scambiare l\u2019una per l\u2019altro. Per richiamare l\u2019originale osservazione di un grande virologo (oltre che politico, intellettuale, ecc.), chiamato Matteo Salvini, questi ha dichiarato che, nel momento in cui si ha la vaccinazione, si delineano le varianti del virus e ci\u00f2 significa che l\u2019uso dei vaccini pu\u00f2 provocare la nascita di varianti del virus, con netta lacuna logica del ragionamento (pare che gli scienziati, aristocratici, non eletti dal popolo, non abbiano apprezzato la geniale intuizione di uno eletto dal popolo!). In sintesi: non sono leggi \u201cliberticide\u201d la causa del fascismo (del nazismo, ecc.), ma \u00e8 il fascismo (nonch\u00e9 regimi similari) la causa delle leggi \u201cliberticide\u201d! <br \/>Attenzione! Quanto scritto in precedenza non esclude n\u00e9 il pericolo che, in futuro, possa essere reintrodotto un regime totalitario (anche simile al fascismo), n\u00e9 il pericolo di una degenerazione del nostro ordinamento in una \u201cdemocrazia illiberale\u201d. La presenza di <em>leaders <\/em>illiberali come Trump in USA, o Salvini e Meloni (amici del primo) in Italia non \u00e8 certo rassicurante. Tuttavia al momento, in Italia non ci sono sintomi preoccupanti (non solo di un ritorno al fascismo, ma anche) di svolte illiberali della nostra democrazia. <br \/>La paura del tiranno, a prescindere dalla sua infondatezza, \u00e8 quanto mai pericolosa e perniciosa per certi effetti che ha provocato e pu\u00f2 provocare. Pi\u00f9 esattamente, questo timore genera riluttanza ad adottare misure limitative della libert\u00e0, quando pure esse siano necessarie per la realizzazione dei valori costituzionali. Infatti questi ultimi ben possono essere violati dalla violenza non statale, ma privata, e quest\u2019ultima, in democrazia, \u00e8 ben pi\u00f9 pericolosa. Un grande costituzionalista, Maestro di tanti di noi (pi\u00f9 o meno anziani), ha lasciato un insegnamento (fra gli altri). Si tratta di Vezio Crisafulli, il quale, in un breve denso scritto, recante il titolo: \u201cDi libert\u00e0 si pu\u00f2 anche morire\u201d, ha efficacemente ammonito che \u201cl\u2019eccesso di libert\u00e0 si ritorce contro s\u00e9 stesso\u201d.\u00a0 <br \/>Infatti, da un lato, tale eccesso fa \u201ctrionfare l\u2019arroganza dei prevaricatori, che, abusando del sacro nome della libert\u00e0, finiscono per sopraffare la libert\u00e0 degli altri, dei buoni e onesti cittadini, che sono ancora, fortunatamente, la grande maggioranza\u201d. Non star\u00f2 qui a citare i tanti casi, denunciati anche dalla stampa, di aree urbane o di territori, in cui spadroneggia la criminalit\u00e0 organizzata, oppure i tanti episodi di violenza comune operata da gruppi pi\u00f9 o meno organizzati (basti pensare alle aggressioni di tifosi in occasione di partite, cosa impensabile ai tempi in cui chi scrive era tifoso). Per venire a tempi assai recenti, si pu\u00f2 rilevare la riluttanza della classe politica a vietare manifestazioni che diffondano il contagio del covid o a disporre la vaccinazione obbligatoria, misura che sarebbe ancor pi\u00f9 risolutiva dei pur utili procedimenti adottati. <br \/>Dall\u2019altro lato, ha rilevato sempre il citato Maestro, che conosceva la storia assai pi\u00f9 di vari giuristi di oggi, che la prevaricazione arrogante dei privati pu\u00f2 generare una pericolosa aspirazione. L\u2019esigenza di sicurezza e di ordine pu\u00f2 indurre la tentazione di favorire l\u2019avvento di un regime antidemocratico, che possa soddisfare detta esigenza. La storia dell\u2019avvento di regimi, quali il fascismo, il nazismo od il franchismo nel periodo intercorso fra le due guerre, comprova che una situazione di anarchia o di debolezza del potere repressivo dello Stato abbia generato una tendenza hobbesiana, cio\u00e8 una spinta alla soppressione della libert\u00e0 in nome dell\u2019ordine. In questa ottica lo stato liberale prefascista, le repubbliche di Weimar o quella spagnola hanno la colpa di non aver usato il potere repressivo pubblico nei confronti di coloro che hanno instaurato, poi, un ordine illiberale ed antidemocratico. La paura del tiranno \u00e8 deleteria perch\u00e9 costituisce una mina vagante (per la democrazia), che oggi non appare pericolosa, ma un domani (sia pur lontano) potrebbe esplodere. Quindi la paura <em>de qua<\/em> \u00e8 perniciosa sia perch\u00e9 compromette i valori costituzionali in democrazia, sia perch\u00e9 potrebbe in un pi\u00f9 lontano futuro condurre alla caduta del regime democratico stesso.<\/p>\n","protected":false},"excerpt":{"rendered":"<p>di\u00a0Gladio Gemma La psicologia ha individuato due tipi di paure. La prima \u00e8 di natura funzionale (razionale, pu\u00f2 dirsi con un ossimoro). Essa si sostanzia nel timore di un evento negativo, probabile e pericoloso ed \u00e8 utile perch\u00e9 alimenta una reazione onde prevenire o contrastare l\u2019evento stesso:<\/p>\n<div class='heateorSssClear'><\/div><div  class='heateor_sss_sharing_container heateor_sss_horizontal_sharing' data-heateor-sss-href='https:\/\/www.lacostituzione.info\/index.php\/2021\/11\/13\/paura-del-tiranno-una-psicopatologia-culturale\/'><div class='heateor_sss_sharing_title' style=\"font-weight:bold\" >Condividi!<\/div><div class=\"heateor_sss_sharing_ul\"><a aria-label=\"Facebook\" class=\"heateor_sss_facebook\" href=\"https:\/\/www.facebook.com\/sharer\/sharer.php?u=https%3A%2F%2Fwww.lacostituzione.info%2Findex.php%2F2021%2F11%2F13%2Fpaura-del-tiranno-una-psicopatologia-culturale%2F\" title=\"Facebook\" rel=\"nofollow noopener\" target=\"_blank\" style=\"font-size:32px!important;box-shadow:none;display:inline-block;vertical-align:middle\"><span class=\"heateor_sss_svg\" style=\"background-color:#0765FE;width:35px;height:35px;display:inline-block;opacity:1;float:left;font-size:32px;box-shadow:none;display:inline-block;font-size:16px;padding:0 4px;vertical-align:middle;background-repeat:repeat;overflow:hidden;padding:0;cursor:pointer;box-sizing:content-box\"><svg style=\"display:block;\" focusable=\"false\" aria-hidden=\"true\" xmlns=\"http:\/\/www.w3.org\/2000\/svg\" width=\"100%\" height=\"100%\" viewBox=\"0 0 32 32\"><path fill=\"#fff\" d=\"M28 16c0-6.627-5.373-12-12-12S4 9.373 4 16c0 5.628 3.875 10.35 9.101 11.647v-7.98h-2.474V16H13.1v-1.58c0-4.085 1.849-5.978 5.859-5.978.76 0 2.072.15 2.608.298v3.325c-.283-.03-.775-.045-1.386-.045-1.967 0-2.728.745-2.728 2.683V16h3.92l-.673 3.667h-3.247v8.245C23.395 27.195 28 22.135 28 16Z\"><\/path><\/svg><\/span><\/a><a aria-label=\"Twitter\" class=\"heateor_sss_button_twitter\" href=\"https:\/\/twitter.com\/intent\/tweet?text=%E2%80%9CPaura%20del%20tiranno%E2%80%9D%3A%20una%20psicopatologia%20culturale&url=https%3A%2F%2Fwww.lacostituzione.info%2Findex.php%2F2021%2F11%2F13%2Fpaura-del-tiranno-una-psicopatologia-culturale%2F\" title=\"Twitter\" rel=\"nofollow noopener\" target=\"_blank\" style=\"font-size:32px!important;box-shadow:none;display:inline-block;vertical-align:middle\"><span class=\"heateor_sss_svg heateor_sss_s__default heateor_sss_s_twitter\" style=\"background-color:#55acee;width:35px;height:35px;display:inline-block;opacity:1;float:left;font-size:32px;box-shadow:none;display:inline-block;font-size:16px;padding:0 4px;vertical-align:middle;background-repeat:repeat;overflow:hidden;padding:0;cursor:pointer;box-sizing:content-box\"><svg style=\"display:block;\" focusable=\"false\" aria-hidden=\"true\" xmlns=\"http:\/\/www.w3.org\/2000\/svg\" width=\"100%\" height=\"100%\" viewBox=\"-4 -4 39 39\"><path d=\"M28 8.557a9.913 9.913 0 0 1-2.828.775 4.93 4.93 0 0 0 2.166-2.725 9.738 9.738 0 0 1-3.13 1.194 4.92 4.92 0 0 0-3.593-1.55 4.924 4.924 0 0 0-4.794 6.049c-4.09-.21-7.72-2.17-10.15-5.15a4.942 4.942 0 0 0-.665 2.477c0 1.71.87 3.214 2.19 4.1a4.968 4.968 0 0 1-2.23-.616v.06c0 2.39 1.7 4.38 3.952 4.83-.414.115-.85.174-1.297.174-.318 0-.626-.03-.928-.086a4.935 4.935 0 0 0 4.6 3.42 9.893 9.893 0 0 1-6.114 2.107c-.398 0-.79-.023-1.175-.068a13.953 13.953 0 0 0 7.55 2.213c9.056 0 14.01-7.507 14.01-14.013 0-.213-.005-.426-.015-.637.96-.695 1.795-1.56 2.455-2.55z\" fill=\"#fff\"><\/path><\/svg><\/span><\/a><a aria-label=\"Reddit\" class=\"heateor_sss_button_reddit\" href=\"https:\/\/reddit.com\/submit?url=https%3A%2F%2Fwww.lacostituzione.info%2Findex.php%2F2021%2F11%2F13%2Fpaura-del-tiranno-una-psicopatologia-culturale%2F&title=%E2%80%9CPaura%20del%20tiranno%E2%80%9D%3A%20una%20psicopatologia%20culturale\" title=\"Reddit\" rel=\"nofollow noopener\" target=\"_blank\" style=\"font-size:32px!important;box-shadow:none;display:inline-block;vertical-align:middle\"><span class=\"heateor_sss_svg heateor_sss_s__default heateor_sss_s_reddit\" style=\"background-color:#ff5700;width:35px;height:35px;display:inline-block;opacity:1;float:left;font-size:32px;box-shadow:none;display:inline-block;font-size:16px;padding:0 4px;vertical-align:middle;background-repeat:repeat;overflow:hidden;padding:0;cursor:pointer;box-sizing:content-box\"><svg style=\"display:block;\" focusable=\"false\" aria-hidden=\"true\" xmlns=\"http:\/\/www.w3.org\/2000\/svg\" width=\"100%\" height=\"100%\" viewBox=\"-3.5 -3.5 39 39\"><path d=\"M28.543 15.774a2.953 2.953 0 0 0-2.951-2.949 2.882 2.882 0 0 0-1.9.713 14.075 14.075 0 0 0-6.85-2.044l1.38-4.349 3.768.884a2.452 2.452 0 1 0 .24-1.176l-4.274-1a.6.6 0 0 0-.709.4l-1.659 5.224a14.314 14.314 0 0 0-7.316 2.029 2.908 2.908 0 0 0-1.872-.681 2.942 2.942 0 0 0-1.618 5.4 5.109 5.109 0 0 0-.062.765c0 4.158 5.037 7.541 11.229 7.541s11.22-3.383 11.22-7.541a5.2 5.2 0 0 0-.053-.706 2.963 2.963 0 0 0 1.427-2.51zm-18.008 1.88a1.753 1.753 0 0 1 1.73-1.74 1.73 1.73 0 0 1 1.709 1.74 1.709 1.709 0 0 1-1.709 1.711 1.733 1.733 0 0 1-1.73-1.711zm9.565 4.968a5.573 5.573 0 0 1-4.081 1.272h-.032a5.576 5.576 0 0 1-4.087-1.272.6.6 0 0 1 .844-.854 4.5 4.5 0 0 0 3.238.927h.032a4.5 4.5 0 0 0 3.237-.927.6.6 0 1 1 .844.854zm-.331-3.256a1.726 1.726 0 1 1 1.709-1.712 1.717 1.717 0 0 1-1.712 1.712z\" fill=\"#fff\"\/><\/svg><\/span><\/a><a aria-label=\"Linkedin\" class=\"heateor_sss_button_linkedin\" href=\"https:\/\/www.linkedin.com\/sharing\/share-offsite\/?url=https%3A%2F%2Fwww.lacostituzione.info%2Findex.php%2F2021%2F11%2F13%2Fpaura-del-tiranno-una-psicopatologia-culturale%2F\" title=\"Linkedin\" rel=\"nofollow noopener\" target=\"_blank\" style=\"font-size:32px!important;box-shadow:none;display:inline-block;vertical-align:middle\"><span class=\"heateor_sss_svg heateor_sss_s__default heateor_sss_s_linkedin\" style=\"background-color:#0077b5;width:35px;height:35px;display:inline-block;opacity:1;float:left;font-size:32px;box-shadow:none;display:inline-block;font-size:16px;padding:0 4px;vertical-align:middle;background-repeat:repeat;overflow:hidden;padding:0;cursor:pointer;box-sizing:content-box\"><svg style=\"display:block;\" focusable=\"false\" aria-hidden=\"true\" xmlns=\"http:\/\/www.w3.org\/2000\/svg\" width=\"100%\" height=\"100%\" viewBox=\"0 0 32 32\"><path d=\"M6.227 12.61h4.19v13.48h-4.19V12.61zm2.095-6.7a2.43 2.43 0 0 1 0 4.86c-1.344 0-2.428-1.09-2.428-2.43s1.084-2.43 2.428-2.43m4.72 6.7h4.02v1.84h.058c.56-1.058 1.927-2.176 3.965-2.176 4.238 0 5.02 2.792 5.02 6.42v7.395h-4.183v-6.56c0-1.564-.03-3.574-2.178-3.574-2.18 0-2.514 1.7-2.514 3.46v6.668h-4.187V12.61z\" fill=\"#fff\"><\/path><\/svg><\/span><\/a><a aria-label=\"Pinterest\" class=\"heateor_sss_button_pinterest\" href=\"https:\/\/www.lacostituzione.info\/index.php\/2021\/11\/13\/paura-del-tiranno-una-psicopatologia-culturale\/\" onclick=\"event.preventDefault();javascript:void( (function() {var e=document.createElement('script' );e.setAttribute('type','text\/javascript' );e.setAttribute('charset','UTF-8' );e.setAttribute('src','\/\/assets.pinterest.com\/js\/pinmarklet.js?r='+Math.random()*99999999);document.body.appendChild(e)})());\" title=\"Pinterest\" rel=\"noopener\" style=\"font-size:32px!important;box-shadow:none;display:inline-block;vertical-align:middle\"><span class=\"heateor_sss_svg heateor_sss_s__default heateor_sss_s_pinterest\" style=\"background-color:#cc2329;width:35px;height:35px;display:inline-block;opacity:1;float:left;font-size:32px;box-shadow:none;display:inline-block;font-size:16px;padding:0 4px;vertical-align:middle;background-repeat:repeat;overflow:hidden;padding:0;cursor:pointer;box-sizing:content-box\"><svg style=\"display:block;\" focusable=\"false\" aria-hidden=\"true\" xmlns=\"http:\/\/www.w3.org\/2000\/svg\" width=\"100%\" height=\"100%\" viewBox=\"-2 -2 35 35\"><path fill=\"#fff\" d=\"M16.539 4.5c-6.277 0-9.442 4.5-9.442 8.253 0 2.272.86 4.293 2.705 5.046.303.125.574.005.662-.33.061-.231.205-.816.27-1.06.088-.331.053-.447-.191-.736-.532-.627-.873-1.439-.873-2.591 0-3.338 2.498-6.327 6.505-6.327 3.548 0 5.497 2.168 5.497 5.062 0 3.81-1.686 7.025-4.188 7.025-1.382 0-2.416-1.142-2.085-2.545.397-1.674 1.166-3.48 1.166-4.689 0-1.081-.581-1.983-1.782-1.983-1.413 0-2.548 1.462-2.548 3.419 0 1.247.421 2.091.421 2.091l-1.699 7.199c-.505 2.137-.076 4.755-.039 5.019.021.158.223.196.314.077.13-.17 1.813-2.247 2.384-4.324.162-.587.929-3.631.929-3.631.46.876 1.801 1.646 3.227 1.646 4.247 0 7.128-3.871 7.128-9.053.003-3.918-3.317-7.568-8.361-7.568z\"\/><\/svg><\/span><\/a><a aria-label=\"Whatsapp\" class=\"heateor_sss_whatsapp\" href=\"https:\/\/api.whatsapp.com\/send?text=%E2%80%9CPaura%20del%20tiranno%E2%80%9D%3A%20una%20psicopatologia%20culturale%20https%3A%2F%2Fwww.lacostituzione.info%2Findex.php%2F2021%2F11%2F13%2Fpaura-del-tiranno-una-psicopatologia-culturale%2F\" title=\"Whatsapp\" rel=\"nofollow noopener\" target=\"_blank\" style=\"font-size:32px!important;box-shadow:none;display:inline-block;vertical-align:middle\"><span class=\"heateor_sss_svg\" style=\"background-color:#55eb4c;width:35px;height:35px;display:inline-block;opacity:1;float:left;font-size:32px;box-shadow:none;display:inline-block;font-size:16px;padding:0 4px;vertical-align:middle;background-repeat:repeat;overflow:hidden;padding:0;cursor:pointer;box-sizing:content-box\"><svg style=\"display:block;\" focusable=\"false\" aria-hidden=\"true\" xmlns=\"http:\/\/www.w3.org\/2000\/svg\" width=\"100%\" height=\"100%\" viewBox=\"-6 -5 40 40\"><path class=\"heateor_sss_svg_stroke heateor_sss_no_fill\" stroke=\"#fff\" stroke-width=\"2\" fill=\"none\" d=\"M 11.579798566743314 24.396926207859085 A 10 10 0 1 0 6.808479557110079 20.73576436351046\"><\/path><path d=\"M 7 19 l -1 6 l 6 -1\" class=\"heateor_sss_no_fill heateor_sss_svg_stroke\" stroke=\"#fff\" stroke-width=\"2\" fill=\"none\"><\/path><path d=\"M 10 10 q -1 8 8 11 c 5 -1 0 -6 -1 -3 q -4 -3 -5 -5 c 4 -2 -1 -5 -1 -4\" fill=\"#fff\"><\/path><\/svg><\/span><\/a><\/div><div class=\"heateorSssClear\"><\/div><\/div><div class='heateorSssClear'><\/div>","protected":false},"author":3,"featured_media":0,"comment_status":"open","ping_status":"open","sticky":false,"template":"","format":"standard","meta":{"jetpack_post_was_ever_published":false,"_jetpack_newsletter_access":"","_jetpack_dont_email_post_to_subs":false,"_jetpack_newsletter_tier_id":0,"_jetpack_memberships_contains_paywalled_content":false,"_jetpack_memberships_contains_paid_content":false,"footnotes":"","jetpack_publicize_message":"","jetpack_publicize_feature_enabled":true,"jetpack_social_post_already_shared":false,"jetpack_social_options":{"image_generator_settings":{"template":"highway","default_image_id":0,"enabled":false},"version":2}},"categories":[12],"tags":[529,683,739,1589],"class_list":["post-8062","post","type-post","status-publish","format-standard","hentry","category-editoriale","tag-democrazia","tag-fascismo","tag-neo-fascismo","tag-tiranno"],"jetpack_publicize_connections":[],"jetpack_featured_media_url":"","jetpack_shortlink":"https:\/\/wp.me\/p84sDq-262","jetpack_likes_enabled":true,"jetpack_sharing_enabled":true,"_links":{"self":[{"href":"https:\/\/www.lacostituzione.info\/index.php\/wp-json\/wp\/v2\/posts\/8062","targetHints":{"allow":["GET"]}}],"collection":[{"href":"https:\/\/www.lacostituzione.info\/index.php\/wp-json\/wp\/v2\/posts"}],"about":[{"href":"https:\/\/www.lacostituzione.info\/index.php\/wp-json\/wp\/v2\/types\/post"}],"author":[{"embeddable":true,"href":"https:\/\/www.lacostituzione.info\/index.php\/wp-json\/wp\/v2\/users\/3"}],"replies":[{"embeddable":true,"href":"https:\/\/www.lacostituzione.info\/index.php\/wp-json\/wp\/v2\/comments?post=8062"}],"version-history":[{"count":0,"href":"https:\/\/www.lacostituzione.info\/index.php\/wp-json\/wp\/v2\/posts\/8062\/revisions"}],"wp:attachment":[{"href":"https:\/\/www.lacostituzione.info\/index.php\/wp-json\/wp\/v2\/media?parent=8062"}],"wp:term":[{"taxonomy":"category","embeddable":true,"href":"https:\/\/www.lacostituzione.info\/index.php\/wp-json\/wp\/v2\/categories?post=8062"},{"taxonomy":"post_tag","embeddable":true,"href":"https:\/\/www.lacostituzione.info\/index.php\/wp-json\/wp\/v2\/tags?post=8062"}],"curies":[{"name":"wp","href":"https:\/\/api.w.org\/{rel}","templated":true}]}}