{"id":8066,"date":"2021-11-13T17:42:37","date_gmt":"2021-11-13T16:42:37","guid":{"rendered":"http:\/\/www.lacostituzione.info\/?p=8066"},"modified":"2021-11-13T17:42:39","modified_gmt":"2021-11-13T16:42:39","slug":"no-green-pass-e-liberta-di-riunione-confusion-will-be-my-epitaph","status":"publish","type":"post","link":"https:\/\/www.lacostituzione.info\/index.php\/2021\/11\/13\/no-green-pass-e-liberta-di-riunione-confusion-will-be-my-epitaph\/","title":{"rendered":"No green pass e libert\u00e0 di riunione: confusion will be my epitaph?"},"content":{"rendered":"\n<p><a href=\"http:\/\/www.lacostituzione.info\/index.php\/2021\/11\/13\/no-green-pass-e-liberta-di-riunione-confusion-will-be-my-epitaph\/kingcrimson\/#main\" rel=\"attachment wp-att-8067\"><img loading=\"lazy\" decoding=\"async\" data-attachment-id=\"8067\" data-permalink=\"https:\/\/www.lacostituzione.info\/index.php\/2021\/11\/13\/no-green-pass-e-liberta-di-riunione-confusion-will-be-my-epitaph\/kingcrimson\/#main\" data-orig-file=\"https:\/\/www.lacostituzione.info\/wp-content\/uploads\/2021\/11\/kingcrimson.jpg\" data-orig-size=\"355,355\" data-comments-opened=\"1\" data-image-meta=\"{&quot;aperture&quot;:&quot;0&quot;,&quot;credit&quot;:&quot;&quot;,&quot;camera&quot;:&quot;&quot;,&quot;caption&quot;:&quot;&quot;,&quot;created_timestamp&quot;:&quot;0&quot;,&quot;copyright&quot;:&quot;&quot;,&quot;focal_length&quot;:&quot;0&quot;,&quot;iso&quot;:&quot;0&quot;,&quot;shutter_speed&quot;:&quot;0&quot;,&quot;title&quot;:&quot;&quot;,&quot;orientation&quot;:&quot;0&quot;}\" data-image-title=\"kingcrimson\" data-image-description=\"\" data-image-caption=\"\" data-medium-file=\"https:\/\/www.lacostituzione.info\/wp-content\/uploads\/2021\/11\/kingcrimson-300x300.jpg\" data-large-file=\"https:\/\/www.lacostituzione.info\/wp-content\/uploads\/2021\/11\/kingcrimson.jpg\" class=\"alignleft size-thumbnail wp-image-8067\" src=\"http:\/\/www.lacostituzione.info\/wp-content\/uploads\/2021\/11\/kingcrimson-150x150.jpg\" alt=\"\" width=\"150\" height=\"150\" srcset=\"https:\/\/www.lacostituzione.info\/wp-content\/uploads\/2021\/11\/kingcrimson-150x150.jpg 150w, https:\/\/www.lacostituzione.info\/wp-content\/uploads\/2021\/11\/kingcrimson-300x300.jpg 300w, https:\/\/www.lacostituzione.info\/wp-content\/uploads\/2021\/11\/kingcrimson.jpg 355w\" sizes=\"auto, (max-width: 150px) 100vw, 150px\" \/><\/a>di <strong>Giacomo Menegus<\/strong><\/p>\n<p>La frequenza con cui la stampa, senza imbarazzo, discorre di manifestazioni \u201cautorizzate\u201d o \u201cnon autorizzate\u201d ha ormai raggiunto livelli inaccettabili: negli ultimi giorni, qualsiasi quotidiano, <em>talk show<\/em>, notiziario non ha fatto che parlare di \u201cmanifestazioni autorizzate\u201d, \u201crichieste di autorizzazioni\u201d e cos\u00ec via.<!--more--><\/p>\n<p>L\u2019insistita ripetizione di un errore grossolano non solo palesa la colpevole ignoranza dei pi\u00f9 basilari principi di una societ\u00e0 democratica e liberale da parte di quanti sono investiti del fondamentale compito dell\u2019informazione; ma finisce pure per veicolare presso il pubblico concezioni marcatamente autoritarie di una libert\u00e0 costituzionale, quella di riunione, che \u00e8 cruciale per la salute di ogni societ\u00e0 pluralista.<\/p>\n<p>Basterebbe leggere una volta (almeno una) la Costituzione repubblicana per realizzare che l\u2019art. 17 impone <em>esclusivamente<\/em> l\u2019obbligo di un <em>preavviso<\/em> della riunione da parte degli organizzatori e <em>solo<\/em> quando la stessa si svolga in luogo pubblico. Preavviso che ha, tra l\u2019altro, il fine di consentire alle autorit\u00e0 di pubblica sicurezza di vietare <em>eventualmente<\/em> la riunione, ma \u201c<em>soltanto<\/em> per <em>comprovati motivi<\/em> di sicurezza o di incolumit\u00e0 pubblica\u201d.<\/p>\n<p>Non \u00e8 necessaria alcuna autorizzazione quindi, \u00e8 sufficiente il preavviso. Ragionare in modo differente d\u2019altronde significherebbe permettere alle autorit\u00e0 di pubblica sicurezza di autorizzare o meno la singola riunione sulla scorta di una valutazione discrezionale. Il che evidentemente non \u00e8 ammissibile in una societ\u00e0 democratica.<\/p>\n<p>La confusione regna sovrana per\u00f2; e purtroppo non solo tra gli operatori dell\u2019informazione.<\/p>\n<p>Dopo i fatti di Trieste, dove la protesta di portuali e <em>no green pass<\/em> pare aver determinato, oltre ai noti disordini, pure una significativa impennata dei contagi, le autorit\u00e0 di pubblica sicurezza (Ministro dell\u2019Interno <em>in primis<\/em>) stanno elaborando \u2013 e in parte mettendo in pratica \u2013 una strategia di limitazione della libert\u00e0 di riunione, con il dichiarato intento di contemperare tale libert\u00e0 con altri interessi costituzionalmente tutelati.<\/p>\n<p>In questo caso, pare tuttavia che il fine ultimo \u2013 senz\u2019ombra di dubbio condivisibile \u2013 sia perseguito con mezzi non sempre coerenti con il dettato costituzionale.<\/p>\n<p>Una precisazione, a scanso di equivoci: chi scrive non dubita affatto che sia ammissibile vietare riunioni in luogo pubblico per motivi sanitari (come pure \u00e8 stato sorprendentemente sostenuto da alcuni), dal momento che la previsione costituzionale intende tutelare l\u2019integrit\u00e0 fisica delle persone, che ben pu\u00f2 essere compromessa dalla diffusione del virus. Tra i \u201ccomprovati motivi di\u2026 incolumit\u00e0 pubblica\u201d indicati dall\u2019art. 17 Cost. rientrano perfettamente tutti quei casi di riunioni i cui partecipanti, per lo pi\u00f9 non vaccinati, non mantengano le distanze di sicurezza ed ostentino l\u2019assenza di dispositivi di protezione personale. L\u2019hanno ricordato, dalle pagine di diversi quotidiani, studiosi ben pi\u00f9 autorevoli del sottoscritto.<\/p>\n<p>Ci\u00f2 detto, sono le modalit\u00e0 concrete con cui le autorit\u00e0 di pubblica sicurezza intendono evitare lo svolgimento di tali manifestazioni (con manifestanti non vaccinati, senza distanziamento e senza mascherine) a sollevare seri dubbi.<\/p>\n<p>Partiamo proprio da Trieste. Dopo i disordini e le ripetute manifestazioni, il Prefetto della citt\u00e0 giuliana ha adottato un <a href=\"http:\/\/www.prefettura.it\/FILES\/allegatinews\/1244\/Decreto_esclusione_Piazza_Unita_d-Italia.pdf\">decreto in attuazione della Direttiva del Ministero dell\u2019Interno del 2009<\/a> (cd. Direttiva Maroni), con il quale ha vietato \u201cin via sperimentale\u201d sino al 31 dicembre 2021 ogni manifestazione in Piazza dell\u2019Unit\u00e0 d\u2019Italia. \u00c8 fatta eccezione per le funzioni e cerimonie religiose, nonch\u00e9 per gli eventi che siano organizzati o co-organizzati da enti pubblici.<\/p>\n<p>Gi\u00e0 qualche tempo fa, chi scrive aveva avuto modo di criticare dalle pagine di questo giornale tanto la Direttiva Maroni, quanto le sue applicazioni puntuali (in quel caso, <a href=\"https:\/\/www.lacostituzione.info\/index.php\/2019\/06\/10\/liberta-di-riunione-a-venezia\/\">Piazza San Marco a Venezia<\/a>). Anche in questo frangente non possono non essere evidenziate le criticit\u00e0 di un approccio di questo tipo.<\/p>\n<p>In primo luogo, si tratta di un divieto pressoch\u00e9 generalizzato e preventivo (salve le poche eccezioni indicate), che cozza con la prescrizione costituzionale la quale, nel consentire di vietare le riunioni \u201csoltanto per comprovati motivi\u201d, esige una verifica caso per caso e una motivazione puntuale del divieto opposto agli organizzatori della riunione da parte delle autorit\u00e0 di pubblica sicurezza.<\/p>\n<p>In secondo luogo, il carattere generalizzato del divieto finisce per discriminare quanti vorrebbero manifestare in Piazza dell\u2019Unit\u00e0 nel pieno rispetto delle regole e delle prescrizioni dell\u2019autorit\u00e0. Immaginiamo, per esempio, che i circoli scacchistici triestini vogliano organizzare in autonomia una dimostrazione pubblica proprio in Piazza dell\u2019Unit\u00e0: anche a loro si opporrebbe il divieto, senza che vi sia alcun pericolo per la sicurezza e l\u2019incolumit\u00e0 pubblica.<\/p>\n<p>Non va poi trascurato il fatto che la sottrazione alle manifestazioni dei luoghi pi\u00f9 centrali, iconici e dotati di \u201cvisibilit\u00e0\u201d delle nostre citt\u00e0 si pone in contrasto con il senso pi\u00f9 politico della libert\u00e0 di riunione, quale \u201cpossibilit\u00e0, cos\u00ec riconosciuta ai cittadini, di contrapporsi, anche fisicamente, ai detentori del potere nella discussione dei problemi, nella elaborazione collettiva di proposte politiche, e soprattutto, nelle manifestazioni e nei cortei di protesta\u201d (A. Pace, <em>Problematica delle libert\u00e0 costituzionali. Parte speciale<\/em>, Padova 1992, 299). Consentire alle minoranze di manifestare soltanto nel \u201cretrobottega\u201d, lontano dai cittadini e dai riflettori della stampa, significa privare la libert\u00e0 di riunione della sua carica di amplificazione del dissenso e svilirne l\u2019intima connessione con la libert\u00e0 di manifestazione del pensiero.<\/p>\n<p>Sorprende che oggi l\u2019esperienza della Direttiva Maroni del 2009 \u2013 assai criticata dalla dottrina costituzionalistica per la grave compressione della libert\u00e0 di riunione (tra i tanti, v. <a href=\"https:\/\/www.costituzionalismo.it\/wp-content\/uploads\/Costituzionalismo_417.pdf\">Brunelli<\/a>, <a href=\"https:\/\/www.giurcost.org\/studi\/Buscema1.pdf\">Buscema<\/a>, <a href=\"https:\/\/www.forumcostituzionale.it\/wordpress\/images\/stories\/pdf\/documenti_forum\/paper\/0112_troilo.pdf\">Troilo<\/a>) \u2013 venga ripresa e persino additata quale modello \u201cvincente\u201d (v. <a href=\"https:\/\/www.corriere.it\/cronache\/21_novembre_09\/manifestazioni-no-green-pass-nuove-regole-5e931e50-40d5-11ec-87fb-b565e6aab98c.shtml\"><em>Corriere della Sera<\/em><\/a>, 9 novembre 2021).<\/p>\n<p>La <a href=\"https:\/\/www.interno.gov.it\/sites\/default\/files\/2021-11\/direttiva_del_ministro_10-11-2021.pdf\">nuova direttiva<\/a> adottata dall\u2019attuale Ministro dell\u2019Interno lo scorso 10 novembre fa salva la precedente e ne integra le indicazioni, prevedendo che il Comitato provinciale per l\u2019ordine e la sicurezza pubblica (in cui siedono, tra l\u2019altro, Prefetto e Sindaco del Capoluogo) possa \u201cindividuare specifiche <em>aree urbane sensibili<\/em>, di particolare interesse per l\u2019ordinato svolgimento della vita della comunit\u00e0, che potranno essere oggetto di <em>temporanea interdizione<\/em> allo svolgimento di manifestazioni pubbliche per la durata dello stato di emergenza\u201d. Si aggiunge poi che \u201cper le aree diverse da quelle individuate come sensibili\u201d e al fine di \u201cassicurare la pi\u00f9 efficace tutela dell\u2019ordine e della sicurezza pubbliche\u201d determinate manifestazioni potranno tenersi solo \u201c<em>in forma statica<\/em> in luogo di quella dinamica\u201d o lungo \u201cpercorsi idonei a preservare aree urbane nevralgiche\u201d.<\/p>\n<p>La finalit\u00e0 complessiva di queste direttive \u00e8 dunque quella di vietare i cortei nei centri storici e nelle vie dello shopping, tenendo lontani i manifestanti dagli obiettivi sensibili e consentendo di norma solo <em>sit-in<\/em> statici. Ma \u00e8 evidente che siffatte previsioni ripropongono tutte le criticit\u00e0 che si sono evidenziate sopra.<\/p>\n<p>Peraltro, una reazione di questo tipo risulta esorbitante rispetto allo stesso fine ultimo, ossia quello di impedire manifestazioni violente, blocchi stradali o assembramenti in violazione delle misure minime di prevenzione del contagio.<\/p>\n<p>Sarebbe infatti sufficiente vietare di volta in volta le manifestazioni dei <em>no green pass<\/em>\u00a0in modo puntuale e motivato, tanto pi\u00f9 che non mancano le buone ragioni a sostegno di un tale diniego: come emerge dalla cronaca degli ultimi mesi, non c\u2019\u00e8 stata manifestazione in cui non siano state violate le norme per la prevenzione del contagio \u2013 ingenerando cos\u00ec un pericolo per l\u2019incolumit\u00e0 pubblica \u2013 o non si siano apertamente disattese le prescrizioni delle autorit\u00e0 di pubblica sicurezza <em>ex<\/em> art. 18, co. 4, Tulps \u2013 creando cos\u00ec pure problemi per la sicurezza pubblica. Secondo la stampa, alcuni manifestanti sarebbero arrivati a sfidare sistematicamente le indicazioni delle forze dell\u2019ordine, deviando dai percorsi concordati, sicuri della loro impunit\u00e0 (v. <a href=\"https:\/\/milano.corriere.it\/notizie\/cronaca\/21_novembre_07\/cortei-no-green-pass-strategia-dribbling-paralizzare-milano-la-polizia-non-puo-farci-nulla-83089f82-3f93-11ec-a86a-9c702b71a66e.shtml\"><em>Corriere della Sera<\/em><\/a>, 7 novembre 2021).<\/p>\n<p>Nei casi meno gravi, potrebbe bastare dettare \u201cmodalit\u00e0 di tempo e luogo\u201d ai sensi del gi\u00e0 menzionato art. 18, co. 4, Tulps (richiamato pure nella \u201cDirettiva Lamorgese\u201d): il che consentirebbe, con decisioni adottate di volta in volta, di alleggerire la pressione sui centri storici e le ricadute negative sulle attivit\u00e0 commerciali, evitando che i medesimi soggetti si ritrovino regolarmente ogni settimana a manifestare nella stessa area.<\/p>\n<p>Alla luce di questa situazione, va detto che risulta senz\u2019altro comprensibile il tentativo delle autorit\u00e0 di pubblica sicurezza di ridurre al minimo i motivi di tensione e le occasioni di scontro con i manifestanti; il che spiega forse una certa condiscendenza mostrata rispetto a riunioni palesemente pericolose per l\u2019incolumit\u00e0 pubblica, specie nella fase iniziale delle proteste, quando ancora vigevano regole di contenimento della pandemia ben pi\u00f9 restrittive delle attuali. Ma ci\u00f2 \u2013 va ribadito \u2013 non pu\u00f2 certo portare a limitazioni generalizzate e preventive della libert\u00e0 di riunione, che contrastano con la Costituzione e finiscono per penalizzare tutti in modo indiscriminato, anche quanti intenderebbero manifestare nel pieno rispetto delle regole. Basti pensare che l\u2019interdizione dei centri cittadini si applicherebbe anche alle manifestazioni di lavoratori e dei sindacati, a quelle dei <em>Fridays for Future <\/em>per il clima e persino a quelle dei commercianti che volessero protestare contro eventuali provvedimenti del governo penalizzanti per la categoria.<\/p>\n<p>Molto dipender\u00e0 dalle scelte puntuali di attuazione della direttiva da parte delle autorit\u00e0 di pubblica sicurezza. Il pericolo \u00e8 tuttavia che \u2013 tra cattiva informazione, manifestanti spesso restii a conformarsi alle regole del confronto democratico e autorit\u00e0 di pubblica sicurezza poco accorte nell\u2019impiego degli strumenti di gestione delle manifestazioni \u2013 a farne le spese sia proprio, in ultima istanza, il diritto di tutti di manifestare: <em>la confusione generale sar\u00e0 davvero l\u2019epitaffio<\/em> della libert\u00e0 di riunione, come cantavano i <em>King Crimson<\/em>?<\/p>\n","protected":false},"excerpt":{"rendered":"<p>di Giacomo Menegus La frequenza con cui la stampa, senza imbarazzo, discorre di manifestazioni \u201cautorizzate\u201d o \u201cnon autorizzate\u201d ha ormai raggiunto livelli inaccettabili: negli ultimi giorni, qualsiasi quotidiano, talk show, notiziario non ha fatto che parlare di \u201cmanifestazioni autorizzate\u201d, \u201crichieste di autorizzazioni\u201d e cos\u00ec via.<\/p>\n<div class='heateorSssClear'><\/div><div  class='heateor_sss_sharing_container heateor_sss_horizontal_sharing' data-heateor-sss-href='https:\/\/www.lacostituzione.info\/index.php\/2021\/11\/13\/no-green-pass-e-liberta-di-riunione-confusion-will-be-my-epitaph\/'><div class='heateor_sss_sharing_title' style=\"font-weight:bold\" >Condividi!<\/div><div class=\"heateor_sss_sharing_ul\"><a aria-label=\"Facebook\" class=\"heateor_sss_facebook\" href=\"https:\/\/www.facebook.com\/sharer\/sharer.php?u=https%3A%2F%2Fwww.lacostituzione.info%2Findex.php%2F2021%2F11%2F13%2Fno-green-pass-e-liberta-di-riunione-confusion-will-be-my-epitaph%2F\" title=\"Facebook\" rel=\"nofollow noopener\" target=\"_blank\" style=\"font-size:32px!important;box-shadow:none;display:inline-block;vertical-align:middle\"><span class=\"heateor_sss_svg\" style=\"background-color:#0765FE;width:35px;height:35px;display:inline-block;opacity:1;float:left;font-size:32px;box-shadow:none;display:inline-block;font-size:16px;padding:0 4px;vertical-align:middle;background-repeat:repeat;overflow:hidden;padding:0;cursor:pointer;box-sizing:content-box\"><svg style=\"display:block;\" focusable=\"false\" aria-hidden=\"true\" xmlns=\"http:\/\/www.w3.org\/2000\/svg\" width=\"100%\" height=\"100%\" viewBox=\"0 0 32 32\"><path fill=\"#fff\" d=\"M28 16c0-6.627-5.373-12-12-12S4 9.373 4 16c0 5.628 3.875 10.35 9.101 11.647v-7.98h-2.474V16H13.1v-1.58c0-4.085 1.849-5.978 5.859-5.978.76 0 2.072.15 2.608.298v3.325c-.283-.03-.775-.045-1.386-.045-1.967 0-2.728.745-2.728 2.683V16h3.92l-.673 3.667h-3.247v8.245C23.395 27.195 28 22.135 28 16Z\"><\/path><\/svg><\/span><\/a><a aria-label=\"Twitter\" class=\"heateor_sss_button_twitter\" href=\"https:\/\/twitter.com\/intent\/tweet?text=No%20green%20pass%20e%20libert%C3%A0%20di%20riunione%3A%20confusion%20will%20be%20my%20epitaph%3F&url=https%3A%2F%2Fwww.lacostituzione.info%2Findex.php%2F2021%2F11%2F13%2Fno-green-pass-e-liberta-di-riunione-confusion-will-be-my-epitaph%2F\" title=\"Twitter\" rel=\"nofollow noopener\" target=\"_blank\" style=\"font-size:32px!important;box-shadow:none;display:inline-block;vertical-align:middle\"><span class=\"heateor_sss_svg heateor_sss_s__default heateor_sss_s_twitter\" style=\"background-color:#55acee;width:35px;height:35px;display:inline-block;opacity:1;float:left;font-size:32px;box-shadow:none;display:inline-block;font-size:16px;padding:0 4px;vertical-align:middle;background-repeat:repeat;overflow:hidden;padding:0;cursor:pointer;box-sizing:content-box\"><svg style=\"display:block;\" focusable=\"false\" aria-hidden=\"true\" xmlns=\"http:\/\/www.w3.org\/2000\/svg\" width=\"100%\" height=\"100%\" viewBox=\"-4 -4 39 39\"><path d=\"M28 8.557a9.913 9.913 0 0 1-2.828.775 4.93 4.93 0 0 0 2.166-2.725 9.738 9.738 0 0 1-3.13 1.194 4.92 4.92 0 0 0-3.593-1.55 4.924 4.924 0 0 0-4.794 6.049c-4.09-.21-7.72-2.17-10.15-5.15a4.942 4.942 0 0 0-.665 2.477c0 1.71.87 3.214 2.19 4.1a4.968 4.968 0 0 1-2.23-.616v.06c0 2.39 1.7 4.38 3.952 4.83-.414.115-.85.174-1.297.174-.318 0-.626-.03-.928-.086a4.935 4.935 0 0 0 4.6 3.42 9.893 9.893 0 0 1-6.114 2.107c-.398 0-.79-.023-1.175-.068a13.953 13.953 0 0 0 7.55 2.213c9.056 0 14.01-7.507 14.01-14.013 0-.213-.005-.426-.015-.637.96-.695 1.795-1.56 2.455-2.55z\" fill=\"#fff\"><\/path><\/svg><\/span><\/a><a aria-label=\"Reddit\" class=\"heateor_sss_button_reddit\" href=\"https:\/\/reddit.com\/submit?url=https%3A%2F%2Fwww.lacostituzione.info%2Findex.php%2F2021%2F11%2F13%2Fno-green-pass-e-liberta-di-riunione-confusion-will-be-my-epitaph%2F&title=No%20green%20pass%20e%20libert%C3%A0%20di%20riunione%3A%20confusion%20will%20be%20my%20epitaph%3F\" title=\"Reddit\" rel=\"nofollow noopener\" target=\"_blank\" style=\"font-size:32px!important;box-shadow:none;display:inline-block;vertical-align:middle\"><span class=\"heateor_sss_svg heateor_sss_s__default heateor_sss_s_reddit\" style=\"background-color:#ff5700;width:35px;height:35px;display:inline-block;opacity:1;float:left;font-size:32px;box-shadow:none;display:inline-block;font-size:16px;padding:0 4px;vertical-align:middle;background-repeat:repeat;overflow:hidden;padding:0;cursor:pointer;box-sizing:content-box\"><svg style=\"display:block;\" focusable=\"false\" aria-hidden=\"true\" xmlns=\"http:\/\/www.w3.org\/2000\/svg\" width=\"100%\" height=\"100%\" viewBox=\"-3.5 -3.5 39 39\"><path d=\"M28.543 15.774a2.953 2.953 0 0 0-2.951-2.949 2.882 2.882 0 0 0-1.9.713 14.075 14.075 0 0 0-6.85-2.044l1.38-4.349 3.768.884a2.452 2.452 0 1 0 .24-1.176l-4.274-1a.6.6 0 0 0-.709.4l-1.659 5.224a14.314 14.314 0 0 0-7.316 2.029 2.908 2.908 0 0 0-1.872-.681 2.942 2.942 0 0 0-1.618 5.4 5.109 5.109 0 0 0-.062.765c0 4.158 5.037 7.541 11.229 7.541s11.22-3.383 11.22-7.541a5.2 5.2 0 0 0-.053-.706 2.963 2.963 0 0 0 1.427-2.51zm-18.008 1.88a1.753 1.753 0 0 1 1.73-1.74 1.73 1.73 0 0 1 1.709 1.74 1.709 1.709 0 0 1-1.709 1.711 1.733 1.733 0 0 1-1.73-1.711zm9.565 4.968a5.573 5.573 0 0 1-4.081 1.272h-.032a5.576 5.576 0 0 1-4.087-1.272.6.6 0 0 1 .844-.854 4.5 4.5 0 0 0 3.238.927h.032a4.5 4.5 0 0 0 3.237-.927.6.6 0 1 1 .844.854zm-.331-3.256a1.726 1.726 0 1 1 1.709-1.712 1.717 1.717 0 0 1-1.712 1.712z\" fill=\"#fff\"\/><\/svg><\/span><\/a><a aria-label=\"Linkedin\" class=\"heateor_sss_button_linkedin\" href=\"https:\/\/www.linkedin.com\/sharing\/share-offsite\/?url=https%3A%2F%2Fwww.lacostituzione.info%2Findex.php%2F2021%2F11%2F13%2Fno-green-pass-e-liberta-di-riunione-confusion-will-be-my-epitaph%2F\" title=\"Linkedin\" rel=\"nofollow noopener\" target=\"_blank\" style=\"font-size:32px!important;box-shadow:none;display:inline-block;vertical-align:middle\"><span class=\"heateor_sss_svg heateor_sss_s__default heateor_sss_s_linkedin\" style=\"background-color:#0077b5;width:35px;height:35px;display:inline-block;opacity:1;float:left;font-size:32px;box-shadow:none;display:inline-block;font-size:16px;padding:0 4px;vertical-align:middle;background-repeat:repeat;overflow:hidden;padding:0;cursor:pointer;box-sizing:content-box\"><svg style=\"display:block;\" focusable=\"false\" aria-hidden=\"true\" xmlns=\"http:\/\/www.w3.org\/2000\/svg\" width=\"100%\" height=\"100%\" viewBox=\"0 0 32 32\"><path d=\"M6.227 12.61h4.19v13.48h-4.19V12.61zm2.095-6.7a2.43 2.43 0 0 1 0 4.86c-1.344 0-2.428-1.09-2.428-2.43s1.084-2.43 2.428-2.43m4.72 6.7h4.02v1.84h.058c.56-1.058 1.927-2.176 3.965-2.176 4.238 0 5.02 2.792 5.02 6.42v7.395h-4.183v-6.56c0-1.564-.03-3.574-2.178-3.574-2.18 0-2.514 1.7-2.514 3.46v6.668h-4.187V12.61z\" fill=\"#fff\"><\/path><\/svg><\/span><\/a><a aria-label=\"Pinterest\" class=\"heateor_sss_button_pinterest\" href=\"https:\/\/www.lacostituzione.info\/index.php\/2021\/11\/13\/no-green-pass-e-liberta-di-riunione-confusion-will-be-my-epitaph\/\" onclick=\"event.preventDefault();javascript:void( (function() {var e=document.createElement('script' );e.setAttribute('type','text\/javascript' );e.setAttribute('charset','UTF-8' );e.setAttribute('src','\/\/assets.pinterest.com\/js\/pinmarklet.js?r='+Math.random()*99999999);document.body.appendChild(e)})());\" title=\"Pinterest\" rel=\"noopener\" style=\"font-size:32px!important;box-shadow:none;display:inline-block;vertical-align:middle\"><span class=\"heateor_sss_svg heateor_sss_s__default heateor_sss_s_pinterest\" style=\"background-color:#cc2329;width:35px;height:35px;display:inline-block;opacity:1;float:left;font-size:32px;box-shadow:none;display:inline-block;font-size:16px;padding:0 4px;vertical-align:middle;background-repeat:repeat;overflow:hidden;padding:0;cursor:pointer;box-sizing:content-box\"><svg style=\"display:block;\" focusable=\"false\" aria-hidden=\"true\" xmlns=\"http:\/\/www.w3.org\/2000\/svg\" width=\"100%\" height=\"100%\" viewBox=\"-2 -2 35 35\"><path fill=\"#fff\" d=\"M16.539 4.5c-6.277 0-9.442 4.5-9.442 8.253 0 2.272.86 4.293 2.705 5.046.303.125.574.005.662-.33.061-.231.205-.816.27-1.06.088-.331.053-.447-.191-.736-.532-.627-.873-1.439-.873-2.591 0-3.338 2.498-6.327 6.505-6.327 3.548 0 5.497 2.168 5.497 5.062 0 3.81-1.686 7.025-4.188 7.025-1.382 0-2.416-1.142-2.085-2.545.397-1.674 1.166-3.48 1.166-4.689 0-1.081-.581-1.983-1.782-1.983-1.413 0-2.548 1.462-2.548 3.419 0 1.247.421 2.091.421 2.091l-1.699 7.199c-.505 2.137-.076 4.755-.039 5.019.021.158.223.196.314.077.13-.17 1.813-2.247 2.384-4.324.162-.587.929-3.631.929-3.631.46.876 1.801 1.646 3.227 1.646 4.247 0 7.128-3.871 7.128-9.053.003-3.918-3.317-7.568-8.361-7.568z\"\/><\/svg><\/span><\/a><a aria-label=\"Whatsapp\" class=\"heateor_sss_whatsapp\" href=\"https:\/\/api.whatsapp.com\/send?text=No%20green%20pass%20e%20libert%C3%A0%20di%20riunione%3A%20confusion%20will%20be%20my%20epitaph%3F%20https%3A%2F%2Fwww.lacostituzione.info%2Findex.php%2F2021%2F11%2F13%2Fno-green-pass-e-liberta-di-riunione-confusion-will-be-my-epitaph%2F\" title=\"Whatsapp\" rel=\"nofollow noopener\" target=\"_blank\" style=\"font-size:32px!important;box-shadow:none;display:inline-block;vertical-align:middle\"><span class=\"heateor_sss_svg\" style=\"background-color:#55eb4c;width:35px;height:35px;display:inline-block;opacity:1;float:left;font-size:32px;box-shadow:none;display:inline-block;font-size:16px;padding:0 4px;vertical-align:middle;background-repeat:repeat;overflow:hidden;padding:0;cursor:pointer;box-sizing:content-box\"><svg style=\"display:block;\" focusable=\"false\" aria-hidden=\"true\" xmlns=\"http:\/\/www.w3.org\/2000\/svg\" width=\"100%\" height=\"100%\" viewBox=\"-6 -5 40 40\"><path class=\"heateor_sss_svg_stroke heateor_sss_no_fill\" stroke=\"#fff\" stroke-width=\"2\" fill=\"none\" d=\"M 11.579798566743314 24.396926207859085 A 10 10 0 1 0 6.808479557110079 20.73576436351046\"><\/path><path d=\"M 7 19 l -1 6 l 6 -1\" class=\"heateor_sss_no_fill heateor_sss_svg_stroke\" stroke=\"#fff\" stroke-width=\"2\" fill=\"none\"><\/path><path d=\"M 10 10 q -1 8 8 11 c 5 -1 0 -6 -1 -3 q -4 -3 -5 -5 c 4 -2 -1 -5 -1 -4\" fill=\"#fff\"><\/path><\/svg><\/span><\/a><\/div><div class=\"heateorSssClear\"><\/div><\/div><div class='heateorSssClear'><\/div>","protected":false},"author":18,"featured_media":0,"comment_status":"open","ping_status":"open","sticky":false,"template":"","format":"standard","meta":{"jetpack_post_was_ever_published":false,"_jetpack_newsletter_access":"","_jetpack_dont_email_post_to_subs":false,"_jetpack_newsletter_tier_id":0,"_jetpack_memberships_contains_paywalled_content":false,"_jetpack_memberships_contains_paid_content":false,"footnotes":"","jetpack_publicize_message":"","jetpack_publicize_feature_enabled":true,"jetpack_social_post_already_shared":false,"jetpack_social_options":{"image_generator_settings":{"template":"highway","default_image_id":0,"enabled":false},"version":2}},"categories":[4],"tags":[1575,1405,813],"class_list":["post-8066","post","type-post","status-publish","format-standard","hentry","category-attualita","tag-green-pass","tag-liberta-di-riunione","tag-manifestazione"],"jetpack_publicize_connections":[],"jetpack_featured_media_url":"","jetpack_shortlink":"https:\/\/wp.me\/p84sDq-266","jetpack_likes_enabled":true,"jetpack_sharing_enabled":true,"_links":{"self":[{"href":"https:\/\/www.lacostituzione.info\/index.php\/wp-json\/wp\/v2\/posts\/8066","targetHints":{"allow":["GET"]}}],"collection":[{"href":"https:\/\/www.lacostituzione.info\/index.php\/wp-json\/wp\/v2\/posts"}],"about":[{"href":"https:\/\/www.lacostituzione.info\/index.php\/wp-json\/wp\/v2\/types\/post"}],"author":[{"embeddable":true,"href":"https:\/\/www.lacostituzione.info\/index.php\/wp-json\/wp\/v2\/users\/18"}],"replies":[{"embeddable":true,"href":"https:\/\/www.lacostituzione.info\/index.php\/wp-json\/wp\/v2\/comments?post=8066"}],"version-history":[{"count":0,"href":"https:\/\/www.lacostituzione.info\/index.php\/wp-json\/wp\/v2\/posts\/8066\/revisions"}],"wp:attachment":[{"href":"https:\/\/www.lacostituzione.info\/index.php\/wp-json\/wp\/v2\/media?parent=8066"}],"wp:term":[{"taxonomy":"category","embeddable":true,"href":"https:\/\/www.lacostituzione.info\/index.php\/wp-json\/wp\/v2\/categories?post=8066"},{"taxonomy":"post_tag","embeddable":true,"href":"https:\/\/www.lacostituzione.info\/index.php\/wp-json\/wp\/v2\/tags?post=8066"}],"curies":[{"name":"wp","href":"https:\/\/api.w.org\/{rel}","templated":true}]}}