{"id":8088,"date":"2021-11-29T11:55:03","date_gmt":"2021-11-29T10:55:03","guid":{"rendered":"http:\/\/www.lacostituzione.info\/?p=8088"},"modified":"2021-11-29T11:55:05","modified_gmt":"2021-11-29T10:55:05","slug":"violenza-di-genere-manca-un-impegno-effettivo","status":"publish","type":"post","link":"https:\/\/www.lacostituzione.info\/index.php\/2021\/11\/29\/violenza-di-genere-manca-un-impegno-effettivo\/","title":{"rendered":"Violenza di genere: manca un impegno effettivo?"},"content":{"rendered":"\n<p style=\"text-align: center;\"><a href=\"http:\/\/www.lacostituzione.info\/index.php\/2021\/11\/29\/violenza-di-genere-manca-un-impegno-effettivo\/scarpe_rosse\/#main\" rel=\"attachment wp-att-8089\"><img loading=\"lazy\" decoding=\"async\" data-attachment-id=\"8089\" data-permalink=\"https:\/\/www.lacostituzione.info\/index.php\/2021\/11\/29\/violenza-di-genere-manca-un-impegno-effettivo\/scarpe_rosse\/#main\" data-orig-file=\"https:\/\/www.lacostituzione.info\/wp-content\/uploads\/2021\/11\/scarpe_rosse.jpg\" data-orig-size=\"497,560\" data-comments-opened=\"1\" data-image-meta=\"{&quot;aperture&quot;:&quot;0&quot;,&quot;credit&quot;:&quot;&quot;,&quot;camera&quot;:&quot;&quot;,&quot;caption&quot;:&quot;&quot;,&quot;created_timestamp&quot;:&quot;0&quot;,&quot;copyright&quot;:&quot;&quot;,&quot;focal_length&quot;:&quot;0&quot;,&quot;iso&quot;:&quot;0&quot;,&quot;shutter_speed&quot;:&quot;0&quot;,&quot;title&quot;:&quot;&quot;,&quot;orientation&quot;:&quot;0&quot;}\" data-image-title=\"scarpe_rosse\" data-image-description=\"\" data-image-caption=\"\" data-medium-file=\"https:\/\/www.lacostituzione.info\/wp-content\/uploads\/2021\/11\/scarpe_rosse-266x300.jpg\" data-large-file=\"https:\/\/www.lacostituzione.info\/wp-content\/uploads\/2021\/11\/scarpe_rosse.jpg\" class=\"aligncenter size-thumbnail wp-image-8089\" src=\"http:\/\/www.lacostituzione.info\/wp-content\/uploads\/2021\/11\/scarpe_rosse-150x150.jpg\" alt=\"\" width=\"150\" height=\"150\" \/><\/a>di <strong>Luana Leo*<\/strong><\/p>\n<p>Luned\u00ec 22 novembre, la ministra per le Pari Opportunit\u00e0 Elena Bonetti, presenta la mozione contro la violenza sulle donne, a distanza di tre giorni dalla Giornata internazionale dedicata a tale fenomeno.<!--more--><\/p>\n<p>Le sue dichiarazioni (\u201c<em>questo Parlamento \u00e8 trasversalmente e profondamente impegnato nel promuovere azioni strategiche per ripudiare qualsiasi forma di violenza contro le donne\u201d)<\/em> sono rimaste sospese nell\u2019aria.\u00a0<\/p>\n<p>La Camera dei Deputati \u00e8 vuota: di 630 deputati potenziali, ne sono presenti solo otto. Sebbene le telecamere di Montecitorio abbiano tentato di non mostrare una veduta ampia della Camera, la scena \u00e8 stata \u201ccatturata\u201d dai media e prontamente giudicata. Al fine di evitare le solite polemiche, vi \u00e8 chi ha giustificato l\u2019episodio, ricordando che il ruolo del parlamentare non \u00e8 solo quello di comparire in Aula, ma anche quello di occuparsi di una serie di sostanziali attivit\u00e0 legate al territorio (es. incontri con le associazioni, i prefetti, i Sindaci). Il luned\u00ec \u00e8 proprio il giorno preposto a tale tipo di attivit\u00e0: in Aula sono compiute attivit\u00e0 che non prevedono voti, e di conseguenza, non impegnano i parlamentari e le parlamentari.<\/p>\n<p>Quel che dovrebbe destare preoccupazione \u2013 a parere di chi scrive \u2013 non \u00e8 tanto la triste immagine di una donna attorniata da silenzio, abbandono, e indifferenza, quanto invece la carente attenzione riservata al fenomeno, sempre pi\u00f9 dilagante. \u00c8 la stessa ministra per le Pari Opportunit\u00e0 a riportare l\u2019agghiacciante numero di femminicidi avvenuti da inizio anno in Italia (108), sottolineando come le donne <em>\u201cdevono essere libere di poter denunciare e sapere che c\u2019\u00e8 uno Stato che accoglie le loro richieste d\u2019aiuto e le protegge\u201d<\/em>. A tale proposito, la Convenzione di Istanbul sulla prevenzione e la lotta contro la violenza nei confronti delle donne e la violenza domestica evidenzia come l\u2019analisi del problema debba prendere le mosse dalla lettura della condizione femminile in Italia. Attualmente, le donne continuano ad essere sottorappresentate nell\u2019ambito dell\u2019impiego pubblico e privato, sul piano nazionale, statale e locale.<\/p>\n<p>La violenza sulle donne \u2013 e i reati perpetrati dagli autori della violenza \u2013 violano il principio di eguaglianza \u201cdi genere\u201d, quale diritto fondamentale della persona. Sotto tale profilo, la Convenzione sopraindicata riconosce che <em>\u201cil raggiungimento dell\u2019uguaglianza di genere de jure e de facto \u00e8 un elemento chiave per prevenire la violenza contro le donne\u201d<\/em>; quest\u2019ultima <em>\u201c\u00e8 una manifestazione dei rapporti di forza storicamente diseguali tra i sessi\u201d<\/em>, che induce alla dominazione e alla discriminazione nei loro riguardi da parte degli uomini. In una societ\u00e0 progredita, come quella italiana, si \u00e8 soliti ritenere che tali forme di violenza appartengano ormai al passato, quasi a sottovalutarle, ricollegandole cos\u00ec alla sfera di devianza di singoli individui o alla natura patologica del rapporto all\u2019interno del quale la violenza ha avuto luogo. Occorre precisare che la necessit\u00e0 di assicurare alle donne una tutela effettiva dei diritti fondamentali \u00e8 da tempo oggetto di attenzione del diritto internazionale. La Convenzione di Istanbul \u00e8 preceduta dalla Convenzione sull\u2019eliminazione di tutte le forme di discriminazione contro le donne (CEDAW), quale prima risposta specifica al delicato problema della discriminazione delle donne. L\u2019affermazione\u00a0dei diritti fondamentali con particolare riferimento alla condizione delle donne \u00e8 stata ripresa anche a livello regionale. In tale quadro, si collocano la Convenzione interamericana sulla prevenzione, punizione e sradicamento della violenza nei confronti delle donne (1994) e il Protocollo alla Carta Africana dei diritti umani e dei popoli sui diritti delle donne in Africa (2003). A differenza di tali strumenti, la Convenzione di Istanbul del 2011 definisce un modello integrato di lotta alla violenza contro le donne e alla violenza domestica che impone agli Stati membri l\u2019attuazione di riforme giuridiche e di misure politiche miranti alla promozione di mutamenti profondi nella mentalit\u00e0 e nei costumi degli uomini e delle stesse donne. Con riguardo all\u2019intervento giudiziario, si marca la necessit\u00e0 di garantire che i reati previsti in conformit\u00e0 alle convenzioni e alle leggi interne siano puniti con <em>\u201csanzioni efficaci, proporzionate e dissuasive, che tengano conto della loro gravit\u00e0\u201d<\/em>.\u00a0 In aggiunta, \u00e8 ammessa l\u2019adozione di circostanze aggravanti nel momento in cui il reato sia attuato contro l\u2019attuale o l\u2019ex coniuge (o partner), da un componente familiare, dal convivente della vittima, o da un individuo abusante della propria autorit\u00e0.<\/p>\n<p>\u00c8 risaputo che, in Italia, le previsioni normative prevedono in \u201castratto\u201d una protezione sufficiente per la violenza contro le donne. Il problema effettivo consiste \u2013 a giudizio di chi scrive \u2013 nell\u2019approccio al fenomeno della violenza di genere, affrontato in termini di sicurezza pubblica. Si rileva la difficolt\u00e0 di trattare la questione come esigenza di tutela dei diritti fondamentali delle donne, a parte\u00a0la mancanza di interventi organici in grado di garantire una risposta lineare alla violenza intrafamiliare. Una conferma \u00e8 data dal D.L. n. 93\/2013, convertito in L. n. 119\/2013, orientato a promuovere la finalit\u00e0 di ridurre l\u2019allarme sociale legato alla commissione di gravi reati <em>\u201cin danno di soggetti deboli\u201d<\/em>, piuttosto che la tutela del diritto fondamentale della donna all\u2019integrit\u00e0 psicofisica. Con la recente legge n. 69\/2019 (c.d. Codice rosso), il legislatore nazionale \u00e8 intervenuto per rafforzare le tutele delle persone vittime di violenza domestica e di genere, operando delle modifiche ingenti sotto il profilo sostanziale e processuale. Da un lato, si instaura\u00a0un \u201c<em>doppio binario processuale\u201d<\/em>, che investe un ventaglio di fattispecie \u201csegnalanti\u201d \u00a0relazioni interpersonali a rischio (es. maltrattamenti contro familiari e conviventi) sostanziandosi nella rapida comunicazione (anche orale) della notizia di reato al PM; dall\u2019altro, si amplia il novero delle fattispecie con l\u2019intento di colmare alcune lacune dell\u2019ordinamento penale. La legge sul \u201ccodice rosso\u201d, altres\u00ec, pone in luce il ruolo della vittima nel procedimento, specialmente rafforzando il suo diritto all\u2019informazione ed intervenendo anche sotto il profilo cautelare. Sulla scia degli\u00a0art. 4 e 6 della Direttiva Europea n. 29\/2012, che imponeva agli Stati di assicurare il diritto all\u2019informazione e il diritto di accedere ai servizi di assistenza, la legge n. 69\/2019 incrementa le informazioni fornite alla persona offesa (art. 90 c.p.p.) che devono comprendere, oltre le strutture sanitarie ormai radicate sul territorio (es. centri antiviolenza), anche i servizi di assistenza alle vittime di reato.<\/p>\n<p>Il recente intervento normativo, pur rappresentando una tappa aggiuntiva nella lotta al fenomeno della violenza di genere, risulta insufficiente. La legge in esame \u2013 a parere di chi scrive \u2013 si \u00e8 limitata ad offrire una risposta in chiave repressiva, non valorizzando la dimensione culturale della suddetta questione.<\/p>\n<p>La migliore politica per la lotta alla violenza di genere \u00e8 quella sociale, in quanto un efficace e permanente contrasto alla stessa si ottiene soltanto attraverso sottili, diffusi e solidi interventi nel tessuto sociale. Pertanto, le istituzioni sono chiamate a seguire percorsi di sensibilizzazione della collettivit\u00e0 avverso condotte violente, fondati su una necessaria rieducazione dei soggetti rispetto a stereotipi culturali e sociali ormai datati e pericolosi. Tale esigenza trova riscontro nel preambolo del <em>\u201cPiano Strategico nazionale sulla violenza maschile contro le donne 2017-2020\u201d<\/em>, nel quale si riporta che <em>\u201cla violenza di genere \u00e8 un fenomeno sociale strutturale che ha radici culturali profonde, riconducibili a una organizzazione patriarcale della societ\u00e0 che ancor oggi permea le pratiche e la vita quotidiana di milioni di uomini e donne in Italia\u201d<\/em>.<\/p>\n<p>\u00c8 un primo <em>step<\/em>, cui dovranno seguirne altri. La violenza di genere \u00e8 un fenomeno non solo \u201csfuggente\u201d, ma anche (e soprattutto) \u201cinvisibile\u201d, di cui non sempre se ne riconoscono i contorni e i contenuti. Occorre guardare a tale fenomeno sotto un\u2019ottica diversa, anche seguendo l\u2019esempio di altri Paesi (es. Regno Unito), dove la risposta delle istituzioni rientra tra le priorit\u00e0 delle politiche governative.<\/p>\n<p>Talvolta, punire non basta. \u00c8 la cooperazione che fa la differenza. \u00a0<\/p>\n<p>*Dottoranda di ricerca in Diritto costituzionale \u2013 Universit\u00e0 Lum Jean Monnet<\/p>\n","protected":false},"excerpt":{"rendered":"<p>di Luana Leo* Luned\u00ec 22 novembre, la ministra per le Pari Opportunit\u00e0 Elena Bonetti, presenta la mozione contro la violenza sulle donne, a distanza di tre giorni dalla Giornata internazionale dedicata a tale fenomeno.<\/p>\n<div class='heateorSssClear'><\/div><div  class='heateor_sss_sharing_container heateor_sss_horizontal_sharing' data-heateor-sss-href='https:\/\/www.lacostituzione.info\/index.php\/2021\/11\/29\/violenza-di-genere-manca-un-impegno-effettivo\/'><div class='heateor_sss_sharing_title' style=\"font-weight:bold\" >Condividi!<\/div><div class=\"heateor_sss_sharing_ul\"><a aria-label=\"Facebook\" class=\"heateor_sss_facebook\" href=\"https:\/\/www.facebook.com\/sharer\/sharer.php?u=https%3A%2F%2Fwww.lacostituzione.info%2Findex.php%2F2021%2F11%2F29%2Fviolenza-di-genere-manca-un-impegno-effettivo%2F\" title=\"Facebook\" rel=\"nofollow noopener\" target=\"_blank\" style=\"font-size:32px!important;box-shadow:none;display:inline-block;vertical-align:middle\"><span class=\"heateor_sss_svg\" style=\"background-color:#0765FE;width:35px;height:35px;display:inline-block;opacity:1;float:left;font-size:32px;box-shadow:none;display:inline-block;font-size:16px;padding:0 4px;vertical-align:middle;background-repeat:repeat;overflow:hidden;padding:0;cursor:pointer;box-sizing:content-box\"><svg style=\"display:block;\" focusable=\"false\" aria-hidden=\"true\" xmlns=\"http:\/\/www.w3.org\/2000\/svg\" width=\"100%\" height=\"100%\" viewBox=\"0 0 32 32\"><path fill=\"#fff\" d=\"M28 16c0-6.627-5.373-12-12-12S4 9.373 4 16c0 5.628 3.875 10.35 9.101 11.647v-7.98h-2.474V16H13.1v-1.58c0-4.085 1.849-5.978 5.859-5.978.76 0 2.072.15 2.608.298v3.325c-.283-.03-.775-.045-1.386-.045-1.967 0-2.728.745-2.728 2.683V16h3.92l-.673 3.667h-3.247v8.245C23.395 27.195 28 22.135 28 16Z\"><\/path><\/svg><\/span><\/a><a aria-label=\"Twitter\" class=\"heateor_sss_button_twitter\" href=\"https:\/\/twitter.com\/intent\/tweet?text=Violenza%20di%20genere%3A%20manca%20un%20impegno%20effettivo%3F&url=https%3A%2F%2Fwww.lacostituzione.info%2Findex.php%2F2021%2F11%2F29%2Fviolenza-di-genere-manca-un-impegno-effettivo%2F\" title=\"Twitter\" rel=\"nofollow noopener\" target=\"_blank\" style=\"font-size:32px!important;box-shadow:none;display:inline-block;vertical-align:middle\"><span class=\"heateor_sss_svg heateor_sss_s__default heateor_sss_s_twitter\" style=\"background-color:#55acee;width:35px;height:35px;display:inline-block;opacity:1;float:left;font-size:32px;box-shadow:none;display:inline-block;font-size:16px;padding:0 4px;vertical-align:middle;background-repeat:repeat;overflow:hidden;padding:0;cursor:pointer;box-sizing:content-box\"><svg style=\"display:block;\" focusable=\"false\" aria-hidden=\"true\" xmlns=\"http:\/\/www.w3.org\/2000\/svg\" width=\"100%\" height=\"100%\" viewBox=\"-4 -4 39 39\"><path d=\"M28 8.557a9.913 9.913 0 0 1-2.828.775 4.93 4.93 0 0 0 2.166-2.725 9.738 9.738 0 0 1-3.13 1.194 4.92 4.92 0 0 0-3.593-1.55 4.924 4.924 0 0 0-4.794 6.049c-4.09-.21-7.72-2.17-10.15-5.15a4.942 4.942 0 0 0-.665 2.477c0 1.71.87 3.214 2.19 4.1a4.968 4.968 0 0 1-2.23-.616v.06c0 2.39 1.7 4.38 3.952 4.83-.414.115-.85.174-1.297.174-.318 0-.626-.03-.928-.086a4.935 4.935 0 0 0 4.6 3.42 9.893 9.893 0 0 1-6.114 2.107c-.398 0-.79-.023-1.175-.068a13.953 13.953 0 0 0 7.55 2.213c9.056 0 14.01-7.507 14.01-14.013 0-.213-.005-.426-.015-.637.96-.695 1.795-1.56 2.455-2.55z\" fill=\"#fff\"><\/path><\/svg><\/span><\/a><a aria-label=\"Reddit\" class=\"heateor_sss_button_reddit\" href=\"https:\/\/reddit.com\/submit?url=https%3A%2F%2Fwww.lacostituzione.info%2Findex.php%2F2021%2F11%2F29%2Fviolenza-di-genere-manca-un-impegno-effettivo%2F&title=Violenza%20di%20genere%3A%20manca%20un%20impegno%20effettivo%3F\" title=\"Reddit\" rel=\"nofollow noopener\" target=\"_blank\" style=\"font-size:32px!important;box-shadow:none;display:inline-block;vertical-align:middle\"><span class=\"heateor_sss_svg heateor_sss_s__default heateor_sss_s_reddit\" style=\"background-color:#ff5700;width:35px;height:35px;display:inline-block;opacity:1;float:left;font-size:32px;box-shadow:none;display:inline-block;font-size:16px;padding:0 4px;vertical-align:middle;background-repeat:repeat;overflow:hidden;padding:0;cursor:pointer;box-sizing:content-box\"><svg style=\"display:block;\" focusable=\"false\" aria-hidden=\"true\" xmlns=\"http:\/\/www.w3.org\/2000\/svg\" width=\"100%\" height=\"100%\" viewBox=\"-3.5 -3.5 39 39\"><path d=\"M28.543 15.774a2.953 2.953 0 0 0-2.951-2.949 2.882 2.882 0 0 0-1.9.713 14.075 14.075 0 0 0-6.85-2.044l1.38-4.349 3.768.884a2.452 2.452 0 1 0 .24-1.176l-4.274-1a.6.6 0 0 0-.709.4l-1.659 5.224a14.314 14.314 0 0 0-7.316 2.029 2.908 2.908 0 0 0-1.872-.681 2.942 2.942 0 0 0-1.618 5.4 5.109 5.109 0 0 0-.062.765c0 4.158 5.037 7.541 11.229 7.541s11.22-3.383 11.22-7.541a5.2 5.2 0 0 0-.053-.706 2.963 2.963 0 0 0 1.427-2.51zm-18.008 1.88a1.753 1.753 0 0 1 1.73-1.74 1.73 1.73 0 0 1 1.709 1.74 1.709 1.709 0 0 1-1.709 1.711 1.733 1.733 0 0 1-1.73-1.711zm9.565 4.968a5.573 5.573 0 0 1-4.081 1.272h-.032a5.576 5.576 0 0 1-4.087-1.272.6.6 0 0 1 .844-.854 4.5 4.5 0 0 0 3.238.927h.032a4.5 4.5 0 0 0 3.237-.927.6.6 0 1 1 .844.854zm-.331-3.256a1.726 1.726 0 1 1 1.709-1.712 1.717 1.717 0 0 1-1.712 1.712z\" fill=\"#fff\"\/><\/svg><\/span><\/a><a aria-label=\"Linkedin\" class=\"heateor_sss_button_linkedin\" href=\"https:\/\/www.linkedin.com\/sharing\/share-offsite\/?url=https%3A%2F%2Fwww.lacostituzione.info%2Findex.php%2F2021%2F11%2F29%2Fviolenza-di-genere-manca-un-impegno-effettivo%2F\" title=\"Linkedin\" rel=\"nofollow noopener\" target=\"_blank\" style=\"font-size:32px!important;box-shadow:none;display:inline-block;vertical-align:middle\"><span class=\"heateor_sss_svg heateor_sss_s__default heateor_sss_s_linkedin\" style=\"background-color:#0077b5;width:35px;height:35px;display:inline-block;opacity:1;float:left;font-size:32px;box-shadow:none;display:inline-block;font-size:16px;padding:0 4px;vertical-align:middle;background-repeat:repeat;overflow:hidden;padding:0;cursor:pointer;box-sizing:content-box\"><svg style=\"display:block;\" focusable=\"false\" aria-hidden=\"true\" xmlns=\"http:\/\/www.w3.org\/2000\/svg\" width=\"100%\" height=\"100%\" viewBox=\"0 0 32 32\"><path d=\"M6.227 12.61h4.19v13.48h-4.19V12.61zm2.095-6.7a2.43 2.43 0 0 1 0 4.86c-1.344 0-2.428-1.09-2.428-2.43s1.084-2.43 2.428-2.43m4.72 6.7h4.02v1.84h.058c.56-1.058 1.927-2.176 3.965-2.176 4.238 0 5.02 2.792 5.02 6.42v7.395h-4.183v-6.56c0-1.564-.03-3.574-2.178-3.574-2.18 0-2.514 1.7-2.514 3.46v6.668h-4.187V12.61z\" fill=\"#fff\"><\/path><\/svg><\/span><\/a><a aria-label=\"Pinterest\" class=\"heateor_sss_button_pinterest\" href=\"https:\/\/www.lacostituzione.info\/index.php\/2021\/11\/29\/violenza-di-genere-manca-un-impegno-effettivo\/\" onclick=\"event.preventDefault();javascript:void( (function() {var e=document.createElement('script' );e.setAttribute('type','text\/javascript' );e.setAttribute('charset','UTF-8' );e.setAttribute('src','\/\/assets.pinterest.com\/js\/pinmarklet.js?r='+Math.random()*99999999);document.body.appendChild(e)})());\" title=\"Pinterest\" rel=\"noopener\" style=\"font-size:32px!important;box-shadow:none;display:inline-block;vertical-align:middle\"><span class=\"heateor_sss_svg heateor_sss_s__default heateor_sss_s_pinterest\" style=\"background-color:#cc2329;width:35px;height:35px;display:inline-block;opacity:1;float:left;font-size:32px;box-shadow:none;display:inline-block;font-size:16px;padding:0 4px;vertical-align:middle;background-repeat:repeat;overflow:hidden;padding:0;cursor:pointer;box-sizing:content-box\"><svg style=\"display:block;\" focusable=\"false\" aria-hidden=\"true\" xmlns=\"http:\/\/www.w3.org\/2000\/svg\" width=\"100%\" height=\"100%\" viewBox=\"-2 -2 35 35\"><path fill=\"#fff\" d=\"M16.539 4.5c-6.277 0-9.442 4.5-9.442 8.253 0 2.272.86 4.293 2.705 5.046.303.125.574.005.662-.33.061-.231.205-.816.27-1.06.088-.331.053-.447-.191-.736-.532-.627-.873-1.439-.873-2.591 0-3.338 2.498-6.327 6.505-6.327 3.548 0 5.497 2.168 5.497 5.062 0 3.81-1.686 7.025-4.188 7.025-1.382 0-2.416-1.142-2.085-2.545.397-1.674 1.166-3.48 1.166-4.689 0-1.081-.581-1.983-1.782-1.983-1.413 0-2.548 1.462-2.548 3.419 0 1.247.421 2.091.421 2.091l-1.699 7.199c-.505 2.137-.076 4.755-.039 5.019.021.158.223.196.314.077.13-.17 1.813-2.247 2.384-4.324.162-.587.929-3.631.929-3.631.46.876 1.801 1.646 3.227 1.646 4.247 0 7.128-3.871 7.128-9.053.003-3.918-3.317-7.568-8.361-7.568z\"\/><\/svg><\/span><\/a><a aria-label=\"Whatsapp\" class=\"heateor_sss_whatsapp\" href=\"https:\/\/api.whatsapp.com\/send?text=Violenza%20di%20genere%3A%20manca%20un%20impegno%20effettivo%3F%20https%3A%2F%2Fwww.lacostituzione.info%2Findex.php%2F2021%2F11%2F29%2Fviolenza-di-genere-manca-un-impegno-effettivo%2F\" title=\"Whatsapp\" rel=\"nofollow noopener\" target=\"_blank\" style=\"font-size:32px!important;box-shadow:none;display:inline-block;vertical-align:middle\"><span class=\"heateor_sss_svg\" style=\"background-color:#55eb4c;width:35px;height:35px;display:inline-block;opacity:1;float:left;font-size:32px;box-shadow:none;display:inline-block;font-size:16px;padding:0 4px;vertical-align:middle;background-repeat:repeat;overflow:hidden;padding:0;cursor:pointer;box-sizing:content-box\"><svg style=\"display:block;\" focusable=\"false\" aria-hidden=\"true\" xmlns=\"http:\/\/www.w3.org\/2000\/svg\" width=\"100%\" height=\"100%\" viewBox=\"-6 -5 40 40\"><path class=\"heateor_sss_svg_stroke heateor_sss_no_fill\" stroke=\"#fff\" stroke-width=\"2\" fill=\"none\" d=\"M 11.579798566743314 24.396926207859085 A 10 10 0 1 0 6.808479557110079 20.73576436351046\"><\/path><path d=\"M 7 19 l -1 6 l 6 -1\" class=\"heateor_sss_no_fill heateor_sss_svg_stroke\" stroke=\"#fff\" stroke-width=\"2\" fill=\"none\"><\/path><path d=\"M 10 10 q -1 8 8 11 c 5 -1 0 -6 -1 -3 q -4 -3 -5 -5 c 4 -2 -1 -5 -1 -4\" fill=\"#fff\"><\/path><\/svg><\/span><\/a><\/div><div class=\"heateorSssClear\"><\/div><\/div><div class='heateorSssClear'><\/div>","protected":false},"author":1,"featured_media":0,"comment_status":"open","ping_status":"open","sticky":false,"template":"","format":"standard","meta":{"jetpack_post_was_ever_published":false,"_jetpack_newsletter_access":"","_jetpack_dont_email_post_to_subs":false,"_jetpack_newsletter_tier_id":0,"_jetpack_memberships_contains_paywalled_content":false,"_jetpack_memberships_contains_paid_content":false,"footnotes":"","jetpack_publicize_message":"","jetpack_publicize_feature_enabled":true,"jetpack_social_post_already_shared":false,"jetpack_social_options":{"image_generator_settings":{"template":"highway","default_image_id":0,"enabled":false},"version":2}},"categories":[5],"tags":[1598,1597,1596],"class_list":["post-8088","post","type-post","status-publish","format-standard","hentry","category-lavori-in-corso","tag-convenzioni-internazionali","tag-femminicidio","tag-violenza-alle-donne"],"jetpack_publicize_connections":[],"jetpack_featured_media_url":"","jetpack_shortlink":"https:\/\/wp.me\/p84sDq-26s","jetpack_likes_enabled":true,"jetpack_sharing_enabled":true,"_links":{"self":[{"href":"https:\/\/www.lacostituzione.info\/index.php\/wp-json\/wp\/v2\/posts\/8088","targetHints":{"allow":["GET"]}}],"collection":[{"href":"https:\/\/www.lacostituzione.info\/index.php\/wp-json\/wp\/v2\/posts"}],"about":[{"href":"https:\/\/www.lacostituzione.info\/index.php\/wp-json\/wp\/v2\/types\/post"}],"author":[{"embeddable":true,"href":"https:\/\/www.lacostituzione.info\/index.php\/wp-json\/wp\/v2\/users\/1"}],"replies":[{"embeddable":true,"href":"https:\/\/www.lacostituzione.info\/index.php\/wp-json\/wp\/v2\/comments?post=8088"}],"version-history":[{"count":0,"href":"https:\/\/www.lacostituzione.info\/index.php\/wp-json\/wp\/v2\/posts\/8088\/revisions"}],"wp:attachment":[{"href":"https:\/\/www.lacostituzione.info\/index.php\/wp-json\/wp\/v2\/media?parent=8088"}],"wp:term":[{"taxonomy":"category","embeddable":true,"href":"https:\/\/www.lacostituzione.info\/index.php\/wp-json\/wp\/v2\/categories?post=8088"},{"taxonomy":"post_tag","embeddable":true,"href":"https:\/\/www.lacostituzione.info\/index.php\/wp-json\/wp\/v2\/tags?post=8088"}],"curies":[{"name":"wp","href":"https:\/\/api.w.org\/{rel}","templated":true}]}}