{"id":8140,"date":"2022-01-08T15:43:52","date_gmt":"2022-01-08T14:43:52","guid":{"rendered":"http:\/\/www.lacostituzione.info\/?p=8140"},"modified":"2022-01-08T15:43:54","modified_gmt":"2022-01-08T14:43:54","slug":"lattesa-sul-colle","status":"publish","type":"post","link":"https:\/\/www.lacostituzione.info\/index.php\/2022\/01\/08\/lattesa-sul-colle\/","title":{"rendered":"L\u2019attesa sul Colle"},"content":{"rendered":"\n<p style=\"text-align: center;\"><a href=\"http:\/\/www.lacostituzione.info\/index.php\/2021\/10\/14\/verso-il-colle-piu-alto-si-cerca-unidea-oltre-il-nome\/quirinale-2\/#main\" rel=\"attachment wp-att-8021\"><img loading=\"lazy\" decoding=\"async\" data-attachment-id=\"8021\" data-permalink=\"https:\/\/www.lacostituzione.info\/index.php\/2021\/10\/14\/verso-il-colle-piu-alto-si-cerca-unidea-oltre-il-nome\/quirinale-2\/#main\" data-orig-file=\"https:\/\/www.lacostituzione.info\/wp-content\/uploads\/2021\/10\/quirinale.jpg\" data-orig-size=\"275,183\" data-comments-opened=\"1\" data-image-meta=\"{&quot;aperture&quot;:&quot;0&quot;,&quot;credit&quot;:&quot;&quot;,&quot;camera&quot;:&quot;&quot;,&quot;caption&quot;:&quot;&quot;,&quot;created_timestamp&quot;:&quot;0&quot;,&quot;copyright&quot;:&quot;&quot;,&quot;focal_length&quot;:&quot;0&quot;,&quot;iso&quot;:&quot;0&quot;,&quot;shutter_speed&quot;:&quot;0&quot;,&quot;title&quot;:&quot;&quot;,&quot;orientation&quot;:&quot;0&quot;}\" data-image-title=\"quirinale\" data-image-description=\"\" data-image-caption=\"\" data-medium-file=\"https:\/\/www.lacostituzione.info\/wp-content\/uploads\/2021\/10\/quirinale.jpg\" data-large-file=\"https:\/\/www.lacostituzione.info\/wp-content\/uploads\/2021\/10\/quirinale.jpg\" class=\"aligncenter size-full wp-image-8021\" src=\"http:\/\/www.lacostituzione.info\/wp-content\/uploads\/2021\/10\/quirinale.jpg\" alt=\"\" width=\"275\" height=\"183\" \/><\/a>di <strong>Enrico Cuccodoro<\/strong> e <strong>Luana Leo<\/strong>*<\/p>\n<p>\u00c8 interessante rilevare come ciascuna Presidenza della Repubblica sia nata in un contesto storico segnato da eventi incisivi. Tale circostanza affiora dal messaggio che il Presidente della Repubblica, Sergio Mattarella, ha reso al Parlamento nel giorno del suo giuramento, avvenuto il 3 febbraio 2015. <!--more-->Egli tiene a sottolineare come tale momento coincida con l\u2019auspicio del completamento di un percorso verso una riforma della Costituzione, esprimendo l\u2019obiettivo di <em>\u201crendere pi\u00f9 adeguata la nostra democrazia\u201d<\/em>, senza per\u00f2 sottovalutare un\u2019altra priorit\u00e0; l\u2019approvazione di una nuova legge elettorale, legge di sistema del quadro politico.<\/p>\n<p>Il tema delle riforme costituzionali, dunque, ha interessato dal principio l\u2019azione del dodicesimo Capo dello Stato. Si coglie una sottile linea di continuit\u00e0 con il predecessore Napolitano, giacch\u00e8 emerge un lampante segnale di incitamento a portare avanti il disegno riformatore, proprio al fine di salvaguardare i connotati fondamentali del sistema democratico nazionale. Appare opportuno segnalare come le \u201cmosse\u201d del Presidente Mattarella sul versante della riforma in materia elettorale abbiano suscitato sostanziale interesse. La ragione di ci\u00f2 risiede nel ruolo di primo piano assunto dalla normativa elettorale nella lunga esperienza istituzionale del Capo dello Stato uscente: su spinta del <em>referendum<\/em> del 1993, il Parlamento approva una legge definita <em>\u201cMattarellum\u201d<\/em> (in realt\u00e0, tale nome derivava anche dalla presenza di regole \u201csingolari\u201d nel corpo della legge), con la quale si introduce un sistema <em>misto<\/em>, qualificabile come maggioritario con correzione proporzionale, volto a incoraggiare le formazioni politiche, nonch\u00e9 una competizione di tipo virtualmente bipolare.<\/p>\n<p>Sebbene risulti impossibile prevedere il \u201ctipo\u201d di Presidenza che rappresenter\u00e0 l\u2019Italia nei prossimi sette anni, vi \u00e8 comunque la certezza che il Capo dello Stato sar\u00e0 chiamato a \u201cpilotare\u201d un Paese ancora, purtroppo, in piena emergenza.<\/p>\n<p>Quel che desta preoccupazione non \u00e8 soltanto la pandemia ancora in corso e le sue implicazioni, ma anche (e soprattutto) le prevedibili tensioni politiche che accompagneranno l\u2019elezione presidenziale, indipendentemente da chi salir\u00e0 al Colle; uno scenario del tutto in divenire.<\/p>\n<p>Occorre specificare come la scelta del Presidente della Repubblica, nonch\u00e9 figura di riferimento della comunit\u00e0, si rivela particolarmente complessa, specie in un clima politico acceso come quello attuale: ancora, \u00e8 sul tappeto la discussione intorno al ruolo esponenziale del Quirinale, se come in passato, influenzato dai partiti, ovvero \u201cliberato\u201d in favore della personalit\u00e0 dei diversi Presidenti e del protagonismo del popolo. Si vuole evidenziare, cos\u00ec, metodo, intese e rischi connessi alla scelta che il Parlamento dovr\u00e0 compiere.<\/p>\n<p>Come ben noto, l\u2019elezione del Capo dello Stato segue una consuetudinaria <em>liturgia<\/em>, contraddistinta da regole e riti inossidabili, dentro e fuori il Palazzo.<\/p>\n<p>Nel 1992, anno della salita al Quirinale di Oscar Luigi Sc\u00e0lfaro (allora Presidente della Camera), fecero la loro prima apparizione i c.d. \u201ccatafalchi\u201d: a seguito di numerosi inviti al Presidente dell\u2019Assemblea, per assicurare la completa segretezza del voto dei Grandi Elettori, sotto il banco della Presidenza comparse inizialmente quella storica tenda elettorale drappeggiata in panno scuro.<\/p>\n<p>Il predetto rimedio avrebbe tutelato nella riservatezza l\u2019esercizio di scelta dei singoli componenti il Collegio, prevenendo cos\u00ec sguardi indiscreti e soprattutto, fuori dalla portata di telecamere ed obiettivi posti nel Tribune del pubblico dell\u2019Aula di Montecitorio. Tuttavia, nell\u2019intento di agevolare e proteggere le delicate operazioni elettorali, si decise di sostituire il catafalco con nuove cabine, esteticamente in linea con lo stile architettonico eclettico di Montecitorio.<\/p>\n<p>Il risultato si rivel\u00f2 presto ottimale e funzionale: gli elettori secondo l\u2019ordine della rituale \u201cchiama\u201d, una volta ricevute la scheda (di colore diverso per ogni scrutinio fissato della Presidenza) e la matita avrebbero espresso il voto dentro le cabine semicircolari e deposto nella tradizionale urna di vimini (la c.d. insalatiera con i nastri tricolore) il biglietto votato, sotto l\u2019accurata attenzione del Presidente e dell\u2019Ufficio di Presidenza dell\u2019Assemblea.<\/p>\n<p>Si ritiene necessario marcare come il Parlamento in seduta comune, quale collegio (imperfetto), convocato tassativamente per l\u2019elezione presidenziale (e in altri rari casi previsti dalla legge), costituisca solo un \u201cseggio elettorale\u201d, dove non \u00e8 consentito esprimere opinioni o intervenire, salvo che il Presidente d\u2019Assemblea autorizzi e conceda voce a chi intenda parlare, vincolato all\u2019esclusivo motivo di affermazioni legate al mero esercizio del diritto di voto o di ulteriori connesse modalit\u00e0, quali ad esempio la successione temporale di votazioni e pause tecniche, di volta in volta fissate in calendario secondo quel ritmo intenzionalmente impresso alle riunioni per l\u2019esigenza di favorire il raggiungimento di possibili accordi.<\/p>\n<p>\u00c8 incontestabile la difficolt\u00e0 di avviare in sede di Assemblea discussioni e deliberazioni attinenti a presentazioni di candidature, o addirittura dibattiti con dichiarazioni apposite circa le designazioni ufficiali, promosse o meno dai partiti e loro direttivi dei gruppi parlamentari o <em>leader<\/em> di valore. Sebbene tale prassi sia consolidata, essa sembra porsi solo come un <em>autovincolo <\/em>per il Collegio ai fini di opportunit\u00e0 e correttezza della Seduta comune e \u201ccontinua\u201d, volendo scongiurare confronti e animati contrasti tra candidati per la suprema magistratura del Paese.<\/p>\n<p>Particolare considerazione merita la presentazione delle dimissioni del Governo, in seguito all\u2019elezione del nuovo Presidente della Repubblica, reputata un mero atto di cortesia (c.d. \u201cdimissioni di cortesia\u201d). In realt\u00e0, il predetto passaggio della vita politica assume rilievo, in quanto esalta l\u2019incisivit\u00e0 del ruolo del Presidente del Consiglio dei Ministri, espressione di riferimento unitario per la maggioranza parlamentare, proprio nel corso della trattativa e degli incontri preliminari, indispensabili per individuare il candidato da votare in Assemblea.<\/p>\n<p>\u00c8 doveroso sottolineare come la tradizione repubblicana non si sia voluta privare di un\u2019armoniosa risonanza metallica. Oltre l\u2019altana di Palazzo Montecitorio, spunta il caratteristico \u201ctorrino\u201d con l\u2019orologio e le tre campane del vecchio edificio sede dei Tribunali pontifici, poi dimora rinomata della Camera dei Deputati. Nel preciso momento in cui si raggiunge il <em>quorum<\/em> utile per la vittoria del candidato prescelto, dopo tanto silenzio e applauso alla raggiunta soglia di consenso, dal torrino le campane (che nel bronzo hanno impressa la significativa dicitura <em>\u201cDiligite justitiam qui judicatis in terra\u201d<\/em>) riemettono, in modo prolungato, i loro rintocchi cerimoniali di giubilo. Si tratta dell\u2019annuncio informale di avvenuta elezione del Presidente, il quale dovr\u00e0 solennemente giurare fedelt\u00e0 alla Repubblica e di osservanza della Costituzione, davanti alle Camere (art. 91). I Presidenti parlamentari, resi pubblici i risultati dello scrutinio, comunicano formalmente al neo Capo dello Stato l\u2019esito della votazione.<\/p>\n<p>Il Cerimoniale dispone, allora, che il Presidente eletto attraversi il Transatlantico, e preceduto dai Presidenti della Camera, faccia successivo ingresso in Aula, nella seduta parlamentare di giuramento alla Costituzione e, quindi, per leggere il messaggio di insediamento.\u00a0<\/p>\n<p>\u00c8 opportuno evidenziare come il Parlamento in seduta comune sia composto non solo da tutti i membri della Camera dei deputati e del Senato della Repubblica, ma anche dai delegati regionali. In tale scenario, la partecipazione di quest\u2019ultimi amplia la base elettorale, mediante il coinvolgimento delle maggiori articolazioni territoriale della Repubblica.<\/p>\n<p>La rappresentanza regionale, pur non avendo un forte \u201cpeso\u201d politico, riveste comunque un <em>quid<\/em> simbolico, in quanto \u00e8 per loro tramite che le Autonomie locali intervengono sulla scelta della figura chiamata a rappresentare nella sintesi l\u2019Unit\u00e0 nazionale, pertanto non esclusivo appannaggio delle formazioni politiche che concorrono all\u2019elezione del Capo dello Stato.<\/p>\n<p>All\u2019atto del giuramento, tuttavia, i delegati regionali possono assistere all\u2019evento solo nella Tribuna del pubblico: questo \u00e8 l\u2019atto solenne di avvio del settennato.<\/p>\n<p>Il mandato prende avvio con il giuramento ed il discorso di insediamento del nuovo Presidente della Repubblica. In tale occasione, il Capo dello Stato precisa l\u2019indirizzo politico-costituzionale cui ritiene di volersi attenere, esprimendo, per la prima volta, un\u2019interpretazione personale e di stile del proprio ruolo costituzionale e delle prerogative connesse.<\/p>\n<p>Il discorso di insediamento deve essere concepito, fondamentalmente, come esplicitazione del \u201cmodo di intendere\u201d le funzioni e i poteri presidenziali, nonch\u00e9 l\u2019interpretazione complessiva che i diversi Presidenti adottano all\u2019inizio del loro mandato. Da ci\u00f2 ne discende l\u2019ipotesi di un quasi <em>\u201cprogramma presidenziale\u201d<\/em>, spettando a tale figura una valutazione \u201cideale\u201d in ordine ai doveri che la Costituzione assegna al ruolo <em>super partes<\/em> dello stesso, anche bilanciando il peso dell\u2019evoluzione formale e materiale della carica al vertice dello Stato, alla luce della Carta Costituzionale. \u00a0<\/p>\n<p>Al termine del messaggio ufficiale, il Capo dello Stato, dalla Piazza Montecitorio si reca in corteo presidenziale lungo via del Corso e sosta a Piazza Venezia. Presso l\u2019Altare della Patria, egli riceve gli onori militari e depone una corona davanti al sacello del Milite Ignoto. A seguito del saluto augurale del Sindaco di Roma, con il Presidente del Consiglio dei Ministri, il Presidente sale a bordo della berlina d\u2019epoca sempre utilizzata in tale ricorrenza (Lancia Flaminia decappottabile del 1959) e riprende il percorso da via Quattro Novembre alla lieve salita di via Ventiquattro maggio, fino a varcare l\u2019ingresso del Palazzo del Quirinale, scortato dalla guardia di onore dei corazzieri.<\/p>\n<p>Il Presidente della Repubblica, al Quirinale, trova schierato il picchetto solenne in alta uniforme. A fianco del Tricolore e della bandiera europea sul pennone del torrino \u00e8 issato il vessillo presidenziale, stendardo con lo stemma dorato della Repubblica in campo azzurro, esposto per tutto il corso del mandato, quando il Capo dello Stato risieda sul Colle del Quirinale per adempiere alle sue funzioni al servizio della Nazione.<\/p>\n<p>Al Presidente uscente spettano gli onori militari di saluto e la consegna del vessillo presidenziale che viene ammainato e che tutto il suo settennato \u00e8 stato posto sul torrino del Quirinale, a fianco del Tricolore e della bandiera europea. Lo stendardo presidenziale \u00e8 il dono ricordo al Capo dello Stato che lascia il Quirinale. \u00a0<\/p>\n<p>Al Presidente Mattarella si riconosce il pregio di avere escluso qualsiasi lettura della figura e delle funzioni presidenziali, se resi in difformit\u00e0 da quanto sancito nella Costituzione compromettendone la posizione. \u00c8 doveroso segnalare come egli sia riuscito a far maturare un consenso \u201cdiffuso\u201d sul testo costituzionale.<\/p>\n<p>Il successore, dunque, non soltanto avr\u00e0 il compito di applicare e di far correttamente attuare la Costituzione nella dialettica delle forze politiche, ma anche di legittimarla davanti agli occhi della comunit\u00e0. A prescindere dai numerosi interventi \u201cpolitici\u201d \u00e8 indiscutibile l\u2019importanza che, in Italia, continua a rivestire una Presidenza della Repubblica <em>super partes<\/em>, con una funzione di moderazione e di stimolo nei confronti degli altri poteri statuali. \u00c8 altrettanto innegabile che il Capo dello Stato costituisca tuttora, tra gli organi costituzionali, il primo punto di riferimento della Nazione, nonch\u00e9 il garante di quel minimo sostrato di armonia sociale che tuttora resiste nel Paese. Peraltro, i referenti identificabili nel dettato costituzionale consentono di escludere le storiche concezioni estreme: da una parte, l\u2019idea che il Presidente costituisca un organo puramente simbolico e decorativo (propria di taluni); dall\u2019altra, la convinzione che egli sia un organo decisionale risolutivo e protagonista, specialmente in occasione delle crisi di sistema. La prima ricostruzione \u00e8 impraticabile non solo in ragione dei poteri cruciali che la Costituzione conferisce a tale figura, ma anche alla luce dell\u2019intera storia della Repubblica, nella traiettoria diversi mandati presidenziali.<\/p>\n<p>La seconda ricostruzione, invece, \u00e8 sconfessata dalla considerazione secondo la quale, ove sorgano impasse di sistema, spetta a tutte le forze intervenire con le risorse legali a disposizione, compreso il Presidente della Repubblica, garante di funzionalit\u00e0 e governabilit\u00e0. In passato, il Capo dello Stato \u00e8 stato qualificato come la figura pi\u00f9 \u201csfuggente\u201d tra le cariche costituzionali, strutturalmente vaga e, come oggi sottolineato, con natura c.d. \u201cporosa\u201d al contesto politico, anzich\u00e9 essere il risoluto garante <em>super partes<\/em>, con qualificata veste di indipendenza e stabilizzazione nella vigente forma parlamentare di governo: un ruolo neutrale non statico, bens\u00ec dinamico secondo l\u2019annotazione di Luigi Einaudi quando \u201cgli avvenimenti si seguono; e fanno s\u00ec che mutino atti e decisioni\u201d.<\/p>\n<p>La figura di Sergio Mattarella, impeccabile giurista, e caratterizzato da una storia personale peculiare, esce di \u201cscena\u201d portando a termine la missione di \u201ctenuta\u201d del sistema in stagioni di formidabile complessit\u00e0 e incidente crisi sanitaria legata alla pandemia in atto. Egli, dunque, lascia al suo successore un\u2019eredit\u00e0 \u201csenza precedenti\u201d. <em>\u201cCredo che ciascun Presidente della Repubblica, all\u2019atto della sua elezione, avverta due esigenze di fondo: spogliarsi di ogni precedente appartenenza e farsi carico esclusivamente dell\u2019interesse generale, del bene comune come bene di tutti e di ciascuno. E poi salvaguardare ruolo, poteri e prerogative dell\u2019istituzione che riceve dal suo predecessore e che \u2013 esercitandoli pienamente fino all\u2019ultimo giorno del suo mandato &#8211; deve trasmettere integri al suo successore. Non tocca a me dire se e quanto sia riuscito ad adempiere a questo dovere\u201d<\/em>.<\/p>\n<p>\u00a0<\/p>\n<p>*Professore di Diritto Costituzionale nell\u2019Universit\u00e0 del Salento; Dottoranda di ricerca in Diritto Costituzionale nell\u2019Universit\u00e0 LUM Jean Monnet<\/p>\n","protected":false},"excerpt":{"rendered":"<p>di Enrico Cuccodoro e Luana Leo* \u00c8 interessante rilevare come ciascuna Presidenza della Repubblica sia nata in un contesto storico segnato da eventi incisivi. Tale circostanza affiora dal messaggio che il Presidente della Repubblica, Sergio Mattarella, ha reso al Parlamento nel giorno del suo giuramento, avvenuto il 3 febbraio 2015.<\/p>\n<div class='heateorSssClear'><\/div><div  class='heateor_sss_sharing_container heateor_sss_horizontal_sharing' data-heateor-sss-href='https:\/\/www.lacostituzione.info\/index.php\/2022\/01\/08\/lattesa-sul-colle\/'><div class='heateor_sss_sharing_title' style=\"font-weight:bold\" >Condividi!<\/div><div class=\"heateor_sss_sharing_ul\"><a aria-label=\"Facebook\" class=\"heateor_sss_facebook\" href=\"https:\/\/www.facebook.com\/sharer\/sharer.php?u=https%3A%2F%2Fwww.lacostituzione.info%2Findex.php%2F2022%2F01%2F08%2Flattesa-sul-colle%2F\" title=\"Facebook\" rel=\"nofollow noopener\" target=\"_blank\" style=\"font-size:32px!important;box-shadow:none;display:inline-block;vertical-align:middle\"><span class=\"heateor_sss_svg\" style=\"background-color:#0765FE;width:35px;height:35px;display:inline-block;opacity:1;float:left;font-size:32px;box-shadow:none;display:inline-block;font-size:16px;padding:0 4px;vertical-align:middle;background-repeat:repeat;overflow:hidden;padding:0;cursor:pointer;box-sizing:content-box\"><svg style=\"display:block;\" focusable=\"false\" aria-hidden=\"true\" xmlns=\"http:\/\/www.w3.org\/2000\/svg\" width=\"100%\" height=\"100%\" viewBox=\"0 0 32 32\"><path fill=\"#fff\" d=\"M28 16c0-6.627-5.373-12-12-12S4 9.373 4 16c0 5.628 3.875 10.35 9.101 11.647v-7.98h-2.474V16H13.1v-1.58c0-4.085 1.849-5.978 5.859-5.978.76 0 2.072.15 2.608.298v3.325c-.283-.03-.775-.045-1.386-.045-1.967 0-2.728.745-2.728 2.683V16h3.92l-.673 3.667h-3.247v8.245C23.395 27.195 28 22.135 28 16Z\"><\/path><\/svg><\/span><\/a><a aria-label=\"Twitter\" class=\"heateor_sss_button_twitter\" href=\"https:\/\/twitter.com\/intent\/tweet?text=L%E2%80%99attesa%20sul%20Colle&url=https%3A%2F%2Fwww.lacostituzione.info%2Findex.php%2F2022%2F01%2F08%2Flattesa-sul-colle%2F\" title=\"Twitter\" rel=\"nofollow noopener\" target=\"_blank\" style=\"font-size:32px!important;box-shadow:none;display:inline-block;vertical-align:middle\"><span class=\"heateor_sss_svg heateor_sss_s__default heateor_sss_s_twitter\" style=\"background-color:#55acee;width:35px;height:35px;display:inline-block;opacity:1;float:left;font-size:32px;box-shadow:none;display:inline-block;font-size:16px;padding:0 4px;vertical-align:middle;background-repeat:repeat;overflow:hidden;padding:0;cursor:pointer;box-sizing:content-box\"><svg style=\"display:block;\" focusable=\"false\" aria-hidden=\"true\" xmlns=\"http:\/\/www.w3.org\/2000\/svg\" width=\"100%\" height=\"100%\" viewBox=\"-4 -4 39 39\"><path d=\"M28 8.557a9.913 9.913 0 0 1-2.828.775 4.93 4.93 0 0 0 2.166-2.725 9.738 9.738 0 0 1-3.13 1.194 4.92 4.92 0 0 0-3.593-1.55 4.924 4.924 0 0 0-4.794 6.049c-4.09-.21-7.72-2.17-10.15-5.15a4.942 4.942 0 0 0-.665 2.477c0 1.71.87 3.214 2.19 4.1a4.968 4.968 0 0 1-2.23-.616v.06c0 2.39 1.7 4.38 3.952 4.83-.414.115-.85.174-1.297.174-.318 0-.626-.03-.928-.086a4.935 4.935 0 0 0 4.6 3.42 9.893 9.893 0 0 1-6.114 2.107c-.398 0-.79-.023-1.175-.068a13.953 13.953 0 0 0 7.55 2.213c9.056 0 14.01-7.507 14.01-14.013 0-.213-.005-.426-.015-.637.96-.695 1.795-1.56 2.455-2.55z\" fill=\"#fff\"><\/path><\/svg><\/span><\/a><a aria-label=\"Reddit\" class=\"heateor_sss_button_reddit\" href=\"https:\/\/reddit.com\/submit?url=https%3A%2F%2Fwww.lacostituzione.info%2Findex.php%2F2022%2F01%2F08%2Flattesa-sul-colle%2F&title=L%E2%80%99attesa%20sul%20Colle\" title=\"Reddit\" rel=\"nofollow noopener\" target=\"_blank\" style=\"font-size:32px!important;box-shadow:none;display:inline-block;vertical-align:middle\"><span class=\"heateor_sss_svg heateor_sss_s__default heateor_sss_s_reddit\" style=\"background-color:#ff5700;width:35px;height:35px;display:inline-block;opacity:1;float:left;font-size:32px;box-shadow:none;display:inline-block;font-size:16px;padding:0 4px;vertical-align:middle;background-repeat:repeat;overflow:hidden;padding:0;cursor:pointer;box-sizing:content-box\"><svg style=\"display:block;\" focusable=\"false\" aria-hidden=\"true\" xmlns=\"http:\/\/www.w3.org\/2000\/svg\" width=\"100%\" height=\"100%\" viewBox=\"-3.5 -3.5 39 39\"><path d=\"M28.543 15.774a2.953 2.953 0 0 0-2.951-2.949 2.882 2.882 0 0 0-1.9.713 14.075 14.075 0 0 0-6.85-2.044l1.38-4.349 3.768.884a2.452 2.452 0 1 0 .24-1.176l-4.274-1a.6.6 0 0 0-.709.4l-1.659 5.224a14.314 14.314 0 0 0-7.316 2.029 2.908 2.908 0 0 0-1.872-.681 2.942 2.942 0 0 0-1.618 5.4 5.109 5.109 0 0 0-.062.765c0 4.158 5.037 7.541 11.229 7.541s11.22-3.383 11.22-7.541a5.2 5.2 0 0 0-.053-.706 2.963 2.963 0 0 0 1.427-2.51zm-18.008 1.88a1.753 1.753 0 0 1 1.73-1.74 1.73 1.73 0 0 1 1.709 1.74 1.709 1.709 0 0 1-1.709 1.711 1.733 1.733 0 0 1-1.73-1.711zm9.565 4.968a5.573 5.573 0 0 1-4.081 1.272h-.032a5.576 5.576 0 0 1-4.087-1.272.6.6 0 0 1 .844-.854 4.5 4.5 0 0 0 3.238.927h.032a4.5 4.5 0 0 0 3.237-.927.6.6 0 1 1 .844.854zm-.331-3.256a1.726 1.726 0 1 1 1.709-1.712 1.717 1.717 0 0 1-1.712 1.712z\" fill=\"#fff\"\/><\/svg><\/span><\/a><a aria-label=\"Linkedin\" class=\"heateor_sss_button_linkedin\" href=\"https:\/\/www.linkedin.com\/sharing\/share-offsite\/?url=https%3A%2F%2Fwww.lacostituzione.info%2Findex.php%2F2022%2F01%2F08%2Flattesa-sul-colle%2F\" title=\"Linkedin\" rel=\"nofollow noopener\" target=\"_blank\" style=\"font-size:32px!important;box-shadow:none;display:inline-block;vertical-align:middle\"><span class=\"heateor_sss_svg heateor_sss_s__default heateor_sss_s_linkedin\" style=\"background-color:#0077b5;width:35px;height:35px;display:inline-block;opacity:1;float:left;font-size:32px;box-shadow:none;display:inline-block;font-size:16px;padding:0 4px;vertical-align:middle;background-repeat:repeat;overflow:hidden;padding:0;cursor:pointer;box-sizing:content-box\"><svg style=\"display:block;\" focusable=\"false\" aria-hidden=\"true\" xmlns=\"http:\/\/www.w3.org\/2000\/svg\" width=\"100%\" height=\"100%\" viewBox=\"0 0 32 32\"><path d=\"M6.227 12.61h4.19v13.48h-4.19V12.61zm2.095-6.7a2.43 2.43 0 0 1 0 4.86c-1.344 0-2.428-1.09-2.428-2.43s1.084-2.43 2.428-2.43m4.72 6.7h4.02v1.84h.058c.56-1.058 1.927-2.176 3.965-2.176 4.238 0 5.02 2.792 5.02 6.42v7.395h-4.183v-6.56c0-1.564-.03-3.574-2.178-3.574-2.18 0-2.514 1.7-2.514 3.46v6.668h-4.187V12.61z\" fill=\"#fff\"><\/path><\/svg><\/span><\/a><a aria-label=\"Pinterest\" class=\"heateor_sss_button_pinterest\" href=\"https:\/\/www.lacostituzione.info\/index.php\/2022\/01\/08\/lattesa-sul-colle\/\" onclick=\"event.preventDefault();javascript:void( (function() {var e=document.createElement('script' );e.setAttribute('type','text\/javascript' );e.setAttribute('charset','UTF-8' );e.setAttribute('src','\/\/assets.pinterest.com\/js\/pinmarklet.js?r='+Math.random()*99999999);document.body.appendChild(e)})());\" title=\"Pinterest\" rel=\"noopener\" style=\"font-size:32px!important;box-shadow:none;display:inline-block;vertical-align:middle\"><span class=\"heateor_sss_svg heateor_sss_s__default heateor_sss_s_pinterest\" style=\"background-color:#cc2329;width:35px;height:35px;display:inline-block;opacity:1;float:left;font-size:32px;box-shadow:none;display:inline-block;font-size:16px;padding:0 4px;vertical-align:middle;background-repeat:repeat;overflow:hidden;padding:0;cursor:pointer;box-sizing:content-box\"><svg style=\"display:block;\" focusable=\"false\" aria-hidden=\"true\" xmlns=\"http:\/\/www.w3.org\/2000\/svg\" width=\"100%\" height=\"100%\" viewBox=\"-2 -2 35 35\"><path fill=\"#fff\" d=\"M16.539 4.5c-6.277 0-9.442 4.5-9.442 8.253 0 2.272.86 4.293 2.705 5.046.303.125.574.005.662-.33.061-.231.205-.816.27-1.06.088-.331.053-.447-.191-.736-.532-.627-.873-1.439-.873-2.591 0-3.338 2.498-6.327 6.505-6.327 3.548 0 5.497 2.168 5.497 5.062 0 3.81-1.686 7.025-4.188 7.025-1.382 0-2.416-1.142-2.085-2.545.397-1.674 1.166-3.48 1.166-4.689 0-1.081-.581-1.983-1.782-1.983-1.413 0-2.548 1.462-2.548 3.419 0 1.247.421 2.091.421 2.091l-1.699 7.199c-.505 2.137-.076 4.755-.039 5.019.021.158.223.196.314.077.13-.17 1.813-2.247 2.384-4.324.162-.587.929-3.631.929-3.631.46.876 1.801 1.646 3.227 1.646 4.247 0 7.128-3.871 7.128-9.053.003-3.918-3.317-7.568-8.361-7.568z\"\/><\/svg><\/span><\/a><a aria-label=\"Whatsapp\" class=\"heateor_sss_whatsapp\" href=\"https:\/\/api.whatsapp.com\/send?text=L%E2%80%99attesa%20sul%20Colle%20https%3A%2F%2Fwww.lacostituzione.info%2Findex.php%2F2022%2F01%2F08%2Flattesa-sul-colle%2F\" title=\"Whatsapp\" rel=\"nofollow noopener\" target=\"_blank\" style=\"font-size:32px!important;box-shadow:none;display:inline-block;vertical-align:middle\"><span class=\"heateor_sss_svg\" style=\"background-color:#55eb4c;width:35px;height:35px;display:inline-block;opacity:1;float:left;font-size:32px;box-shadow:none;display:inline-block;font-size:16px;padding:0 4px;vertical-align:middle;background-repeat:repeat;overflow:hidden;padding:0;cursor:pointer;box-sizing:content-box\"><svg style=\"display:block;\" focusable=\"false\" aria-hidden=\"true\" xmlns=\"http:\/\/www.w3.org\/2000\/svg\" width=\"100%\" height=\"100%\" viewBox=\"-6 -5 40 40\"><path class=\"heateor_sss_svg_stroke heateor_sss_no_fill\" stroke=\"#fff\" stroke-width=\"2\" fill=\"none\" d=\"M 11.579798566743314 24.396926207859085 A 10 10 0 1 0 6.808479557110079 20.73576436351046\"><\/path><path d=\"M 7 19 l -1 6 l 6 -1\" class=\"heateor_sss_no_fill heateor_sss_svg_stroke\" stroke=\"#fff\" stroke-width=\"2\" fill=\"none\"><\/path><path d=\"M 10 10 q -1 8 8 11 c 5 -1 0 -6 -1 -3 q -4 -3 -5 -5 c 4 -2 -1 -5 -1 -4\" fill=\"#fff\"><\/path><\/svg><\/span><\/a><\/div><div class=\"heateorSssClear\"><\/div><\/div><div class='heateorSssClear'><\/div>","protected":false},"author":1,"featured_media":0,"comment_status":"open","ping_status":"open","sticky":false,"template":"","format":"standard","meta":{"jetpack_post_was_ever_published":false,"_jetpack_newsletter_access":"","_jetpack_dont_email_post_to_subs":false,"_jetpack_newsletter_tier_id":0,"_jetpack_memberships_contains_paywalled_content":false,"_jetpack_memberships_contains_paid_content":false,"footnotes":"","jetpack_publicize_message":"","jetpack_publicize_feature_enabled":true,"jetpack_social_post_already_shared":false,"jetpack_social_options":{"image_generator_settings":{"template":"highway","default_image_id":0,"enabled":false},"version":2}},"categories":[5],"tags":[1603,113,180],"class_list":["post-8140","post","type-post","status-publish","format-standard","hentry","category-lavori-in-corso","tag-dimissioni-di-cortesia-del-governo","tag-parlamento","tag-presidente-della-repubblica"],"jetpack_publicize_connections":[],"jetpack_featured_media_url":"","jetpack_shortlink":"https:\/\/wp.me\/p84sDq-27i","jetpack_likes_enabled":true,"jetpack_sharing_enabled":true,"_links":{"self":[{"href":"https:\/\/www.lacostituzione.info\/index.php\/wp-json\/wp\/v2\/posts\/8140","targetHints":{"allow":["GET"]}}],"collection":[{"href":"https:\/\/www.lacostituzione.info\/index.php\/wp-json\/wp\/v2\/posts"}],"about":[{"href":"https:\/\/www.lacostituzione.info\/index.php\/wp-json\/wp\/v2\/types\/post"}],"author":[{"embeddable":true,"href":"https:\/\/www.lacostituzione.info\/index.php\/wp-json\/wp\/v2\/users\/1"}],"replies":[{"embeddable":true,"href":"https:\/\/www.lacostituzione.info\/index.php\/wp-json\/wp\/v2\/comments?post=8140"}],"version-history":[{"count":0,"href":"https:\/\/www.lacostituzione.info\/index.php\/wp-json\/wp\/v2\/posts\/8140\/revisions"}],"wp:attachment":[{"href":"https:\/\/www.lacostituzione.info\/index.php\/wp-json\/wp\/v2\/media?parent=8140"}],"wp:term":[{"taxonomy":"category","embeddable":true,"href":"https:\/\/www.lacostituzione.info\/index.php\/wp-json\/wp\/v2\/categories?post=8140"},{"taxonomy":"post_tag","embeddable":true,"href":"https:\/\/www.lacostituzione.info\/index.php\/wp-json\/wp\/v2\/tags?post=8140"}],"curies":[{"name":"wp","href":"https:\/\/api.w.org\/{rel}","templated":true}]}}