{"id":8154,"date":"2022-01-22T16:05:13","date_gmt":"2022-01-22T15:05:13","guid":{"rendered":"http:\/\/www.lacostituzione.info\/?p=8154"},"modified":"2023-03-08T16:30:51","modified_gmt":"2023-03-08T15:30:51","slug":"nessun-parlamentare-e-unisola-green-pass-ed-elezione-del-presidente-della-repubblica","status":"publish","type":"post","link":"https:\/\/www.lacostituzione.info\/index.php\/2022\/01\/22\/nessun-parlamentare-e-unisola-green-pass-ed-elezione-del-presidente-della-repubblica\/","title":{"rendered":"Nessun parlamentare \u00e8 un\u2019isola: green pass ed elezione del Presidente della Repubblica"},"content":{"rendered":"\n<p style=\"text-align: center;\"><a href=\"http:\/\/www.lacostituzione.info\/index.php\/2022\/01\/22\/nessun-parlamentare-e-unisola-green-pass-ed-elezione-del-presidente-della-repubblica\/altan-elezioni\/#main\" rel=\"attachment wp-att-8155\"><img loading=\"lazy\" decoding=\"async\" data-attachment-id=\"8155\" data-permalink=\"https:\/\/www.lacostituzione.info\/index.php\/2022\/01\/22\/nessun-parlamentare-e-unisola-green-pass-ed-elezione-del-presidente-della-repubblica\/altan-elezioni\/#main\" data-orig-file=\"https:\/\/www.lacostituzione.info\/wp-content\/uploads\/2022\/01\/altan-elezioni.jpg\" data-orig-size=\"620,480\" data-comments-opened=\"1\" data-image-meta=\"{&quot;aperture&quot;:&quot;0&quot;,&quot;credit&quot;:&quot;&quot;,&quot;camera&quot;:&quot;&quot;,&quot;caption&quot;:&quot;&quot;,&quot;created_timestamp&quot;:&quot;0&quot;,&quot;copyright&quot;:&quot;&quot;,&quot;focal_length&quot;:&quot;0&quot;,&quot;iso&quot;:&quot;0&quot;,&quot;shutter_speed&quot;:&quot;0&quot;,&quot;title&quot;:&quot;&quot;,&quot;orientation&quot;:&quot;0&quot;}\" data-image-title=\"altan elezioni\" data-image-description=\"\" data-image-caption=\"\" data-medium-file=\"https:\/\/www.lacostituzione.info\/wp-content\/uploads\/2022\/01\/altan-elezioni-300x232.jpg\" data-large-file=\"https:\/\/www.lacostituzione.info\/wp-content\/uploads\/2022\/01\/altan-elezioni.jpg\" class=\"aligncenter size-medium wp-image-8155\" src=\"http:\/\/www.lacostituzione.info\/wp-content\/uploads\/2022\/01\/altan-elezioni-300x232.jpg\" alt=\"\" width=\"300\" height=\"232\" srcset=\"https:\/\/www.lacostituzione.info\/wp-content\/uploads\/2022\/01\/altan-elezioni-300x232.jpg 300w, https:\/\/www.lacostituzione.info\/wp-content\/uploads\/2022\/01\/altan-elezioni.jpg 620w\" sizes=\"auto, (max-width: 300px) 100vw, 300px\" \/><\/a>di <strong>Alessandro Lauro<\/strong><\/p>\n<p>Con <a href=\"https:\/\/www.giurcost.org\/decisioni\/2022\/0015o-22.html?titolo=Ordinanza%20n.%2015\">l\u2019ordinanza n. 15\/2022<\/a>, la Corte Costituzionale ha dichiarato inammissibile il ricorso di alcuni parlamentari sardi e siciliani, sprovvisti del <em>green pass<\/em>, diretto contro il decreto-legge 30 dicembre 2021 n. 229. <!--more-->In particolare, deputati e senatori isolani contestavano l\u2019art. 1, comma 2 del decreto che ha imposto il c.d. \u201csuper green pass\u201d (rilasciato solo a seguito del vaccino o di guarigione dalla malattia, dunque non del tampone) per accedere ai mezzi pubblici.\u00a0I ricorrenti osservavano che questa norma impediva loro di recarsi a Roma per svolgere le proprie funzioni, fra le altre la partecipazione alle imminenti <a href=\"http:\/\/www.lacostituzione.info\/index.php\/2022\/01\/13\/lelezione-del-presidente-della-repubblica-in-tempo-di-pandemia-problemi-e-prospettive\/\">elezioni del capo dello Stato<\/a>.<\/p>\n<p>La Corte dichiara inammissibile il conflitto perch\u00e9 i ricorrenti non hanno saputo evidenziare una \u201clesione manifesta\u201d delle loro attribuzioni e ci\u00f2 perch\u00e9 la norma contestata era diretta all\u2019intera collettivit\u00e0 (in senso simile si era espressa poco tempo prima, nell\u2019ord. n. 256\/2021 sull\u2019applicazione del <em>green pass <\/em>semplice alle Camere).<\/p>\n<p>I giudici costituzionali osservano, per\u00f2, che le attribuzioni sono attinte solo \u201c<em>in via fattuale e di riflesso<\/em>\u201d dal decreto-legge, ma compete comunque agli organi delle Camere, nel rispetto della legislazione vigente, garantire l\u2019esercizio di tali attribuzioni \u201c<em>considerato il rilievo degli attuali impegni politico-parlamentari<\/em>\u201d.<\/p>\n<p>Ma la storia non finisce qui: nella Gazzetta Ufficiale del 21 gennaio 2022 \u00e8 stato pubblicato il <a href=\"https:\/\/www.gazzettaufficiale.it\/atto\/serie_generale\/caricaDettaglioAtto\/originario?atto.dataPubblicazioneGazzetta=2022-01-21&amp;atto.codiceRedazionale=22G00007&amp;elenco30giorni=true\">decreto legge 21 gennaio 2022 n. 2<\/a>, ribattezzato \u2013 nello stesso comunicato del Consiglio dei Ministri \u2013 \u201cdecreto Grandi elettori\u201d.\u00a0Rispondendo ad una sorta di \u201csupplica\u201d parlamentare esternata in due ordini del giorno approvati dalla Camera il 18 gennaio scorso \u2013 doverosamente richiamati nel suo preambolo \u2013, il decreto d\u2019urgenza stabilisce alcune deroghe all\u2019attuale regime di sorveglianza sanitaria dei positivi al Covid-19, onde consentire la partecipazione di tutti quei \u201cgrandi elettori\u201d (parlamentari e delegati regionali) agli scrutini che, a partire dal 24 gennaio, tenteranno di individuare il successore di Sergio Mattarella. Dunque, per evitare che un gran numero di membri del collegio elettorale non potesse prendere parte alle votazioni \u2013 con un rischio non indifferente sul raggiungimento dei quorum fissati dall\u2019art. 83 Cost. \u2013 si \u00e8 organizzato un seggio <em>drive-in<\/em>, che consenta ai positivi di esprimere la loro preferenza, mantenendo alcune accortezze.<\/p>\n<p>I grandi elettori \u2013 anche se teoricamente soggetti al regime dell\u2019isolamento o della quarantena \u2013 sono autorizzati a spostarsi nel territorio nazionale per recarsi al seggio loro dedicato. Resta fermo il divieto di utilizzare mezzi pubblici (art. 1, comma 2, lett. a).\u00a0Ebbene, dalle inequivoche disposizioni del decreto sono ancora esclusi i parlamentari isolani <em>no-pass<\/em>, a cui potrebbero invero aggiungersi i loro colleghi che \u2013 anche se vaccinati \u2013 risultassero positivi nelle isole e non avessero a disposizione un piccolo traghetto o un jet privato per raggiungere Roma.<\/p>\n<p>Si tratta di una rottura senza precedenti del principio di uguaglianza fra gli elettori presidenziali, tanto pi\u00f9 grave nei confronti dei parlamentari, <em>ciascuno dei quali<\/em> (art. 67 Cost.) rappresenta la Nazione senza vincoli di mandato.\u00a0Se nei casi precedenti la Corte costituzionale ha avuto buon gioco (ord. n. 256\/2021) a sottolineare che il parlamentare deve adeguarsi alle regole valide per tutti, attivandosi semmai per modificarle (seppur si potrebbe obiettare: come pu\u00f2 modificarle, se non pu\u00f2 entrare nelle Camere?), qui si crea, per via d\u2019omissione, una diversit\u00e0 di trattamento della quale non \u00e8 possibile vedere il logico fondamento (che certo non pu\u00f2 essere l\u2019utilizzo di \u201cmezzi pubblici\u201d: non sarebbe possibile trovare una piccola cabina per isolare un positivo o un non vaccinato su un traghetto che fra la spola fra la Sardegna e Livorno?). Peraltro \u2013 ferma ovviamente la natura di deroga temporanea alla politica vaccinale intrapresa \u2013 ammettere su un mezzo di trasporto un soggetto non vaccinato che fosse testato negativo dovrebbe tendenzialmente comportare meno rischi per la salute pubblica di un soggetto positivo comunque autorizzato a muoversi.<\/p>\n<p>Potrebbe avanzarsi l\u2019ipotesi <em>in extremis <\/em>del voto elettronico a distanza: il problema \u00e8 che, non avendolo previsto in via generale per tutti gli elettori impossibilitati a recarsi a Roma, autorizzare uno sparuto numero a votare online non consente di garantire in maniera sufficiente la segretezza del voto (un conto \u00e8 raccogliere cinquanta voti, altro averne cinque&#8230;).<\/p>\n<p>La sciente esclusione di una parte \u2013 ancorch\u00e9 minima: ma la democrazia costituzionale non si fonda forse sulla tutela delle <a href=\"https:\/\/www.eublog.eu\/articolo\/34921\/Insanior-pars:-sui-%E2%80%9Cvincoli-sanitari%E2%80%9D-al-mandato-parlamentare\/Lauro\" class=\"broken_link\">minoranze<\/a>? \u2013 di elettori presidenziali, nel momento in cui si \u00e8 deciso di garantire il voto di (quasi) tutti tramite una deroga alle regole valevoli per la collettivit\u00e0, getta un\u2019ombra troppo grave su un procedimento volto ad eleggere il \u201crappresentante dell\u2019unit\u00e0 nazionale\u201d. Tanto pi\u00f9 grave nella misura in cui il decreto non sar\u00e0 convertito prima della conclusione delle operazioni, impedendosi cos\u00ec una sua modifica (in effetti, il Senato <a href=\"https:\/\/www.gazzettaufficiale.it\/atto\/serie_generale\/caricaDettaglioAtto\/originario?atto.dataPubblicazioneGazzetta=2022-01-22&amp;atto.codiceRedazionale=22A00554&amp;elenco30giorni=false\">\u00e8 convocato<\/a> per la \u201ccomunicazione della presentazione di un disegno di legge di conversione\u201d, ma le attivit\u00e0 saranno sospese nel corso delle sedute comuni delle Camere).<\/p>\n<p>In una magistrale sentenza del 1995 (<a href=\"https:\/\/www.giurcost.org\/decisioni\/1995\/0161s-95.html?titolo=Sentenza%20n.%20161\">n. 161<\/a>), la Corte costituzionale \u2013 relatore Enzo Cheli \u2013 sottolineava che la configurazione temporale nell\u2019adozione del decreto-legge era foriera di rischi consistenti quanto alle possibilit\u00e0 di tutela, \u00ab<em>[r]ischi, questi, suscettibili di assumere connotazioni ancora pi\u00f9 gravi nelle ipotesi in cui l&#8217;impiego del decreto-legge possa condurre a comprimere diritti fondamentali (e in particolare diritti politici), a incidere sulla materia costituzionale, a determinare &#8211; nei confronti dei soggetti privati &#8211; situazioni non pi\u00f9 reversibili n\u00e9 sanabili anche a seguito della perdita di efficacia della norma. In tali ipotesi, certamente deprecabili &#8211; ma suscettibili di manifestarsi non soltanto attraverso l&#8217;impiego della decretazione d&#8217;urgenza &#8211; il ricorso allo strumento del conflitto tra i poteri dello Stato pu\u00f2, dunque, rappresentare la forma necessaria per apprestare una difesa in grado di unire all&#8217;immediatezza l&#8217;efficacia<\/em>\u00bb.<\/p>\n<p>Una parte della dottrina ha scritto\u00a0 che in questa sentenza il giudice costituzionale stava \u201criflettendo ad alta voce\u201d (Cicconetti): insomma, un\u2019astratta evocazione di casi-limite. Ma la storia repubblicana ci ha mostrato \u2013 e forse ci mostrer\u00e0 <a href=\"http:\/\/www.lacostituzione.info\/index.php\/2021\/12\/08\/da-chigi-al-quirinale-un-trasloco-da-organizzare\/\">in un prossimo futuro<\/a> \u2013 che i \u201ccasi di scuola\u201d non esistono. E questo sembrerebbe essere proprio uno di quei casi-limite che si vorrebbero impossibili, ma che una volta realizzatisi occorre, quantomeno, affrontare.<\/p>\n<pre><span style=\"color: #999999;\">La vignetta \u00e8 di Altan<\/span><\/pre>\n","protected":false},"excerpt":{"rendered":"<p>di Alessandro Lauro Con l\u2019ordinanza n. 15\/2022, la Corte Costituzionale ha dichiarato inammissibile il ricorso di alcuni parlamentari sardi e siciliani, sprovvisti del green pass, diretto contro il decreto-legge 30 dicembre 2021 n. 229.<\/p>\n<div class='heateorSssClear'><\/div><div  class='heateor_sss_sharing_container heateor_sss_horizontal_sharing' data-heateor-sss-href='https:\/\/www.lacostituzione.info\/index.php\/2022\/01\/22\/nessun-parlamentare-e-unisola-green-pass-ed-elezione-del-presidente-della-repubblica\/'><div class='heateor_sss_sharing_title' style=\"font-weight:bold\" >Condividi!<\/div><div class=\"heateor_sss_sharing_ul\"><a aria-label=\"Facebook\" class=\"heateor_sss_facebook\" href=\"https:\/\/www.facebook.com\/sharer\/sharer.php?u=https%3A%2F%2Fwww.lacostituzione.info%2Findex.php%2F2022%2F01%2F22%2Fnessun-parlamentare-e-unisola-green-pass-ed-elezione-del-presidente-della-repubblica%2F\" title=\"Facebook\" rel=\"nofollow noopener\" target=\"_blank\" style=\"font-size:32px!important;box-shadow:none;display:inline-block;vertical-align:middle\"><span class=\"heateor_sss_svg\" style=\"background-color:#0765FE;width:35px;height:35px;display:inline-block;opacity:1;float:left;font-size:32px;box-shadow:none;display:inline-block;font-size:16px;padding:0 4px;vertical-align:middle;background-repeat:repeat;overflow:hidden;padding:0;cursor:pointer;box-sizing:content-box\"><svg style=\"display:block;\" focusable=\"false\" aria-hidden=\"true\" xmlns=\"http:\/\/www.w3.org\/2000\/svg\" width=\"100%\" height=\"100%\" viewBox=\"0 0 32 32\"><path fill=\"#fff\" d=\"M28 16c0-6.627-5.373-12-12-12S4 9.373 4 16c0 5.628 3.875 10.35 9.101 11.647v-7.98h-2.474V16H13.1v-1.58c0-4.085 1.849-5.978 5.859-5.978.76 0 2.072.15 2.608.298v3.325c-.283-.03-.775-.045-1.386-.045-1.967 0-2.728.745-2.728 2.683V16h3.92l-.673 3.667h-3.247v8.245C23.395 27.195 28 22.135 28 16Z\"><\/path><\/svg><\/span><\/a><a aria-label=\"Twitter\" class=\"heateor_sss_button_twitter\" href=\"https:\/\/twitter.com\/intent\/tweet?text=Nessun%20parlamentare%20%C3%A8%20un%E2%80%99isola%3A%20green%20pass%20ed%20elezione%20del%20Presidente%20della%20Repubblica&url=https%3A%2F%2Fwww.lacostituzione.info%2Findex.php%2F2022%2F01%2F22%2Fnessun-parlamentare-e-unisola-green-pass-ed-elezione-del-presidente-della-repubblica%2F\" title=\"Twitter\" rel=\"nofollow noopener\" target=\"_blank\" style=\"font-size:32px!important;box-shadow:none;display:inline-block;vertical-align:middle\"><span class=\"heateor_sss_svg heateor_sss_s__default heateor_sss_s_twitter\" style=\"background-color:#55acee;width:35px;height:35px;display:inline-block;opacity:1;float:left;font-size:32px;box-shadow:none;display:inline-block;font-size:16px;padding:0 4px;vertical-align:middle;background-repeat:repeat;overflow:hidden;padding:0;cursor:pointer;box-sizing:content-box\"><svg style=\"display:block;\" focusable=\"false\" aria-hidden=\"true\" xmlns=\"http:\/\/www.w3.org\/2000\/svg\" width=\"100%\" height=\"100%\" viewBox=\"-4 -4 39 39\"><path d=\"M28 8.557a9.913 9.913 0 0 1-2.828.775 4.93 4.93 0 0 0 2.166-2.725 9.738 9.738 0 0 1-3.13 1.194 4.92 4.92 0 0 0-3.593-1.55 4.924 4.924 0 0 0-4.794 6.049c-4.09-.21-7.72-2.17-10.15-5.15a4.942 4.942 0 0 0-.665 2.477c0 1.71.87 3.214 2.19 4.1a4.968 4.968 0 0 1-2.23-.616v.06c0 2.39 1.7 4.38 3.952 4.83-.414.115-.85.174-1.297.174-.318 0-.626-.03-.928-.086a4.935 4.935 0 0 0 4.6 3.42 9.893 9.893 0 0 1-6.114 2.107c-.398 0-.79-.023-1.175-.068a13.953 13.953 0 0 0 7.55 2.213c9.056 0 14.01-7.507 14.01-14.013 0-.213-.005-.426-.015-.637.96-.695 1.795-1.56 2.455-2.55z\" fill=\"#fff\"><\/path><\/svg><\/span><\/a><a aria-label=\"Reddit\" class=\"heateor_sss_button_reddit\" href=\"https:\/\/reddit.com\/submit?url=https%3A%2F%2Fwww.lacostituzione.info%2Findex.php%2F2022%2F01%2F22%2Fnessun-parlamentare-e-unisola-green-pass-ed-elezione-del-presidente-della-repubblica%2F&title=Nessun%20parlamentare%20%C3%A8%20un%E2%80%99isola%3A%20green%20pass%20ed%20elezione%20del%20Presidente%20della%20Repubblica\" title=\"Reddit\" rel=\"nofollow noopener\" target=\"_blank\" style=\"font-size:32px!important;box-shadow:none;display:inline-block;vertical-align:middle\"><span class=\"heateor_sss_svg heateor_sss_s__default heateor_sss_s_reddit\" style=\"background-color:#ff5700;width:35px;height:35px;display:inline-block;opacity:1;float:left;font-size:32px;box-shadow:none;display:inline-block;font-size:16px;padding:0 4px;vertical-align:middle;background-repeat:repeat;overflow:hidden;padding:0;cursor:pointer;box-sizing:content-box\"><svg style=\"display:block;\" focusable=\"false\" aria-hidden=\"true\" xmlns=\"http:\/\/www.w3.org\/2000\/svg\" width=\"100%\" height=\"100%\" viewBox=\"-3.5 -3.5 39 39\"><path d=\"M28.543 15.774a2.953 2.953 0 0 0-2.951-2.949 2.882 2.882 0 0 0-1.9.713 14.075 14.075 0 0 0-6.85-2.044l1.38-4.349 3.768.884a2.452 2.452 0 1 0 .24-1.176l-4.274-1a.6.6 0 0 0-.709.4l-1.659 5.224a14.314 14.314 0 0 0-7.316 2.029 2.908 2.908 0 0 0-1.872-.681 2.942 2.942 0 0 0-1.618 5.4 5.109 5.109 0 0 0-.062.765c0 4.158 5.037 7.541 11.229 7.541s11.22-3.383 11.22-7.541a5.2 5.2 0 0 0-.053-.706 2.963 2.963 0 0 0 1.427-2.51zm-18.008 1.88a1.753 1.753 0 0 1 1.73-1.74 1.73 1.73 0 0 1 1.709 1.74 1.709 1.709 0 0 1-1.709 1.711 1.733 1.733 0 0 1-1.73-1.711zm9.565 4.968a5.573 5.573 0 0 1-4.081 1.272h-.032a5.576 5.576 0 0 1-4.087-1.272.6.6 0 0 1 .844-.854 4.5 4.5 0 0 0 3.238.927h.032a4.5 4.5 0 0 0 3.237-.927.6.6 0 1 1 .844.854zm-.331-3.256a1.726 1.726 0 1 1 1.709-1.712 1.717 1.717 0 0 1-1.712 1.712z\" fill=\"#fff\"\/><\/svg><\/span><\/a><a aria-label=\"Linkedin\" class=\"heateor_sss_button_linkedin\" href=\"https:\/\/www.linkedin.com\/sharing\/share-offsite\/?url=https%3A%2F%2Fwww.lacostituzione.info%2Findex.php%2F2022%2F01%2F22%2Fnessun-parlamentare-e-unisola-green-pass-ed-elezione-del-presidente-della-repubblica%2F\" title=\"Linkedin\" rel=\"nofollow noopener\" target=\"_blank\" style=\"font-size:32px!important;box-shadow:none;display:inline-block;vertical-align:middle\"><span class=\"heateor_sss_svg heateor_sss_s__default heateor_sss_s_linkedin\" style=\"background-color:#0077b5;width:35px;height:35px;display:inline-block;opacity:1;float:left;font-size:32px;box-shadow:none;display:inline-block;font-size:16px;padding:0 4px;vertical-align:middle;background-repeat:repeat;overflow:hidden;padding:0;cursor:pointer;box-sizing:content-box\"><svg style=\"display:block;\" focusable=\"false\" aria-hidden=\"true\" xmlns=\"http:\/\/www.w3.org\/2000\/svg\" width=\"100%\" height=\"100%\" viewBox=\"0 0 32 32\"><path d=\"M6.227 12.61h4.19v13.48h-4.19V12.61zm2.095-6.7a2.43 2.43 0 0 1 0 4.86c-1.344 0-2.428-1.09-2.428-2.43s1.084-2.43 2.428-2.43m4.72 6.7h4.02v1.84h.058c.56-1.058 1.927-2.176 3.965-2.176 4.238 0 5.02 2.792 5.02 6.42v7.395h-4.183v-6.56c0-1.564-.03-3.574-2.178-3.574-2.18 0-2.514 1.7-2.514 3.46v6.668h-4.187V12.61z\" fill=\"#fff\"><\/path><\/svg><\/span><\/a><a aria-label=\"Pinterest\" class=\"heateor_sss_button_pinterest\" href=\"https:\/\/www.lacostituzione.info\/index.php\/2022\/01\/22\/nessun-parlamentare-e-unisola-green-pass-ed-elezione-del-presidente-della-repubblica\/\" onclick=\"event.preventDefault();javascript:void( (function() {var e=document.createElement('script' );e.setAttribute('type','text\/javascript' );e.setAttribute('charset','UTF-8' );e.setAttribute('src','\/\/assets.pinterest.com\/js\/pinmarklet.js?r='+Math.random()*99999999);document.body.appendChild(e)})());\" title=\"Pinterest\" rel=\"noopener\" style=\"font-size:32px!important;box-shadow:none;display:inline-block;vertical-align:middle\"><span class=\"heateor_sss_svg heateor_sss_s__default heateor_sss_s_pinterest\" style=\"background-color:#cc2329;width:35px;height:35px;display:inline-block;opacity:1;float:left;font-size:32px;box-shadow:none;display:inline-block;font-size:16px;padding:0 4px;vertical-align:middle;background-repeat:repeat;overflow:hidden;padding:0;cursor:pointer;box-sizing:content-box\"><svg style=\"display:block;\" focusable=\"false\" aria-hidden=\"true\" xmlns=\"http:\/\/www.w3.org\/2000\/svg\" width=\"100%\" height=\"100%\" viewBox=\"-2 -2 35 35\"><path fill=\"#fff\" d=\"M16.539 4.5c-6.277 0-9.442 4.5-9.442 8.253 0 2.272.86 4.293 2.705 5.046.303.125.574.005.662-.33.061-.231.205-.816.27-1.06.088-.331.053-.447-.191-.736-.532-.627-.873-1.439-.873-2.591 0-3.338 2.498-6.327 6.505-6.327 3.548 0 5.497 2.168 5.497 5.062 0 3.81-1.686 7.025-4.188 7.025-1.382 0-2.416-1.142-2.085-2.545.397-1.674 1.166-3.48 1.166-4.689 0-1.081-.581-1.983-1.782-1.983-1.413 0-2.548 1.462-2.548 3.419 0 1.247.421 2.091.421 2.091l-1.699 7.199c-.505 2.137-.076 4.755-.039 5.019.021.158.223.196.314.077.13-.17 1.813-2.247 2.384-4.324.162-.587.929-3.631.929-3.631.46.876 1.801 1.646 3.227 1.646 4.247 0 7.128-3.871 7.128-9.053.003-3.918-3.317-7.568-8.361-7.568z\"\/><\/svg><\/span><\/a><a aria-label=\"Whatsapp\" class=\"heateor_sss_whatsapp\" href=\"https:\/\/api.whatsapp.com\/send?text=Nessun%20parlamentare%20%C3%A8%20un%E2%80%99isola%3A%20green%20pass%20ed%20elezione%20del%20Presidente%20della%20Repubblica%20https%3A%2F%2Fwww.lacostituzione.info%2Findex.php%2F2022%2F01%2F22%2Fnessun-parlamentare-e-unisola-green-pass-ed-elezione-del-presidente-della-repubblica%2F\" title=\"Whatsapp\" rel=\"nofollow noopener\" target=\"_blank\" style=\"font-size:32px!important;box-shadow:none;display:inline-block;vertical-align:middle\"><span class=\"heateor_sss_svg\" style=\"background-color:#55eb4c;width:35px;height:35px;display:inline-block;opacity:1;float:left;font-size:32px;box-shadow:none;display:inline-block;font-size:16px;padding:0 4px;vertical-align:middle;background-repeat:repeat;overflow:hidden;padding:0;cursor:pointer;box-sizing:content-box\"><svg style=\"display:block;\" focusable=\"false\" aria-hidden=\"true\" xmlns=\"http:\/\/www.w3.org\/2000\/svg\" width=\"100%\" height=\"100%\" viewBox=\"-6 -5 40 40\"><path class=\"heateor_sss_svg_stroke heateor_sss_no_fill\" stroke=\"#fff\" stroke-width=\"2\" fill=\"none\" d=\"M 11.579798566743314 24.396926207859085 A 10 10 0 1 0 6.808479557110079 20.73576436351046\"><\/path><path d=\"M 7 19 l -1 6 l 6 -1\" class=\"heateor_sss_no_fill heateor_sss_svg_stroke\" stroke=\"#fff\" stroke-width=\"2\" fill=\"none\"><\/path><path d=\"M 10 10 q -1 8 8 11 c 5 -1 0 -6 -1 -3 q -4 -3 -5 -5 c 4 -2 -1 -5 -1 -4\" fill=\"#fff\"><\/path><\/svg><\/span><\/a><\/div><div class=\"heateorSssClear\"><\/div><\/div><div class='heateorSssClear'><\/div>","protected":false},"author":1,"featured_media":0,"comment_status":"open","ping_status":"open","sticky":false,"template":"","format":"standard","meta":{"jetpack_post_was_ever_published":false,"_jetpack_newsletter_access":"","_jetpack_dont_email_post_to_subs":false,"_jetpack_newsletter_tier_id":0,"_jetpack_memberships_contains_paywalled_content":false,"_jetpack_memberships_contains_paid_content":false,"footnotes":"","jetpack_publicize_message":"","jetpack_publicize_feature_enabled":true,"jetpack_social_post_already_shared":false,"jetpack_social_options":{"image_generator_settings":{"template":"highway","default_image_id":0,"enabled":false},"version":2}},"categories":[5],"tags":[1281,320,1569,1575],"class_list":["post-8154","post","type-post","status-publish","format-standard","hentry","category-lavori-in-corso","tag-decreto-legge","tag-elettori","tag-elezione-del-presidente-della-repubblica","tag-green-pass"],"jetpack_publicize_connections":[],"jetpack_featured_media_url":"","jetpack_shortlink":"https:\/\/wp.me\/p84sDq-27w","jetpack_likes_enabled":true,"jetpack_sharing_enabled":true,"_links":{"self":[{"href":"https:\/\/www.lacostituzione.info\/index.php\/wp-json\/wp\/v2\/posts\/8154","targetHints":{"allow":["GET"]}}],"collection":[{"href":"https:\/\/www.lacostituzione.info\/index.php\/wp-json\/wp\/v2\/posts"}],"about":[{"href":"https:\/\/www.lacostituzione.info\/index.php\/wp-json\/wp\/v2\/types\/post"}],"author":[{"embeddable":true,"href":"https:\/\/www.lacostituzione.info\/index.php\/wp-json\/wp\/v2\/users\/1"}],"replies":[{"embeddable":true,"href":"https:\/\/www.lacostituzione.info\/index.php\/wp-json\/wp\/v2\/comments?post=8154"}],"version-history":[{"count":0,"href":"https:\/\/www.lacostituzione.info\/index.php\/wp-json\/wp\/v2\/posts\/8154\/revisions"}],"wp:attachment":[{"href":"https:\/\/www.lacostituzione.info\/index.php\/wp-json\/wp\/v2\/media?parent=8154"}],"wp:term":[{"taxonomy":"category","embeddable":true,"href":"https:\/\/www.lacostituzione.info\/index.php\/wp-json\/wp\/v2\/categories?post=8154"},{"taxonomy":"post_tag","embeddable":true,"href":"https:\/\/www.lacostituzione.info\/index.php\/wp-json\/wp\/v2\/tags?post=8154"}],"curies":[{"name":"wp","href":"https:\/\/api.w.org\/{rel}","templated":true}]}}