{"id":8169,"date":"2022-02-01T17:20:11","date_gmt":"2022-02-01T16:20:11","guid":{"rendered":"http:\/\/www.lacostituzione.info\/?p=8169"},"modified":"2022-02-01T20:26:53","modified_gmt":"2022-02-01T19:26:53","slug":"il-tentato-putsch-della-casellati","status":"publish","type":"post","link":"https:\/\/www.lacostituzione.info\/index.php\/2022\/02\/01\/il-tentato-putsch-della-casellati\/","title":{"rendered":"Il tentato \u201cputsch\u201d della Casellati"},"content":{"rendered":"\n<p>di <strong>Salvatore Curreri<a href=\"http:\/\/www.lacostituzione.info\/index.php\/2022\/02\/01\/il-tentato-putsch-della-casellati\/whatsapp-image-2022-02-01-at-16-44-50\/#main\" rel=\"attachment wp-att-8177\"><img loading=\"lazy\" decoding=\"async\" data-attachment-id=\"8177\" data-permalink=\"https:\/\/www.lacostituzione.info\/index.php\/2022\/02\/01\/il-tentato-putsch-della-casellati\/whatsapp-image-2022-02-01-at-16-44-50\/#main\" data-orig-file=\"https:\/\/www.lacostituzione.info\/wp-content\/uploads\/2022\/02\/WhatsApp-Image-2022-02-01-at-16.44.50.jpeg\" data-orig-size=\"301,168\" data-comments-opened=\"1\" data-image-meta=\"{&quot;aperture&quot;:&quot;0&quot;,&quot;credit&quot;:&quot;&quot;,&quot;camera&quot;:&quot;&quot;,&quot;caption&quot;:&quot;&quot;,&quot;created_timestamp&quot;:&quot;0&quot;,&quot;copyright&quot;:&quot;&quot;,&quot;focal_length&quot;:&quot;0&quot;,&quot;iso&quot;:&quot;0&quot;,&quot;shutter_speed&quot;:&quot;0&quot;,&quot;title&quot;:&quot;&quot;,&quot;orientation&quot;:&quot;0&quot;}\" data-image-title=\"WhatsApp Image 2022-02-01 at 16.44.50\" data-image-description=\"\" data-image-caption=\"\" data-medium-file=\"https:\/\/www.lacostituzione.info\/wp-content\/uploads\/2022\/02\/WhatsApp-Image-2022-02-01-at-16.44.50-300x167.jpeg\" data-large-file=\"https:\/\/www.lacostituzione.info\/wp-content\/uploads\/2022\/02\/WhatsApp-Image-2022-02-01-at-16.44.50.jpeg\" class=\"alignright size-thumbnail wp-image-8177\" src=\"http:\/\/www.lacostituzione.info\/wp-content\/uploads\/2022\/02\/WhatsApp-Image-2022-02-01-at-16.44.50-150x150.jpeg\" alt=\"\" width=\"150\" height=\"150\" \/><\/a><\/strong><\/p>\n<p>Per quanto (pare) destinato a non aver seguito, il tentativo della Presidente del Senato di autorizzare la costituzione del gruppo parlamentare <em>Costituzione, Ambiente e Lavoro<\/em>, grazie al contrassegno elettorale dell\u2019<em>Italia dei Valori, <\/em>non merita proprio di passare inosservato per molteplici ragioni.<!--more--><\/p>\n<p>Innanzi tutto non sfuggir\u00e0 &#8211; ed in effetti non \u00e8 sfuggita ai pi\u00f9 attenti giornalisti parlamentari &#8211; l\u2019assoluta inopportunit\u00e0 (a voler essere indulgenti) di un\u2019iniziativa comunicata nella riunione della Conferenza dei presidenti dei Gruppi parlamentari convocata il 28 gennaio 2022 alle ore 10, un\u2019ora prima dell\u2019inizio della quinta votazione per l\u2019elezione del Presidente della Repubblica nella quale, com\u2019\u00e8 noto, la stessa Presidente del Senato era candidata per il centro destra. Senza voler necessariamente aderire al sommo pensiero del divo Giulio (\u201ca pensare male si fa peccato, ma spesso ci si azzecca\u201d), baster\u00e0 qui ricordare che, costituendosi in gruppo parlamentare autonomo, i dieci senatori in questione &#8211; tutti gi\u00e0 aderenti al MoVimento 5 Stelle e capeggiati da Elio Lannutti, titolare del simbolo elettorale dell\u2019<em>Italia dei Valori<\/em> &#8211; avrebbero conseguito visibilit\u00e0 politica, vantaggi procedurali e, non da ultimo, finanziamenti alla loro attivit\u00e0. Lascio quindi all\u2019intelligenza del lettore valutare se il <em>timing <\/em>della decisione (ora a quanto pare rientrata a seguito della richiesta di revoca formulata dallo stesso Lannutti dopo le polemiche suscitate) sia una sfortunata coincidenza oppure possa essere rubricata alla voce <em>captatio benevolentiae<\/em> in vista (in funzione?) dello scrutinio presidenziale che da l\u00ec a poco si sarebbe svolto.<\/p>\n<p>Oltrech\u00e9 inopportuna, la pretesa costituzione di tale gruppo parlamentare solleva pi\u00f9 di un motivo di perplessit\u00e0 sotto il profilo strettamente regolamentare. In primo luogo, non pu\u00f2 non evidenziarsi come la sede pi\u00f9 opportuna per simili comunicazioni sarebbe stata la Giunta per il regolamento e non la Conferenza dei Presidenti dei gruppi parlamentari, peraltro sembra \u2013 la formula dubitativa \u00e8 d\u2019obbligo in mancanza di documenti ufficiali \u2013 riunitasi in via informale a margine della Conferenza unificata dei presidenti dei Gruppi di Camera e Senato. \u00c8 infatti la Giunta per il regolamento l\u2019organo designato ad esprimere il proprio \u201cparere su questioni di interpretazione del Regolamento ad essa sottoposte dal Presidente del Senato\u201d (art. 18.3 reg. Sen.). Il non aver voluto convocare tale Giunta &#8211; forse per le ragioni di <em>timing<\/em> sopra accennate &#8211; non toglie nulla al fatto che la decisione della Presidente avrebbe voluto assumere (anzi che aveva assunto, salvo doverla revocare come detto nel breve volgere di 48 ore) era e rimane ampiamente controvertibile sotto il profilo regolamentare.<\/p>\n<p>Com\u2019\u00e8 noto, infatti, dal 2017 per costituire un gruppo parlamentare al Senato non occorre soltanto che vi aderiscano almeno dieci senatori (requisito numerico) ma anche che questi rappresenti \u201cun partito o movimento politico, anche risultante dall\u2019aggregazione di pi\u00f9 partiti o movimenti politici, che abbia presentato alle elezioni del Senato propri candidati con lo stesso contrassegno, conseguendo l\u2019elezione di Senatori\u201d. Inoltre, i partiti o movimenti politici che hanno presentato alle elezioni congiuntamente liste di candidati con il medesimo contrassegno possono costituire un solo gruppo oppure pi\u00f9 gruppi autonomi (art. 18.4 reg. Sen.).<\/p>\n<p>Ebbene nelle ultime elezioni politiche del 4 marzo 2018 l\u2019Italia dei Valori si \u00e8 presentata con il proprio simbolo elettorale con altri quattro partiti (<em>Alternativa Popolare<\/em>, <em>Centristi per l&#8217;Europa<\/em>, <em>Unione per il Trentino-Democrazia Solidale<\/em> e <em>L&#8217;Italia \u00e8 Popolare<\/em>) all&#8217;interno del comune contrassegno elettorale di <em>Civica Popolare Lorenzin<\/em> che non ha ottenuto alcun seggio nella quota proporzionale (con 157.282 voti, pari allo 0,52%) ed ottenendo un solo eletto in quella uninominale (il sen. Casini nel collegio uninominale di Bologna), dove \u2013 \u00e8 bene precisare \u2013 i candidati non si presentano con un contrassegno elettorale.<\/p>\n<p>Il fatto che, quindi, l\u2019<em>Italia dei Valori <\/em>non abbia ottenuto alcun proprio candidato eletto vale a marcare la differenza rispetto al precedente costituito dal gruppo parlamentare di <em>Italia Viva \u2013 Partito socialista italiano<\/em> che si \u00e8 potuto costituire (<a href=\"http:\/\/www.lacostituzione.info\/index.php\/2021\/01\/20\/si-sciogliera-il-gruppo-parlamentare-italia-viva-p-s-i-al-senato\/\">ne abbiamo scritto qui<\/a>), nonostante Italia Viva non si era presentata alle ultime elezioni politiche, grazie giustappunto al decisivo sostegno del Partito socialista guidato dal sen. Nencini (proveniente dal gruppo misto), eletto nel collegio uninominale Toscana \u2013 04 (Arezzo \u2013 Siena) per l\u2019intero centro sinistra con il simbolo <em>Italia Europa Insieme<\/em>, di cui il Partito socialista italiano era solo una delle tre componenti (con la Federazione dei Verdi di Bonelli e Area civica di Santagata). Peraltro, anche in quel caso si fece riferimento ad un eletto nella quota maggioritaria anzich\u00e9 proporzionale, e quindi non presentatosi agli elettori con un proprio contrassegno elettorale. In quel caso, per\u00f2, l\u2019elezione del sen. Nencini fu ricondotta al Partito socialista in virt\u00f9 della carica di presidenza ivi ricoperta. Nulla di tutto ci\u00f2, invece, pu\u00f2 analogamente invocarsi per l\u2019<em>Italia dei Valori<\/em>, cui non appartiene (e, senza timore di smentita, mai apparterr\u00e0) il sen. Casini.<\/p>\n<p>\u00c8 evidente, quindi, che la costituzione in gruppo parlamentare autonomo dei deputati ex pentastellati sfruttando il simbolo elettorale di una forza politica che, presentatasi alle elezioni con altri partiti senza ottenervi alcun seggio, n\u00e9 proporzionale n\u00e9 maggioritario, avrebbe costituito un gravissimo strappo regolamentare in chiara violazione della lettera e, ancor prima, della <em>ratio<\/em> della riforma regolamentare del 2017, nata all\u2019insegna della corrispondenza tra gruppi parlamentari e forze politiche che hanno ottenuto propri eletti nelle ultime elezioni politiche. In tal modo, infatti, si consente a forze politiche, per il sol fatto di essersi presentate alle elezioni, di essere comunque rappresentate nelle assemblee parlamentari da soggetti eletti con altre forze politiche. In tal modo, qualunque gruppo di parlamentari transfughi potrebbe costituirsi in gruppo autonomo sfruttando uno qualsiasi dei contrassegni concessi da soggetti anche extraparlamentari (come accaduto alla Camera con le componenti politiche <em>Cambiamo! 10 Volte Meglio <\/em><a href=\"https:\/\/www.lacostituzione.info\/index.php\/2020\/01\/11\/il-gruppo-politico-etero-costituito-ed-etero-sciolto-le-oscure-vicende-di-cambiamo-10-volte-meglio\/\">etero-costituita ed etero sciolta<\/a> e <a href=\"https:\/\/www.lacostituzione.info\/index.php\/2020\/06\/03\/una-nuova-componente-politica-etero-costituita-il-caso-di-popolo-protagonista-alternativa-popolare\/\"><em>Popolo protagonista \u2013 Alternativa popolare<\/em><\/a>), dando vita cos\u00ec ad un indecoroso \u201cmercato dei simboli elettorali\u201d.<\/p>\n<p>Mercato, peraltro, che si \u00e8 gi\u00e0 avuto al Senato per quanto riguarda le componenti politiche del misto, introdotte in virt\u00f9 del parere \u201cinterpretativo\u201d della Giunta per il regolamento del Senato dell\u201911 maggio 2021; parere che \u2013 sia detto per inciso &#8211; di interpretativo non ha nulla giacch\u00e9 quella dell\u2019espressa introduzione nel regolamento di simili componenti \u00e8 questione che, come ebbe a dire la stessa Presidente del Senato, certo \u201cnon [pu\u00f2] ritenersi di mera interpretazione in quanto, con riferimento alla disciplina delle componenti politiche del Gruppo Misto, il Regolamento del Senato presenta una vera e propria <em>vacatio<\/em>, tanto pi\u00f9 se raffrontato con l&#8217;analitica disciplina prevista dal Regolamento della Camera dei deputati&#8221; (Giunta per il regolamento, seduta del 2 dicembre 2020). Da allora, infatti, si sono formate nel misto, quasi sempre su iniziativa di senatori ex pentastellati, componenti politiche che hanno adottato il simbolo di forze politiche che non hanno ottenuto eletti: il 22 giugno 2021 <em>l\u2019Alternativa c&#8217;\u00e8 &#8211; Lista del Popolo per la Costituzione<\/em> (cessata il 9 novembre); il 20 luglio 2021 <em>Potere al popolo <\/em>e <em>Italia dei Valori<\/em> da parte rispettivamente dei sen. Mantero e Lannutti, entrambi fuoriusciti dal M5S; il 14 settembre 2021 Italexit per l\u2019Italia-Partito Valore Umano (quest\u2019ultimo presentatosi alle elezioni); l\u201911 novembre 2021 <em>Partito comunista <\/em>(sen. Dess\u00ec).<\/p>\n<p>Come il lettore pi\u00f9 attento avr\u00e0 notato, Italia dei Valori \u00e8 gi\u00e0 componente politica del misto. Il tentativo, accolto dalla Casellati, era quindi quello di trasferire a livello di gruppi parlamentari il criterio lasco del solo simbolo elettorale gi\u00e0 adottato per le componenti politiche. Tentativo per\u00f2 chiaramente contrario, ripeto, al dettato regolamentare che richiede, come detto, al partito o movimento politico non solo di essersi presentato alle elezioni ma anche di aver conseguito l\u2019elezione di senatori.<\/p>\n<p>Per evitare simili stratagemmi sarebbe allora il caso che, in occasione delle prossime necessarie revisioni dei regolamenti parlamentari, si intervenisse espressamente su tale punto specificando che per costituire un gruppo parlamentare non basta che il partito o il movimento politico abbia presentato propri candidati alle ultime elezioni politiche ma che vi abbia conseguito l\u2019elezione di senatori <u>con il proprio contrassegno elettorale<\/u>.<\/p>\n<p>Solo introducendo simili circostanziati requisiti si eviter\u00e0 in futuro che la corrispondenza tra consenso elettorale e gruppi parlamentari venga tradita, magari per fini inconfessati e inconfessabili.<\/p>\n","protected":false},"excerpt":{"rendered":"<p>di Salvatore Curreri Per quanto (pare) destinato a non aver seguito, il tentativo della Presidente del Senato di autorizzare la costituzione del gruppo parlamentare Costituzione, Ambiente e Lavoro, grazie al contrassegno elettorale dell\u2019Italia dei Valori, non merita proprio di passare inosservato per molteplici ragioni.<\/p>\n<div class='heateorSssClear'><\/div><div  class='heateor_sss_sharing_container heateor_sss_horizontal_sharing' data-heateor-sss-href='https:\/\/www.lacostituzione.info\/index.php\/2022\/02\/01\/il-tentato-putsch-della-casellati\/'><div class='heateor_sss_sharing_title' style=\"font-weight:bold\" >Condividi!<\/div><div class=\"heateor_sss_sharing_ul\"><a aria-label=\"Facebook\" class=\"heateor_sss_facebook\" href=\"https:\/\/www.facebook.com\/sharer\/sharer.php?u=https%3A%2F%2Fwww.lacostituzione.info%2Findex.php%2F2022%2F02%2F01%2Fil-tentato-putsch-della-casellati%2F\" title=\"Facebook\" rel=\"nofollow noopener\" target=\"_blank\" style=\"font-size:32px!important;box-shadow:none;display:inline-block;vertical-align:middle\"><span class=\"heateor_sss_svg\" style=\"background-color:#0765FE;width:35px;height:35px;display:inline-block;opacity:1;float:left;font-size:32px;box-shadow:none;display:inline-block;font-size:16px;padding:0 4px;vertical-align:middle;background-repeat:repeat;overflow:hidden;padding:0;cursor:pointer;box-sizing:content-box\"><svg style=\"display:block;\" focusable=\"false\" aria-hidden=\"true\" xmlns=\"http:\/\/www.w3.org\/2000\/svg\" width=\"100%\" height=\"100%\" viewBox=\"0 0 32 32\"><path fill=\"#fff\" d=\"M28 16c0-6.627-5.373-12-12-12S4 9.373 4 16c0 5.628 3.875 10.35 9.101 11.647v-7.98h-2.474V16H13.1v-1.58c0-4.085 1.849-5.978 5.859-5.978.76 0 2.072.15 2.608.298v3.325c-.283-.03-.775-.045-1.386-.045-1.967 0-2.728.745-2.728 2.683V16h3.92l-.673 3.667h-3.247v8.245C23.395 27.195 28 22.135 28 16Z\"><\/path><\/svg><\/span><\/a><a aria-label=\"Twitter\" class=\"heateor_sss_button_twitter\" href=\"https:\/\/twitter.com\/intent\/tweet?text=Il%20tentato%20%E2%80%9Cputsch%E2%80%9D%20della%20Casellati&url=https%3A%2F%2Fwww.lacostituzione.info%2Findex.php%2F2022%2F02%2F01%2Fil-tentato-putsch-della-casellati%2F\" title=\"Twitter\" rel=\"nofollow noopener\" target=\"_blank\" style=\"font-size:32px!important;box-shadow:none;display:inline-block;vertical-align:middle\"><span class=\"heateor_sss_svg heateor_sss_s__default heateor_sss_s_twitter\" style=\"background-color:#55acee;width:35px;height:35px;display:inline-block;opacity:1;float:left;font-size:32px;box-shadow:none;display:inline-block;font-size:16px;padding:0 4px;vertical-align:middle;background-repeat:repeat;overflow:hidden;padding:0;cursor:pointer;box-sizing:content-box\"><svg style=\"display:block;\" focusable=\"false\" aria-hidden=\"true\" xmlns=\"http:\/\/www.w3.org\/2000\/svg\" width=\"100%\" height=\"100%\" viewBox=\"-4 -4 39 39\"><path d=\"M28 8.557a9.913 9.913 0 0 1-2.828.775 4.93 4.93 0 0 0 2.166-2.725 9.738 9.738 0 0 1-3.13 1.194 4.92 4.92 0 0 0-3.593-1.55 4.924 4.924 0 0 0-4.794 6.049c-4.09-.21-7.72-2.17-10.15-5.15a4.942 4.942 0 0 0-.665 2.477c0 1.71.87 3.214 2.19 4.1a4.968 4.968 0 0 1-2.23-.616v.06c0 2.39 1.7 4.38 3.952 4.83-.414.115-.85.174-1.297.174-.318 0-.626-.03-.928-.086a4.935 4.935 0 0 0 4.6 3.42 9.893 9.893 0 0 1-6.114 2.107c-.398 0-.79-.023-1.175-.068a13.953 13.953 0 0 0 7.55 2.213c9.056 0 14.01-7.507 14.01-14.013 0-.213-.005-.426-.015-.637.96-.695 1.795-1.56 2.455-2.55z\" fill=\"#fff\"><\/path><\/svg><\/span><\/a><a aria-label=\"Reddit\" class=\"heateor_sss_button_reddit\" href=\"https:\/\/reddit.com\/submit?url=https%3A%2F%2Fwww.lacostituzione.info%2Findex.php%2F2022%2F02%2F01%2Fil-tentato-putsch-della-casellati%2F&title=Il%20tentato%20%E2%80%9Cputsch%E2%80%9D%20della%20Casellati\" title=\"Reddit\" rel=\"nofollow noopener\" target=\"_blank\" style=\"font-size:32px!important;box-shadow:none;display:inline-block;vertical-align:middle\"><span class=\"heateor_sss_svg heateor_sss_s__default heateor_sss_s_reddit\" style=\"background-color:#ff5700;width:35px;height:35px;display:inline-block;opacity:1;float:left;font-size:32px;box-shadow:none;display:inline-block;font-size:16px;padding:0 4px;vertical-align:middle;background-repeat:repeat;overflow:hidden;padding:0;cursor:pointer;box-sizing:content-box\"><svg style=\"display:block;\" focusable=\"false\" aria-hidden=\"true\" xmlns=\"http:\/\/www.w3.org\/2000\/svg\" width=\"100%\" height=\"100%\" viewBox=\"-3.5 -3.5 39 39\"><path d=\"M28.543 15.774a2.953 2.953 0 0 0-2.951-2.949 2.882 2.882 0 0 0-1.9.713 14.075 14.075 0 0 0-6.85-2.044l1.38-4.349 3.768.884a2.452 2.452 0 1 0 .24-1.176l-4.274-1a.6.6 0 0 0-.709.4l-1.659 5.224a14.314 14.314 0 0 0-7.316 2.029 2.908 2.908 0 0 0-1.872-.681 2.942 2.942 0 0 0-1.618 5.4 5.109 5.109 0 0 0-.062.765c0 4.158 5.037 7.541 11.229 7.541s11.22-3.383 11.22-7.541a5.2 5.2 0 0 0-.053-.706 2.963 2.963 0 0 0 1.427-2.51zm-18.008 1.88a1.753 1.753 0 0 1 1.73-1.74 1.73 1.73 0 0 1 1.709 1.74 1.709 1.709 0 0 1-1.709 1.711 1.733 1.733 0 0 1-1.73-1.711zm9.565 4.968a5.573 5.573 0 0 1-4.081 1.272h-.032a5.576 5.576 0 0 1-4.087-1.272.6.6 0 0 1 .844-.854 4.5 4.5 0 0 0 3.238.927h.032a4.5 4.5 0 0 0 3.237-.927.6.6 0 1 1 .844.854zm-.331-3.256a1.726 1.726 0 1 1 1.709-1.712 1.717 1.717 0 0 1-1.712 1.712z\" fill=\"#fff\"\/><\/svg><\/span><\/a><a aria-label=\"Linkedin\" class=\"heateor_sss_button_linkedin\" href=\"https:\/\/www.linkedin.com\/sharing\/share-offsite\/?url=https%3A%2F%2Fwww.lacostituzione.info%2Findex.php%2F2022%2F02%2F01%2Fil-tentato-putsch-della-casellati%2F\" title=\"Linkedin\" rel=\"nofollow noopener\" target=\"_blank\" style=\"font-size:32px!important;box-shadow:none;display:inline-block;vertical-align:middle\"><span class=\"heateor_sss_svg heateor_sss_s__default heateor_sss_s_linkedin\" style=\"background-color:#0077b5;width:35px;height:35px;display:inline-block;opacity:1;float:left;font-size:32px;box-shadow:none;display:inline-block;font-size:16px;padding:0 4px;vertical-align:middle;background-repeat:repeat;overflow:hidden;padding:0;cursor:pointer;box-sizing:content-box\"><svg style=\"display:block;\" focusable=\"false\" aria-hidden=\"true\" xmlns=\"http:\/\/www.w3.org\/2000\/svg\" width=\"100%\" height=\"100%\" viewBox=\"0 0 32 32\"><path d=\"M6.227 12.61h4.19v13.48h-4.19V12.61zm2.095-6.7a2.43 2.43 0 0 1 0 4.86c-1.344 0-2.428-1.09-2.428-2.43s1.084-2.43 2.428-2.43m4.72 6.7h4.02v1.84h.058c.56-1.058 1.927-2.176 3.965-2.176 4.238 0 5.02 2.792 5.02 6.42v7.395h-4.183v-6.56c0-1.564-.03-3.574-2.178-3.574-2.18 0-2.514 1.7-2.514 3.46v6.668h-4.187V12.61z\" fill=\"#fff\"><\/path><\/svg><\/span><\/a><a aria-label=\"Pinterest\" class=\"heateor_sss_button_pinterest\" href=\"https:\/\/www.lacostituzione.info\/index.php\/2022\/02\/01\/il-tentato-putsch-della-casellati\/\" onclick=\"event.preventDefault();javascript:void( (function() {var e=document.createElement('script' );e.setAttribute('type','text\/javascript' );e.setAttribute('charset','UTF-8' );e.setAttribute('src','\/\/assets.pinterest.com\/js\/pinmarklet.js?r='+Math.random()*99999999);document.body.appendChild(e)})());\" title=\"Pinterest\" rel=\"noopener\" style=\"font-size:32px!important;box-shadow:none;display:inline-block;vertical-align:middle\"><span class=\"heateor_sss_svg heateor_sss_s__default heateor_sss_s_pinterest\" style=\"background-color:#cc2329;width:35px;height:35px;display:inline-block;opacity:1;float:left;font-size:32px;box-shadow:none;display:inline-block;font-size:16px;padding:0 4px;vertical-align:middle;background-repeat:repeat;overflow:hidden;padding:0;cursor:pointer;box-sizing:content-box\"><svg style=\"display:block;\" focusable=\"false\" aria-hidden=\"true\" xmlns=\"http:\/\/www.w3.org\/2000\/svg\" width=\"100%\" height=\"100%\" viewBox=\"-2 -2 35 35\"><path fill=\"#fff\" d=\"M16.539 4.5c-6.277 0-9.442 4.5-9.442 8.253 0 2.272.86 4.293 2.705 5.046.303.125.574.005.662-.33.061-.231.205-.816.27-1.06.088-.331.053-.447-.191-.736-.532-.627-.873-1.439-.873-2.591 0-3.338 2.498-6.327 6.505-6.327 3.548 0 5.497 2.168 5.497 5.062 0 3.81-1.686 7.025-4.188 7.025-1.382 0-2.416-1.142-2.085-2.545.397-1.674 1.166-3.48 1.166-4.689 0-1.081-.581-1.983-1.782-1.983-1.413 0-2.548 1.462-2.548 3.419 0 1.247.421 2.091.421 2.091l-1.699 7.199c-.505 2.137-.076 4.755-.039 5.019.021.158.223.196.314.077.13-.17 1.813-2.247 2.384-4.324.162-.587.929-3.631.929-3.631.46.876 1.801 1.646 3.227 1.646 4.247 0 7.128-3.871 7.128-9.053.003-3.918-3.317-7.568-8.361-7.568z\"\/><\/svg><\/span><\/a><a aria-label=\"Whatsapp\" class=\"heateor_sss_whatsapp\" href=\"https:\/\/api.whatsapp.com\/send?text=Il%20tentato%20%E2%80%9Cputsch%E2%80%9D%20della%20Casellati%20https%3A%2F%2Fwww.lacostituzione.info%2Findex.php%2F2022%2F02%2F01%2Fil-tentato-putsch-della-casellati%2F\" title=\"Whatsapp\" rel=\"nofollow noopener\" target=\"_blank\" style=\"font-size:32px!important;box-shadow:none;display:inline-block;vertical-align:middle\"><span class=\"heateor_sss_svg\" style=\"background-color:#55eb4c;width:35px;height:35px;display:inline-block;opacity:1;float:left;font-size:32px;box-shadow:none;display:inline-block;font-size:16px;padding:0 4px;vertical-align:middle;background-repeat:repeat;overflow:hidden;padding:0;cursor:pointer;box-sizing:content-box\"><svg style=\"display:block;\" focusable=\"false\" aria-hidden=\"true\" xmlns=\"http:\/\/www.w3.org\/2000\/svg\" width=\"100%\" height=\"100%\" viewBox=\"-6 -5 40 40\"><path class=\"heateor_sss_svg_stroke heateor_sss_no_fill\" stroke=\"#fff\" stroke-width=\"2\" fill=\"none\" d=\"M 11.579798566743314 24.396926207859085 A 10 10 0 1 0 6.808479557110079 20.73576436351046\"><\/path><path d=\"M 7 19 l -1 6 l 6 -1\" class=\"heateor_sss_no_fill heateor_sss_svg_stroke\" stroke=\"#fff\" stroke-width=\"2\" fill=\"none\"><\/path><path d=\"M 10 10 q -1 8 8 11 c 5 -1 0 -6 -1 -3 q -4 -3 -5 -5 c 4 -2 -1 -5 -1 -4\" fill=\"#fff\"><\/path><\/svg><\/span><\/a><\/div><div class=\"heateorSssClear\"><\/div><\/div><div class='heateorSssClear'><\/div>","protected":false},"author":13,"featured_media":0,"comment_status":"open","ping_status":"open","sticky":false,"template":"","format":"standard","meta":{"jetpack_post_was_ever_published":false,"_jetpack_newsletter_access":"","_jetpack_dont_email_post_to_subs":false,"_jetpack_newsletter_tier_id":0,"_jetpack_memberships_contains_paywalled_content":false,"_jetpack_memberships_contains_paid_content":false,"footnotes":"","jetpack_publicize_message":"","jetpack_publicize_feature_enabled":true,"jetpack_social_post_already_shared":false,"jetpack_social_options":{"image_generator_settings":{"template":"highway","default_image_id":0,"enabled":false},"version":2}},"categories":[4],"tags":[1266,315,113],"class_list":["post-8169","post","type-post","status-publish","format-standard","hentry","category-attualita","tag-casellati","tag-gruppi-parlamentari","tag-parlamento"],"jetpack_publicize_connections":[],"jetpack_featured_media_url":"","jetpack_shortlink":"https:\/\/wp.me\/p84sDq-27L","jetpack_likes_enabled":true,"jetpack_sharing_enabled":true,"_links":{"self":[{"href":"https:\/\/www.lacostituzione.info\/index.php\/wp-json\/wp\/v2\/posts\/8169","targetHints":{"allow":["GET"]}}],"collection":[{"href":"https:\/\/www.lacostituzione.info\/index.php\/wp-json\/wp\/v2\/posts"}],"about":[{"href":"https:\/\/www.lacostituzione.info\/index.php\/wp-json\/wp\/v2\/types\/post"}],"author":[{"embeddable":true,"href":"https:\/\/www.lacostituzione.info\/index.php\/wp-json\/wp\/v2\/users\/13"}],"replies":[{"embeddable":true,"href":"https:\/\/www.lacostituzione.info\/index.php\/wp-json\/wp\/v2\/comments?post=8169"}],"version-history":[{"count":0,"href":"https:\/\/www.lacostituzione.info\/index.php\/wp-json\/wp\/v2\/posts\/8169\/revisions"}],"wp:attachment":[{"href":"https:\/\/www.lacostituzione.info\/index.php\/wp-json\/wp\/v2\/media?parent=8169"}],"wp:term":[{"taxonomy":"category","embeddable":true,"href":"https:\/\/www.lacostituzione.info\/index.php\/wp-json\/wp\/v2\/categories?post=8169"},{"taxonomy":"post_tag","embeddable":true,"href":"https:\/\/www.lacostituzione.info\/index.php\/wp-json\/wp\/v2\/tags?post=8169"}],"curies":[{"name":"wp","href":"https:\/\/api.w.org\/{rel}","templated":true}]}}