{"id":8197,"date":"2022-02-08T17:34:07","date_gmt":"2022-02-08T16:34:07","guid":{"rendered":"http:\/\/www.lacostituzione.info\/?p=8197"},"modified":"2022-02-08T17:34:08","modified_gmt":"2022-02-08T16:34:08","slug":"la-rielezione-di-mattarella-i-miraggi-del-semipresidenzialismo-e-della-stabilita-ritrovata","status":"publish","type":"post","link":"https:\/\/www.lacostituzione.info\/index.php\/2022\/02\/08\/la-rielezione-di-mattarella-i-miraggi-del-semipresidenzialismo-e-della-stabilita-ritrovata\/","title":{"rendered":"La rielezione di Mattarella, i miraggi del semipresidenzialismo e della stabilit\u00e0 ritrovata"},"content":{"rendered":"\n<p>di\u00a0<strong>Alessandro Morelli<a href=\"http:\/\/www.lacostituzione.info\/index.php\/2022\/02\/08\/la-rielezione-di-mattarella-i-miraggi-del-semipresidenzialismo-e-della-stabilita-ritrovata\/mattarella-3\/#main\" rel=\"attachment wp-att-8198\"><img loading=\"lazy\" decoding=\"async\" data-attachment-id=\"8198\" data-permalink=\"https:\/\/www.lacostituzione.info\/index.php\/2022\/02\/08\/la-rielezione-di-mattarella-i-miraggi-del-semipresidenzialismo-e-della-stabilita-ritrovata\/mattarella-3\/#main\" data-orig-file=\"https:\/\/www.lacostituzione.info\/wp-content\/uploads\/2022\/02\/mattarella.jpg\" data-orig-size=\"335,210\" data-comments-opened=\"1\" data-image-meta=\"{&quot;aperture&quot;:&quot;0&quot;,&quot;credit&quot;:&quot;&quot;,&quot;camera&quot;:&quot;&quot;,&quot;caption&quot;:&quot;&quot;,&quot;created_timestamp&quot;:&quot;0&quot;,&quot;copyright&quot;:&quot;&quot;,&quot;focal_length&quot;:&quot;0&quot;,&quot;iso&quot;:&quot;0&quot;,&quot;shutter_speed&quot;:&quot;0&quot;,&quot;title&quot;:&quot;&quot;,&quot;orientation&quot;:&quot;0&quot;}\" data-image-title=\"mattarella\" data-image-description=\"\" data-image-caption=\"\" data-medium-file=\"https:\/\/www.lacostituzione.info\/wp-content\/uploads\/2022\/02\/mattarella-300x188.jpg\" data-large-file=\"https:\/\/www.lacostituzione.info\/wp-content\/uploads\/2022\/02\/mattarella.jpg\" class=\"alignright size-thumbnail wp-image-8198\" src=\"http:\/\/www.lacostituzione.info\/wp-content\/uploads\/2022\/02\/mattarella-150x150.jpg\" alt=\"\" width=\"150\" height=\"150\" \/><\/a><\/strong><\/p>\n<p>La rielezione di Sergio Mattarella alla presidenza della Repubblica sembra rispondere a un\u2019esigenza di stabilit\u00e0 diffusamente avvertita. <!--more-->Un\u2019esigenza probabilmente rafforzata dal pervicace istinto di autoconservazione di chi attualmente siede in Parlamento e non ha concrete prospettive di essere rieletto, soprattutto dopo la riduzione del numero dei parlamentari disposta dalla legge costituzionale n. 1 del 2020, che trover\u00e0 applicazione in occasione delle prossime elezioni. E cos\u00ec le virt\u00f9 del divieto di mandato imperativo sono state riscoperte nel momento in cui le scelte (talora palesemente improvvisate) dei vari leader e direzioni dei partiti rischiavano di mettere seriamente in discussione la permanenza del Governo in carica, rendendo concreta la prospettiva delle elezioni anticipate.<\/p>\n<p>Al di l\u00e0 delle circostanze contingenti, tuttavia, l\u2019esigenza di stabilit\u00e0 risulta, a ben vedere, pi\u00f9 ampia e profonda, perch\u00e9 l\u2019instabilit\u00e0 \u00e8 un connotato strutturale del nostro assetto istituzionale come del sistema politico-partitico e ha raggiunto livelli ormai difficilmente tollerabili. Si tratta, innanzitutto, dell\u2019instabilit\u00e0 delle regole elettorali e delle dinamiche di funzionamento della forma di governo, che riflette l\u2019instabilit\u00e0 delle forze politiche, mutevoli e in perenne fermento. E sullo sfondo si coglie una pi\u00f9 generale instabilit\u00e0 sociale, esasperata dall\u2019emergenza sanitaria, che ha rappresentato l\u2019occasione per dare vita a una normazione alluvionale di sempre pi\u00f9 ardua intelligibilit\u00e0.<\/p>\n<p>La rielezione \u00e8 apparsa, dunque, la sola via sicura, l\u2019unica strada percorribile in uno scenario dalle troppe incognite. Quella che in astratto appariva come una forzatura costituzionale, che pure poteva contare su un precedente ma contro cui si era espresso pi\u00f9 volte lo stesso presidente Mattarella, \u00e8 risultata <em>paradossalmente<\/em> la soluzione politicamente meno dirompente, a fronte di alternative ben pi\u00f9 problematiche e rischiose (come quelle di eleggere al Quirinale il <em>leader<\/em> di un partito o l\u2019<a href=\"http:\/\/www.lacostituzione.info\/index.php\/2022\/01\/23\/perche-draghi-non-puo-subito-andare-al-quirinale\/\">attuale Presidente del Consiglio<\/a>).\u00a0<\/p>\n<p>Superato lo snodo dell\u2019elezione, il dibattito pubblico appare oggi, ancora una volta, catturato da una serie di miraggi.<\/p>\n<p>Il primo \u00e8 quello di un fantomatico <em>semipresidenzialismo di fatto<\/em>, che secondo diversi commentatori avrebbe finito con l\u2019affermarsi, al culmine di un processo evolutivo gi\u00e0 in atto da tempo, dopo la rielezione del Presidente. Un doppio mandato della durata complessiva di quattordici anni consegnerebbe al Capo dello Stato un enorme potere d\u2019incidenza sulle dinamiche politico-istituzionali, soprattutto a fronte della debolezza del sistema partitico e a seguito della considerevole espansione delle competenze presidenziali che si sarebbe realizzata prevalentemente nel corso degli ultimi decenni, tanto da conferire al Presidente un ruolo assimilabile a quello degli omologhi organi di ordinamenti caratterizzati da forme di governo semipresidenziali. Nella prospettiva di allineare poteri e legittimazione, oltre che in quella di superare le difficolt\u00e0 riscontrate nell\u2019elezione da parte del Parlamento in seduta comune, ha cos\u00ec ripreso quota la proposta d\u2019introdurre, tramite una riforma costituzionale, l\u2019elezione popolare del Capo dello Stato.<\/p>\n<p>Da segnalare, al riguardo, una proposta di legge costituzionale, pendente da tempo, presentata alla Camera dall\u2019on. Meloni e altri l\u201911 giugno 2018 e recante \u201c<em>Modifiche alla parte II della Costituzione concernenti l\u2019elezione diretta del Presidente della Repubblica<\/em>\u201d (<a href=\"http:\/\/documenti.camera.it\/leg18\/pdl\/pdf\/leg.18.pdl.camera.716.18PDL0015210.pdf\">AC 716<\/a>). Nel testo si propone d\u2019introdurre un\u2019elezione popolare a doppio turno del Presidente, che durerebbe in carica cinque anni e sarebbe rieleggibile una sola volta. Le competenze ora spettanti al Presidente del Consiglio dei ministri sarebbero attribuite al Capo dello Stato, il quale, pertanto, assumerebbe il compito di dirigere la politica generale del Governo, risultandone responsabile, nonch\u00e9 quello di mantenere l\u2019unit\u00e0 di indirizzo politico e amministrativo, promuovendo e coordinando l\u2019attivit\u00e0 dei ministri, \u201ccon il concorso del Primo ministro\u201d (figura che prenderebbe cos\u00ec il posto dell\u2019attuale Presidente del Consiglio). \u00a0<\/p>\n<p>In tanti sembrano essere stati abbacinati dal miraggio del semipresidenzialismo di fatto e, tra questi, per esempio, le capogruppo del PD alla Camera e al Senato, che hanno scritto una lettera ai Presidenti delle Camere, proponendo una specifica sessione di dibattito parlamentare sul seguito da dare al discorso di insediamento del rieletto Presidente.<\/p>\n<p>\u00c8 per\u00f2 bene ribadirlo: si tratta solo di un miraggio.<\/p>\n<p>Anche a prescindere dalle etichette con le quali si suole classificare i diversi modi di articolare i poteri nei vari Stati democratici, il nostro rimane un assetto istituzionale imperniato su un unico canale di legittimazione del potere esecutivo, espressione della maggioranza parlamentare, alla quale il primo \u00e8 legato dal rapporto fiduciario. Il Presidente della Repubblica, bench\u00e9 sia dotato di quella che Temistocle Martines definiva una propria \u201cforza politica\u201d, non \u00e8 un organo assimilabile alle Camere e al Governo, dovendo intrattenere con tali organi una dialettica necessaria al corretto funzionamento del sistema di pesi e contrappesi nel quale si risolve la trama ordinamentale. L\u2019introduzione dell\u2019elezione popolare del Capo dello Stato muterebbe radicalmente la logica dell\u2019organizzazione istituzionale, sbilanciando notevolmente quest\u2019ultima a favore dei pesi e a discapito dei contrappesi. Notevoli sarebbero i rischi di torsioni in senso antidemocratico della forma di Stato, considerata la debolezza del Parlamento e l\u2019insufficienza del sistema delle garanzie a fronte dell\u2019accentuata concentrazione dei poteri.<\/p>\n<p>Poco importa, d\u2019altro canto, che alcuni governi semipresidenziali presentino, nelle concrete dinamiche di funzionamento, aspetti assimilabili alla nostra forma parlamentare: ci\u00f2 che conta sono le potenzialit\u00e0 di ciascuna forma di governo, quel che \u00e8 possibile fare.<\/p>\n<p>Una riforma in senso semipresidenziale, peraltro, non necessariamente darebbe stabilit\u00e0 al sistema, dipendendo tale condizione da una serie di fattori, innanzitutto politico-culturali e sociali, che nessuna modifica normativa pu\u00f2, da sola, determinare.<\/p>\n<p>Cambiando prospettiva, d\u2019altro canto, non sarebbe utile tentare di opporsi al processo in atto introducendo il divieto di rielezione del Capo dello Stato, come pure si \u00e8 proposto di fare (si veda il <a href=\"https:\/\/www.senato.it\/leg\/18\/BGT\/Schede\/FascicoloSchedeDDL\/ebook\/54616.pdf\">disegno di legge S\/2468<\/a> presentato dal sen. Dario Perrini e altri il 19 gennaio 2022 e recante \u201c<em>Modifiche agli articoli 85 e 88 della Costituzione in materia di non rieleggibilit\u00e0 del Presidente della Repubblica e di esercizio del potere di scioglimento delle Camere negli ultimi sei mesi del suo mandato<\/em>\u201d), considerato che si finirebbe con l\u2019aggiungere un elemento di rigidit\u00e0 che, come ha dimostrato la pi\u00f9 recente esperienza, rischierebbe soltanto di ostacolare la risoluzione di crisi non facilmente superabili, potendo condurre a soluzioni peggiori della stessa rielezione del Presidente.\u00a0<\/p>\n<p>Ancora per effetto di un miraggio, comunque, la tanto agognata stabilit\u00e0 sembrerebbe essere stata oggi raggiunta proprio grazie alla rielezione di Mattarella. La conferma del Presidente della Repubblica offre, infatti, le migliori garanzie di una permanenza dell\u2019Esecutivo in carica fino al termine della legislatura.<\/p>\n<p>I nodi, per\u00f2, sono ancora tutti l\u00ec, non sciolti: partiti privi di organizzazioni interne democratiche e incapaci di assicurare ai cittadini una piena ed effettiva partecipazione; un Parlamento la cui composizione presto sar\u00e0 drasticamente ridotta e i cui membri potrebbero essere designati con una legge elettorale che non garantisce adeguata rappresentativit\u00e0 alle Assemblee elettive e, combinandosi con la nuova composizione delle Camere, potrebbe produrre effetti iper-maggioritari; un sistema delle garanzie che, a causa del mancato adeguamento delle maggioranze richieste per la designazione degli organi di controllo al nuovo numero dei parlamentari, subiranno un ulteriore depotenziamento. E si potrebbe continuare a lungo nell\u2019elencazione delle carenze.<\/p>\n<p>La stabilit\u00e0 appena raggiunta \u00e8 effimera anche perch\u00e9 il sistema istituzionale \u00e8 difettoso, incoerente, profondamente segnato da interventi riformatori congiunturali, ispirati per lo pi\u00f9 dall\u2019intenzione di piegare le regole del gioco politico alle specifiche esigenze elettorali dei riformatori di turno.<\/p>\n<p>Non si nega che la conferma del Presidente della Repubblica, unitamente a quella del Presidente del Consiglio, garantisca una continuit\u00e0 utile alla gestione dell\u2019emergenza e alla realizzazione degli interventi richiesti dal Piano nazionale di ripresa e resilienza. La stabilit\u00e0, tuttavia, \u00e8 un\u2019altra cosa e dipende da una visione politica di ampio respiro e proiettata verso la cura del bene comune, una visione che per poter ispirare davvero l\u2019azione della classe politica dovrebbe, prima ancora, essere condivisa dalla societ\u00e0 civile.<\/p>\n<p>\u00a0\u00a0<\/p>\n","protected":false},"excerpt":{"rendered":"<p>di\u00a0Alessandro Morelli La rielezione di Sergio Mattarella alla presidenza della Repubblica sembra rispondere a un\u2019esigenza di stabilit\u00e0 diffusamente avvertita.<\/p>\n<div class='heateorSssClear'><\/div><div  class='heateor_sss_sharing_container heateor_sss_horizontal_sharing' data-heateor-sss-href='https:\/\/www.lacostituzione.info\/index.php\/2022\/02\/08\/la-rielezione-di-mattarella-i-miraggi-del-semipresidenzialismo-e-della-stabilita-ritrovata\/'><div class='heateor_sss_sharing_title' style=\"font-weight:bold\" >Condividi!<\/div><div class=\"heateor_sss_sharing_ul\"><a aria-label=\"Facebook\" class=\"heateor_sss_facebook\" href=\"https:\/\/www.facebook.com\/sharer\/sharer.php?u=https%3A%2F%2Fwww.lacostituzione.info%2Findex.php%2F2022%2F02%2F08%2Fla-rielezione-di-mattarella-i-miraggi-del-semipresidenzialismo-e-della-stabilita-ritrovata%2F\" title=\"Facebook\" rel=\"nofollow noopener\" target=\"_blank\" style=\"font-size:32px!important;box-shadow:none;display:inline-block;vertical-align:middle\"><span class=\"heateor_sss_svg\" style=\"background-color:#0765FE;width:35px;height:35px;display:inline-block;opacity:1;float:left;font-size:32px;box-shadow:none;display:inline-block;font-size:16px;padding:0 4px;vertical-align:middle;background-repeat:repeat;overflow:hidden;padding:0;cursor:pointer;box-sizing:content-box\"><svg style=\"display:block;\" focusable=\"false\" aria-hidden=\"true\" xmlns=\"http:\/\/www.w3.org\/2000\/svg\" width=\"100%\" height=\"100%\" viewBox=\"0 0 32 32\"><path fill=\"#fff\" d=\"M28 16c0-6.627-5.373-12-12-12S4 9.373 4 16c0 5.628 3.875 10.35 9.101 11.647v-7.98h-2.474V16H13.1v-1.58c0-4.085 1.849-5.978 5.859-5.978.76 0 2.072.15 2.608.298v3.325c-.283-.03-.775-.045-1.386-.045-1.967 0-2.728.745-2.728 2.683V16h3.92l-.673 3.667h-3.247v8.245C23.395 27.195 28 22.135 28 16Z\"><\/path><\/svg><\/span><\/a><a aria-label=\"Twitter\" class=\"heateor_sss_button_twitter\" href=\"https:\/\/twitter.com\/intent\/tweet?text=La%20rielezione%20di%20Mattarella%2C%20i%20miraggi%20del%20semipresidenzialismo%20e%20della%20stabilit%C3%A0%20ritrovata&url=https%3A%2F%2Fwww.lacostituzione.info%2Findex.php%2F2022%2F02%2F08%2Fla-rielezione-di-mattarella-i-miraggi-del-semipresidenzialismo-e-della-stabilita-ritrovata%2F\" title=\"Twitter\" rel=\"nofollow noopener\" target=\"_blank\" style=\"font-size:32px!important;box-shadow:none;display:inline-block;vertical-align:middle\"><span class=\"heateor_sss_svg heateor_sss_s__default heateor_sss_s_twitter\" style=\"background-color:#55acee;width:35px;height:35px;display:inline-block;opacity:1;float:left;font-size:32px;box-shadow:none;display:inline-block;font-size:16px;padding:0 4px;vertical-align:middle;background-repeat:repeat;overflow:hidden;padding:0;cursor:pointer;box-sizing:content-box\"><svg style=\"display:block;\" focusable=\"false\" aria-hidden=\"true\" xmlns=\"http:\/\/www.w3.org\/2000\/svg\" width=\"100%\" height=\"100%\" viewBox=\"-4 -4 39 39\"><path d=\"M28 8.557a9.913 9.913 0 0 1-2.828.775 4.93 4.93 0 0 0 2.166-2.725 9.738 9.738 0 0 1-3.13 1.194 4.92 4.92 0 0 0-3.593-1.55 4.924 4.924 0 0 0-4.794 6.049c-4.09-.21-7.72-2.17-10.15-5.15a4.942 4.942 0 0 0-.665 2.477c0 1.71.87 3.214 2.19 4.1a4.968 4.968 0 0 1-2.23-.616v.06c0 2.39 1.7 4.38 3.952 4.83-.414.115-.85.174-1.297.174-.318 0-.626-.03-.928-.086a4.935 4.935 0 0 0 4.6 3.42 9.893 9.893 0 0 1-6.114 2.107c-.398 0-.79-.023-1.175-.068a13.953 13.953 0 0 0 7.55 2.213c9.056 0 14.01-7.507 14.01-14.013 0-.213-.005-.426-.015-.637.96-.695 1.795-1.56 2.455-2.55z\" fill=\"#fff\"><\/path><\/svg><\/span><\/a><a aria-label=\"Reddit\" class=\"heateor_sss_button_reddit\" href=\"https:\/\/reddit.com\/submit?url=https%3A%2F%2Fwww.lacostituzione.info%2Findex.php%2F2022%2F02%2F08%2Fla-rielezione-di-mattarella-i-miraggi-del-semipresidenzialismo-e-della-stabilita-ritrovata%2F&title=La%20rielezione%20di%20Mattarella%2C%20i%20miraggi%20del%20semipresidenzialismo%20e%20della%20stabilit%C3%A0%20ritrovata\" title=\"Reddit\" rel=\"nofollow noopener\" target=\"_blank\" style=\"font-size:32px!important;box-shadow:none;display:inline-block;vertical-align:middle\"><span class=\"heateor_sss_svg heateor_sss_s__default heateor_sss_s_reddit\" style=\"background-color:#ff5700;width:35px;height:35px;display:inline-block;opacity:1;float:left;font-size:32px;box-shadow:none;display:inline-block;font-size:16px;padding:0 4px;vertical-align:middle;background-repeat:repeat;overflow:hidden;padding:0;cursor:pointer;box-sizing:content-box\"><svg style=\"display:block;\" focusable=\"false\" aria-hidden=\"true\" xmlns=\"http:\/\/www.w3.org\/2000\/svg\" width=\"100%\" height=\"100%\" viewBox=\"-3.5 -3.5 39 39\"><path d=\"M28.543 15.774a2.953 2.953 0 0 0-2.951-2.949 2.882 2.882 0 0 0-1.9.713 14.075 14.075 0 0 0-6.85-2.044l1.38-4.349 3.768.884a2.452 2.452 0 1 0 .24-1.176l-4.274-1a.6.6 0 0 0-.709.4l-1.659 5.224a14.314 14.314 0 0 0-7.316 2.029 2.908 2.908 0 0 0-1.872-.681 2.942 2.942 0 0 0-1.618 5.4 5.109 5.109 0 0 0-.062.765c0 4.158 5.037 7.541 11.229 7.541s11.22-3.383 11.22-7.541a5.2 5.2 0 0 0-.053-.706 2.963 2.963 0 0 0 1.427-2.51zm-18.008 1.88a1.753 1.753 0 0 1 1.73-1.74 1.73 1.73 0 0 1 1.709 1.74 1.709 1.709 0 0 1-1.709 1.711 1.733 1.733 0 0 1-1.73-1.711zm9.565 4.968a5.573 5.573 0 0 1-4.081 1.272h-.032a5.576 5.576 0 0 1-4.087-1.272.6.6 0 0 1 .844-.854 4.5 4.5 0 0 0 3.238.927h.032a4.5 4.5 0 0 0 3.237-.927.6.6 0 1 1 .844.854zm-.331-3.256a1.726 1.726 0 1 1 1.709-1.712 1.717 1.717 0 0 1-1.712 1.712z\" fill=\"#fff\"\/><\/svg><\/span><\/a><a aria-label=\"Linkedin\" class=\"heateor_sss_button_linkedin\" href=\"https:\/\/www.linkedin.com\/sharing\/share-offsite\/?url=https%3A%2F%2Fwww.lacostituzione.info%2Findex.php%2F2022%2F02%2F08%2Fla-rielezione-di-mattarella-i-miraggi-del-semipresidenzialismo-e-della-stabilita-ritrovata%2F\" title=\"Linkedin\" rel=\"nofollow noopener\" target=\"_blank\" style=\"font-size:32px!important;box-shadow:none;display:inline-block;vertical-align:middle\"><span class=\"heateor_sss_svg heateor_sss_s__default heateor_sss_s_linkedin\" style=\"background-color:#0077b5;width:35px;height:35px;display:inline-block;opacity:1;float:left;font-size:32px;box-shadow:none;display:inline-block;font-size:16px;padding:0 4px;vertical-align:middle;background-repeat:repeat;overflow:hidden;padding:0;cursor:pointer;box-sizing:content-box\"><svg style=\"display:block;\" focusable=\"false\" aria-hidden=\"true\" xmlns=\"http:\/\/www.w3.org\/2000\/svg\" width=\"100%\" height=\"100%\" viewBox=\"0 0 32 32\"><path d=\"M6.227 12.61h4.19v13.48h-4.19V12.61zm2.095-6.7a2.43 2.43 0 0 1 0 4.86c-1.344 0-2.428-1.09-2.428-2.43s1.084-2.43 2.428-2.43m4.72 6.7h4.02v1.84h.058c.56-1.058 1.927-2.176 3.965-2.176 4.238 0 5.02 2.792 5.02 6.42v7.395h-4.183v-6.56c0-1.564-.03-3.574-2.178-3.574-2.18 0-2.514 1.7-2.514 3.46v6.668h-4.187V12.61z\" fill=\"#fff\"><\/path><\/svg><\/span><\/a><a aria-label=\"Pinterest\" class=\"heateor_sss_button_pinterest\" href=\"https:\/\/www.lacostituzione.info\/index.php\/2022\/02\/08\/la-rielezione-di-mattarella-i-miraggi-del-semipresidenzialismo-e-della-stabilita-ritrovata\/\" onclick=\"event.preventDefault();javascript:void( (function() {var e=document.createElement('script' );e.setAttribute('type','text\/javascript' );e.setAttribute('charset','UTF-8' );e.setAttribute('src','\/\/assets.pinterest.com\/js\/pinmarklet.js?r='+Math.random()*99999999);document.body.appendChild(e)})());\" title=\"Pinterest\" rel=\"noopener\" style=\"font-size:32px!important;box-shadow:none;display:inline-block;vertical-align:middle\"><span class=\"heateor_sss_svg heateor_sss_s__default heateor_sss_s_pinterest\" style=\"background-color:#cc2329;width:35px;height:35px;display:inline-block;opacity:1;float:left;font-size:32px;box-shadow:none;display:inline-block;font-size:16px;padding:0 4px;vertical-align:middle;background-repeat:repeat;overflow:hidden;padding:0;cursor:pointer;box-sizing:content-box\"><svg style=\"display:block;\" focusable=\"false\" aria-hidden=\"true\" xmlns=\"http:\/\/www.w3.org\/2000\/svg\" width=\"100%\" height=\"100%\" viewBox=\"-2 -2 35 35\"><path fill=\"#fff\" d=\"M16.539 4.5c-6.277 0-9.442 4.5-9.442 8.253 0 2.272.86 4.293 2.705 5.046.303.125.574.005.662-.33.061-.231.205-.816.27-1.06.088-.331.053-.447-.191-.736-.532-.627-.873-1.439-.873-2.591 0-3.338 2.498-6.327 6.505-6.327 3.548 0 5.497 2.168 5.497 5.062 0 3.81-1.686 7.025-4.188 7.025-1.382 0-2.416-1.142-2.085-2.545.397-1.674 1.166-3.48 1.166-4.689 0-1.081-.581-1.983-1.782-1.983-1.413 0-2.548 1.462-2.548 3.419 0 1.247.421 2.091.421 2.091l-1.699 7.199c-.505 2.137-.076 4.755-.039 5.019.021.158.223.196.314.077.13-.17 1.813-2.247 2.384-4.324.162-.587.929-3.631.929-3.631.46.876 1.801 1.646 3.227 1.646 4.247 0 7.128-3.871 7.128-9.053.003-3.918-3.317-7.568-8.361-7.568z\"\/><\/svg><\/span><\/a><a aria-label=\"Whatsapp\" class=\"heateor_sss_whatsapp\" href=\"https:\/\/api.whatsapp.com\/send?text=La%20rielezione%20di%20Mattarella%2C%20i%20miraggi%20del%20semipresidenzialismo%20e%20della%20stabilit%C3%A0%20ritrovata%20https%3A%2F%2Fwww.lacostituzione.info%2Findex.php%2F2022%2F02%2F08%2Fla-rielezione-di-mattarella-i-miraggi-del-semipresidenzialismo-e-della-stabilita-ritrovata%2F\" title=\"Whatsapp\" rel=\"nofollow noopener\" target=\"_blank\" style=\"font-size:32px!important;box-shadow:none;display:inline-block;vertical-align:middle\"><span class=\"heateor_sss_svg\" style=\"background-color:#55eb4c;width:35px;height:35px;display:inline-block;opacity:1;float:left;font-size:32px;box-shadow:none;display:inline-block;font-size:16px;padding:0 4px;vertical-align:middle;background-repeat:repeat;overflow:hidden;padding:0;cursor:pointer;box-sizing:content-box\"><svg style=\"display:block;\" focusable=\"false\" aria-hidden=\"true\" xmlns=\"http:\/\/www.w3.org\/2000\/svg\" width=\"100%\" height=\"100%\" viewBox=\"-6 -5 40 40\"><path class=\"heateor_sss_svg_stroke heateor_sss_no_fill\" stroke=\"#fff\" stroke-width=\"2\" fill=\"none\" d=\"M 11.579798566743314 24.396926207859085 A 10 10 0 1 0 6.808479557110079 20.73576436351046\"><\/path><path d=\"M 7 19 l -1 6 l 6 -1\" class=\"heateor_sss_no_fill heateor_sss_svg_stroke\" stroke=\"#fff\" stroke-width=\"2\" fill=\"none\"><\/path><path d=\"M 10 10 q -1 8 8 11 c 5 -1 0 -6 -1 -3 q -4 -3 -5 -5 c 4 -2 -1 -5 -1 -4\" fill=\"#fff\"><\/path><\/svg><\/span><\/a><\/div><div class=\"heateorSssClear\"><\/div><\/div><div class='heateorSssClear'><\/div>","protected":false},"author":12,"featured_media":0,"comment_status":"open","ping_status":"open","sticky":false,"template":"","format":"standard","meta":{"jetpack_post_was_ever_published":false,"_jetpack_newsletter_access":"","_jetpack_dont_email_post_to_subs":false,"_jetpack_newsletter_tier_id":0,"_jetpack_memberships_contains_paywalled_content":false,"_jetpack_memberships_contains_paid_content":false,"footnotes":"","jetpack_publicize_message":"","jetpack_publicize_feature_enabled":true,"jetpack_social_post_already_shared":false,"jetpack_social_options":{"image_generator_settings":{"template":"highway","default_image_id":0,"enabled":false},"version":2}},"categories":[4],"tags":[1569,761,687],"class_list":["post-8197","post","type-post","status-publish","format-standard","hentry","category-attualita","tag-elezione-del-presidente-della-repubblica","tag-mattarella","tag-semi-presidenzialismo"],"jetpack_publicize_connections":[],"jetpack_featured_media_url":"","jetpack_shortlink":"https:\/\/wp.me\/p84sDq-28d","jetpack_likes_enabled":true,"jetpack_sharing_enabled":true,"_links":{"self":[{"href":"https:\/\/www.lacostituzione.info\/index.php\/wp-json\/wp\/v2\/posts\/8197","targetHints":{"allow":["GET"]}}],"collection":[{"href":"https:\/\/www.lacostituzione.info\/index.php\/wp-json\/wp\/v2\/posts"}],"about":[{"href":"https:\/\/www.lacostituzione.info\/index.php\/wp-json\/wp\/v2\/types\/post"}],"author":[{"embeddable":true,"href":"https:\/\/www.lacostituzione.info\/index.php\/wp-json\/wp\/v2\/users\/12"}],"replies":[{"embeddable":true,"href":"https:\/\/www.lacostituzione.info\/index.php\/wp-json\/wp\/v2\/comments?post=8197"}],"version-history":[{"count":0,"href":"https:\/\/www.lacostituzione.info\/index.php\/wp-json\/wp\/v2\/posts\/8197\/revisions"}],"wp:attachment":[{"href":"https:\/\/www.lacostituzione.info\/index.php\/wp-json\/wp\/v2\/media?parent=8197"}],"wp:term":[{"taxonomy":"category","embeddable":true,"href":"https:\/\/www.lacostituzione.info\/index.php\/wp-json\/wp\/v2\/categories?post=8197"},{"taxonomy":"post_tag","embeddable":true,"href":"https:\/\/www.lacostituzione.info\/index.php\/wp-json\/wp\/v2\/tags?post=8197"}],"curies":[{"name":"wp","href":"https:\/\/api.w.org\/{rel}","templated":true}]}}