{"id":8220,"date":"2022-03-04T08:52:31","date_gmt":"2022-03-04T07:52:31","guid":{"rendered":"http:\/\/www.lacostituzione.info\/?p=8220"},"modified":"2022-03-04T08:52:33","modified_gmt":"2022-03-04T07:52:33","slug":"la-liberta-di-comunicazione-del-parlamentare-riflessioni-sul-caso-renzi","status":"publish","type":"post","link":"https:\/\/www.lacostituzione.info\/index.php\/2022\/03\/04\/la-liberta-di-comunicazione-del-parlamentare-riflessioni-sul-caso-renzi\/","title":{"rendered":"La libert\u00e0 di comunicazione del parlamentare. Riflessioni sul &#8220;caso Renzi&#8221;"},"content":{"rendered":"\n<p><a href=\"http:\/\/www.lacostituzione.info\/index.php\/2022\/03\/04\/la-liberta-di-comunicazione-del-parlamentare-riflessioni-sul-caso-renzi\/renzi-2\/#main\" rel=\"attachment wp-att-8221\"><img loading=\"lazy\" decoding=\"async\" data-attachment-id=\"8221\" data-permalink=\"https:\/\/www.lacostituzione.info\/index.php\/2022\/03\/04\/la-liberta-di-comunicazione-del-parlamentare-riflessioni-sul-caso-renzi\/renzi-2\/#main\" data-orig-file=\"https:\/\/www.lacostituzione.info\/wp-content\/uploads\/2022\/03\/Renzi.jpg\" data-orig-size=\"656,492\" data-comments-opened=\"1\" data-image-meta=\"{&quot;aperture&quot;:&quot;0&quot;,&quot;credit&quot;:&quot;&quot;,&quot;camera&quot;:&quot;&quot;,&quot;caption&quot;:&quot;&quot;,&quot;created_timestamp&quot;:&quot;0&quot;,&quot;copyright&quot;:&quot;&quot;,&quot;focal_length&quot;:&quot;0&quot;,&quot;iso&quot;:&quot;0&quot;,&quot;shutter_speed&quot;:&quot;0&quot;,&quot;title&quot;:&quot;&quot;,&quot;orientation&quot;:&quot;0&quot;}\" data-image-title=\"Renzi\" data-image-description=\"\" data-image-caption=\"\" data-medium-file=\"https:\/\/www.lacostituzione.info\/wp-content\/uploads\/2022\/03\/Renzi-300x225.jpg\" data-large-file=\"https:\/\/www.lacostituzione.info\/wp-content\/uploads\/2022\/03\/Renzi.jpg\" class=\"alignleft size-thumbnail wp-image-8221\" src=\"http:\/\/www.lacostituzione.info\/wp-content\/uploads\/2022\/03\/Renzi-150x150.jpg\" alt=\"\" width=\"150\" height=\"150\" \/><\/a>di <strong>Salvatore Curreri<\/strong><\/p>\n<p>Nel corso del suo intervento in Aula (22 febbraio) per motivare il voto contrario di <em>Liberi e Eguali <\/em>sul conflitto di attribuzioni del Senato contro la Procura di Firenze, il sen. Grasso ha sostenuto la legittimit\u00e0 dell\u2019operato di quest\u2019ultima. A suo dire, infatti, bench\u00e9 l\u2019art. 68.3 Cost. preveda che il giudice debba essere autorizzato dalla camera di appartenenza per sottoporre un parlamentare \u201cad intercettazioni, in qualsiasi forma, di conversazioni o comunicazioni e a sequestro di corrispondenza\u201d, l\u2019autorit\u00e0 giudiziaria non era tenuta a chiedere la preventiva autorizzazione del Senato per sequestrare la corrispondenza tramite mail e messaggi WhatsApp tra il sen. Renzi ed un terzo (Carrai), estraendola dal cellulare di questi.<!--more--> Ci\u00f2 essenzialmente per tre motivi: 1) per consolidata giurisprudenza della Cassazione (v. da ultimo <a href=\"https:\/\/www.studiosezzitorrisi.it\/cass-pen-sent-n-17552-6-maggio-2021-i-messaggi-whatsapp-costituiscono-prova-documentale-nel-processo-e-sono-legittimi-anche-senza-accertamento-tecnico\/\">V pen. 17522\/2021 del 6 maggio scorso<\/a>) i messaggi via mail, sms o WhatsApp, una volta ricevuti dai destinatari perdono d\u2019attualit\u00e0, trasformandosi da corrispondenza in semplici documenti, per il cui sequestro non occorre alcuna autorizzazione parlamentare, tanto pi\u00f9 quando, come nel caso specifico, diretto contro un soggetto terzo; 2) diversamente, sostenere la necessit\u00e0 della preventiva autorizzazione parlamentare significherebbe paradossalmente richiedere al magistrato di essere un veggente in grado di prevedere la presenza di comunicazioni <em>di<\/em> e <em>con<\/em> un parlamentare nel dispositivo elettronico che egli vorrebbe sequestrare ad un terzo; 3) infine, il diniego dell\u2019autorizzazione al sequestro di tali comunicazioni comporterebbe la loro inutilizzabilit\u00e0 processuale anche nei confronti del terzo, il quale godrebbe indirettamente di tale \u201cscudo\u201d,\u00a0 per cui \u201cbasterebbe che in un telefono sequestrato a un mafioso vi fosse un messaggio inviato a un parlamentare per determinarne la inutilizzabilit\u00e0 anche nei confronti del mafioso\u201d.<\/p>\n<p>Tre argomenti puntuali, rilanciate da certa stampa, che meritano altrettante puntuali confutazioni.<\/p>\n<p>Sull\u2019interpretazione dell\u2019<em>attualit\u00e0<\/em> come requisito essenziale della comunicazione la divisione in dottrina \u00e8 nota. Per alcuni (Pace, Gianfrancesco) la comunicazione cessa di esser tale nel momento in cui il destinatario ne prende conoscenza per cui, dopo la sua ricezione, sarebbe tutelata non pi\u00f9 dall\u2019art. 15 Cost. (libert\u00e0 di corrispondenza) ma dagli artt. 13 (libert\u00e0 personale), 14 (libert\u00e0 domiciliare) e 42 (diritto di propriet\u00e0) nonch\u00e9 dal diritto d\u2019autore. Per altri (Barile, Cheli, Olivetti), all\u2019opposto, l\u2019accertamento dell\u2019attualit\u00e0 della comunicazione va effettuato tramite un\u2019indagine pi\u00f9 articolata e complessa che vada al di l\u00e0 del mero avvenuto recapito della comunicazione per tenere conto del suo valore. Secondo tale interpretazione, la tutela costituzionale della libert\u00e0 di comunicazione non si esaurisce all\u2019atto della ricezione del messaggio ma si protrae nel tempo fin quando mittente e destinatario lo considerano attuale, impegnandosi reciprocamente al vincolo della segretezza; attualit\u00e0 e segretezza destinate a scemare nel tempo per esaurirsi completamente alla loro morte, quando le loro comunicazioni assumono solo carattere storico, artistico o letterario (come le corrispondenze epistolari).<\/p>\n<p>Se la prima tesi \u00e8 fatta propria dalla Cassazione penale, la seconda \u00e8 invece sostenuta dalla Cassazione civile e della Corte europea dei diritti dell\u2019uomo (22.2.2007 Wieser c. Austria; 27.9.2005 Sallinen c. Finlandia; 22.5.2008 Stefanov c. Bulgaria). Quest\u2019ultima interpretazione pare pi\u00f9 rispondente alla ampia e specifica tutela costituzionale della inviolabilit\u00e0 della libert\u00e0 e della segretezza \u201cdella corrispondenza e di ogni altra forma di comunicazione\u201d che solo l\u2019autorit\u00e0 giudiziaria pu\u00f2 limitare \u201cper atto motivato\u201d e \u201ccon le garanzie stabilite dalla legge\u201d (art. 15 Cost.). Degradare la comunicazione a mero documento quando non pi\u00f9 <em>in fieri <\/em>ma conclusa significherebbe limitare significativamente la suddetta tutela costituzionale nei casi, ormai rari, di corrispondenza cartacea e addirittura azzerarla per i servizi di messaggistica istantanea in cui all\u2019invio segue immediatamente la ricezione. Inoltre, ci\u00f2 permetterebbe all\u2019autorit\u00e0 di pubblica sicurezza di poter facilmente eludere tale tutela, sequestrando i messaggi via mail, sms o WhatsApp in casi asseritamente eccezionali di necessit\u00e0 ed urgenza che invece l\u2019art. 15 Cost., a differenza dei precedenti due articoli sulla libert\u00e0 personale e di domicilio, non prevede per la libert\u00e0 di comunicazione.<\/p>\n<p>Ma nel caso specifico non si tratta solo di stabilire cosa sia corrispondenza per il semplice cittadino. C\u2019\u00e8 di pi\u00f9, molto di pi\u00f9. Qui si tratta della corrispondenza <em>di<\/em> e <em>con<\/em> un parlamentare, per il cui sequestro, come detto, l\u2019art. 68.3 Cost. richiede l\u2019autorizzazione della Camera di appartenenza. Non si tratta di un privilegio del singolo parlamentare in quanto tale (la cui libert\u00e0 di comunicazione \u00e8 gi\u00e0 protetta come detto dall\u2019art. 15 Cost.) ma di una prerogativa \u201cstrumentale (\u2026) alla salvaguardia delle funzioni parlamentari\u201d di modo che intercettazioni o sequestri di corrispondenza non siano \u201cindebitamente finalizzat[i] ad incidere sullo svolgimento del mandato elettivo, divenendo fonte di condizionamenti e pressioni sulla libera esplicazione dell\u2019attivit\u00e0\u201d (Corte cost. 390\/2007). Se questa \u00e8 la <em>ratio <\/em>di tale prerogativa, limitarla alle comunicazioni solo in corso di svolgimento e non gi\u00e0 concluse, significa darne una interpretazione cos\u00ec restrittiva da vanificarla di fatto. Non l\u2019ha fatto, ovviamente, la Corte costituzionale la quale, nella stessa sentenza sopra citata, ha espressamente chiarito che il sequestro di corrispondenza del parlamentare pu\u00f2 avere ad oggetto anche \u201cdocumenti a carattere comunicativo\u201d. Documenti, dunque, che riportano il contenuto della comunicazione, che continua ad essere costituzionalmente protetta anche dopo la sua conclusione.<\/p>\n<p>Del resto \u00e8 lo stesso principio che, <em>mutatis mutandis<\/em>, ha portato la Corte costituzionale ad accogliere il conflitto di attribuzioni sollevato dal Presidente Napolitano contro la Procura di Palermo che ne aveva casualmente ascoltato le comunicazioni intercettando l\u2019ex sen. Mancino. In quel caso, infatti, il giudizio non dipese dall\u2019attualit\u00e0 o dal tipo della comunicazione, cio\u00e8 dall\u2019intercettazione della comunicazione presidenziale mentre si stava svolgendo, ma dalla necessit\u00e0 di tutelare, indipendentemente dal mezzo impiegato, l\u2019interesse costituzionalmente protetto di consentire \u201cl\u2019efficace svolgimento delle funzioni di equilibrio e raccordo tipiche del ruolo del Presidente della Repubblica nel sistema costituzionale italiano\u201d (Corte cost. 1\/2013). Di fronte ad argomenti cos\u00ec chiari e di tale peso costituzionale, \u00e8 irragionevole ritenere che la Corte costituzionale avrebbe preso una decisione diversa se Mancino, anzich\u00e9 telefonare al presidente Napolitano, gli avesse mandato un sms o una mail, sposando la tesi del sen. Grasso secondo cui in quel caso si era in presenza di documenti e non di forme di comunicazione degne di eguale tutela costituzionale.<\/p>\n<p>Peraltro, seguendo la tesi dell\u2019ex pm e Presidente del Senato, sarebbe molto facile per i pubblici ministeri eludere l\u2019obbligo costituzionale di autorizzazione preventiva per acquisire agli atti la corrispondenza del parlamentare: anzich\u00e9 intercettarne le sue comunicazioni nel momento in cui si svolgono, basterebbe attenderne la conclusione e poi sequestrare il <em>device<\/em> in cui \u00e8 vi \u00e8 traccia del suo contenuto.<\/p>\n<p>Anche le altre due argomentazioni del sen. Grasso sono confutabili, sempre alla luce della giurisprudenza costituzionale. L\u2019obbligo di autorizzazione non implica alcuna capacit\u00e0 divinatoria del pubblico ministero, n\u00e9 alcuna impunit\u00e0 del terzo che abbia comunicato con un parlamentare. Molto semplicemente: se il pubblico ministero vorr\u00e0 utilizzare contro un parlamentare le sue conversazioni occasionalmente trovate nel <em>device<\/em> sequestrato ad un terzo, dovr\u00e0 chiedere successivamente la relativa autorizzazione alla camera di appartenenza. Se invece vorr\u00e0 utilizzarle contro il terzo, lo potr\u00e0 fare perch\u00e9, come chiarito dalla Corte costituzionale nella stessa sentenza n. 390\/2007, tale materiale probatorio \u00e8 sempre e comunque utilizzabile nei suoi confronti, indipendentemente dall\u2019esito della richiesta di autorizzazione; altrimenti si avrebbe una \u201cirragionevole disparit\u00e0 di trattamento fra gli indagati, a seconda che tra i loro \u00abinterlocutori occasionali\u00bb vi sia stato o meno un membro del Parlamento\u201d. \u00c8 vero che tale ipotesi \u00e8 oggi prevista solo per le intercettazioni c.d. indirette (art. 6 l. 140\/2003), cio\u00e8 a quelle nei confronti di soggetti terzi cui il parlamentare partecipa casualmente, ma, per \u201crime obbligate\u201d, essa pu\u00f2 agevolmente estendersi anche alle comunicazioni altrettanto indirette (art. 4), fermo restando che, come sostenuto dal sen. Grasso, tale legge andrebbe espressamente modificata in tal senso.<\/p>\n<p>\u00c8 questa l\u2019unica considerazione condivisibile nel contesto di argomentazioni che suscitano preoccupazione non solo e non tanto per le asserite motivazioni giuridiche addotte a sostegno di una pur rispettabile posizione politica, quanto soprattutto per la loro mancanza di prospettiva costituzionale che tragga ispirazione dell\u2019esigenza di tutelare il libero svolgimento del mandato parlamentare, anche attraverso quella sua dimensione ormai essenziale che \u00e8 la comunicazione in via \u00a0non pi\u00f9 cartacea ma digitale.<\/p>\n<p>\u00a0<\/p>\n","protected":false},"excerpt":{"rendered":"<p>di Salvatore Curreri Nel corso del suo intervento in Aula (22 febbraio) per motivare il voto contrario di Liberi e Eguali sul conflitto di attribuzioni del Senato contro la Procura di Firenze, il sen. Grasso ha sostenuto la legittimit\u00e0 dell\u2019operato di quest\u2019ultima. A suo dire, infatti, bench\u00e9 l\u2019art. 68.3 Cost. preveda che il giudice debba &#8230; <a title=\"La libert\u00e0 di comunicazione del parlamentare. Riflessioni sul &#8220;caso Renzi&#8221;\" class=\"read-more\" href=\"https:\/\/www.lacostituzione.info\/index.php\/2022\/03\/04\/la-liberta-di-comunicazione-del-parlamentare-riflessioni-sul-caso-renzi\/\">Leggi tutto<\/a><\/p>\n<div class='heateorSssClear'><\/div><div  class='heateor_sss_sharing_container heateor_sss_horizontal_sharing' data-heateor-sss-href='https:\/\/www.lacostituzione.info\/index.php\/2022\/03\/04\/la-liberta-di-comunicazione-del-parlamentare-riflessioni-sul-caso-renzi\/'><div class='heateor_sss_sharing_title' style=\"font-weight:bold\" >Condividi!<\/div><div class=\"heateor_sss_sharing_ul\"><a aria-label=\"Facebook\" class=\"heateor_sss_facebook\" href=\"https:\/\/www.facebook.com\/sharer\/sharer.php?u=https%3A%2F%2Fwww.lacostituzione.info%2Findex.php%2F2022%2F03%2F04%2Fla-liberta-di-comunicazione-del-parlamentare-riflessioni-sul-caso-renzi%2F\" title=\"Facebook\" rel=\"nofollow noopener\" target=\"_blank\" style=\"font-size:32px!important;box-shadow:none;display:inline-block;vertical-align:middle\"><span class=\"heateor_sss_svg\" style=\"background-color:#0765FE;width:35px;height:35px;display:inline-block;opacity:1;float:left;font-size:32px;box-shadow:none;display:inline-block;font-size:16px;padding:0 4px;vertical-align:middle;background-repeat:repeat;overflow:hidden;padding:0;cursor:pointer;box-sizing:content-box\"><svg style=\"display:block;\" focusable=\"false\" aria-hidden=\"true\" xmlns=\"http:\/\/www.w3.org\/2000\/svg\" width=\"100%\" height=\"100%\" viewBox=\"0 0 32 32\"><path fill=\"#fff\" d=\"M28 16c0-6.627-5.373-12-12-12S4 9.373 4 16c0 5.628 3.875 10.35 9.101 11.647v-7.98h-2.474V16H13.1v-1.58c0-4.085 1.849-5.978 5.859-5.978.76 0 2.072.15 2.608.298v3.325c-.283-.03-.775-.045-1.386-.045-1.967 0-2.728.745-2.728 2.683V16h3.92l-.673 3.667h-3.247v8.245C23.395 27.195 28 22.135 28 16Z\"><\/path><\/svg><\/span><\/a><a aria-label=\"Twitter\" class=\"heateor_sss_button_twitter\" href=\"https:\/\/twitter.com\/intent\/tweet?text=La%20libert%C3%A0%20di%20comunicazione%20del%20parlamentare.%20Riflessioni%20sul%20%22caso%20Renzi%22&url=https%3A%2F%2Fwww.lacostituzione.info%2Findex.php%2F2022%2F03%2F04%2Fla-liberta-di-comunicazione-del-parlamentare-riflessioni-sul-caso-renzi%2F\" title=\"Twitter\" rel=\"nofollow noopener\" target=\"_blank\" style=\"font-size:32px!important;box-shadow:none;display:inline-block;vertical-align:middle\"><span class=\"heateor_sss_svg heateor_sss_s__default heateor_sss_s_twitter\" style=\"background-color:#55acee;width:35px;height:35px;display:inline-block;opacity:1;float:left;font-size:32px;box-shadow:none;display:inline-block;font-size:16px;padding:0 4px;vertical-align:middle;background-repeat:repeat;overflow:hidden;padding:0;cursor:pointer;box-sizing:content-box\"><svg style=\"display:block;\" focusable=\"false\" aria-hidden=\"true\" xmlns=\"http:\/\/www.w3.org\/2000\/svg\" width=\"100%\" height=\"100%\" viewBox=\"-4 -4 39 39\"><path d=\"M28 8.557a9.913 9.913 0 0 1-2.828.775 4.93 4.93 0 0 0 2.166-2.725 9.738 9.738 0 0 1-3.13 1.194 4.92 4.92 0 0 0-3.593-1.55 4.924 4.924 0 0 0-4.794 6.049c-4.09-.21-7.72-2.17-10.15-5.15a4.942 4.942 0 0 0-.665 2.477c0 1.71.87 3.214 2.19 4.1a4.968 4.968 0 0 1-2.23-.616v.06c0 2.39 1.7 4.38 3.952 4.83-.414.115-.85.174-1.297.174-.318 0-.626-.03-.928-.086a4.935 4.935 0 0 0 4.6 3.42 9.893 9.893 0 0 1-6.114 2.107c-.398 0-.79-.023-1.175-.068a13.953 13.953 0 0 0 7.55 2.213c9.056 0 14.01-7.507 14.01-14.013 0-.213-.005-.426-.015-.637.96-.695 1.795-1.56 2.455-2.55z\" fill=\"#fff\"><\/path><\/svg><\/span><\/a><a aria-label=\"Reddit\" class=\"heateor_sss_button_reddit\" href=\"https:\/\/reddit.com\/submit?url=https%3A%2F%2Fwww.lacostituzione.info%2Findex.php%2F2022%2F03%2F04%2Fla-liberta-di-comunicazione-del-parlamentare-riflessioni-sul-caso-renzi%2F&title=La%20libert%C3%A0%20di%20comunicazione%20del%20parlamentare.%20Riflessioni%20sul%20%22caso%20Renzi%22\" title=\"Reddit\" rel=\"nofollow noopener\" target=\"_blank\" style=\"font-size:32px!important;box-shadow:none;display:inline-block;vertical-align:middle\"><span class=\"heateor_sss_svg heateor_sss_s__default heateor_sss_s_reddit\" style=\"background-color:#ff5700;width:35px;height:35px;display:inline-block;opacity:1;float:left;font-size:32px;box-shadow:none;display:inline-block;font-size:16px;padding:0 4px;vertical-align:middle;background-repeat:repeat;overflow:hidden;padding:0;cursor:pointer;box-sizing:content-box\"><svg style=\"display:block;\" focusable=\"false\" aria-hidden=\"true\" xmlns=\"http:\/\/www.w3.org\/2000\/svg\" width=\"100%\" height=\"100%\" viewBox=\"-3.5 -3.5 39 39\"><path d=\"M28.543 15.774a2.953 2.953 0 0 0-2.951-2.949 2.882 2.882 0 0 0-1.9.713 14.075 14.075 0 0 0-6.85-2.044l1.38-4.349 3.768.884a2.452 2.452 0 1 0 .24-1.176l-4.274-1a.6.6 0 0 0-.709.4l-1.659 5.224a14.314 14.314 0 0 0-7.316 2.029 2.908 2.908 0 0 0-1.872-.681 2.942 2.942 0 0 0-1.618 5.4 5.109 5.109 0 0 0-.062.765c0 4.158 5.037 7.541 11.229 7.541s11.22-3.383 11.22-7.541a5.2 5.2 0 0 0-.053-.706 2.963 2.963 0 0 0 1.427-2.51zm-18.008 1.88a1.753 1.753 0 0 1 1.73-1.74 1.73 1.73 0 0 1 1.709 1.74 1.709 1.709 0 0 1-1.709 1.711 1.733 1.733 0 0 1-1.73-1.711zm9.565 4.968a5.573 5.573 0 0 1-4.081 1.272h-.032a5.576 5.576 0 0 1-4.087-1.272.6.6 0 0 1 .844-.854 4.5 4.5 0 0 0 3.238.927h.032a4.5 4.5 0 0 0 3.237-.927.6.6 0 1 1 .844.854zm-.331-3.256a1.726 1.726 0 1 1 1.709-1.712 1.717 1.717 0 0 1-1.712 1.712z\" fill=\"#fff\"\/><\/svg><\/span><\/a><a aria-label=\"Linkedin\" class=\"heateor_sss_button_linkedin\" href=\"https:\/\/www.linkedin.com\/sharing\/share-offsite\/?url=https%3A%2F%2Fwww.lacostituzione.info%2Findex.php%2F2022%2F03%2F04%2Fla-liberta-di-comunicazione-del-parlamentare-riflessioni-sul-caso-renzi%2F\" title=\"Linkedin\" rel=\"nofollow noopener\" target=\"_blank\" style=\"font-size:32px!important;box-shadow:none;display:inline-block;vertical-align:middle\"><span class=\"heateor_sss_svg heateor_sss_s__default heateor_sss_s_linkedin\" style=\"background-color:#0077b5;width:35px;height:35px;display:inline-block;opacity:1;float:left;font-size:32px;box-shadow:none;display:inline-block;font-size:16px;padding:0 4px;vertical-align:middle;background-repeat:repeat;overflow:hidden;padding:0;cursor:pointer;box-sizing:content-box\"><svg style=\"display:block;\" focusable=\"false\" aria-hidden=\"true\" xmlns=\"http:\/\/www.w3.org\/2000\/svg\" width=\"100%\" height=\"100%\" viewBox=\"0 0 32 32\"><path d=\"M6.227 12.61h4.19v13.48h-4.19V12.61zm2.095-6.7a2.43 2.43 0 0 1 0 4.86c-1.344 0-2.428-1.09-2.428-2.43s1.084-2.43 2.428-2.43m4.72 6.7h4.02v1.84h.058c.56-1.058 1.927-2.176 3.965-2.176 4.238 0 5.02 2.792 5.02 6.42v7.395h-4.183v-6.56c0-1.564-.03-3.574-2.178-3.574-2.18 0-2.514 1.7-2.514 3.46v6.668h-4.187V12.61z\" fill=\"#fff\"><\/path><\/svg><\/span><\/a><a aria-label=\"Pinterest\" class=\"heateor_sss_button_pinterest\" href=\"https:\/\/www.lacostituzione.info\/index.php\/2022\/03\/04\/la-liberta-di-comunicazione-del-parlamentare-riflessioni-sul-caso-renzi\/\" onclick=\"event.preventDefault();javascript:void( (function() {var e=document.createElement('script' );e.setAttribute('type','text\/javascript' );e.setAttribute('charset','UTF-8' );e.setAttribute('src','\/\/assets.pinterest.com\/js\/pinmarklet.js?r='+Math.random()*99999999);document.body.appendChild(e)})());\" title=\"Pinterest\" rel=\"noopener\" style=\"font-size:32px!important;box-shadow:none;display:inline-block;vertical-align:middle\"><span class=\"heateor_sss_svg heateor_sss_s__default heateor_sss_s_pinterest\" style=\"background-color:#cc2329;width:35px;height:35px;display:inline-block;opacity:1;float:left;font-size:32px;box-shadow:none;display:inline-block;font-size:16px;padding:0 4px;vertical-align:middle;background-repeat:repeat;overflow:hidden;padding:0;cursor:pointer;box-sizing:content-box\"><svg style=\"display:block;\" focusable=\"false\" aria-hidden=\"true\" xmlns=\"http:\/\/www.w3.org\/2000\/svg\" width=\"100%\" height=\"100%\" viewBox=\"-2 -2 35 35\"><path fill=\"#fff\" d=\"M16.539 4.5c-6.277 0-9.442 4.5-9.442 8.253 0 2.272.86 4.293 2.705 5.046.303.125.574.005.662-.33.061-.231.205-.816.27-1.06.088-.331.053-.447-.191-.736-.532-.627-.873-1.439-.873-2.591 0-3.338 2.498-6.327 6.505-6.327 3.548 0 5.497 2.168 5.497 5.062 0 3.81-1.686 7.025-4.188 7.025-1.382 0-2.416-1.142-2.085-2.545.397-1.674 1.166-3.48 1.166-4.689 0-1.081-.581-1.983-1.782-1.983-1.413 0-2.548 1.462-2.548 3.419 0 1.247.421 2.091.421 2.091l-1.699 7.199c-.505 2.137-.076 4.755-.039 5.019.021.158.223.196.314.077.13-.17 1.813-2.247 2.384-4.324.162-.587.929-3.631.929-3.631.46.876 1.801 1.646 3.227 1.646 4.247 0 7.128-3.871 7.128-9.053.003-3.918-3.317-7.568-8.361-7.568z\"\/><\/svg><\/span><\/a><a aria-label=\"Whatsapp\" class=\"heateor_sss_whatsapp\" href=\"https:\/\/api.whatsapp.com\/send?text=La%20libert%C3%A0%20di%20comunicazione%20del%20parlamentare.%20Riflessioni%20sul%20%22caso%20Renzi%22%20https%3A%2F%2Fwww.lacostituzione.info%2Findex.php%2F2022%2F03%2F04%2Fla-liberta-di-comunicazione-del-parlamentare-riflessioni-sul-caso-renzi%2F\" title=\"Whatsapp\" rel=\"nofollow noopener\" target=\"_blank\" style=\"font-size:32px!important;box-shadow:none;display:inline-block;vertical-align:middle\"><span class=\"heateor_sss_svg\" style=\"background-color:#55eb4c;width:35px;height:35px;display:inline-block;opacity:1;float:left;font-size:32px;box-shadow:none;display:inline-block;font-size:16px;padding:0 4px;vertical-align:middle;background-repeat:repeat;overflow:hidden;padding:0;cursor:pointer;box-sizing:content-box\"><svg style=\"display:block;\" focusable=\"false\" aria-hidden=\"true\" xmlns=\"http:\/\/www.w3.org\/2000\/svg\" width=\"100%\" height=\"100%\" viewBox=\"-6 -5 40 40\"><path class=\"heateor_sss_svg_stroke heateor_sss_no_fill\" stroke=\"#fff\" stroke-width=\"2\" fill=\"none\" d=\"M 11.579798566743314 24.396926207859085 A 10 10 0 1 0 6.808479557110079 20.73576436351046\"><\/path><path d=\"M 7 19 l -1 6 l 6 -1\" class=\"heateor_sss_no_fill heateor_sss_svg_stroke\" stroke=\"#fff\" stroke-width=\"2\" fill=\"none\"><\/path><path d=\"M 10 10 q -1 8 8 11 c 5 -1 0 -6 -1 -3 q -4 -3 -5 -5 c 4 -2 -1 -5 -1 -4\" fill=\"#fff\"><\/path><\/svg><\/span><\/a><\/div><div class=\"heateorSssClear\"><\/div><\/div><div class='heateorSssClear'><\/div>","protected":false},"author":13,"featured_media":0,"comment_status":"open","ping_status":"open","sticky":false,"template":"","format":"standard","meta":{"jetpack_post_was_ever_published":false,"_jetpack_newsletter_access":"","_jetpack_dont_email_post_to_subs":false,"_jetpack_newsletter_tier_id":0,"_jetpack_memberships_contains_paywalled_content":false,"_jetpack_memberships_contains_paid_content":false,"footnotes":"","jetpack_publicize_message":"","jetpack_publicize_feature_enabled":true,"jetpack_social_post_already_shared":false,"jetpack_social_options":{"image_generator_settings":{"template":"highway","default_image_id":0,"enabled":false},"version":2}},"categories":[4],"tags":[1319,582,1399,153],"class_list":["post-8220","post","type-post","status-publish","format-standard","hentry","category-attualita","tag-corrispondenza","tag-intercettazioni","tag-prerogative-parlamentari","tag-renzi"],"jetpack_publicize_connections":[],"jetpack_featured_media_url":"","jetpack_shortlink":"https:\/\/wp.me\/p84sDq-28A","jetpack_likes_enabled":true,"jetpack_sharing_enabled":true,"_links":{"self":[{"href":"https:\/\/www.lacostituzione.info\/index.php\/wp-json\/wp\/v2\/posts\/8220","targetHints":{"allow":["GET"]}}],"collection":[{"href":"https:\/\/www.lacostituzione.info\/index.php\/wp-json\/wp\/v2\/posts"}],"about":[{"href":"https:\/\/www.lacostituzione.info\/index.php\/wp-json\/wp\/v2\/types\/post"}],"author":[{"embeddable":true,"href":"https:\/\/www.lacostituzione.info\/index.php\/wp-json\/wp\/v2\/users\/13"}],"replies":[{"embeddable":true,"href":"https:\/\/www.lacostituzione.info\/index.php\/wp-json\/wp\/v2\/comments?post=8220"}],"version-history":[{"count":0,"href":"https:\/\/www.lacostituzione.info\/index.php\/wp-json\/wp\/v2\/posts\/8220\/revisions"}],"wp:attachment":[{"href":"https:\/\/www.lacostituzione.info\/index.php\/wp-json\/wp\/v2\/media?parent=8220"}],"wp:term":[{"taxonomy":"category","embeddable":true,"href":"https:\/\/www.lacostituzione.info\/index.php\/wp-json\/wp\/v2\/categories?post=8220"},{"taxonomy":"post_tag","embeddable":true,"href":"https:\/\/www.lacostituzione.info\/index.php\/wp-json\/wp\/v2\/tags?post=8220"}],"curies":[{"name":"wp","href":"https:\/\/api.w.org\/{rel}","templated":true}]}}