{"id":8239,"date":"2022-03-23T17:08:28","date_gmt":"2022-03-23T16:08:28","guid":{"rendered":"http:\/\/www.lacostituzione.info\/?p=8239"},"modified":"2022-03-23T17:08:33","modified_gmt":"2022-03-23T16:08:33","slug":"liberta-e-regole-anche-grammaticali","status":"publish","type":"post","link":"https:\/\/www.lacostituzione.info\/index.php\/2022\/03\/23\/liberta-e-regole-anche-grammaticali\/","title":{"rendered":"Libert\u00e0 e regole (anche grammaticali)"},"content":{"rendered":"\n<p style=\"text-align: center;\"><a href=\"http:\/\/www.lacostituzione.info\/index.php\/2022\/03\/23\/liberta-e-regole-anche-grammaticali\/grammatica\/#main\" rel=\"attachment wp-att-8240\"><img loading=\"lazy\" decoding=\"async\" data-attachment-id=\"8240\" data-permalink=\"https:\/\/www.lacostituzione.info\/index.php\/2022\/03\/23\/liberta-e-regole-anche-grammaticali\/grammatica\/#main\" data-orig-file=\"https:\/\/www.lacostituzione.info\/wp-content\/uploads\/2022\/03\/grammatica.jpg\" data-orig-size=\"277,182\" data-comments-opened=\"1\" data-image-meta=\"{&quot;aperture&quot;:&quot;0&quot;,&quot;credit&quot;:&quot;&quot;,&quot;camera&quot;:&quot;&quot;,&quot;caption&quot;:&quot;&quot;,&quot;created_timestamp&quot;:&quot;0&quot;,&quot;copyright&quot;:&quot;&quot;,&quot;focal_length&quot;:&quot;0&quot;,&quot;iso&quot;:&quot;0&quot;,&quot;shutter_speed&quot;:&quot;0&quot;,&quot;title&quot;:&quot;&quot;,&quot;orientation&quot;:&quot;0&quot;}\" data-image-title=\"grammatica\" data-image-description=\"\" data-image-caption=\"\" data-medium-file=\"https:\/\/www.lacostituzione.info\/wp-content\/uploads\/2022\/03\/grammatica.jpg\" data-large-file=\"https:\/\/www.lacostituzione.info\/wp-content\/uploads\/2022\/03\/grammatica.jpg\" class=\"aligncenter size-thumbnail wp-image-8240\" src=\"http:\/\/www.lacostituzione.info\/wp-content\/uploads\/2022\/03\/grammatica-150x150.jpg\" alt=\"\" width=\"150\" height=\"150\" \/><\/a>di\u00a0<strong>Glauco Nori<\/strong><\/p>\n<p>Il diritto sta attraversando un periodo difficile non perch\u00e8 non viene osservato, evento ricorrente, ma perch\u00e8 affiorano tentativi di trasformarne la funzione.<!--more--><\/p>\n<p>Nel settore internazionale qualche capo di Stato comincia ad attribuirsi la competenza a fissare in forma vincolante il significato\u00a0 di alcune pariole, come <em>guerra,<\/em> garantito dalla minaccia di ricorrere anche alle armi.\u00a0 Al di sopra del vocabolario, aiuto per chi vuole conoscere il significato delle parole, cominciano cos\u00ec a collocarsi norme giuridiche che il significato lo impongono.<\/p>\n<p>Nel diritto interno qualche anomalia era gi\u00e0 rilevabile. Con tanti problemi urgenti e gravi, pu\u00f2 essere questo il momento per parlare di alcuni casi a proposito dei quali, in condizioni normali, i dissensi sarebbero stati maggiori.<\/p>\n<p>Uno \u00e8 la nozione di libert\u00e0. Per come se ne \u00e8 sentito parlare in questo ultimo periodo, pu\u00f2 essere utile\u00a0 cercare di riordinare un po&#8217; le idee, avvertendo che ci si rifar\u00e0\u00a0 a principi noti da tempo, senza aggiugere niente di nuovo. E&#8217; solo a queste condizioni che si pu\u00f2 sperare di non complicare le cose ulteriormente.<\/p>\n<p>\u00abL&#8217;essenza della libert\u00e0 \u00e8 sempre consistita nella capacit\u00e0 di scegliere come si vuole scegliere e perch\u00e9 cos\u00ec si vuole, senza costrizioni o intimidazioni, senza che un sistema immenso ci inghiotta; e nel diritto di resistere, di essere impopolare, di schierarti per le tue convinzioni per il solo fatto che sono tue. La vera libert\u00e0 \u00e8 questa, e senza di essa non c&#8217;\u00e8 mai libert\u00e0, di nessun genere, e nemmeno l&#8217;illusione di averla\u00bb. Si \u00e8 riportata la nozione\u00a0 di Isaiah Berlin, uno tra i pi\u00f9 accreditati filosofi liberisti recenti: nozione filosofica ed anche etica, che non dovrebbe avere lo stesso valore quando se ne parla come diritto che,\u00a0 per sua natura, deve essere fondato su una norma.<\/p>\n<p>Quando ci si pone su questo piano, dalla libert\u00e0, al singolare, si passa alle libert\u00e0, perch\u00e8 in ogni settore la libert\u00e0 si articola in modo diverso. Oggi in discussione \u00e8 stata messa\u00a0 anche quella attinente alla tutela della salute, per difenderla rispetto ad alcuni trattamenti medici.<\/p>\n<p>In linea di principio la libert\u00e0, se anche fosse coinvolta, lo sarebbe in misura diversa da quella che in genere viene denunciata. Non ci sono imposizioni; sono solo richiesti adempimenti per accedere a certe situazioni. Si tratta, pertanto, di quello che dal punto di vista giuridico potrebbe essere definito come onere, vale a dire il comportamento che deve essere tenuto se si vuole raggiungere un certo risultato. L&#8217;interessato pu\u00f2 non vaccinarsi.<\/p>\n<p>Per vedere un limite, andrebbe prima accercata l&#8217;estenzione della sfera tutelata dalla norma perch\u00e8 \u00e8, o\u00a0 dovebbe essere, evidente che un limite non sarebbe configurabile se la libert\u00e0, tutelata dalla norma, avesse un&#8217;area che non comprende il settore coinvolto. Per sveltire l&#8217;indagine, la questione pu\u00f2 essere messa da parte.<\/p>\n<p>Partendo dalla premessa che si tratti effettivamente di un limite, va\u00a0 verificato se sia consentito.<\/p>\n<p>L&#8217;art. 32 Cost., secondo comma, prevede espressamente trattamenti sanitari obbligatori purch\u00e8 disposti alla legge e purch\u00e8 non violino i limiti imposti dal rispetto della persona umana.\u00a0 Nella discussione in Assemblea Costituente furono esclusi da questo secondo limite i trattamenti sanitari, come le vaccinazioni, disposte a tutela della salute pubblica. Non ha base costituzionale, pertanto, quello che si \u00e8 sentito sostenere anche recentemente a proposito del rispetto della persona umana.\u00a0 Date le esperienze recenti,\u00a0 furono le sterilizzazioni e gli altri trattamenti analoghi che si vollero proibire, non quelli a tutela della salute, definita nello stesso comma anche come interesse della collettivit\u00e0.\u00a0 Il senso \u00e8 stato ritenuto tanto chiaro da aver considerato inutile un emendamento\u00a0 con il quale si precisava che, tutelando la propria salute, il singolo tutelava anche quella della colletivit\u00e0.<\/p>\n<p>In contrario \u00e8 stato anche sostenuto che, mentre la tutela della salute dell&#8217;individuo \u00e8 stata definita come diritto, alla collettivit\u00e0 \u00e8 stato riconosciuto solo un interesse. Non si \u00e8 tenuto conto che nell&#8217;ordinamento italiano il diritto \u00e8 definito &#8220;soggettivo&#8221;, perch\u00e8 riferito sempre ad un &#8220;soggetto&#8221;, che non pu\u00f2 vedersi in una &#8220;collettivit\u00e0&#8221;, senza che questa differenza terminologica porti a tutele diverse.<\/p>\n<p>Che i limiti, imposti dal rispetto della persona umana, siano osservati nel caso dei vaccini \u00e8 confermato dal fatto che per i tanti altri previsti da leggi precedenti non ci sono contestazioni analoghe. Non \u00e8 chiaro perch\u00e8 per questo vaccino sia diverso. Non pu\u00f2 essere una ragione il fatto che ad essere interessati siano gli adulti mentre per gli altri lo sono i bambini e i ragazzi;\u00a0 non sembra sostenibile che, per quanto riguarda la salute, la libert\u00e0 sia tutelata in funzione dell&#8217;et\u00e0. Che di libert\u00e0 individuale non si possa parlare quando il trattamento \u00e8 disposto a tutela della salute pubblica si dovrebbe, dunque, desumere senza perplessit\u00e0 dall&#8217;art. 32 Cost. che richiede solo che sia la legge a disporlo.<\/p>\n<p>Le contestazioni potrebbero spostarsi sulla idoneit\u00e0 della prestazione imposta a realizzare l&#8217;obiettivo programmato. Il problema diventerebbe tecnico, da risolvere secondo le indicazioni di esperti: il solo pensare di potersi fondare su opinioni personali ispirate da sospetti, messi in giro senza base scientifica, sarebbe pi\u00f9 che irragionevole.<\/p>\n<p>Guardando in giro si ha l&#8217;impressione che in questo periodo alle convinzioni personali si stia dando un affidamento eccessivo anche senza verifiche.\u00a0<\/p>\n<p>Contro il provvedimento di un Tribunale, che ha sospeso gli effetti di un atto dei Cinque Stelle, \u00e8 stato obiettato, tra l&#8217;altro, che costituirebbe una interferenza nel settore politico, non consentita.\u00a0Andrebbe precisato se la questione sia proposta in chiave giuridica, per accertare la legittimit\u00e0 degli atti, o in chiave politica, come\u00a0 sembra che il movimento ritenga. Se fosse politica, secondo la prospettazione che ne \u00e8 stata fatta, si dovrebbe dire chiaramente che la vita dell&#8217;associazione sarebbe soggetta alle determinazioni di alcuni suoi organi, anche in difformit\u00e0 dello statuto. Questa potrebbe sembrare, per quello che se ne \u00e8 saputo, la tesi del movimento. Ma col richiamo per la legittimit\u00e0 dell&#8217;atto di un\u00a0 regolamento, successivo alla statuto, deliberato dagli organi associativi, la questione diventa anche giuridica\u00a0 altrimenti,\u00a0 \u00e8 bene ripeterlo, sarebbe stata sufficente una deliberazione dell&#8217;organo associativo e non un regolamento.<\/p>\n<p>Ci si dovrebbe domandare se il regolamento\u00a0 sia legittimo ma non si \u00e8 in grado di rispondere, perch\u00e8 non risulta che ne sia stata indicata la base normativa.<\/p>\n<p>C&#8217;\u00e8 ancora chi sostiene, ma con meno convinzione di prima, che i 5 Stelle non sarebbero un partito; se non lo fossero, sarebbe sicuramente una associazione privata, costituita per atto\u00a0 pubblico come richiede l&#8217;art.14\u00a0 c.c . Non \u00e8 il caso di verificare se ad alcuni associati possa essere precluso di partecipare all&#8217;assemblea. Anche a ritenerlo consentito, lo dovrebbe provvedere lo statuto che, per quello che si \u00e8 potuto verificare,\u00a0 non affronta l&#8217;argomento. Sulla esclusione dall&#8217;assemblea di una categoria di associati le ipotesi sembrano solo due: o \u00e8 una determinazione che varr\u00e0 anche in futuro\u00a0 o solo in questa circostanza. Nel secondo caso l&#8217;atto sarebbe illegittimo perch\u00e8 in violazione dello statuto; nel primo costituirebbe una modifica statutaria che si sarebbe dovuta disporre secondo le previsioni dello statuto in vigore, vale a dire con la partecipazione di tutti gli associati. In mancanza, la deliberazione assembleare sarebbe illegittima.<\/p>\n<p>Gli esclusi, non va dimenticato, come associati non si potevano rivolgere che al giudice ordinario al quale diventa\u00a0 non imputabile una interferenza\u00a0 perch\u00e8 il suo intervento \u00e8 stato richiesto dall&#8217;interno della stessa associazione.<\/p>\n<p>Si potrebbe obiettare che il Giudice avrebbe dovuto dichiarare il proprio difetto di giurisdizione qualificando l&#8217;atto impugnato come esercizio di discrezionalit\u00e0 politica, decisione impossibile dal momento che il provvedimento \u00e8 stato impugnato perch\u00e8 avrebbe violato norme giuridiche. I ricorrenti sarebbero rimasti senza tutela per un diritto che ritenevano di avere. La loro domanda sarebbe eventualmente infondata, ma non improponibile.<\/p>\n<p>Per insistere coerentemente sulla propria tesi il movimento, o partito che sia, dovrebbe sostenere che dai suoi atti collegiali non possono derivare diritti per gli associati e che gli organi dirigenti, proprio per la natura politica e non giuridica dei loro poteri,\u00a0 possono realizzare gli interesssi del momento, anche essi politici. Non sembra che qualcuno lo abbia sostenuto, almeno in termini chiari.<\/p>\n<p>Questo modo di argomentare sta emergendo anche in altri settori\u00a0 Un caso pu\u00f2\u00a0 assumere un significato particolare per il fatto che non investe interessi\u00a0 di ordine economico o di potere.\u00a0La grammatica e la c.d. <em>consecutio temporum<\/em> sembrano fuori moda, almeno nelle forme tradizionali. Anche firme di prestigio iniziano la trase con &#8220;E&#8221; che, per essere una congiunzione,\u00a0 dovrebbe unire due proposizioni di pari livello. Diventa difficile attribuirgli\u00a0 questa funzione dopo che la frase precedente si \u00e8 conclusa con\u00a0 il punto. Il c.d.punto fermo sta ad indicare che il discorso si \u00e8 concluso e che quello che viene dopo, anche se connesso, ha una sua autonomia.<\/p>\n<p>E&#8217; prevedibile l&#8217;obiezione: non \u00e8 da una &#8220;e&#8221; che si possono trarre conclusioni di rilievo. Ma la prospettiva potrebbe cambiare quando la &#8220;e&#8221; si inserisce in una situazione pi\u00f9 complessa. Quando, ad esempio, i complementi oggetto sono pi\u00f9 di due (parlare di questi argomenti oggi per molti sar\u00e0 una perdita di tempo) e tra l&#8217;uno e l&#8217;altro si mette un punto fermo, senza che ci sia un verbo,come si diceva una volta, per indicare l&#8217;azione.<\/p>\n<p>Con questo non si vuol dire che chi scrive non conosca la grammatica o la sintassi, ma solo che vuole aggiustare le regole come ritiene opportuno.<\/p>\n<p>Gli interessi pratici sottostanti sono di poco rilievo, ma proprio per questo il fatto \u00e8 significativo perch\u00e8 fa vedere quale oggi sia il rapporto tra soggetto e norma, che non\u00a0 si rispetta anche quando l&#8217;interesse \u00e8 minimo.<\/p>\n<p>Non dovrebbe, pertanto, meravigliare che non ci si vaccini perch\u00e8\u00a0 ritenuto percoloso per convinzione personale; che non ci si metta la mascherina perch\u00e8 considerata inutile.\u00a0Diventa, di conseguenza, coerente, per chi argomenta in questi modo, che il perimetro di una sfera rilevante come la libert\u00e0\u00a0 si pretenda di definirlo secondo le proprie convinzioni, anche a costo di forzare la Costituzione.<\/p>\n","protected":false},"excerpt":{"rendered":"<p>di\u00a0Glauco Nori Il diritto sta attraversando un periodo difficile non perch\u00e8 non viene osservato, evento ricorrente, ma perch\u00e8 affiorano tentativi di trasformarne la funzione.<\/p>\n<div class='heateorSssClear'><\/div><div  class='heateor_sss_sharing_container heateor_sss_horizontal_sharing' data-heateor-sss-href='https:\/\/www.lacostituzione.info\/index.php\/2022\/03\/23\/liberta-e-regole-anche-grammaticali\/'><div class='heateor_sss_sharing_title' style=\"font-weight:bold\" >Condividi!<\/div><div class=\"heateor_sss_sharing_ul\"><a aria-label=\"Facebook\" class=\"heateor_sss_facebook\" href=\"https:\/\/www.facebook.com\/sharer\/sharer.php?u=https%3A%2F%2Fwww.lacostituzione.info%2Findex.php%2F2022%2F03%2F23%2Fliberta-e-regole-anche-grammaticali%2F\" title=\"Facebook\" rel=\"nofollow noopener\" target=\"_blank\" style=\"font-size:32px!important;box-shadow:none;display:inline-block;vertical-align:middle\"><span class=\"heateor_sss_svg\" style=\"background-color:#0765FE;width:35px;height:35px;display:inline-block;opacity:1;float:left;font-size:32px;box-shadow:none;display:inline-block;font-size:16px;padding:0 4px;vertical-align:middle;background-repeat:repeat;overflow:hidden;padding:0;cursor:pointer;box-sizing:content-box\"><svg style=\"display:block;\" focusable=\"false\" aria-hidden=\"true\" xmlns=\"http:\/\/www.w3.org\/2000\/svg\" width=\"100%\" height=\"100%\" viewBox=\"0 0 32 32\"><path fill=\"#fff\" d=\"M28 16c0-6.627-5.373-12-12-12S4 9.373 4 16c0 5.628 3.875 10.35 9.101 11.647v-7.98h-2.474V16H13.1v-1.58c0-4.085 1.849-5.978 5.859-5.978.76 0 2.072.15 2.608.298v3.325c-.283-.03-.775-.045-1.386-.045-1.967 0-2.728.745-2.728 2.683V16h3.92l-.673 3.667h-3.247v8.245C23.395 27.195 28 22.135 28 16Z\"><\/path><\/svg><\/span><\/a><a aria-label=\"Twitter\" class=\"heateor_sss_button_twitter\" href=\"https:\/\/twitter.com\/intent\/tweet?text=Libert%C3%A0%20e%20regole%20%28anche%20grammaticali%29&url=https%3A%2F%2Fwww.lacostituzione.info%2Findex.php%2F2022%2F03%2F23%2Fliberta-e-regole-anche-grammaticali%2F\" title=\"Twitter\" rel=\"nofollow noopener\" target=\"_blank\" style=\"font-size:32px!important;box-shadow:none;display:inline-block;vertical-align:middle\"><span class=\"heateor_sss_svg heateor_sss_s__default heateor_sss_s_twitter\" style=\"background-color:#55acee;width:35px;height:35px;display:inline-block;opacity:1;float:left;font-size:32px;box-shadow:none;display:inline-block;font-size:16px;padding:0 4px;vertical-align:middle;background-repeat:repeat;overflow:hidden;padding:0;cursor:pointer;box-sizing:content-box\"><svg style=\"display:block;\" focusable=\"false\" aria-hidden=\"true\" xmlns=\"http:\/\/www.w3.org\/2000\/svg\" width=\"100%\" height=\"100%\" viewBox=\"-4 -4 39 39\"><path d=\"M28 8.557a9.913 9.913 0 0 1-2.828.775 4.93 4.93 0 0 0 2.166-2.725 9.738 9.738 0 0 1-3.13 1.194 4.92 4.92 0 0 0-3.593-1.55 4.924 4.924 0 0 0-4.794 6.049c-4.09-.21-7.72-2.17-10.15-5.15a4.942 4.942 0 0 0-.665 2.477c0 1.71.87 3.214 2.19 4.1a4.968 4.968 0 0 1-2.23-.616v.06c0 2.39 1.7 4.38 3.952 4.83-.414.115-.85.174-1.297.174-.318 0-.626-.03-.928-.086a4.935 4.935 0 0 0 4.6 3.42 9.893 9.893 0 0 1-6.114 2.107c-.398 0-.79-.023-1.175-.068a13.953 13.953 0 0 0 7.55 2.213c9.056 0 14.01-7.507 14.01-14.013 0-.213-.005-.426-.015-.637.96-.695 1.795-1.56 2.455-2.55z\" fill=\"#fff\"><\/path><\/svg><\/span><\/a><a aria-label=\"Reddit\" class=\"heateor_sss_button_reddit\" href=\"https:\/\/reddit.com\/submit?url=https%3A%2F%2Fwww.lacostituzione.info%2Findex.php%2F2022%2F03%2F23%2Fliberta-e-regole-anche-grammaticali%2F&title=Libert%C3%A0%20e%20regole%20%28anche%20grammaticali%29\" title=\"Reddit\" rel=\"nofollow noopener\" target=\"_blank\" style=\"font-size:32px!important;box-shadow:none;display:inline-block;vertical-align:middle\"><span class=\"heateor_sss_svg heateor_sss_s__default heateor_sss_s_reddit\" style=\"background-color:#ff5700;width:35px;height:35px;display:inline-block;opacity:1;float:left;font-size:32px;box-shadow:none;display:inline-block;font-size:16px;padding:0 4px;vertical-align:middle;background-repeat:repeat;overflow:hidden;padding:0;cursor:pointer;box-sizing:content-box\"><svg style=\"display:block;\" focusable=\"false\" aria-hidden=\"true\" xmlns=\"http:\/\/www.w3.org\/2000\/svg\" width=\"100%\" height=\"100%\" viewBox=\"-3.5 -3.5 39 39\"><path d=\"M28.543 15.774a2.953 2.953 0 0 0-2.951-2.949 2.882 2.882 0 0 0-1.9.713 14.075 14.075 0 0 0-6.85-2.044l1.38-4.349 3.768.884a2.452 2.452 0 1 0 .24-1.176l-4.274-1a.6.6 0 0 0-.709.4l-1.659 5.224a14.314 14.314 0 0 0-7.316 2.029 2.908 2.908 0 0 0-1.872-.681 2.942 2.942 0 0 0-1.618 5.4 5.109 5.109 0 0 0-.062.765c0 4.158 5.037 7.541 11.229 7.541s11.22-3.383 11.22-7.541a5.2 5.2 0 0 0-.053-.706 2.963 2.963 0 0 0 1.427-2.51zm-18.008 1.88a1.753 1.753 0 0 1 1.73-1.74 1.73 1.73 0 0 1 1.709 1.74 1.709 1.709 0 0 1-1.709 1.711 1.733 1.733 0 0 1-1.73-1.711zm9.565 4.968a5.573 5.573 0 0 1-4.081 1.272h-.032a5.576 5.576 0 0 1-4.087-1.272.6.6 0 0 1 .844-.854 4.5 4.5 0 0 0 3.238.927h.032a4.5 4.5 0 0 0 3.237-.927.6.6 0 1 1 .844.854zm-.331-3.256a1.726 1.726 0 1 1 1.709-1.712 1.717 1.717 0 0 1-1.712 1.712z\" fill=\"#fff\"\/><\/svg><\/span><\/a><a aria-label=\"Linkedin\" class=\"heateor_sss_button_linkedin\" href=\"https:\/\/www.linkedin.com\/sharing\/share-offsite\/?url=https%3A%2F%2Fwww.lacostituzione.info%2Findex.php%2F2022%2F03%2F23%2Fliberta-e-regole-anche-grammaticali%2F\" title=\"Linkedin\" rel=\"nofollow noopener\" target=\"_blank\" style=\"font-size:32px!important;box-shadow:none;display:inline-block;vertical-align:middle\"><span class=\"heateor_sss_svg heateor_sss_s__default heateor_sss_s_linkedin\" style=\"background-color:#0077b5;width:35px;height:35px;display:inline-block;opacity:1;float:left;font-size:32px;box-shadow:none;display:inline-block;font-size:16px;padding:0 4px;vertical-align:middle;background-repeat:repeat;overflow:hidden;padding:0;cursor:pointer;box-sizing:content-box\"><svg style=\"display:block;\" focusable=\"false\" aria-hidden=\"true\" xmlns=\"http:\/\/www.w3.org\/2000\/svg\" width=\"100%\" height=\"100%\" viewBox=\"0 0 32 32\"><path d=\"M6.227 12.61h4.19v13.48h-4.19V12.61zm2.095-6.7a2.43 2.43 0 0 1 0 4.86c-1.344 0-2.428-1.09-2.428-2.43s1.084-2.43 2.428-2.43m4.72 6.7h4.02v1.84h.058c.56-1.058 1.927-2.176 3.965-2.176 4.238 0 5.02 2.792 5.02 6.42v7.395h-4.183v-6.56c0-1.564-.03-3.574-2.178-3.574-2.18 0-2.514 1.7-2.514 3.46v6.668h-4.187V12.61z\" fill=\"#fff\"><\/path><\/svg><\/span><\/a><a aria-label=\"Pinterest\" class=\"heateor_sss_button_pinterest\" href=\"https:\/\/www.lacostituzione.info\/index.php\/2022\/03\/23\/liberta-e-regole-anche-grammaticali\/\" onclick=\"event.preventDefault();javascript:void( (function() {var e=document.createElement('script' );e.setAttribute('type','text\/javascript' );e.setAttribute('charset','UTF-8' );e.setAttribute('src','\/\/assets.pinterest.com\/js\/pinmarklet.js?r='+Math.random()*99999999);document.body.appendChild(e)})());\" title=\"Pinterest\" rel=\"noopener\" style=\"font-size:32px!important;box-shadow:none;display:inline-block;vertical-align:middle\"><span class=\"heateor_sss_svg heateor_sss_s__default heateor_sss_s_pinterest\" style=\"background-color:#cc2329;width:35px;height:35px;display:inline-block;opacity:1;float:left;font-size:32px;box-shadow:none;display:inline-block;font-size:16px;padding:0 4px;vertical-align:middle;background-repeat:repeat;overflow:hidden;padding:0;cursor:pointer;box-sizing:content-box\"><svg style=\"display:block;\" focusable=\"false\" aria-hidden=\"true\" xmlns=\"http:\/\/www.w3.org\/2000\/svg\" width=\"100%\" height=\"100%\" viewBox=\"-2 -2 35 35\"><path fill=\"#fff\" d=\"M16.539 4.5c-6.277 0-9.442 4.5-9.442 8.253 0 2.272.86 4.293 2.705 5.046.303.125.574.005.662-.33.061-.231.205-.816.27-1.06.088-.331.053-.447-.191-.736-.532-.627-.873-1.439-.873-2.591 0-3.338 2.498-6.327 6.505-6.327 3.548 0 5.497 2.168 5.497 5.062 0 3.81-1.686 7.025-4.188 7.025-1.382 0-2.416-1.142-2.085-2.545.397-1.674 1.166-3.48 1.166-4.689 0-1.081-.581-1.983-1.782-1.983-1.413 0-2.548 1.462-2.548 3.419 0 1.247.421 2.091.421 2.091l-1.699 7.199c-.505 2.137-.076 4.755-.039 5.019.021.158.223.196.314.077.13-.17 1.813-2.247 2.384-4.324.162-.587.929-3.631.929-3.631.46.876 1.801 1.646 3.227 1.646 4.247 0 7.128-3.871 7.128-9.053.003-3.918-3.317-7.568-8.361-7.568z\"\/><\/svg><\/span><\/a><a aria-label=\"Whatsapp\" class=\"heateor_sss_whatsapp\" href=\"https:\/\/api.whatsapp.com\/send?text=Libert%C3%A0%20e%20regole%20%28anche%20grammaticali%29%20https%3A%2F%2Fwww.lacostituzione.info%2Findex.php%2F2022%2F03%2F23%2Fliberta-e-regole-anche-grammaticali%2F\" title=\"Whatsapp\" rel=\"nofollow noopener\" target=\"_blank\" style=\"font-size:32px!important;box-shadow:none;display:inline-block;vertical-align:middle\"><span class=\"heateor_sss_svg\" style=\"background-color:#55eb4c;width:35px;height:35px;display:inline-block;opacity:1;float:left;font-size:32px;box-shadow:none;display:inline-block;font-size:16px;padding:0 4px;vertical-align:middle;background-repeat:repeat;overflow:hidden;padding:0;cursor:pointer;box-sizing:content-box\"><svg style=\"display:block;\" focusable=\"false\" aria-hidden=\"true\" xmlns=\"http:\/\/www.w3.org\/2000\/svg\" width=\"100%\" height=\"100%\" viewBox=\"-6 -5 40 40\"><path class=\"heateor_sss_svg_stroke heateor_sss_no_fill\" stroke=\"#fff\" stroke-width=\"2\" fill=\"none\" d=\"M 11.579798566743314 24.396926207859085 A 10 10 0 1 0 6.808479557110079 20.73576436351046\"><\/path><path d=\"M 7 19 l -1 6 l 6 -1\" class=\"heateor_sss_no_fill heateor_sss_svg_stroke\" stroke=\"#fff\" stroke-width=\"2\" fill=\"none\"><\/path><path d=\"M 10 10 q -1 8 8 11 c 5 -1 0 -6 -1 -3 q -4 -3 -5 -5 c 4 -2 -1 -5 -1 -4\" fill=\"#fff\"><\/path><\/svg><\/span><\/a><\/div><div class=\"heateorSssClear\"><\/div><\/div><div class='heateorSssClear'><\/div>","protected":false},"author":1,"featured_media":0,"comment_status":"open","ping_status":"open","sticky":false,"template":"","format":"standard","meta":{"jetpack_post_was_ever_published":false,"_jetpack_newsletter_access":"","_jetpack_dont_email_post_to_subs":false,"_jetpack_newsletter_tier_id":0,"_jetpack_memberships_contains_paywalled_content":false,"_jetpack_memberships_contains_paid_content":false,"footnotes":"","jetpack_publicize_message":"","jetpack_publicize_feature_enabled":true,"jetpack_social_post_already_shared":false,"jetpack_social_options":{"image_generator_settings":{"template":"highway","default_image_id":0,"enabled":false},"version":2}},"categories":[12],"tags":[881,833,1209,55],"class_list":["post-8239","post","type-post","status-publish","format-standard","hentry","category-editoriale","tag-liberta-e-giustizia","tag-m5stelle","tag-movimento","tag-vaccini"],"jetpack_publicize_connections":[],"jetpack_featured_media_url":"","jetpack_shortlink":"https:\/\/wp.me\/p84sDq-28T","jetpack_likes_enabled":true,"jetpack_sharing_enabled":true,"_links":{"self":[{"href":"https:\/\/www.lacostituzione.info\/index.php\/wp-json\/wp\/v2\/posts\/8239","targetHints":{"allow":["GET"]}}],"collection":[{"href":"https:\/\/www.lacostituzione.info\/index.php\/wp-json\/wp\/v2\/posts"}],"about":[{"href":"https:\/\/www.lacostituzione.info\/index.php\/wp-json\/wp\/v2\/types\/post"}],"author":[{"embeddable":true,"href":"https:\/\/www.lacostituzione.info\/index.php\/wp-json\/wp\/v2\/users\/1"}],"replies":[{"embeddable":true,"href":"https:\/\/www.lacostituzione.info\/index.php\/wp-json\/wp\/v2\/comments?post=8239"}],"version-history":[{"count":0,"href":"https:\/\/www.lacostituzione.info\/index.php\/wp-json\/wp\/v2\/posts\/8239\/revisions"}],"wp:attachment":[{"href":"https:\/\/www.lacostituzione.info\/index.php\/wp-json\/wp\/v2\/media?parent=8239"}],"wp:term":[{"taxonomy":"category","embeddable":true,"href":"https:\/\/www.lacostituzione.info\/index.php\/wp-json\/wp\/v2\/categories?post=8239"},{"taxonomy":"post_tag","embeddable":true,"href":"https:\/\/www.lacostituzione.info\/index.php\/wp-json\/wp\/v2\/tags?post=8239"}],"curies":[{"name":"wp","href":"https:\/\/api.w.org\/{rel}","templated":true}]}}