{"id":8251,"date":"2022-04-05T11:16:33","date_gmt":"2022-04-05T09:16:33","guid":{"rendered":"http:\/\/www.lacostituzione.info\/?p=8251"},"modified":"2022-04-05T11:16:35","modified_gmt":"2022-04-05T09:16:35","slug":"la-rielezione-di-orban-in-ungheria-nonostante-le-minacciate-sanzioni-economiche-alle-democrazie-illiberali","status":"publish","type":"post","link":"https:\/\/www.lacostituzione.info\/index.php\/2022\/04\/05\/la-rielezione-di-orban-in-ungheria-nonostante-le-minacciate-sanzioni-economiche-alle-democrazie-illiberali\/","title":{"rendered":"La rielezione di Orb\u00e1n in Ungheria nonostante le minacciate \u201csanzioni economiche\u201d alle democrazie illiberali"},"content":{"rendered":"\n<p>di <strong>Andrea Guazzarotti<a href=\"http:\/\/www.lacostituzione.info\/index.php\/2022\/04\/05\/la-rielezione-di-orban-in-ungheria-nonostante-le-minacciate-sanzioni-economiche-alle-democrazie-illiberali\/orban-2\/#main\" rel=\"attachment wp-att-8252\"><img loading=\"lazy\" decoding=\"async\" data-attachment-id=\"8252\" data-permalink=\"https:\/\/www.lacostituzione.info\/index.php\/2022\/04\/05\/la-rielezione-di-orban-in-ungheria-nonostante-le-minacciate-sanzioni-economiche-alle-democrazie-illiberali\/orban-2\/#main\" data-orig-file=\"https:\/\/www.lacostituzione.info\/wp-content\/uploads\/2022\/04\/orban.jpg\" data-orig-size=\"328,154\" data-comments-opened=\"1\" data-image-meta=\"{&quot;aperture&quot;:&quot;0&quot;,&quot;credit&quot;:&quot;&quot;,&quot;camera&quot;:&quot;&quot;,&quot;caption&quot;:&quot;&quot;,&quot;created_timestamp&quot;:&quot;0&quot;,&quot;copyright&quot;:&quot;&quot;,&quot;focal_length&quot;:&quot;0&quot;,&quot;iso&quot;:&quot;0&quot;,&quot;shutter_speed&quot;:&quot;0&quot;,&quot;title&quot;:&quot;&quot;,&quot;orientation&quot;:&quot;0&quot;}\" data-image-title=\"orban\" data-image-description=\"\" data-image-caption=\"\" data-medium-file=\"https:\/\/www.lacostituzione.info\/wp-content\/uploads\/2022\/04\/orban-300x141.jpg\" data-large-file=\"https:\/\/www.lacostituzione.info\/wp-content\/uploads\/2022\/04\/orban.jpg\" class=\"alignright size-thumbnail wp-image-8252\" src=\"http:\/\/www.lacostituzione.info\/wp-content\/uploads\/2022\/04\/orban-150x150.jpg\" alt=\"\" width=\"150\" height=\"150\" \/><\/a><\/strong><\/p>\n<p>La rielezione di Orb\u00e1n, in Ungheria, arriva a poco pi\u00f9 di un mese dal 16 febbraio 2022.\u00a0In questa data si \u00e8 celebrata la \u201cvittoria dello Stato di diritto\u201d sulle recalcitranti Polonia e Ungheria, grazie alle due sentenze della <a href=\"https:\/\/curia.europa.eu\/juris\/liste.jsf?language=it&amp;td=ALL&amp;num=C-157\/21\">Corte<\/a> di <a href=\"https:\/\/curia.europa.eu\/juris\/liste.jsf?num=C-156\/21\">giustizia<\/a> che hanno rigettato i ricorsi dei governi di questi due Paesi contro il nuovo regolamento sul \u00abregime generale di condizionalit\u00e0 per la protezione del bilancio dell\u2019Unione\u00bb (<a href=\"https:\/\/eur-lex.europa.eu\/legal-content\/IT\/TXT\/?uri=CELEX:02020R2092-20201222\">2020\/2092<\/a>).<!--more--><\/p>\n<p>Il regolamento in questione, su cui il servizio legale del Consiglio aveva avanzato pesanti obiezioni, mira a colpire il portafoglio dei governi amanti della \u201cdemocrazia illiberale\u201d, minacciando la sospensione dei finanziamenti europei che transitano per il bilancio europeo e per il c.d. <em>Recovery fund<\/em> qualora vengano accertate violazioni dei principi dello Stato di diritto in uno Stato membro capaci di compromettere il bilancio dell\u2019UE o i suoi interessi finanziari. Per l\u2019economia di Paesi come la Polonia e l\u2019Ungheria si tratta di finanziamenti irrinunciabili, almeno stando all\u2019andamento delle componenti della crescita da quando questi Stati sono entrati nell\u2019UE.<\/p>\n<p>Teoricamente, dunque, la minaccia di perdere i contributi europei all\u2019economia domestica avrebbe dovuto indurre gli elettori ungheresi a pi\u00f9 miti consigli.<\/p>\n<p>Cos\u00ec, per\u00f2, non \u00e8 accaduto e il partito di Orb\u00e1n, Fidesz, ha ottenuto amplissimi consensi, che si tradurranno nell\u2019ennesima conquista non solo del governo bens\u00ec anche della maggioranza dei due terzi dei seggi in Parlamento, con cui manovrare la leva delle revisioni costituzionali, come avvenuto negli ultimi dieci e passa anni.<\/p>\n<p>\u00c8 probabile che ci\u00f2 che pi\u00f9 ha fatto breccia nell\u2019elettorato ungherese sia stato il messaggio contro la guerra e la minaccia che un governo europeista avrebbe comportato l\u2019adesione alle sanzioni e l\u2019invio di armi decisi dall\u2019UE, esponendo l\u2019Ungheria alle ritorsioni di Putin.<\/p>\n<p>Ma anche se non vi fosse stata quest\u2019ultima strategia comunicativa dell\u2019autocrate ungherese, viene il dubbio che il discorso europeista in Ungheria possa ben poco contro il partito al potere dal 2010.<\/p>\n<p><a href=\"https:\/\/www.ilsole24ore.com\/art\/ungheria-voto-scegliere-l-europa-e-russia-putin-AEr1rkOB\">A quanto pare<\/a>, negli ultimi mesi del 2021, il governo ungherese uscente ha distribuito bonus e sussidi a pensionati, giovani, famiglie con bambini, tagliato le bollette dell\u2019energia, calmierato i prezzi dei generi alimentari di base, versando agli elettori 5 miliardi di euro, ossia una spesa pari al 3-4% del Pil.<\/p>\n<p><a href=\"https:\/\/www.piie.com\/publications\/working-papers\/fiscal-federalism-us-history-architects-europes-fiscal-union\" class=\"broken_link\">Negli USA<\/a>, un\u2019eventuale crisi economica impone ai singoli Stati della federazione programmi di austerity per rispettare il vincolo del pareggio di bilancio iscritto nelle proprie costituzioni nazionali; in questo caso, il livello federale non \u00e8 visto come il responsabile dei tagli, al contrario. \u00c8 il livello federale a compensare l\u2019austerity nazionale con pi\u00f9 generosi programmi di spesa sociale, nei settori pi\u00f9 sensibili come sanit\u00e0 e scuola. Il che, ovviamente, non mina la legittimazione della Federazione, bens\u00ec l\u2019aumenta.<\/p>\n<p>Nell\u2019UE avviene, purtroppo, l\u2019esatto contrario, cos\u00ec che i governi populisti hanno avuto buon gioco, in passato, a presentare ai propri elettorati la tecnocrazia di Bruxelles come arcigna fautrice di programmi di austerity volti all\u2019azzeramento di programmi di assistenza e previdenza.<\/p>\n<p>Il NGEU avrebbe dovuto cambiare le cose, posto che per la prima volta l\u2019UE ha compiuto il fatidico passo di indebitarsi per sostenere programmi di investimento secondo una logica redistributiva (favorendo gli stati pi\u00f9 bisognosi, ossia pi\u00f9 colpiti dalla pandemia). La condizionalit\u00e0 del citato regolamento 2020\/2092 che subordina, per la prima volta, al rispetto dello stato di diritto anche l\u2019esborso dei fondi del NGEU avrebbe dovuto, almeno sulla carta, neutralizzare la narrazione populista del passato.<\/p>\n<p>\u00c8 probabile, allora, che il nuovo meccanismo di condizionalit\u00e0 non sia percepito come minaccioso nell\u2019opinione pubblica ungherese, ammesso che i media di questo Paese ne abbiano dato alcun risalto.\u00a0Ma anche se i media ungheresi, almeno quelli d\u2019opposizione, avessero fatto il loro dovere e fornito all\u2019elettorato tutti i dettagli necessari per valutare il rischio economico di continuare a ignorare i valori dell\u2019UE all\u2019atto del voto, c\u2019\u00e8 da dubitare che il nuovo strumento di condizionalit\u00e0 europea possa davvero costituire un incentivo efficace per il ritorno dello Stato di diritto in Ungheria.<\/p>\n<p>Innanzitutto, per ritardare l\u2019esecuzione del regolamento sulla condizionalit\u00e0 si \u00e8 prevista l\u2019adozione di apposite linee guida della Commissione da redigersi \u00abin stretta consultazione con gli Stati membri\u00bb, secondo quanto deciso dal <a href=\"https:\/\/www.consilium.europa.eu\/it\/press\/press-releases\/2020\/12\/11\/european-council-conclusions-10-11-december-2020\/\" class=\"broken_link\">Consiglio europeo<\/a> del 10 e 11 dicembre 2020, alla vigilia dell\u2019entrata in vigore del regolamento stesso e al di fuori della lettera di quest\u2019ultimo (linee guida poi approvate il 2 marzo 2022).<\/p>\n<p>In secondo luogo, non ogni violazione dello Stato di diritto potr\u00e0 dar luogo alla sospensione dei finanziamenti europei, bens\u00ec solo quelle capaci di \u00abcompromettere in modo sufficientemente diretto\u00bb il bilancio dell\u2019UE (art. 4.1), che per la Corte di giustizia implica che \u00abvenga accertato un nesso effettivo tra tali violazioni e\u00bb il pregiudizio della sana gestione finanziaria del bilancio.<\/p>\n<p>In terzo luogo, la procedura per accertare la violazione dello Stato di diritto \u00e8 congegnata in modo assai garantista, nel rigoroso rispetto della proporzionalit\u00e0 delle misure e previo contraddittorio con lo Stato interessato (art. 6 del regolamento).<\/p>\n<p>In quarto luogo, la proposta della Commissione \u2013 diversamente da quanto introdotto durante la crisi economica nel \u201cdiritto europeo dell\u2019austerity\u201d \u2013 non \u00e8 assistita dal meccanismo del <em>Reverse majority voting<\/em>, secondo il quale, in assenza di maggioranza qualificata contraria del Consiglio, la proposta pu\u00f2 automaticamente divenire efficace: nel nostro caso, il Consiglio \u00e8 tenuto ad adottare la decisione di esecuzione, potendo modificare la proposta della Commissione a maggioranza qualificata, entro un termine di un mese prorogabile di altri due mesi (art. 6.10).<\/p>\n<p>Infine, sembra che alla stessa Commissione non sar\u00e0 facile muovere all\u2019attacco, se \u00e8 vero che per valutare l\u2019eventuale violazione dello Stato di diritto capace di \u00abcompromettere in modo sufficientemente diretto\u00bb il bilancio dell\u2019UE (art. 4.1) dovranno attivarsi le competenze di <a href=\"https:\/\/www.ips-journal.eu\/topics\/european-integration\/the-eus-lacklustre-fight-for-hungarian-democracy-5779\/\">almeno quattro Commissari<\/a>: \u201cValori e trasparenza\u201d, \u201cDemocrazia e demografia\u201d, \u201cGiustizia\u201d e, <em>last but not least<\/em>, \u201cBilancio e amministrazione\u201d.<\/p>\n<p>\u00c8 dunque assai improbabile che, se non altro nel breve periodo, il meccanismo della condizionalit\u00e0 possa spaventare i cittadini ungheresi.<\/p>\n<p>Quello che, tuttavia, potrebbe sorprendere \u00e8 che gi\u00e0 dal settembre 2018 l\u2019Ungheria era stata deferita dal Parlamento europeo dinanzi al \u201cGran Giur\u00ec\u201d responsabile di azionare l\u2019\u201copzione nucleare\u201d dell\u2019art. 7 del TUE, che consente al Consiglio europeo di \u201cmettere al bando\u201d uno Stato membro, fino alla sospensione dei suoi diritti di voto. Tuttavia, nonostante il governo di Orb\u00e1n sia ininterrottamente in carica dal 2010 e che fin dall\u2019inizio avesse annunciato <em>urbi et orbi<\/em> la sua intenzione di instaurare una \u201cdemocrazia illiberale\u201d, il Consiglio europeo sembra aver insabbiato la procedura. Certo, si dir\u00e0 che per poter accertare la violazione dei valori dell\u2019Unione che prelude alle massime sanzioni \u00e8 necessaria l\u2019unanimit\u00e0 del Consiglio (art. 7.2 TUE), per il raggiungimento della quale, stante l\u2019ovvia esclusione dello Stato deferito, \u00e8 necessario convincere almeno la Polonia (anch\u2019essa soggetta ad analoga procedura di messa al bando gi\u00e0 dal 2017). Tuttavia, l\u2019art. 7 TUE prevede anche una decisione preventiva, con cui accertare l\u2019\u00abevidente rischio di violazione grave\u00bb dei valori europei, per la quale sono sufficienti i quattro quinti degli Stati membri (art. 7.1 TUE), ossia 22 Stati. Se ne deduce che il problema, nell\u2019UE a 27, non \u00e8 solo quello di Polonia e Ungheria, bens\u00ec anche quello di almeno altri tre governi nazionali non inclini a stigmatizzare il populismo sovranista.<\/p>\n<p>La stessa Presidenza di turno dell\u2019Unione (Francia) ha recentemente affermato di voler procrastinare l\u2019azione contro l\u2019Ungheria, con l\u2019argomento di <a href=\"https:\/\/progressivepost.eu\/landmark-european-court-ruling-prompts-decisive-action\/\">non voler interferire con le elezioni ungheresi <\/a>.<\/p>\n<p>La verit\u00e0 \u00e8 che simili pratiche accusatorie, tese a isolare lo Stato reprobo con procedure tanto dettagliate quanto scarsamente effettive, mal si conciliano con l\u2019esigenza costante di negoziare questioni assai delicate e vitali per la tenuta dell\u2019Unione. Cos\u00ec \u00e8 stato per ottenere l\u2019assenso di Polonia e Ungheria sul NGEU, nonch\u00e9 quello della stessa Ungheria sull\u2019introduzione di una <a href=\"https:\/\/www.ips-journal.eu\/topics\/european-integration\/the-eu-must-act-for-tax-justice-5569\/\">tassazione minima<\/a> uniforme sulle multinazionali, posto che su tali questioni i Trattati non tollerano decisioni a maggioranza.<\/p>\n<p>Se c\u2019\u00e8 una strada \u2013 tutta in salita \u2013 per dar vita a un\u2019unione autenticamente politica e non solo fatta di interessi economici, questa sembra risiedere nelle cooperazioni rafforzate tra gli Stati membri \u201cvolenterosi\u201d, e soprattutto rispettosi dei \u201cvalori dell\u2019Unione\u201d (Art. 2 TUE). Ma non bisogna dimenticare che anche per queste cooperazioni \u00e8 necessario che gli altri Stati membri diano l\u2019assenso all\u2019unanimit\u00e0\u2026<\/p>\n<p>\u00a0<\/p>\n<pre><span style=\"color: #808080;\">l'immagine \u00e8 de <em>Il sussidiario<\/em><\/span><\/pre>\n","protected":false},"excerpt":{"rendered":"<p>di Andrea Guazzarotti La rielezione di Orb\u00e1n, in Ungheria, arriva a poco pi\u00f9 di un mese dal 16 febbraio 2022.\u00a0In questa data si \u00e8 celebrata la \u201cvittoria dello Stato di diritto\u201d sulle recalcitranti Polonia e Ungheria, grazie alle due sentenze della Corte di giustizia che hanno rigettato i ricorsi dei governi di questi due Paesi &#8230; <a title=\"La rielezione di Orb\u00e1n in Ungheria nonostante le minacciate \u201csanzioni economiche\u201d alle democrazie illiberali\" class=\"read-more\" href=\"https:\/\/www.lacostituzione.info\/index.php\/2022\/04\/05\/la-rielezione-di-orban-in-ungheria-nonostante-le-minacciate-sanzioni-economiche-alle-democrazie-illiberali\/\">Leggi tutto<\/a><\/p>\n<div class='heateorSssClear'><\/div><div  class='heateor_sss_sharing_container heateor_sss_horizontal_sharing' data-heateor-sss-href='https:\/\/www.lacostituzione.info\/index.php\/2022\/04\/05\/la-rielezione-di-orban-in-ungheria-nonostante-le-minacciate-sanzioni-economiche-alle-democrazie-illiberali\/'><div class='heateor_sss_sharing_title' style=\"font-weight:bold\" >Condividi!<\/div><div class=\"heateor_sss_sharing_ul\"><a aria-label=\"Facebook\" class=\"heateor_sss_facebook\" href=\"https:\/\/www.facebook.com\/sharer\/sharer.php?u=https%3A%2F%2Fwww.lacostituzione.info%2Findex.php%2F2022%2F04%2F05%2Fla-rielezione-di-orban-in-ungheria-nonostante-le-minacciate-sanzioni-economiche-alle-democrazie-illiberali%2F\" title=\"Facebook\" rel=\"nofollow noopener\" target=\"_blank\" style=\"font-size:32px!important;box-shadow:none;display:inline-block;vertical-align:middle\"><span class=\"heateor_sss_svg\" style=\"background-color:#0765FE;width:35px;height:35px;display:inline-block;opacity:1;float:left;font-size:32px;box-shadow:none;display:inline-block;font-size:16px;padding:0 4px;vertical-align:middle;background-repeat:repeat;overflow:hidden;padding:0;cursor:pointer;box-sizing:content-box\"><svg style=\"display:block;\" focusable=\"false\" aria-hidden=\"true\" xmlns=\"http:\/\/www.w3.org\/2000\/svg\" width=\"100%\" height=\"100%\" viewBox=\"0 0 32 32\"><path fill=\"#fff\" d=\"M28 16c0-6.627-5.373-12-12-12S4 9.373 4 16c0 5.628 3.875 10.35 9.101 11.647v-7.98h-2.474V16H13.1v-1.58c0-4.085 1.849-5.978 5.859-5.978.76 0 2.072.15 2.608.298v3.325c-.283-.03-.775-.045-1.386-.045-1.967 0-2.728.745-2.728 2.683V16h3.92l-.673 3.667h-3.247v8.245C23.395 27.195 28 22.135 28 16Z\"><\/path><\/svg><\/span><\/a><a aria-label=\"Twitter\" class=\"heateor_sss_button_twitter\" href=\"https:\/\/twitter.com\/intent\/tweet?text=La%20rielezione%20di%20Orb%C3%A1n%20in%20Ungheria%20nonostante%20le%20minacciate%20%E2%80%9Csanzioni%20economiche%E2%80%9D%20alle%20democrazie%20illiberali&url=https%3A%2F%2Fwww.lacostituzione.info%2Findex.php%2F2022%2F04%2F05%2Fla-rielezione-di-orban-in-ungheria-nonostante-le-minacciate-sanzioni-economiche-alle-democrazie-illiberali%2F\" title=\"Twitter\" rel=\"nofollow noopener\" target=\"_blank\" style=\"font-size:32px!important;box-shadow:none;display:inline-block;vertical-align:middle\"><span class=\"heateor_sss_svg heateor_sss_s__default heateor_sss_s_twitter\" style=\"background-color:#55acee;width:35px;height:35px;display:inline-block;opacity:1;float:left;font-size:32px;box-shadow:none;display:inline-block;font-size:16px;padding:0 4px;vertical-align:middle;background-repeat:repeat;overflow:hidden;padding:0;cursor:pointer;box-sizing:content-box\"><svg style=\"display:block;\" focusable=\"false\" aria-hidden=\"true\" xmlns=\"http:\/\/www.w3.org\/2000\/svg\" width=\"100%\" height=\"100%\" viewBox=\"-4 -4 39 39\"><path d=\"M28 8.557a9.913 9.913 0 0 1-2.828.775 4.93 4.93 0 0 0 2.166-2.725 9.738 9.738 0 0 1-3.13 1.194 4.92 4.92 0 0 0-3.593-1.55 4.924 4.924 0 0 0-4.794 6.049c-4.09-.21-7.72-2.17-10.15-5.15a4.942 4.942 0 0 0-.665 2.477c0 1.71.87 3.214 2.19 4.1a4.968 4.968 0 0 1-2.23-.616v.06c0 2.39 1.7 4.38 3.952 4.83-.414.115-.85.174-1.297.174-.318 0-.626-.03-.928-.086a4.935 4.935 0 0 0 4.6 3.42 9.893 9.893 0 0 1-6.114 2.107c-.398 0-.79-.023-1.175-.068a13.953 13.953 0 0 0 7.55 2.213c9.056 0 14.01-7.507 14.01-14.013 0-.213-.005-.426-.015-.637.96-.695 1.795-1.56 2.455-2.55z\" fill=\"#fff\"><\/path><\/svg><\/span><\/a><a aria-label=\"Reddit\" class=\"heateor_sss_button_reddit\" href=\"https:\/\/reddit.com\/submit?url=https%3A%2F%2Fwww.lacostituzione.info%2Findex.php%2F2022%2F04%2F05%2Fla-rielezione-di-orban-in-ungheria-nonostante-le-minacciate-sanzioni-economiche-alle-democrazie-illiberali%2F&title=La%20rielezione%20di%20Orb%C3%A1n%20in%20Ungheria%20nonostante%20le%20minacciate%20%E2%80%9Csanzioni%20economiche%E2%80%9D%20alle%20democrazie%20illiberali\" title=\"Reddit\" rel=\"nofollow noopener\" target=\"_blank\" style=\"font-size:32px!important;box-shadow:none;display:inline-block;vertical-align:middle\"><span class=\"heateor_sss_svg heateor_sss_s__default heateor_sss_s_reddit\" style=\"background-color:#ff5700;width:35px;height:35px;display:inline-block;opacity:1;float:left;font-size:32px;box-shadow:none;display:inline-block;font-size:16px;padding:0 4px;vertical-align:middle;background-repeat:repeat;overflow:hidden;padding:0;cursor:pointer;box-sizing:content-box\"><svg style=\"display:block;\" focusable=\"false\" aria-hidden=\"true\" xmlns=\"http:\/\/www.w3.org\/2000\/svg\" width=\"100%\" height=\"100%\" viewBox=\"-3.5 -3.5 39 39\"><path d=\"M28.543 15.774a2.953 2.953 0 0 0-2.951-2.949 2.882 2.882 0 0 0-1.9.713 14.075 14.075 0 0 0-6.85-2.044l1.38-4.349 3.768.884a2.452 2.452 0 1 0 .24-1.176l-4.274-1a.6.6 0 0 0-.709.4l-1.659 5.224a14.314 14.314 0 0 0-7.316 2.029 2.908 2.908 0 0 0-1.872-.681 2.942 2.942 0 0 0-1.618 5.4 5.109 5.109 0 0 0-.062.765c0 4.158 5.037 7.541 11.229 7.541s11.22-3.383 11.22-7.541a5.2 5.2 0 0 0-.053-.706 2.963 2.963 0 0 0 1.427-2.51zm-18.008 1.88a1.753 1.753 0 0 1 1.73-1.74 1.73 1.73 0 0 1 1.709 1.74 1.709 1.709 0 0 1-1.709 1.711 1.733 1.733 0 0 1-1.73-1.711zm9.565 4.968a5.573 5.573 0 0 1-4.081 1.272h-.032a5.576 5.576 0 0 1-4.087-1.272.6.6 0 0 1 .844-.854 4.5 4.5 0 0 0 3.238.927h.032a4.5 4.5 0 0 0 3.237-.927.6.6 0 1 1 .844.854zm-.331-3.256a1.726 1.726 0 1 1 1.709-1.712 1.717 1.717 0 0 1-1.712 1.712z\" fill=\"#fff\"\/><\/svg><\/span><\/a><a aria-label=\"Linkedin\" class=\"heateor_sss_button_linkedin\" href=\"https:\/\/www.linkedin.com\/sharing\/share-offsite\/?url=https%3A%2F%2Fwww.lacostituzione.info%2Findex.php%2F2022%2F04%2F05%2Fla-rielezione-di-orban-in-ungheria-nonostante-le-minacciate-sanzioni-economiche-alle-democrazie-illiberali%2F\" title=\"Linkedin\" rel=\"nofollow noopener\" target=\"_blank\" style=\"font-size:32px!important;box-shadow:none;display:inline-block;vertical-align:middle\"><span class=\"heateor_sss_svg heateor_sss_s__default heateor_sss_s_linkedin\" style=\"background-color:#0077b5;width:35px;height:35px;display:inline-block;opacity:1;float:left;font-size:32px;box-shadow:none;display:inline-block;font-size:16px;padding:0 4px;vertical-align:middle;background-repeat:repeat;overflow:hidden;padding:0;cursor:pointer;box-sizing:content-box\"><svg style=\"display:block;\" focusable=\"false\" aria-hidden=\"true\" xmlns=\"http:\/\/www.w3.org\/2000\/svg\" width=\"100%\" height=\"100%\" viewBox=\"0 0 32 32\"><path d=\"M6.227 12.61h4.19v13.48h-4.19V12.61zm2.095-6.7a2.43 2.43 0 0 1 0 4.86c-1.344 0-2.428-1.09-2.428-2.43s1.084-2.43 2.428-2.43m4.72 6.7h4.02v1.84h.058c.56-1.058 1.927-2.176 3.965-2.176 4.238 0 5.02 2.792 5.02 6.42v7.395h-4.183v-6.56c0-1.564-.03-3.574-2.178-3.574-2.18 0-2.514 1.7-2.514 3.46v6.668h-4.187V12.61z\" fill=\"#fff\"><\/path><\/svg><\/span><\/a><a aria-label=\"Pinterest\" class=\"heateor_sss_button_pinterest\" href=\"https:\/\/www.lacostituzione.info\/index.php\/2022\/04\/05\/la-rielezione-di-orban-in-ungheria-nonostante-le-minacciate-sanzioni-economiche-alle-democrazie-illiberali\/\" onclick=\"event.preventDefault();javascript:void( (function() {var e=document.createElement('script' );e.setAttribute('type','text\/javascript' );e.setAttribute('charset','UTF-8' );e.setAttribute('src','\/\/assets.pinterest.com\/js\/pinmarklet.js?r='+Math.random()*99999999);document.body.appendChild(e)})());\" title=\"Pinterest\" rel=\"noopener\" style=\"font-size:32px!important;box-shadow:none;display:inline-block;vertical-align:middle\"><span class=\"heateor_sss_svg heateor_sss_s__default heateor_sss_s_pinterest\" style=\"background-color:#cc2329;width:35px;height:35px;display:inline-block;opacity:1;float:left;font-size:32px;box-shadow:none;display:inline-block;font-size:16px;padding:0 4px;vertical-align:middle;background-repeat:repeat;overflow:hidden;padding:0;cursor:pointer;box-sizing:content-box\"><svg style=\"display:block;\" focusable=\"false\" aria-hidden=\"true\" xmlns=\"http:\/\/www.w3.org\/2000\/svg\" width=\"100%\" height=\"100%\" viewBox=\"-2 -2 35 35\"><path fill=\"#fff\" d=\"M16.539 4.5c-6.277 0-9.442 4.5-9.442 8.253 0 2.272.86 4.293 2.705 5.046.303.125.574.005.662-.33.061-.231.205-.816.27-1.06.088-.331.053-.447-.191-.736-.532-.627-.873-1.439-.873-2.591 0-3.338 2.498-6.327 6.505-6.327 3.548 0 5.497 2.168 5.497 5.062 0 3.81-1.686 7.025-4.188 7.025-1.382 0-2.416-1.142-2.085-2.545.397-1.674 1.166-3.48 1.166-4.689 0-1.081-.581-1.983-1.782-1.983-1.413 0-2.548 1.462-2.548 3.419 0 1.247.421 2.091.421 2.091l-1.699 7.199c-.505 2.137-.076 4.755-.039 5.019.021.158.223.196.314.077.13-.17 1.813-2.247 2.384-4.324.162-.587.929-3.631.929-3.631.46.876 1.801 1.646 3.227 1.646 4.247 0 7.128-3.871 7.128-9.053.003-3.918-3.317-7.568-8.361-7.568z\"\/><\/svg><\/span><\/a><a aria-label=\"Whatsapp\" class=\"heateor_sss_whatsapp\" href=\"https:\/\/api.whatsapp.com\/send?text=La%20rielezione%20di%20Orb%C3%A1n%20in%20Ungheria%20nonostante%20le%20minacciate%20%E2%80%9Csanzioni%20economiche%E2%80%9D%20alle%20democrazie%20illiberali%20https%3A%2F%2Fwww.lacostituzione.info%2Findex.php%2F2022%2F04%2F05%2Fla-rielezione-di-orban-in-ungheria-nonostante-le-minacciate-sanzioni-economiche-alle-democrazie-illiberali%2F\" title=\"Whatsapp\" rel=\"nofollow noopener\" target=\"_blank\" style=\"font-size:32px!important;box-shadow:none;display:inline-block;vertical-align:middle\"><span class=\"heateor_sss_svg\" style=\"background-color:#55eb4c;width:35px;height:35px;display:inline-block;opacity:1;float:left;font-size:32px;box-shadow:none;display:inline-block;font-size:16px;padding:0 4px;vertical-align:middle;background-repeat:repeat;overflow:hidden;padding:0;cursor:pointer;box-sizing:content-box\"><svg style=\"display:block;\" focusable=\"false\" aria-hidden=\"true\" xmlns=\"http:\/\/www.w3.org\/2000\/svg\" width=\"100%\" height=\"100%\" viewBox=\"-6 -5 40 40\"><path class=\"heateor_sss_svg_stroke heateor_sss_no_fill\" stroke=\"#fff\" stroke-width=\"2\" fill=\"none\" d=\"M 11.579798566743314 24.396926207859085 A 10 10 0 1 0 6.808479557110079 20.73576436351046\"><\/path><path d=\"M 7 19 l -1 6 l 6 -1\" class=\"heateor_sss_no_fill heateor_sss_svg_stroke\" stroke=\"#fff\" stroke-width=\"2\" fill=\"none\"><\/path><path d=\"M 10 10 q -1 8 8 11 c 5 -1 0 -6 -1 -3 q -4 -3 -5 -5 c 4 -2 -1 -5 -1 -4\" fill=\"#fff\"><\/path><\/svg><\/span><\/a><\/div><div class=\"heateorSssClear\"><\/div><\/div><div class='heateorSssClear'><\/div>","protected":false},"author":22,"featured_media":0,"comment_status":"open","ping_status":"open","sticky":false,"template":"","format":"standard","meta":{"jetpack_post_was_ever_published":false,"_jetpack_newsletter_access":"","_jetpack_dont_email_post_to_subs":false,"_jetpack_newsletter_tier_id":0,"_jetpack_memberships_contains_paywalled_content":false,"_jetpack_memberships_contains_paid_content":false,"footnotes":"","jetpack_publicize_message":"","jetpack_publicize_feature_enabled":true,"jetpack_social_post_already_shared":false,"jetpack_social_options":{"image_generator_settings":{"template":"highway","default_image_id":0,"enabled":false},"version":2}},"categories":[4],"tags":[414,1262,97,94],"class_list":["post-8251","post","type-post","status-publish","format-standard","hentry","category-attualita","tag-orban","tag-stato-di-diritto","tag-ungheria","tag-unione-europea"],"jetpack_publicize_connections":[],"jetpack_featured_media_url":"","jetpack_shortlink":"https:\/\/wp.me\/p84sDq-295","jetpack_likes_enabled":true,"jetpack_sharing_enabled":true,"_links":{"self":[{"href":"https:\/\/www.lacostituzione.info\/index.php\/wp-json\/wp\/v2\/posts\/8251","targetHints":{"allow":["GET"]}}],"collection":[{"href":"https:\/\/www.lacostituzione.info\/index.php\/wp-json\/wp\/v2\/posts"}],"about":[{"href":"https:\/\/www.lacostituzione.info\/index.php\/wp-json\/wp\/v2\/types\/post"}],"author":[{"embeddable":true,"href":"https:\/\/www.lacostituzione.info\/index.php\/wp-json\/wp\/v2\/users\/22"}],"replies":[{"embeddable":true,"href":"https:\/\/www.lacostituzione.info\/index.php\/wp-json\/wp\/v2\/comments?post=8251"}],"version-history":[{"count":0,"href":"https:\/\/www.lacostituzione.info\/index.php\/wp-json\/wp\/v2\/posts\/8251\/revisions"}],"wp:attachment":[{"href":"https:\/\/www.lacostituzione.info\/index.php\/wp-json\/wp\/v2\/media?parent=8251"}],"wp:term":[{"taxonomy":"category","embeddable":true,"href":"https:\/\/www.lacostituzione.info\/index.php\/wp-json\/wp\/v2\/categories?post=8251"},{"taxonomy":"post_tag","embeddable":true,"href":"https:\/\/www.lacostituzione.info\/index.php\/wp-json\/wp\/v2\/tags?post=8251"}],"curies":[{"name":"wp","href":"https:\/\/api.w.org\/{rel}","templated":true}]}}