{"id":8334,"date":"2022-07-04T11:11:36","date_gmt":"2022-07-04T09:11:36","guid":{"rendered":"http:\/\/www.lacostituzione.info\/?p=8334"},"modified":"2022-07-04T11:11:38","modified_gmt":"2022-07-04T09:11:38","slug":"giudizio-universale-tra-emergenza-climatica-e-fine-del-bilanciamento-costituzionale","status":"publish","type":"post","link":"https:\/\/www.lacostituzione.info\/index.php\/2022\/07\/04\/giudizio-universale-tra-emergenza-climatica-e-fine-del-bilanciamento-costituzionale\/","title":{"rendered":"\u00abGiudizio universale\u00bb tra emergenza climatica e \u201cfine\u201d del bilanciamento costituzionale"},"content":{"rendered":"\n<p>di <strong>Ines Bruno<a href=\"http:\/\/www.lacostituzione.info\/index.php\/2022\/07\/04\/giudizio-universale-tra-emergenza-climatica-e-fine-del-bilanciamento-costituzionale\/valanga1\/#main\" rel=\"attachment wp-att-8335\"><img loading=\"lazy\" decoding=\"async\" data-attachment-id=\"8335\" data-permalink=\"https:\/\/www.lacostituzione.info\/index.php\/2022\/07\/04\/giudizio-universale-tra-emergenza-climatica-e-fine-del-bilanciamento-costituzionale\/valanga1\/#main\" data-orig-file=\"https:\/\/www.lacostituzione.info\/wp-content\/uploads\/2022\/07\/valanga1.jpg\" data-orig-size=\"750,503\" data-comments-opened=\"1\" data-image-meta=\"{&quot;aperture&quot;:&quot;0&quot;,&quot;credit&quot;:&quot;&quot;,&quot;camera&quot;:&quot;&quot;,&quot;caption&quot;:&quot;&quot;,&quot;created_timestamp&quot;:&quot;0&quot;,&quot;copyright&quot;:&quot;&quot;,&quot;focal_length&quot;:&quot;0&quot;,&quot;iso&quot;:&quot;0&quot;,&quot;shutter_speed&quot;:&quot;0&quot;,&quot;title&quot;:&quot;&quot;,&quot;orientation&quot;:&quot;0&quot;}\" data-image-title=\"valanga1\" data-image-description=\"\" data-image-caption=\"\" data-medium-file=\"https:\/\/www.lacostituzione.info\/wp-content\/uploads\/2022\/07\/valanga1-300x201.jpg\" data-large-file=\"https:\/\/www.lacostituzione.info\/wp-content\/uploads\/2022\/07\/valanga1.jpg\" class=\"alignright size-thumbnail wp-image-8335\" src=\"http:\/\/www.lacostituzione.info\/wp-content\/uploads\/2022\/07\/valanga1-150x150.jpg\" alt=\"\" width=\"150\" height=\"150\" \/><\/a><\/strong><\/p>\n<p><strong>\u00a0<\/strong>La causa climatica italiana \u201c<a href=\"https:\/\/giudiziouniversale.eu\/\"><em>Giudizio universale<\/em><\/a>\u201d inizia finalmente a costituire oggetto di approfondimento monografico da parte della dottrina. \u00c8 un riscontro importante, perch\u00e9 la vicenda \u00e8 inedita nel panorama dell\u2019esperienza giuridica nazionale e perch\u00e9 l\u2019emergenza climatica ha, ad oggi, appassionato poco o nulla l\u2019opinione dei giuristi del nostro Paese (a differenza dell\u2019inflazionata passione per l\u2019emergenza Covid).<!--more--><\/p>\n<p>Due monografie, in controtendenza, dedicano un apposito capitolo al fatto. La prima \u00e8 di Attilio Pisan\u00f2 (<a href=\"https:\/\/www.edizioniesi.it\/pubblicazioni\/libri\/diritto_storia_filosofia_e_teoria_del_diritto_-_1\/diritto_europeo_e_comunitario_-_1_-_07\/il-diritto-al-clima.html\"><em>Diritto al clima. Il ruolo dei diritti nei contenziosi climatici europei<\/em><\/a>), che si sofferma sulla rivendicazione, da parte degli attori, del diritto umano al clima stabile e sicuro. La seconda \u00e8 a firma di Luciano Butti e Stefano Nespor (<a href=\"https:\/\/www.mimesisedizioni.it\/libro\/9788857588575\"><em>Diritto del clima<\/em><\/a>) e si concentra sulla necessit\u00e0 del bilanciamento costituzionale nella soluzione della controversia italiana.<\/p>\n<p>Richiama l\u2019attenzione quest\u2019ultimo lavoro, in quanto il suo contenuto evidenzia una contraddizione, presente, prima ancora che nel libro, nel tema discusso: il rapporto tra emergenza climatica e bilanciamento costituzionale.<\/p>\n<p>Secondo gli autori, l\u2019emergenza climatica sarebbe una \u201ctempesta morale perfetta\u201d. In proposito, citano il celebre saggio di Stephen Gardiner del 2011 (<a href=\"https:\/\/oxford.universitypressscholarship.com\/view\/10.1093\/acprof:oso\/9780195379440.001.0001\/acprof-9780195379440\"><em>A perfect moral Storm: The Ethical Tragedy of Climate Change<\/em><\/a>). Com\u2019\u00e8 noto, una tempesta \u00e8 detta \u201c<a href=\"https:\/\/spiegato.com\/cosa-intendono-le-persone-quando-parlano-di-una-tempesta-perfetta\"><em>perfetta<\/em><\/a>\u201d allorquando, nello stesso tempo e nello stesso spazio, convergono pi\u00f9 fattori perturbatori e distruttivi, che si alimentano e potenziano reciprocamente, determinando i c.d. \u201ceffetti a cascata\u201d (o \u201cdomino\u201d) che ogni singolo fattore, da solo, non sarebbe stato in grado di provocare.<\/p>\n<p>Effettivamente, l\u2019emergenza climatica \u00e8 proprio questo: una convergenza distruttiva di aumento della temperatura globale, perdita di biodiversit\u00e0, inquinamento, zoonosi, desertificazione, estinzioni di massa ecc\u2026: processi tutti causati dal costante e irrefrenabile aumento della pressione umana sul pianeta (cfr. M. Carducci, <a href=\"https:\/\/s3-tangramgroup.s3.eu-central-1.amazonaws.com\/uploads\/previews\/9788864580678.pdf\"><em>L\u2019emergenza climatica ed ecosistemica come ingiustizia \u201cdi specie<\/em><\/a><em>\u201d<\/em>). Secondo alcuni Autori, essa \u00e8 una manifestazione non tanto del c.d. \u201cAntropocene\u201d, quanto della sua fine (R.E. Kim, <a href=\"https:\/\/journals.sagepub.com\/doi\/10.1177\/20530196211026721\"><em>Taming Gaia 2.0: Earth system law in the ruptured Anthropocene<\/em><\/a>).<\/p>\n<p>Questa \u201ctempesta\u201d, per\u00f2, non \u00e8 <em>solo<\/em> \u201cmorale\u201d: \u00e8 <em>soprattutto<\/em> \u201creale\u201d. Di conseguenza, la sua \u201ctragedia\u201d non \u00e8 semplicemente \u201cetica\u201d. La Banca Internazionale dei Regolamenti l\u2019ha denominata \u201ctragedia dell\u2019orizzonte temporale\u201d (BIS, <a href=\"https:\/\/www.bis.org\/publ\/othp31.htm\"><em>The Green Swan<\/em><\/a>), in quanto il vettore determinante della sua catena degenerativa \u00e8 il poco tempo rimasto per contrastare o comunque contenere contemporaneamente tutti i fattori che rendono \u201cperfetta\u201d la \u201ctempesta\u201d.<\/p>\n<p>Certo, se la \u201ctragedia\u201d fosse solo \u201cmorale\u201d, il bilanciamento sarebbe tranquillamente perseguibile. Ma se lo scenario \u00e8 quello di una \u201c<em>minaccia esistenziale<\/em>\u201d per l\u2019umanit\u00e0, determinata dal poco tempo a disposizione, come esplicitamente dichiarato dalla UE con il Reg. n. <a href=\"https:\/\/eur-lex.europa.eu\/legal-content\/IT\/ALL\/?uri=CELEX:32021R1119\">2021\/1119<\/a>, che si fa?<\/p>\n<p>Al netto dei negazionismi da <em>social<\/em> o da conflitto di interessi, la domanda \u00e8 ineludibile, perch\u00e9 il fatto emergenziale non sembra conoscere confutazione scientifica dimostrabile (stando almeno ai resoconti offerti \u2013 e votati dagli Stati \u2013 nei Rapporti dell\u2019<a href=\"https:\/\/www.ipcc.ch\/\">IPCC<\/a> dell\u2019ONU).<\/p>\n<p>Butti e Nespor sembrano concludere (alle pagg. 258-259) che la soluzione starebbe comunque nella replica del bilanciamento costituzionale di diritti e interessi ad oggi sperimentato da legislatori e giudici; e questo per il fatto che \u00ab<em>nessun diritto costituzionale (nemmeno quello alla salute o alla salubrit\u00e0 ambientale) pu\u00f2 essere \u2018tiranno\u2019 rispetto ad altri diritti costituzionali, essendo invece sempre necessario un bilanciamento<\/em>\u00bb. A supporto, citano, quasi in scontata ovviet\u00e0, l\u2019arcinota sentenza della Corte costituzionale sul caso <em>ex<\/em> Ilva di Taranto n. 85\/2013.<\/p>\n<p>Questa conclusione contiene una fallacia deduttiva, che \u00e8 bene evidenziare, non a fini di recensione critica del volume, bens\u00ec per contestualizzare l\u2019effettiva posta in gioco che la causa \u201c<em>Giudizio universale<\/em>\u201d (la prima che assume il fatto emergenziale climatico come illecito di cui rispondere), offre all\u2019esperienza giuridica.<\/p>\n<p>In primo luogo, bisogna scongiurare la citazione parziale e decontestualizzata della sentenza costituzionale n. 85\/2013. Per farlo, conviene leggere la sentenza successiva sempre della Corte costituzionale e sempre riferita al caso <em>ex<\/em> Ilva: la n. 58\/2018. Quella pronuncia, riprendendo esplicitamente il testo del 2013, ci dice che il bilanciamento in presenza di una situazione di grave pericolo (qual \u00e8 l\u2019emergenza climatica, ambientale e sanitaria di Taranto) deve essere rapportato al fattore tempo, pi\u00f9 precisamente al tempo definito dai poteri per porre rimedio all\u2019emergenza, dato che il dovere prioritario da perseguire resta comunque \u00ab<em>rimuovere prontamente i fattori di pericolo<\/em>\u00bb in quanto \u00ab<em>condizione minima e indispensabile<\/em>\u00bb affinch\u00e9 qualsiasi attivit\u00e0 \u00ab<em>si svolga in armonia con i principi costituzionali, sempre attenti anzitutto alle esigenze basilari della persona<\/em>\u00bb. Se \u00e8 cos\u00ec, il bilanciamento non \u00e8 libero: \u00e8 condizionato dal tempo. E se lo \u00e8 per una emergenza \u201clocale\u201d come Taranto, perch\u00e9 mai non dovrebbe esserlo per una emergenza nazionale, europea e planetaria, come quella climatica?<\/p>\n<p>In effetti, ha ragione la Banca Internazionale dei Regolamenti: l\u2019emergenza climatica \u00e8 una \u201ctragedia\u201d non \u201cmorale\u201d ma \u201cdel tempo\u201d e al fattore tempo va parametrata l\u2019operazione di bilanciamento.<\/p>\n<p>Un primo tassello nel mosaico costituzionale delle argomentazioni sostenibili \u00e8 stato inserito.<\/p>\n<p>Vediamo il secondo: quali dovrebbero essere gli elementi da bilanciare per scongiurare \u201ctirannie\u201d di diritti, se, a essere \u201ctiranno\u201d, non \u00e8 un diritto ma appunto il tempo, da cui dipende la sopravvivenza di tutti i diritti?<\/p>\n<p>La questione \u00e8 veramente seria. Con l\u2019aumento del riscaldamento globale e il crollo degli equilibri ecosistemici, muteranno irreversibilmente le nicchie climatiche ed ecologiche della vita (non solo umana). Diversi studi hanno calcolato che il superamento della temperatura media globale oltre la soglia di 1,5\u00b0C (attualmente siamo gi\u00e0 a +1,1\u00b0C), concordata dagli Stati nel <a href=\"https:\/\/unfccc.int\/process-and-meetings\/the-paris-agreement\/the-glasgow-climate-pact-key-outcomes-from-cop26\"><em>Glasgow Climate Pact<\/em><\/a> del 2021, condurr\u00e0 il 40% della popolazione mondiale, inclusa quella delle sponde del Mediterraneo, a vivere in condizioni impossibili di adattamento alle trasformazioni biosferiche (cfr. J. Dinneen, <a href=\"https:\/\/www.newscientist.com\/article\/4-40-per-cent-of-people-could-live-outside-human-climate-niche-by-2100\/\"><em>40 per cent of people could live outside \u2018human climate niche\u2019 by 2100<\/em><\/a>).<\/p>\n<p>Noi siamo stati educati, come giuristi, a predicare e praticare proporzionalit\u00e0 e bilanciamento nella \u201cnormalit\u00e0\u201d dei fatti e nella duplice presunzione che l\u2019emergenza sia sempre una \u201cparentesi\u201d nella continuit\u00e0 dell\u2019esperienza giuridica e che i diritti umani siano una variabile \u201cresistente\u201d al tempo. L\u2019emergenza climatica ci smentisce: non inaugura l\u2019ennesima parentesi ma una trasformazione degenerativa; di fronte a essa, i diritti sono destinati a non resistere nel tempo, diventando qualitativamente \u201ca scadenza\u201d (da questo punto di vista, la categoria di \u201c<em>intertemporale Freiheitssicherung<\/em>\u201d \u2013 messa in sicurezza intertemporale delle libert\u00e0 \u2013 elaborata dalla Corte costituzionale tedesca nel caso climatico \u201c<a href=\"https:\/\/www.bundesverfassungsgericht.de\/SharedDocs\/Pressemitteilungen\/EN\/2021\/bvg21-031.html\"><em>Neubauer<\/em><\/a>\u201d, \u00e8 straordinariamente esplicativa).<\/p>\n<p>I problemi \u201cteorici\u201d del bilanciamento (su cui si v. la sintesi in P. Chiassoni, <a href=\"https:\/\/www.mucchieditore.it\/images\/ExtraRiviste\/ExtraLoStato_112018.pdf\"><em>Tre problemi di teoria del bilanciamento<\/em><\/a>) sono diventati \u201cesistenziali\u201d: che ce ne facciamo di un bilanciamento che non ci salva dalla catastrofe? Questo significa che siamo alla \u201cfine\u201d dell\u2019era del bilanciamento? Oppure dobbiamo cambiare il \u201cfine\u201d del bilanciamento?<\/p>\n<p>La domanda rintraccia risposte nelle istituzioni scientifiche, prima ancora che nelle accademie di giurisprudenza. La prospettiva c.d. \u201c<em>One Health-Planetary Health<\/em>\u201d ne offre il contenuto. Nel dicembre 2021, \u00e8 stata consolidata a livello globale la c.d. \u201c<a href=\"https:\/\/www.who.int\/news\/item\/01-12-2021-tripartite-and-unep-support-ohhlep-s-definition-of-one-health\"><em>Tripartite +<\/em><\/a>\u201d, un\u2019alleanza istituzionale e scientifica che ha voluto elaborare, mediante un comitato di esperti (il <em>One Health High Level Expert Panel<\/em>), una definizione formale di <em>One Health<\/em>, sintetizzata dall\u2019\u00ab<em>approccio integrato e unificante che punta a bilanciare e<\/em> <em>ottimizzare, in modo sostenibile, la salute delle persone, degli animali e degli ecosistemi<\/em>\u00bb. Ecco l\u2019altro tassello: il mandato costituzionale di ottimizzazione dei diritti (quello che ha reso celebre nel mondo <a href=\"https:\/\/www.treccani.it\/enciclopedia\/robert-alexy\/\">Robert Alexy<\/a>), transita dalla dimensione umana a quella biofisica della salute di tutte le componenti vitali della biosfera. Il nuovo \u201cfine\u201d del bilanciamento non coincide pi\u00f9 con l\u2019ormai insostenibile endiadi \u201cdiritti e interessi\u201d solo umani e sociali; si apre alla vita del sistema Terra, senza la quale non sopravvivono n\u00e9 diritti n\u00e9 interessi n\u00e9 societ\u00e0.<\/p>\n<p>Certo, tutto questo comporta e comporter\u00e0 costi, di cui tener conto nel bilanciamento, al fine di renderlo \u201cragionevole\u201d e \u201cproporzionato\u201d.\u00a0Ma siamo sicuri che ragionevolezza e proporzionalit\u00e0 vadano parametrati ai costi e non invece ai risparmi?<\/p>\n<p>Questo \u00e8 l\u2019ultimo tassello della \u201cfine\u201d del bilanciamento ad oggi praticato, che integra il nuovo \u201cfine\u201d delle operazioni future, di cui dovranno tener conto anche i giudici.<\/p>\n<p>Per esempio, secondo il <a href=\"https:\/\/www2.deloitte.com\/global\/en\/pages\/about-deloitte\/articles\/global-turning-point.html\" class=\"broken_link\"><em>Global Turning Point Report 2022<\/em><\/a> di Deloitte, accelerare nel mondo l\u2019abbandono delle risorse fossili per il 2030 potrebbe far guadagnare 43trilioni di dollari al 2050, mentre, solo per l\u2019Italia, la persistente inerzia potrebbe costare circa 115 miliardi al 2070, l\u2019equivalente di una caduta del 3,2% del PIL. Ed \u00e8 un conteggio economico.<\/p>\n<p>Ma quante morti si eviterebbero per ogni tonnellata di gas serra eliminata? Il \u201c<em><a href=\"https:\/\/www.nature.com\/articles\/s41467-021-24487-w\">mortality cost of carbon<\/a><\/em>\u201d risponde alla domanda definendo il criterio di equivalenza tra costi e benefici dei nuovi \u201cfini\u201d del bilanciamento.<\/p>\n<p>E quali sarebbero i costi della irreversibilit\u00e0 delle trasformazioni del sistema climatico? Gli \u201c<a href=\"https:\/\/www.pnas.org\/doi\/10.1073\/pnas.2103081118\" class=\"broken_link\"><em>Economic impacts of tipping points in the climate system<\/em><\/a>\u201d servono allo scopo.<\/p>\n<p>Insomma, gli elementi per discutere del nuovo \u201cfine\u201d del bilanciamento ci sono e non possono essere pi\u00f9 ignorati, se non vogliamo la \u201cfine\u201d di questo sistema climatico e dei suoi insostenibili bilanciamenti solo umani.<\/p>\n<p>In fin dei conti, si tratta di dare contenuto, accertabile e verificabile rispetto alla variabile del poco tempo rimasto, al rapporto<\/p>\n","protected":false},"excerpt":{"rendered":"<p>di Ines Bruno \u00a0La causa climatica italiana \u201cGiudizio universale\u201d inizia finalmente a costituire oggetto di approfondimento monografico da parte della dottrina. \u00c8 un riscontro importante, perch\u00e9 la vicenda \u00e8 inedita nel panorama dell\u2019esperienza giuridica nazionale e perch\u00e9 l\u2019emergenza climatica ha, ad oggi, appassionato poco o nulla l\u2019opinione dei giuristi del nostro Paese (a differenza dell\u2019inflazionata &#8230; <a title=\"\u00abGiudizio universale\u00bb tra emergenza climatica e \u201cfine\u201d del bilanciamento costituzionale\" class=\"read-more\" href=\"https:\/\/www.lacostituzione.info\/index.php\/2022\/07\/04\/giudizio-universale-tra-emergenza-climatica-e-fine-del-bilanciamento-costituzionale\/\">Leggi tutto<\/a><\/p>\n<div class='heateorSssClear'><\/div><div  class='heateor_sss_sharing_container heateor_sss_horizontal_sharing' data-heateor-sss-href='https:\/\/www.lacostituzione.info\/index.php\/2022\/07\/04\/giudizio-universale-tra-emergenza-climatica-e-fine-del-bilanciamento-costituzionale\/'><div class='heateor_sss_sharing_title' style=\"font-weight:bold\" >Condividi!<\/div><div class=\"heateor_sss_sharing_ul\"><a aria-label=\"Facebook\" class=\"heateor_sss_facebook\" href=\"https:\/\/www.facebook.com\/sharer\/sharer.php?u=https%3A%2F%2Fwww.lacostituzione.info%2Findex.php%2F2022%2F07%2F04%2Fgiudizio-universale-tra-emergenza-climatica-e-fine-del-bilanciamento-costituzionale%2F\" title=\"Facebook\" rel=\"nofollow noopener\" target=\"_blank\" style=\"font-size:32px!important;box-shadow:none;display:inline-block;vertical-align:middle\"><span class=\"heateor_sss_svg\" style=\"background-color:#0765FE;width:35px;height:35px;display:inline-block;opacity:1;float:left;font-size:32px;box-shadow:none;display:inline-block;font-size:16px;padding:0 4px;vertical-align:middle;background-repeat:repeat;overflow:hidden;padding:0;cursor:pointer;box-sizing:content-box\"><svg style=\"display:block;\" focusable=\"false\" aria-hidden=\"true\" xmlns=\"http:\/\/www.w3.org\/2000\/svg\" width=\"100%\" height=\"100%\" viewBox=\"0 0 32 32\"><path fill=\"#fff\" d=\"M28 16c0-6.627-5.373-12-12-12S4 9.373 4 16c0 5.628 3.875 10.35 9.101 11.647v-7.98h-2.474V16H13.1v-1.58c0-4.085 1.849-5.978 5.859-5.978.76 0 2.072.15 2.608.298v3.325c-.283-.03-.775-.045-1.386-.045-1.967 0-2.728.745-2.728 2.683V16h3.92l-.673 3.667h-3.247v8.245C23.395 27.195 28 22.135 28 16Z\"><\/path><\/svg><\/span><\/a><a aria-label=\"Twitter\" class=\"heateor_sss_button_twitter\" href=\"https:\/\/twitter.com\/intent\/tweet?text=%C2%ABGiudizio%20universale%C2%BB%20tra%20emergenza%20climatica%20e%20%E2%80%9Cfine%E2%80%9D%20del%20bilanciamento%20costituzionale&url=https%3A%2F%2Fwww.lacostituzione.info%2Findex.php%2F2022%2F07%2F04%2Fgiudizio-universale-tra-emergenza-climatica-e-fine-del-bilanciamento-costituzionale%2F\" title=\"Twitter\" rel=\"nofollow noopener\" target=\"_blank\" style=\"font-size:32px!important;box-shadow:none;display:inline-block;vertical-align:middle\"><span class=\"heateor_sss_svg heateor_sss_s__default heateor_sss_s_twitter\" style=\"background-color:#55acee;width:35px;height:35px;display:inline-block;opacity:1;float:left;font-size:32px;box-shadow:none;display:inline-block;font-size:16px;padding:0 4px;vertical-align:middle;background-repeat:repeat;overflow:hidden;padding:0;cursor:pointer;box-sizing:content-box\"><svg style=\"display:block;\" focusable=\"false\" aria-hidden=\"true\" xmlns=\"http:\/\/www.w3.org\/2000\/svg\" width=\"100%\" height=\"100%\" viewBox=\"-4 -4 39 39\"><path d=\"M28 8.557a9.913 9.913 0 0 1-2.828.775 4.93 4.93 0 0 0 2.166-2.725 9.738 9.738 0 0 1-3.13 1.194 4.92 4.92 0 0 0-3.593-1.55 4.924 4.924 0 0 0-4.794 6.049c-4.09-.21-7.72-2.17-10.15-5.15a4.942 4.942 0 0 0-.665 2.477c0 1.71.87 3.214 2.19 4.1a4.968 4.968 0 0 1-2.23-.616v.06c0 2.39 1.7 4.38 3.952 4.83-.414.115-.85.174-1.297.174-.318 0-.626-.03-.928-.086a4.935 4.935 0 0 0 4.6 3.42 9.893 9.893 0 0 1-6.114 2.107c-.398 0-.79-.023-1.175-.068a13.953 13.953 0 0 0 7.55 2.213c9.056 0 14.01-7.507 14.01-14.013 0-.213-.005-.426-.015-.637.96-.695 1.795-1.56 2.455-2.55z\" fill=\"#fff\"><\/path><\/svg><\/span><\/a><a aria-label=\"Reddit\" class=\"heateor_sss_button_reddit\" href=\"https:\/\/reddit.com\/submit?url=https%3A%2F%2Fwww.lacostituzione.info%2Findex.php%2F2022%2F07%2F04%2Fgiudizio-universale-tra-emergenza-climatica-e-fine-del-bilanciamento-costituzionale%2F&title=%C2%ABGiudizio%20universale%C2%BB%20tra%20emergenza%20climatica%20e%20%E2%80%9Cfine%E2%80%9D%20del%20bilanciamento%20costituzionale\" title=\"Reddit\" rel=\"nofollow noopener\" target=\"_blank\" style=\"font-size:32px!important;box-shadow:none;display:inline-block;vertical-align:middle\"><span class=\"heateor_sss_svg heateor_sss_s__default heateor_sss_s_reddit\" style=\"background-color:#ff5700;width:35px;height:35px;display:inline-block;opacity:1;float:left;font-size:32px;box-shadow:none;display:inline-block;font-size:16px;padding:0 4px;vertical-align:middle;background-repeat:repeat;overflow:hidden;padding:0;cursor:pointer;box-sizing:content-box\"><svg style=\"display:block;\" focusable=\"false\" aria-hidden=\"true\" xmlns=\"http:\/\/www.w3.org\/2000\/svg\" width=\"100%\" height=\"100%\" viewBox=\"-3.5 -3.5 39 39\"><path d=\"M28.543 15.774a2.953 2.953 0 0 0-2.951-2.949 2.882 2.882 0 0 0-1.9.713 14.075 14.075 0 0 0-6.85-2.044l1.38-4.349 3.768.884a2.452 2.452 0 1 0 .24-1.176l-4.274-1a.6.6 0 0 0-.709.4l-1.659 5.224a14.314 14.314 0 0 0-7.316 2.029 2.908 2.908 0 0 0-1.872-.681 2.942 2.942 0 0 0-1.618 5.4 5.109 5.109 0 0 0-.062.765c0 4.158 5.037 7.541 11.229 7.541s11.22-3.383 11.22-7.541a5.2 5.2 0 0 0-.053-.706 2.963 2.963 0 0 0 1.427-2.51zm-18.008 1.88a1.753 1.753 0 0 1 1.73-1.74 1.73 1.73 0 0 1 1.709 1.74 1.709 1.709 0 0 1-1.709 1.711 1.733 1.733 0 0 1-1.73-1.711zm9.565 4.968a5.573 5.573 0 0 1-4.081 1.272h-.032a5.576 5.576 0 0 1-4.087-1.272.6.6 0 0 1 .844-.854 4.5 4.5 0 0 0 3.238.927h.032a4.5 4.5 0 0 0 3.237-.927.6.6 0 1 1 .844.854zm-.331-3.256a1.726 1.726 0 1 1 1.709-1.712 1.717 1.717 0 0 1-1.712 1.712z\" fill=\"#fff\"\/><\/svg><\/span><\/a><a aria-label=\"Linkedin\" class=\"heateor_sss_button_linkedin\" href=\"https:\/\/www.linkedin.com\/sharing\/share-offsite\/?url=https%3A%2F%2Fwww.lacostituzione.info%2Findex.php%2F2022%2F07%2F04%2Fgiudizio-universale-tra-emergenza-climatica-e-fine-del-bilanciamento-costituzionale%2F\" title=\"Linkedin\" rel=\"nofollow noopener\" target=\"_blank\" style=\"font-size:32px!important;box-shadow:none;display:inline-block;vertical-align:middle\"><span class=\"heateor_sss_svg heateor_sss_s__default heateor_sss_s_linkedin\" style=\"background-color:#0077b5;width:35px;height:35px;display:inline-block;opacity:1;float:left;font-size:32px;box-shadow:none;display:inline-block;font-size:16px;padding:0 4px;vertical-align:middle;background-repeat:repeat;overflow:hidden;padding:0;cursor:pointer;box-sizing:content-box\"><svg style=\"display:block;\" focusable=\"false\" aria-hidden=\"true\" xmlns=\"http:\/\/www.w3.org\/2000\/svg\" width=\"100%\" height=\"100%\" viewBox=\"0 0 32 32\"><path d=\"M6.227 12.61h4.19v13.48h-4.19V12.61zm2.095-6.7a2.43 2.43 0 0 1 0 4.86c-1.344 0-2.428-1.09-2.428-2.43s1.084-2.43 2.428-2.43m4.72 6.7h4.02v1.84h.058c.56-1.058 1.927-2.176 3.965-2.176 4.238 0 5.02 2.792 5.02 6.42v7.395h-4.183v-6.56c0-1.564-.03-3.574-2.178-3.574-2.18 0-2.514 1.7-2.514 3.46v6.668h-4.187V12.61z\" fill=\"#fff\"><\/path><\/svg><\/span><\/a><a aria-label=\"Pinterest\" class=\"heateor_sss_button_pinterest\" href=\"https:\/\/www.lacostituzione.info\/index.php\/2022\/07\/04\/giudizio-universale-tra-emergenza-climatica-e-fine-del-bilanciamento-costituzionale\/\" onclick=\"event.preventDefault();javascript:void( (function() {var e=document.createElement('script' );e.setAttribute('type','text\/javascript' );e.setAttribute('charset','UTF-8' );e.setAttribute('src','\/\/assets.pinterest.com\/js\/pinmarklet.js?r='+Math.random()*99999999);document.body.appendChild(e)})());\" title=\"Pinterest\" rel=\"noopener\" style=\"font-size:32px!important;box-shadow:none;display:inline-block;vertical-align:middle\"><span class=\"heateor_sss_svg heateor_sss_s__default heateor_sss_s_pinterest\" style=\"background-color:#cc2329;width:35px;height:35px;display:inline-block;opacity:1;float:left;font-size:32px;box-shadow:none;display:inline-block;font-size:16px;padding:0 4px;vertical-align:middle;background-repeat:repeat;overflow:hidden;padding:0;cursor:pointer;box-sizing:content-box\"><svg style=\"display:block;\" focusable=\"false\" aria-hidden=\"true\" xmlns=\"http:\/\/www.w3.org\/2000\/svg\" width=\"100%\" height=\"100%\" viewBox=\"-2 -2 35 35\"><path fill=\"#fff\" d=\"M16.539 4.5c-6.277 0-9.442 4.5-9.442 8.253 0 2.272.86 4.293 2.705 5.046.303.125.574.005.662-.33.061-.231.205-.816.27-1.06.088-.331.053-.447-.191-.736-.532-.627-.873-1.439-.873-2.591 0-3.338 2.498-6.327 6.505-6.327 3.548 0 5.497 2.168 5.497 5.062 0 3.81-1.686 7.025-4.188 7.025-1.382 0-2.416-1.142-2.085-2.545.397-1.674 1.166-3.48 1.166-4.689 0-1.081-.581-1.983-1.782-1.983-1.413 0-2.548 1.462-2.548 3.419 0 1.247.421 2.091.421 2.091l-1.699 7.199c-.505 2.137-.076 4.755-.039 5.019.021.158.223.196.314.077.13-.17 1.813-2.247 2.384-4.324.162-.587.929-3.631.929-3.631.46.876 1.801 1.646 3.227 1.646 4.247 0 7.128-3.871 7.128-9.053.003-3.918-3.317-7.568-8.361-7.568z\"\/><\/svg><\/span><\/a><a aria-label=\"Whatsapp\" class=\"heateor_sss_whatsapp\" href=\"https:\/\/api.whatsapp.com\/send?text=%C2%ABGiudizio%20universale%C2%BB%20tra%20emergenza%20climatica%20e%20%E2%80%9Cfine%E2%80%9D%20del%20bilanciamento%20costituzionale%20https%3A%2F%2Fwww.lacostituzione.info%2Findex.php%2F2022%2F07%2F04%2Fgiudizio-universale-tra-emergenza-climatica-e-fine-del-bilanciamento-costituzionale%2F\" title=\"Whatsapp\" rel=\"nofollow noopener\" target=\"_blank\" style=\"font-size:32px!important;box-shadow:none;display:inline-block;vertical-align:middle\"><span class=\"heateor_sss_svg\" style=\"background-color:#55eb4c;width:35px;height:35px;display:inline-block;opacity:1;float:left;font-size:32px;box-shadow:none;display:inline-block;font-size:16px;padding:0 4px;vertical-align:middle;background-repeat:repeat;overflow:hidden;padding:0;cursor:pointer;box-sizing:content-box\"><svg style=\"display:block;\" focusable=\"false\" aria-hidden=\"true\" xmlns=\"http:\/\/www.w3.org\/2000\/svg\" width=\"100%\" height=\"100%\" viewBox=\"-6 -5 40 40\"><path class=\"heateor_sss_svg_stroke heateor_sss_no_fill\" stroke=\"#fff\" stroke-width=\"2\" fill=\"none\" d=\"M 11.579798566743314 24.396926207859085 A 10 10 0 1 0 6.808479557110079 20.73576436351046\"><\/path><path d=\"M 7 19 l -1 6 l 6 -1\" class=\"heateor_sss_no_fill heateor_sss_svg_stroke\" stroke=\"#fff\" stroke-width=\"2\" fill=\"none\"><\/path><path d=\"M 10 10 q -1 8 8 11 c 5 -1 0 -6 -1 -3 q -4 -3 -5 -5 c 4 -2 -1 -5 -1 -4\" fill=\"#fff\"><\/path><\/svg><\/span><\/a><\/div><div class=\"heateorSssClear\"><\/div><\/div><div class='heateorSssClear'><\/div>","protected":false},"author":1,"featured_media":0,"comment_status":"open","ping_status":"open","sticky":false,"template":"","format":"standard","meta":{"jetpack_post_was_ever_published":false,"_jetpack_newsletter_access":"","_jetpack_dont_email_post_to_subs":false,"_jetpack_newsletter_tier_id":0,"_jetpack_memberships_contains_paywalled_content":false,"_jetpack_memberships_contains_paid_content":false,"footnotes":"","jetpack_publicize_message":"","jetpack_publicize_feature_enabled":true,"jetpack_social_post_already_shared":false,"jetpack_social_options":{"image_generator_settings":{"template":"highway","default_image_id":0,"enabled":false},"version":2}},"categories":[4],"tags":[24,1441,1342],"class_list":["post-8334","post","type-post","status-publish","format-standard","hentry","category-attualita","tag-ambiente","tag-catastrofe-climatica","tag-tutela-dei-diritti"],"jetpack_publicize_connections":[],"jetpack_featured_media_url":"","jetpack_shortlink":"https:\/\/wp.me\/p84sDq-2aq","jetpack_likes_enabled":true,"jetpack_sharing_enabled":true,"_links":{"self":[{"href":"https:\/\/www.lacostituzione.info\/index.php\/wp-json\/wp\/v2\/posts\/8334","targetHints":{"allow":["GET"]}}],"collection":[{"href":"https:\/\/www.lacostituzione.info\/index.php\/wp-json\/wp\/v2\/posts"}],"about":[{"href":"https:\/\/www.lacostituzione.info\/index.php\/wp-json\/wp\/v2\/types\/post"}],"author":[{"embeddable":true,"href":"https:\/\/www.lacostituzione.info\/index.php\/wp-json\/wp\/v2\/users\/1"}],"replies":[{"embeddable":true,"href":"https:\/\/www.lacostituzione.info\/index.php\/wp-json\/wp\/v2\/comments?post=8334"}],"version-history":[{"count":0,"href":"https:\/\/www.lacostituzione.info\/index.php\/wp-json\/wp\/v2\/posts\/8334\/revisions"}],"wp:attachment":[{"href":"https:\/\/www.lacostituzione.info\/index.php\/wp-json\/wp\/v2\/media?parent=8334"}],"wp:term":[{"taxonomy":"category","embeddable":true,"href":"https:\/\/www.lacostituzione.info\/index.php\/wp-json\/wp\/v2\/categories?post=8334"},{"taxonomy":"post_tag","embeddable":true,"href":"https:\/\/www.lacostituzione.info\/index.php\/wp-json\/wp\/v2\/tags?post=8334"}],"curies":[{"name":"wp","href":"https:\/\/api.w.org\/{rel}","templated":true}]}}