{"id":8342,"date":"2022-07-14T14:51:48","date_gmt":"2022-07-14T12:51:48","guid":{"rendered":"http:\/\/www.lacostituzione.info\/?p=8342"},"modified":"2022-09-30T09:58:06","modified_gmt":"2022-09-30T07:58:06","slug":"il-caso-neubauer-e-la-recente-riforma-dellart-9-cost","status":"publish","type":"post","link":"https:\/\/www.lacostituzione.info\/index.php\/2022\/07\/14\/il-caso-neubauer-e-la-recente-riforma-dellart-9-cost\/","title":{"rendered":"Il caso Neubauer  e la recente riforma dell\u2019art. 9 Cost."},"content":{"rendered":"\n<p><a href=\"http:\/\/www.lacostituzione.info\/index.php\/2020\/05\/08\/perche-il-tribunale-costituzionale-tedesco-sbaglia-nel-censurare-gli-effetti-di-politica-economica-della-bce\/bvfg\/#main\" rel=\"attachment wp-att-7125\"><img loading=\"lazy\" decoding=\"async\" data-attachment-id=\"7125\" data-permalink=\"https:\/\/www.lacostituzione.info\/index.php\/2020\/05\/08\/perche-il-tribunale-costituzionale-tedesco-sbaglia-nel-censurare-gli-effetti-di-politica-economica-della-bce\/bvfg\/#main\" data-orig-file=\"https:\/\/www.lacostituzione.info\/wp-content\/uploads\/2020\/05\/BVFG.jpg\" data-orig-size=\"259,194\" data-comments-opened=\"1\" data-image-meta=\"{&quot;aperture&quot;:&quot;0&quot;,&quot;credit&quot;:&quot;&quot;,&quot;camera&quot;:&quot;&quot;,&quot;caption&quot;:&quot;&quot;,&quot;created_timestamp&quot;:&quot;0&quot;,&quot;copyright&quot;:&quot;&quot;,&quot;focal_length&quot;:&quot;0&quot;,&quot;iso&quot;:&quot;0&quot;,&quot;shutter_speed&quot;:&quot;0&quot;,&quot;title&quot;:&quot;&quot;,&quot;orientation&quot;:&quot;0&quot;}\" data-image-title=\"BVFG\" data-image-description=\"\" data-image-caption=\"\" data-medium-file=\"https:\/\/www.lacostituzione.info\/wp-content\/uploads\/2020\/05\/BVFG.jpg\" data-large-file=\"https:\/\/www.lacostituzione.info\/wp-content\/uploads\/2020\/05\/BVFG.jpg\" class=\"alignleft size-thumbnail wp-image-7125\" src=\"http:\/\/www.lacostituzione.info\/wp-content\/uploads\/2020\/05\/BVFG-150x150.jpg\" alt=\"\" width=\"150\" height=\"150\" \/><\/a>di <strong>Federica Cittadino*<\/strong><\/p>\n<p>A marzo del 2021 la Corte costituzionale tedesca (<em>Bundesverfassungsgericht<\/em>) ha adottato una decisione che per diversi motivi \u00e8 gi\u00e0 entrata nella <a href=\"http:\/\/www.lacostituzione.info\/index.php\/2021\/04\/30\/la-corte-tedesca-e-il-diritto-al-clima-una-rivoluzione\/\">storia<\/a>. In questo commento mi propongo di mettere in luce le principali novit\u00e0, nonch\u00e9 le principali criticit\u00e0, sollevate dalla decisione.<!--more--> La decisione, discute fra i tanti aspetti rilevanti, l\u2019ambito di applicazione dell\u2019articolo 20a della <a href=\"https:\/\/www.gesetze-im-internet.de\/englisch_gg\/\">Legge Fondamentale della Repubblica Federale di Germania<\/a> (<em>Grundgesetz <\/em>\u2013 GG), che tutela \u201ci fondamenti naturali della vita e gli animali\u201d, anche alla luce delle responsabilit\u00e0 nei confronti delle generazioni future, obbligando il legislatore ad attuare tale tutela. Il nostro ordinamento costituzionale ha recentemente introdotto un simile obbligo all\u2019interno dell\u2019articolo 9, c. 3 della Costituzione italiana, che recita: \u201cLa Repubblica tutela l\u2019ambiente, la biodiversit\u00e0 e gli ecosistemi, anche nell\u2019interesse delle future generazioni. La legge dello Stato disciplina i modi e le forme di tutela degli animali\u201d. Alla luce di questi <a href=\"http:\/\/www.lacostituzione.info\/index.php\/2022\/02\/10\/ambiente-biodiversita-e-ecosistema-entrano-a-far-parte-dei-principi-fondamentali-della-costituzione-quali-sono-le-implicazioni-per-lordinamento-italiano\/\">sviluppi<\/a>, il caso <em>Neubauer <\/em>pu\u00f2 offrire spunti interessanti alla nostra Corte costituzionale, qualora fosse chiamata ad approfondire l\u2019ambito di applicazione di questa nuova disposizione nell\u2019ambito di giudizi di costituzionalit\u00e0 in via principale o in via incidentale.<\/p>\n<p>A ben vedere, in effetti, il presente commento non vuole suggerire un\u2019acritica trasferibilit\u00e0 degli argomenti giuridici utilizzati nel contesto tedesco per riproporli in ambito italiano, non da ultimo perch\u00e9 la Corte costituzionale italiana, com\u2019\u00e8 noto, <a href=\"https:\/\/www.cortecostituzionale.it\/jsp\/consulta\/istituzioni\/le_funzioni.do\">non pu\u00f2 esprimersi<\/a> su giudizi sollevati da persone fisiche o giuridiche che contestino la costituzionalit\u00e0 di specifici atti legislativi. Pertanto, la Corte costituzionale non si trover\u00e0 mai a rispondere direttamente a questioni sollevate da gruppi di giovani o associazioni ambientaliste, come nel caso <em>Neubauer<\/em>. Tuttavia, la nostra Corte potrebbe trovarsi a dirimere questioni di compatibilit\u00e0 di alcuni atti legislativi con i principi fondamentali della nostra Costituzione, tramite un giudizio in via incidentale. In tal senso, il caso <em>Neubauer<\/em> riveste una grande importanza per prevedere quali questioni potrebbero sorgere e i limiti di certi ragionamenti proposti dal <em>Bundesverfassungsgericht<\/em>.<\/p>\n<p>Il <a href=\"https:\/\/www.bundesverfassungsgericht.de\/e\/rs20210324_1bvr265618en.html\">caso <em>Neubauer<\/em><\/a> riguarda la costituzionalit\u00e0 di alcune disposizioni del <em>Bundes-Klimaschutzgesetz <\/em>(KSG), la legge federale tedesca sul cambiamento climatico adottata nel 2019, che prevede obiettivi di riduzione delle emissioni per la Germania in un orizzonte di neutralit\u00e0 climatica al 2050. In particolare, i ricorrenti contestavano la legittimit\u00e0 di alcune disposizioni del KSG che stabilivano l\u2019obbligo di ridurre le emissioni climalteranti, in particolare di CO<sub>2<\/sub>, del 55% rispetto ai livelli del 1990 entro il 2030 (\u00a73 c. 1 seconda frase) e le relative quote annuali di emissioni ammissibili fino al 2030 in alcuni settori, quali a titolo d\u2019esempio il trasporto e la produzione di energia (\u00a74 c. 1 terza frase in combinazione con l\u2019Allegato 2). I ricorrenti avevano fondato le proprie richieste sulla presunta violazione di una serie di diritti fondamentali, tra cui il diritto alla vita e il diritto di propriet\u00e0, nonch\u00e9 del gi\u00e0 ricordato obbligo dello stato di tutelare l\u2019ambiente ai sensi dell\u2019articolo 20a GG.<\/p>\n<p>La Corte di Karlsruhe si esprimer\u00e0 a marzo del 2021 riconoscendo non tanto una violazione diretta (obbligo di tutela positiva) delle disposizioni invocate dai ricorrenti, ma piuttosto una violazione dell\u2019obbligo (negativo) per lo Stato di astenersi dall\u2019interferire con le libert\u00e0 fondamentali. La novit\u00e0 di questa decisione risiede proprio nella motivazioni che hanno condotto la Corte a dichiarare l\u2019esistenza di tale ingerenza, che si poggiano sulla dottrina, coniata per l\u2019occasione, dell\u2019effetto anticipato simile a quello di un\u2019ingerenza (<em>eingriffs\u00e4hnliche Vorwirkung<\/em>). Tale ingerenza anticipata deriverebbe non tanto da una violazione dei principi costituzionali fondamentali, tra cui l\u2019articolo 20a GG, ma piuttosto dal fatto che la quantit\u00e0 ingente di emissioni permesse fino al 2030 finirebbe con l\u2019esaurire la quantit\u00e0 di CO<sub>2<\/sub> totale che la Germania pu\u00f2 emettere (cd. budget climatico) dopo il 2030 se vuole rispettare l\u2019obbligo, contenuto nell\u2019<a href=\"https:\/\/unfccc.int\/process-and-meetings\/the-paris-agreement\/the-paris-agreement\">Accordo di Parigi<\/a> e replicato nel KSG, di mantenere l\u2019aumento delle temperature globali entro i 2\u00b0C e preferibilmente entro 1,5\u00b0C. Il quasi esaurimento del budget climatico entro il 2030 per opera delle disposizioni del KSG comporta quindi un trasferimento iniquo del peso degli obblighi di mitigazione sulle generazioni future. La Germania, quindi, ha prodotto un\u2019ingerenza indebita sulle libert\u00e0 fondamentali perch\u00e9 ha omesso di adottare misure preventive capaci di preparare la transizione verso una societ\u00e0 decarbonizzata che sar\u00e0 necessaria a partire dal 2030.<\/p>\n<p>Il risultato di questa decisione \u00e8 stato dirompente, poich\u00e9 all\u2019indomani della pronuncia, il KSG \u00e8 stato emendato con l\u2019introduzione di un obbligo di riduzione di emissioni di CO<sub>2<\/sub> al 65%, piuttosto che al 55%, entro il 2030 e di un obbligo intermedio di riduzione all\u201988% entro il 2040. La riforma ha inoltre previsto una diminuzione della quantit\u00e0 annuale di emissioni ammissibili per settore entro il 2030. Per questi motivi, la pronuncia \u00e8 stata salutata come la decisione cha ha segnato la svolta verde e di <a href=\"https:\/\/verfassungsblog.de\/judges-for-future\/\">apertura verso il diritto interazionale<\/a> della Corte di Karlsruhe. Nell\u2019ultima parte di questo contributo spiegher\u00f2 perch\u00e9 a mio avviso il ragionamento della Corte porti ad essere pi\u00f9 cauti su questi punti e quali siano gli elementi di interesse per la Corte costituzionale italiana.<\/p>\n<p>Sull\u2019allineamento della decisione con gli obiettivi di mitigazione del cambiamento climatico, il ragionamento della Corte di Karlsruhe si mostra meno ambizioso di quanto possa apparire a prima vista. In primo luogo, la dottrina dell\u2019ingerenza anticipata piuttosto che incorporare la protezione del clima fra i requisiti per la corretta protezione dei diritti e delle libert\u00e0 fondamentali, protegge in ultima analisi la libert\u00e0 delle generazioni future \u2013 o pi\u00f9 precisamente dei giovani che saranno adulti nel 2030 \u2013 di condurre attivit\u00e0 che siano ad alto impatto dal punto di vista delle emissioni, o in altre parole la libert\u00e0 di emettere CO<sub>2<\/sub>.<\/p>\n<p>In secondo luogo, pur facendo riferimento al principio di precauzione formulato nella <a href=\"https:\/\/unfccc.int\/process-and-meetings\/the-convention\/what-is-the-united-nations-framework-convention-on-climate-change\">Convenzione quadro sul cambiamento climatico<\/a> (UNFCCC), propone un\u2019interpretazione dello stesso principio che \u00e8 poco rigorosa. Ai sensi dell\u2019articolo 3 c. 3 UNFCCC, infatti, il principio di precauzione prescrive che, in presenza di minacce di danni gravi e irreversibili all\u2019ambiente, l\u2019assenza di certezze scientifiche non possa essere usata per giustificare il rinvio di misure economicamente convenienti (<em>cost-effective<\/em>) per contrastare il cambiamento climatico. La Corte invece ritiene ammissibile che il KSG abbia adottato come obiettivo di riferimento quello dei 2\u00b0C, senza provare ad adottare misure che possano limitare il riscaldamento globale alla soglia dei 1,5\u00b0C, nonostante ci sia una consapevolezza del fatto che l\u2019aumento di 2\u00b0C potr\u00e0 portare a una serie di sconvolgimenti ambientali a catena (<em>tipping points<\/em>). A ben vedere, dunque, la Corte avrebbe potuto valutare alla luce del principio di precauzione il rispetto dell\u2019articolo 20\u00b0 GG. Ha invece abbracciato ancora una volta la dottrina dell\u2019ampio margine di discrezionalit\u00e0 concesso allo Stato nella realizzazione delle libert\u00e0 fondamentali e degli obblighi positivi (in questo caso di protezione dell\u2019ambiente e del clima), decidendo di non vagliare la questione dell\u2019adeguatezza del KSG rispetto all\u2019obbligo costituzionale di protezione ambientale.<\/p>\n<p>Il ragionamento della Corte, inoltre, non \u00e8 perfettamente in linea neanche con il principio delle responsabilit\u00e0 comuni ma differenziate, sancito tra gli altri nel Preambolo di UNFCCC e agli articoli 4 c. 3 e 4 c. 4 dell\u2019Accordo di Parigi. Tale principio mira a dare un riconoscimento giuridico al fatto che gli Stati che meno contribuiscono al cambiamento climatico in termini di emissioni di CO<sub>2<\/sub> debbano avere anche meno responsabilit\u00e0 di mitigazione. L\u2019Accordo di Parigi ha in parte trasformato questa logica introducendo i contributi determinati a livello nazionale (<em>Nationally-Determined Contributions<\/em> \u2013 NDCs), impegni volontari di riduzione delle emissioni che prescindono dalla distinzione tra paesi sviluppati e paesi in via di sviluppo. Ha per\u00f2 preservato la logica di fondo della differenziazione, sia dando agli Stati la responsabilit\u00e0 di determinare le proprie riduzioni in linea con gli obiettivi di riduzione globali di 1,5-2\u00b0C, sia facendo riferimento a un livello di ambizione pi\u00f9 spiccato e al dovere dei paesi sviluppati di assicurare la leadership e di guidare con l\u2019esempio nella lotta globale al cambiamento climatico. Anche in questa prospettiva il rifiuto della Corte di esaminare direttamente l\u2019adeguatezza degli obiettivi di riduzione delle emissioni del KSG appare criticabile.<\/p>\n<p>Quali sono le lezioni per il nostro ordinamento? In primo luogo, appare sempre pi\u00f9 inequivocabile la permeabilit\u00e0 del diritto interno e del diritto costituzionale ai principi di diritto ambientale sanciti nelle convenzioni internazionali. In secondo luogo, appare non pi\u00f9 rimandabile una discussione sulla gerarchia dei valori costituzionali, alla luce di un fenomeno, quale quello del cambiamento climatico, che minaccia la protezione dei principi fondamentali della nostra Costituzione. L\u2019inserimento esplicito della tutela dell\u2019ambiente nell\u2019interesse delle generazioni future fra i principi fondamentali giustifica a mio avviso non solo un bilanciamento di valori pi\u00f9 spinto da parte della Corte costituzionale italiana ma anche una riflessione sulla propedeuticit\u00e0 della protezione ambientale nei confronti della realizzazione di altri principi.<\/p>\n<p>La lezione del caso <em>Neubauer<\/em> in questo senso \u00e8 che, se questo bilanciamento non viene fatto in maniera esplicita, si rischia comunque di promuovere un bilanciamento in cui la protezione dell\u2019ambiente prevale di fatto, ma non nella motivazione giuridica, su altri interessi. Cos\u00ec facendo, a mio avviso, le corti costituzionali rischiano di rinunciare al compito di bilanciamento dei principi e dei valori fondamentali che tradizionalmente gli \u00e8 proprio.<\/p>\n<p>* EURAC &#8211;\u00a0Senior Researcher in Environmental Law &amp; Policy.\u00a0Institute for Comparative Federalism<\/p>\n<p>\u00a0<\/p>\n","protected":false},"excerpt":{"rendered":"<p>di Federica Cittadino* A marzo del 2021 la Corte costituzionale tedesca (Bundesverfassungsgericht) ha adottato una decisione che per diversi motivi \u00e8 gi\u00e0 entrata nella storia. In questo commento mi propongo di mettere in luce le principali novit\u00e0, nonch\u00e9 le principali criticit\u00e0, sollevate dalla decisione.<\/p>\n<div class='heateorSssClear'><\/div><div  class='heateor_sss_sharing_container heateor_sss_horizontal_sharing' data-heateor-sss-href='https:\/\/www.lacostituzione.info\/index.php\/2022\/07\/14\/il-caso-neubauer-e-la-recente-riforma-dellart-9-cost\/'><div class='heateor_sss_sharing_title' style=\"font-weight:bold\" >Condividi!<\/div><div class=\"heateor_sss_sharing_ul\"><a aria-label=\"Facebook\" class=\"heateor_sss_facebook\" href=\"https:\/\/www.facebook.com\/sharer\/sharer.php?u=https%3A%2F%2Fwww.lacostituzione.info%2Findex.php%2F2022%2F07%2F14%2Fil-caso-neubauer-e-la-recente-riforma-dellart-9-cost%2F\" title=\"Facebook\" rel=\"nofollow noopener\" target=\"_blank\" style=\"font-size:32px!important;box-shadow:none;display:inline-block;vertical-align:middle\"><span class=\"heateor_sss_svg\" style=\"background-color:#0765FE;width:35px;height:35px;display:inline-block;opacity:1;float:left;font-size:32px;box-shadow:none;display:inline-block;font-size:16px;padding:0 4px;vertical-align:middle;background-repeat:repeat;overflow:hidden;padding:0;cursor:pointer;box-sizing:content-box\"><svg style=\"display:block;\" focusable=\"false\" aria-hidden=\"true\" xmlns=\"http:\/\/www.w3.org\/2000\/svg\" width=\"100%\" height=\"100%\" viewBox=\"0 0 32 32\"><path fill=\"#fff\" d=\"M28 16c0-6.627-5.373-12-12-12S4 9.373 4 16c0 5.628 3.875 10.35 9.101 11.647v-7.98h-2.474V16H13.1v-1.58c0-4.085 1.849-5.978 5.859-5.978.76 0 2.072.15 2.608.298v3.325c-.283-.03-.775-.045-1.386-.045-1.967 0-2.728.745-2.728 2.683V16h3.92l-.673 3.667h-3.247v8.245C23.395 27.195 28 22.135 28 16Z\"><\/path><\/svg><\/span><\/a><a aria-label=\"Twitter\" class=\"heateor_sss_button_twitter\" href=\"https:\/\/twitter.com\/intent\/tweet?text=Il%20caso%20Neubauer%20%20e%20la%20recente%20riforma%20dell%E2%80%99art.%209%20Cost.&url=https%3A%2F%2Fwww.lacostituzione.info%2Findex.php%2F2022%2F07%2F14%2Fil-caso-neubauer-e-la-recente-riforma-dellart-9-cost%2F\" title=\"Twitter\" rel=\"nofollow noopener\" target=\"_blank\" style=\"font-size:32px!important;box-shadow:none;display:inline-block;vertical-align:middle\"><span class=\"heateor_sss_svg heateor_sss_s__default heateor_sss_s_twitter\" style=\"background-color:#55acee;width:35px;height:35px;display:inline-block;opacity:1;float:left;font-size:32px;box-shadow:none;display:inline-block;font-size:16px;padding:0 4px;vertical-align:middle;background-repeat:repeat;overflow:hidden;padding:0;cursor:pointer;box-sizing:content-box\"><svg style=\"display:block;\" focusable=\"false\" aria-hidden=\"true\" xmlns=\"http:\/\/www.w3.org\/2000\/svg\" width=\"100%\" height=\"100%\" viewBox=\"-4 -4 39 39\"><path d=\"M28 8.557a9.913 9.913 0 0 1-2.828.775 4.93 4.93 0 0 0 2.166-2.725 9.738 9.738 0 0 1-3.13 1.194 4.92 4.92 0 0 0-3.593-1.55 4.924 4.924 0 0 0-4.794 6.049c-4.09-.21-7.72-2.17-10.15-5.15a4.942 4.942 0 0 0-.665 2.477c0 1.71.87 3.214 2.19 4.1a4.968 4.968 0 0 1-2.23-.616v.06c0 2.39 1.7 4.38 3.952 4.83-.414.115-.85.174-1.297.174-.318 0-.626-.03-.928-.086a4.935 4.935 0 0 0 4.6 3.42 9.893 9.893 0 0 1-6.114 2.107c-.398 0-.79-.023-1.175-.068a13.953 13.953 0 0 0 7.55 2.213c9.056 0 14.01-7.507 14.01-14.013 0-.213-.005-.426-.015-.637.96-.695 1.795-1.56 2.455-2.55z\" fill=\"#fff\"><\/path><\/svg><\/span><\/a><a aria-label=\"Reddit\" class=\"heateor_sss_button_reddit\" href=\"https:\/\/reddit.com\/submit?url=https%3A%2F%2Fwww.lacostituzione.info%2Findex.php%2F2022%2F07%2F14%2Fil-caso-neubauer-e-la-recente-riforma-dellart-9-cost%2F&title=Il%20caso%20Neubauer%20%20e%20la%20recente%20riforma%20dell%E2%80%99art.%209%20Cost.\" title=\"Reddit\" rel=\"nofollow noopener\" target=\"_blank\" style=\"font-size:32px!important;box-shadow:none;display:inline-block;vertical-align:middle\"><span class=\"heateor_sss_svg heateor_sss_s__default heateor_sss_s_reddit\" style=\"background-color:#ff5700;width:35px;height:35px;display:inline-block;opacity:1;float:left;font-size:32px;box-shadow:none;display:inline-block;font-size:16px;padding:0 4px;vertical-align:middle;background-repeat:repeat;overflow:hidden;padding:0;cursor:pointer;box-sizing:content-box\"><svg style=\"display:block;\" focusable=\"false\" aria-hidden=\"true\" xmlns=\"http:\/\/www.w3.org\/2000\/svg\" width=\"100%\" height=\"100%\" viewBox=\"-3.5 -3.5 39 39\"><path d=\"M28.543 15.774a2.953 2.953 0 0 0-2.951-2.949 2.882 2.882 0 0 0-1.9.713 14.075 14.075 0 0 0-6.85-2.044l1.38-4.349 3.768.884a2.452 2.452 0 1 0 .24-1.176l-4.274-1a.6.6 0 0 0-.709.4l-1.659 5.224a14.314 14.314 0 0 0-7.316 2.029 2.908 2.908 0 0 0-1.872-.681 2.942 2.942 0 0 0-1.618 5.4 5.109 5.109 0 0 0-.062.765c0 4.158 5.037 7.541 11.229 7.541s11.22-3.383 11.22-7.541a5.2 5.2 0 0 0-.053-.706 2.963 2.963 0 0 0 1.427-2.51zm-18.008 1.88a1.753 1.753 0 0 1 1.73-1.74 1.73 1.73 0 0 1 1.709 1.74 1.709 1.709 0 0 1-1.709 1.711 1.733 1.733 0 0 1-1.73-1.711zm9.565 4.968a5.573 5.573 0 0 1-4.081 1.272h-.032a5.576 5.576 0 0 1-4.087-1.272.6.6 0 0 1 .844-.854 4.5 4.5 0 0 0 3.238.927h.032a4.5 4.5 0 0 0 3.237-.927.6.6 0 1 1 .844.854zm-.331-3.256a1.726 1.726 0 1 1 1.709-1.712 1.717 1.717 0 0 1-1.712 1.712z\" fill=\"#fff\"\/><\/svg><\/span><\/a><a aria-label=\"Linkedin\" class=\"heateor_sss_button_linkedin\" href=\"https:\/\/www.linkedin.com\/sharing\/share-offsite\/?url=https%3A%2F%2Fwww.lacostituzione.info%2Findex.php%2F2022%2F07%2F14%2Fil-caso-neubauer-e-la-recente-riforma-dellart-9-cost%2F\" title=\"Linkedin\" rel=\"nofollow noopener\" target=\"_blank\" style=\"font-size:32px!important;box-shadow:none;display:inline-block;vertical-align:middle\"><span class=\"heateor_sss_svg heateor_sss_s__default heateor_sss_s_linkedin\" style=\"background-color:#0077b5;width:35px;height:35px;display:inline-block;opacity:1;float:left;font-size:32px;box-shadow:none;display:inline-block;font-size:16px;padding:0 4px;vertical-align:middle;background-repeat:repeat;overflow:hidden;padding:0;cursor:pointer;box-sizing:content-box\"><svg style=\"display:block;\" focusable=\"false\" aria-hidden=\"true\" xmlns=\"http:\/\/www.w3.org\/2000\/svg\" width=\"100%\" height=\"100%\" viewBox=\"0 0 32 32\"><path d=\"M6.227 12.61h4.19v13.48h-4.19V12.61zm2.095-6.7a2.43 2.43 0 0 1 0 4.86c-1.344 0-2.428-1.09-2.428-2.43s1.084-2.43 2.428-2.43m4.72 6.7h4.02v1.84h.058c.56-1.058 1.927-2.176 3.965-2.176 4.238 0 5.02 2.792 5.02 6.42v7.395h-4.183v-6.56c0-1.564-.03-3.574-2.178-3.574-2.18 0-2.514 1.7-2.514 3.46v6.668h-4.187V12.61z\" fill=\"#fff\"><\/path><\/svg><\/span><\/a><a aria-label=\"Pinterest\" class=\"heateor_sss_button_pinterest\" href=\"https:\/\/www.lacostituzione.info\/index.php\/2022\/07\/14\/il-caso-neubauer-e-la-recente-riforma-dellart-9-cost\/\" onclick=\"event.preventDefault();javascript:void( (function() {var e=document.createElement('script' );e.setAttribute('type','text\/javascript' );e.setAttribute('charset','UTF-8' );e.setAttribute('src','\/\/assets.pinterest.com\/js\/pinmarklet.js?r='+Math.random()*99999999);document.body.appendChild(e)})());\" title=\"Pinterest\" rel=\"noopener\" style=\"font-size:32px!important;box-shadow:none;display:inline-block;vertical-align:middle\"><span class=\"heateor_sss_svg heateor_sss_s__default heateor_sss_s_pinterest\" style=\"background-color:#cc2329;width:35px;height:35px;display:inline-block;opacity:1;float:left;font-size:32px;box-shadow:none;display:inline-block;font-size:16px;padding:0 4px;vertical-align:middle;background-repeat:repeat;overflow:hidden;padding:0;cursor:pointer;box-sizing:content-box\"><svg style=\"display:block;\" focusable=\"false\" aria-hidden=\"true\" xmlns=\"http:\/\/www.w3.org\/2000\/svg\" width=\"100%\" height=\"100%\" viewBox=\"-2 -2 35 35\"><path fill=\"#fff\" d=\"M16.539 4.5c-6.277 0-9.442 4.5-9.442 8.253 0 2.272.86 4.293 2.705 5.046.303.125.574.005.662-.33.061-.231.205-.816.27-1.06.088-.331.053-.447-.191-.736-.532-.627-.873-1.439-.873-2.591 0-3.338 2.498-6.327 6.505-6.327 3.548 0 5.497 2.168 5.497 5.062 0 3.81-1.686 7.025-4.188 7.025-1.382 0-2.416-1.142-2.085-2.545.397-1.674 1.166-3.48 1.166-4.689 0-1.081-.581-1.983-1.782-1.983-1.413 0-2.548 1.462-2.548 3.419 0 1.247.421 2.091.421 2.091l-1.699 7.199c-.505 2.137-.076 4.755-.039 5.019.021.158.223.196.314.077.13-.17 1.813-2.247 2.384-4.324.162-.587.929-3.631.929-3.631.46.876 1.801 1.646 3.227 1.646 4.247 0 7.128-3.871 7.128-9.053.003-3.918-3.317-7.568-8.361-7.568z\"\/><\/svg><\/span><\/a><a aria-label=\"Whatsapp\" class=\"heateor_sss_whatsapp\" href=\"https:\/\/api.whatsapp.com\/send?text=Il%20caso%20Neubauer%20%20e%20la%20recente%20riforma%20dell%E2%80%99art.%209%20Cost.%20https%3A%2F%2Fwww.lacostituzione.info%2Findex.php%2F2022%2F07%2F14%2Fil-caso-neubauer-e-la-recente-riforma-dellart-9-cost%2F\" title=\"Whatsapp\" rel=\"nofollow noopener\" target=\"_blank\" style=\"font-size:32px!important;box-shadow:none;display:inline-block;vertical-align:middle\"><span class=\"heateor_sss_svg\" style=\"background-color:#55eb4c;width:35px;height:35px;display:inline-block;opacity:1;float:left;font-size:32px;box-shadow:none;display:inline-block;font-size:16px;padding:0 4px;vertical-align:middle;background-repeat:repeat;overflow:hidden;padding:0;cursor:pointer;box-sizing:content-box\"><svg style=\"display:block;\" focusable=\"false\" aria-hidden=\"true\" xmlns=\"http:\/\/www.w3.org\/2000\/svg\" width=\"100%\" height=\"100%\" viewBox=\"-6 -5 40 40\"><path class=\"heateor_sss_svg_stroke heateor_sss_no_fill\" stroke=\"#fff\" stroke-width=\"2\" fill=\"none\" d=\"M 11.579798566743314 24.396926207859085 A 10 10 0 1 0 6.808479557110079 20.73576436351046\"><\/path><path d=\"M 7 19 l -1 6 l 6 -1\" class=\"heateor_sss_no_fill heateor_sss_svg_stroke\" stroke=\"#fff\" stroke-width=\"2\" fill=\"none\"><\/path><path d=\"M 10 10 q -1 8 8 11 c 5 -1 0 -6 -1 -3 q -4 -3 -5 -5 c 4 -2 -1 -5 -1 -4\" fill=\"#fff\"><\/path><\/svg><\/span><\/a><\/div><div class=\"heateorSssClear\"><\/div><\/div><div class='heateorSssClear'><\/div>","protected":false},"author":1,"featured_media":0,"comment_status":"open","ping_status":"open","sticky":false,"template":"","format":"standard","meta":{"jetpack_post_was_ever_published":false,"_jetpack_newsletter_access":"","_jetpack_dont_email_post_to_subs":false,"_jetpack_newsletter_tier_id":0,"_jetpack_memberships_contains_paywalled_content":false,"_jetpack_memberships_contains_paid_content":false,"footnotes":"","jetpack_publicize_message":"","jetpack_publicize_feature_enabled":true,"jetpack_social_post_already_shared":false,"jetpack_social_options":{"image_generator_settings":{"template":"highway","default_image_id":0,"enabled":false},"version":2}},"categories":[4],"tags":[1441,240,149,495,1403],"class_list":["post-8342","post","type-post","status-publish","format-standard","hentry","category-attualita","tag-catastrofe-climatica","tag-clima","tag-corte-costituzionale","tag-diritti-della-persona","tag-generazioni-future"],"jetpack_publicize_connections":[],"jetpack_featured_media_url":"","jetpack_shortlink":"https:\/\/wp.me\/p84sDq-2ay","jetpack_likes_enabled":true,"jetpack_sharing_enabled":true,"_links":{"self":[{"href":"https:\/\/www.lacostituzione.info\/index.php\/wp-json\/wp\/v2\/posts\/8342","targetHints":{"allow":["GET"]}}],"collection":[{"href":"https:\/\/www.lacostituzione.info\/index.php\/wp-json\/wp\/v2\/posts"}],"about":[{"href":"https:\/\/www.lacostituzione.info\/index.php\/wp-json\/wp\/v2\/types\/post"}],"author":[{"embeddable":true,"href":"https:\/\/www.lacostituzione.info\/index.php\/wp-json\/wp\/v2\/users\/1"}],"replies":[{"embeddable":true,"href":"https:\/\/www.lacostituzione.info\/index.php\/wp-json\/wp\/v2\/comments?post=8342"}],"version-history":[{"count":0,"href":"https:\/\/www.lacostituzione.info\/index.php\/wp-json\/wp\/v2\/posts\/8342\/revisions"}],"wp:attachment":[{"href":"https:\/\/www.lacostituzione.info\/index.php\/wp-json\/wp\/v2\/media?parent=8342"}],"wp:term":[{"taxonomy":"category","embeddable":true,"href":"https:\/\/www.lacostituzione.info\/index.php\/wp-json\/wp\/v2\/categories?post=8342"},{"taxonomy":"post_tag","embeddable":true,"href":"https:\/\/www.lacostituzione.info\/index.php\/wp-json\/wp\/v2\/tags?post=8342"}],"curies":[{"name":"wp","href":"https:\/\/api.w.org\/{rel}","templated":true}]}}