{"id":8361,"date":"2022-07-29T09:49:11","date_gmt":"2022-07-29T07:49:11","guid":{"rendered":"http:\/\/www.lacostituzione.info\/?p=8361"},"modified":"2022-07-29T09:49:43","modified_gmt":"2022-07-29T07:49:43","slug":"sulla-ineleggibilita-dei-sindaci-che-non-si-dimettono-in-tempo","status":"publish","type":"post","link":"https:\/\/www.lacostituzione.info\/index.php\/2022\/07\/29\/sulla-ineleggibilita-dei-sindaci-che-non-si-dimettono-in-tempo\/","title":{"rendered":"Sulla ineleggibilit\u00e0 dei sindaci che non si dimettono in tempo"},"content":{"rendered":"\n<p style=\"text-align: center;\"><a href=\"http:\/\/www.lacostituzione.info\/index.php\/2022\/07\/29\/sulla-ineleggibilita-dei-sindaci-che-non-si-dimettono-in-tempo\/sindaco\/#main\" rel=\"attachment wp-att-8362\"><img loading=\"lazy\" decoding=\"async\" data-attachment-id=\"8362\" data-permalink=\"https:\/\/www.lacostituzione.info\/index.php\/2022\/07\/29\/sulla-ineleggibilita-dei-sindaci-che-non-si-dimettono-in-tempo\/sindaco\/#main\" data-orig-file=\"https:\/\/www.lacostituzione.info\/wp-content\/uploads\/2022\/07\/sindaco.png\" data-orig-size=\"637,620\" data-comments-opened=\"1\" data-image-meta=\"{&quot;aperture&quot;:&quot;0&quot;,&quot;credit&quot;:&quot;&quot;,&quot;camera&quot;:&quot;&quot;,&quot;caption&quot;:&quot;&quot;,&quot;created_timestamp&quot;:&quot;0&quot;,&quot;copyright&quot;:&quot;&quot;,&quot;focal_length&quot;:&quot;0&quot;,&quot;iso&quot;:&quot;0&quot;,&quot;shutter_speed&quot;:&quot;0&quot;,&quot;title&quot;:&quot;&quot;,&quot;orientation&quot;:&quot;0&quot;}\" data-image-title=\"sindaco\" data-image-description=\"\" data-image-caption=\"\" data-medium-file=\"https:\/\/www.lacostituzione.info\/wp-content\/uploads\/2022\/07\/sindaco-300x292.png\" data-large-file=\"https:\/\/www.lacostituzione.info\/wp-content\/uploads\/2022\/07\/sindaco.png\" class=\"aligncenter size-thumbnail wp-image-8362\" src=\"http:\/\/www.lacostituzione.info\/wp-content\/uploads\/2022\/07\/sindaco-150x150.png\" alt=\"\" width=\"150\" height=\"150\" \/><\/a>\u00a0di <strong>Alberto Di Chiara<\/strong><\/p>\n<p>Tra le scadenze elettorali collegate al rinnovo delle Camere ve n&#8217;\u00e8 una particolarmente stringente: a norma dell&#8217;articolo 7, comma 1, del d.P.R. 30 marzo 1957, n. 361, i soggetti indicati dalla disposizione citata \u2013 tra cui rientrano i sindaci dei comuni con pi\u00f9 di ventimila abitanti \u2013 qualora intendano candidarsi alla Camera o al Senato devono presentare le dimissioni dalla carica ricoperta almeno centottanta giorni prima della data di scadenza del quinquennio di durata della Camera dei deputati, calcolato a partire dalla data della prima riunione delle nuove Camere (art. 7, comma 3). <!--more-->Nel caso in cui la legislatura termini pi\u00f9 di 120 giorni prima della sua scadenza naturale, tale onere deve essere espletato entro sette giorni dalla pubblicazione del decreto di indizione delle elezioni (art. 7, comma 7). In via interpretativa, si pu\u00f2 osservare che nel caso in cui la legislatura termini con un anticipo inferiore a centoventi giorni rispetto alla scadenza naturale del quinquennio trovi applicazione l\u2019art. 7, comma 3, con conseguente obbligo di dimissioni di almeno centottanta giorni prima della scadenza naturale della legislatura. Va chiarito che tali disposizioni, tuttavia, non sono mai state riferite ai Presidenti delle Giunte regionali e, a seguito della sentenza della Corte costituzionale n. 344\/1993, non trovano pi\u00f9 applicazione nei confronti di deputati e consiglieri regionali.<\/p>\n<p>La XVIII legislatura ha avuto inizio il 23 marzo del 2018, con la prima riunione di Camera e Senato a seguito delle elezioni del 4 marzo.<\/p>\n<p>Il d.P.R. 21 luglio 2022, n. 97, ha indetto l\u2019elezione delle nuove Camere il 25 settembre, fissandone la prima riunione il 13 ottobre.<\/p>\n<p>Com\u2019\u00e8 evidente, la XVIII legislatura \u00e8 terminata ben prima di 120 giorni dalla scadenza naturale del quinquennio; pertanto, la lettera della legge non sembra lasciare alcun margine di interpretazione: i soggetti indicati dall\u2019art. 7, comma 1, qualora intendano candidarsi alle elezioni nazionali, devono dimettersi entro sette giorni dalla data di convocazione dei comizi elettorali e, quindi, entro il 28 luglio 2022. <br \/>Al momento non \u00e8 dato sapere quanti sindaci (in carica o dimessisi dopo il termine prescritto) correranno per l\u2019elezione al Parlamento nazionale, tuttavia \u00e8 possibile supporre che pi\u00f9 di qualcuno faccia affidamento su una prassi tanto radicata quanto criticabile, in forza della quale le Giunte delle elezioni delle rispettive Camere ignorano deliberatamente il testo della legge convalidando le elezioni di candidati ineleggibili.<br \/>L&#8217;ultimo caso noto in ordine di tempo riguarda il senatore del PD Daniele Manca (di cui ci si era occupati <a href=\"http:\/\/www.lacostituzione.info\/index.php\/2018\/01\/03\/seggio-o-son-desto-il-sindaco-che-si-candida-alle-elezioni-politiche-rischia\/\">in questa sede in occasione delle elezioni del 2018<\/a>). L\u2019allora sindaco di Imola si dimise dalla carica di primo cittadino per partecipare all\u2019elezione del Senato 77 giorni prima della riunione delle nuove Camere, avvenuta il 22 marzo 2018. Essendo che la XVII legislatura si era conclusa con meno di 120 giorni di anticipo rispetto alla scadenza naturale, tale adempimento sarebbe dovuto intervenire almeno 180 giorni prima.<br \/>Il caso \u00e8 stato oggetto di un lungo esame da parte della Giunta delle elezioni del Senato, nel frattempo investita anche da un ricorso presentato dal primo dei non eletti della medesima circoscrizione. In spregio alla lettera della disposizione, l\u2019elezione del senatore Manca \u00e8 stata convalidata nella seduta del 30 novembre 2021, quasi quattro anni dopo lo svolgimento della tornata elettorale. Nella legislatura precedente un episodio analogo si era verificato con la convalida dell\u2019elezione del senatore Paolo Corsini, ex sindaco di Brescia in quota centrodestra.<br \/>Se, dunque, tale disposizione risulta sistematicamente ignorata quando si tratta di deputati e senatori di ogni schieramento politico, viene da domandarsi perch\u00e9 non venga abrogata, invece che (illegittimamente) disapplicata in via di fatto.<br \/>La questione non va sottovalutata: la Corte costituzionale, muovendosi nel solco delle azioni di accertamento del diritto di voto (prima attivo, con le sentt. n. 1\/2014 e n. 35\/2017; e ora anche passivo, con la sent. n 48\/2021) ha aperto scenari inediti per la tutela di tale diritto.<\/p>\n<p>Nel caso in cui l&#8217;elezione di qualcuno dei soggetti di cui all&#8217;art. 7 del DPR fosse validamente convalidata, cosa accadrebbe se il primo dei non eletti proponesse un&#8217;azione di accertamento del diritto di voto di fronte al giudice ordinario chiedendo di verificare il proprio diritto di elettorato passivo? Il giudice ordinario avrebbe dunque diverse opzioni dinanzi a s\u00e9:<\/p>\n<ul>\n<li>Una prima (e pi\u00f9 sbrigativa) soluzione sarebbe quella di declinare la giurisdizione a favore del Parlamento. Pur non potendosi approfondire il dibattito in tema di qualificazione della verifica dei poteri, le Camere non hanno mai rinvenuto in tale attivit\u00e0 natura giurisdizionale.<br \/>\u00c8 davvero sostenibile che una materia come il diritto di elettorato passivo possa rimanere priva di tutela giurisdizionale? La Corte EDU ha dichiarato nel luglio del 2020 (sentenza Mugemangango c. Belgio) l&#8217;incompatibilit\u00e0 con l\u2019art. 13 della Convenzione e con l\u2019art. 3 del Protocollo n. 1 delle norme dell\u2019ordinamento belga che affidavano in via esclusiva ad organi elettivi la convalida delle elezioni, qualora risultino assenti garanzie di tipo giurisdizionale.<\/li>\n<li>Sollevare una questione di legittimit\u00e0 costituzionale del DPR del 1957, nella parte in cui affida al solo organo rappresentativo la convalida delle elezioni ed esclude l&#8217;intervento dell&#8217;autorit\u00e0 giudiziaria. Tale opzione richiederebbe un&#8217;interpretazione fortemente evolutiva dell&#8217;art. 66 Cost., in modo da porre tale disposizione in armonia con altri principi costituzionali, tra cui spiccano il diritto di agire in giudizio a tutela dei propri diritti e interessi legittimi di cui all\u2019art. 25 Cost., e il diritto ad un equo processo di cui all\u2019art. 111 Cost.;<\/li>\n<li>Proporre un conflitto di attribuzioni tra poteri dello Stato, rilevando, qualora le Camere procedano alla convalida delle elezioni di candidati ineleggibili, il cattivo esercizio del potere loro attribuito ex art. 66 Cost., e rivendicandone la titolarit\u00e0 in capo al giudice ordinario, in modo non dissimile da quanto avviene in materia di giudizio di insindacabilit\u00e0 sulle opinioni espresse nell\u2019esercizio del mandato parlamentare sulla base dell\u2019art. 68 Cost.<\/li>\n<\/ul>\n<p>Ognuno dei tre scenari qui sinteticamente prospettati rappresenta una strada incerta e di non facile percorribilit\u00e0, tuttavia non pu\u00f2 sfuggire un dato: la convalida delle elezioni esclusivamente parlamentare rappresenta un modello oggetto di una pesante erosione (per ora esclusivamente giurisprudenziale). Da un lato la sentenza Mugemangango c. Belgio ha dichiarato l\u2019incompatibilit\u00e0 coi principi della CEDU di un sistema di verifica dei poteri esclusivamente parlamentare in tutto e per tutto simile a quello vigente nell\u2019ordinamento italiano; dall\u2019altro lato la Corte costituzionale, con la sent. n. 48\/2021 ha attribuito la giurisdizione sul contenzioso elettorale preparatorio al giudice ordinario, e non alle Camere. Viene dunque da chiedersi se in fase di convalida delle elezioni sia ancora tollerabile la disapplicazione delle norme in materia di ineleggibilit\u00e0 da parte delle Camere: dalla risposta che verr\u00e0 data a questa domanda dipende un pezzo importante della qualit\u00e0 delle nostre istituzioni rappresentative e, forse, della democrazia parlamentare in generale.<\/p>\n","protected":false},"excerpt":{"rendered":"<p>\u00a0di Alberto Di Chiara Tra le scadenze elettorali collegate al rinnovo delle Camere ve n&#8217;\u00e8 una particolarmente stringente: a norma dell&#8217;articolo 7, comma 1, del d.P.R. 30 marzo 1957, n. 361, i soggetti indicati dalla disposizione citata \u2013 tra cui rientrano i sindaci dei comuni con pi\u00f9 di ventimila abitanti \u2013 qualora intendano candidarsi alla &#8230; <a title=\"Sulla ineleggibilit\u00e0 dei sindaci che non si dimettono in tempo\" class=\"read-more\" href=\"https:\/\/www.lacostituzione.info\/index.php\/2022\/07\/29\/sulla-ineleggibilita-dei-sindaci-che-non-si-dimettono-in-tempo\/\">Leggi tutto<\/a><\/p>\n<div class='heateorSssClear'><\/div><div  class='heateor_sss_sharing_container heateor_sss_horizontal_sharing' data-heateor-sss-href='https:\/\/www.lacostituzione.info\/index.php\/2022\/07\/29\/sulla-ineleggibilita-dei-sindaci-che-non-si-dimettono-in-tempo\/'><div class='heateor_sss_sharing_title' style=\"font-weight:bold\" >Condividi!<\/div><div class=\"heateor_sss_sharing_ul\"><a aria-label=\"Facebook\" class=\"heateor_sss_facebook\" href=\"https:\/\/www.facebook.com\/sharer\/sharer.php?u=https%3A%2F%2Fwww.lacostituzione.info%2Findex.php%2F2022%2F07%2F29%2Fsulla-ineleggibilita-dei-sindaci-che-non-si-dimettono-in-tempo%2F\" title=\"Facebook\" rel=\"nofollow noopener\" target=\"_blank\" style=\"font-size:32px!important;box-shadow:none;display:inline-block;vertical-align:middle\"><span class=\"heateor_sss_svg\" style=\"background-color:#0765FE;width:35px;height:35px;display:inline-block;opacity:1;float:left;font-size:32px;box-shadow:none;display:inline-block;font-size:16px;padding:0 4px;vertical-align:middle;background-repeat:repeat;overflow:hidden;padding:0;cursor:pointer;box-sizing:content-box\"><svg style=\"display:block;\" focusable=\"false\" aria-hidden=\"true\" xmlns=\"http:\/\/www.w3.org\/2000\/svg\" width=\"100%\" height=\"100%\" viewBox=\"0 0 32 32\"><path fill=\"#fff\" d=\"M28 16c0-6.627-5.373-12-12-12S4 9.373 4 16c0 5.628 3.875 10.35 9.101 11.647v-7.98h-2.474V16H13.1v-1.58c0-4.085 1.849-5.978 5.859-5.978.76 0 2.072.15 2.608.298v3.325c-.283-.03-.775-.045-1.386-.045-1.967 0-2.728.745-2.728 2.683V16h3.92l-.673 3.667h-3.247v8.245C23.395 27.195 28 22.135 28 16Z\"><\/path><\/svg><\/span><\/a><a aria-label=\"Twitter\" class=\"heateor_sss_button_twitter\" href=\"https:\/\/twitter.com\/intent\/tweet?text=Sulla%20ineleggibilit%C3%A0%20dei%20sindaci%20che%20non%20si%20dimettono%20in%20tempo&url=https%3A%2F%2Fwww.lacostituzione.info%2Findex.php%2F2022%2F07%2F29%2Fsulla-ineleggibilita-dei-sindaci-che-non-si-dimettono-in-tempo%2F\" title=\"Twitter\" rel=\"nofollow noopener\" target=\"_blank\" style=\"font-size:32px!important;box-shadow:none;display:inline-block;vertical-align:middle\"><span class=\"heateor_sss_svg heateor_sss_s__default heateor_sss_s_twitter\" style=\"background-color:#55acee;width:35px;height:35px;display:inline-block;opacity:1;float:left;font-size:32px;box-shadow:none;display:inline-block;font-size:16px;padding:0 4px;vertical-align:middle;background-repeat:repeat;overflow:hidden;padding:0;cursor:pointer;box-sizing:content-box\"><svg style=\"display:block;\" focusable=\"false\" aria-hidden=\"true\" xmlns=\"http:\/\/www.w3.org\/2000\/svg\" width=\"100%\" height=\"100%\" viewBox=\"-4 -4 39 39\"><path d=\"M28 8.557a9.913 9.913 0 0 1-2.828.775 4.93 4.93 0 0 0 2.166-2.725 9.738 9.738 0 0 1-3.13 1.194 4.92 4.92 0 0 0-3.593-1.55 4.924 4.924 0 0 0-4.794 6.049c-4.09-.21-7.72-2.17-10.15-5.15a4.942 4.942 0 0 0-.665 2.477c0 1.71.87 3.214 2.19 4.1a4.968 4.968 0 0 1-2.23-.616v.06c0 2.39 1.7 4.38 3.952 4.83-.414.115-.85.174-1.297.174-.318 0-.626-.03-.928-.086a4.935 4.935 0 0 0 4.6 3.42 9.893 9.893 0 0 1-6.114 2.107c-.398 0-.79-.023-1.175-.068a13.953 13.953 0 0 0 7.55 2.213c9.056 0 14.01-7.507 14.01-14.013 0-.213-.005-.426-.015-.637.96-.695 1.795-1.56 2.455-2.55z\" fill=\"#fff\"><\/path><\/svg><\/span><\/a><a aria-label=\"Reddit\" class=\"heateor_sss_button_reddit\" href=\"https:\/\/reddit.com\/submit?url=https%3A%2F%2Fwww.lacostituzione.info%2Findex.php%2F2022%2F07%2F29%2Fsulla-ineleggibilita-dei-sindaci-che-non-si-dimettono-in-tempo%2F&title=Sulla%20ineleggibilit%C3%A0%20dei%20sindaci%20che%20non%20si%20dimettono%20in%20tempo\" title=\"Reddit\" rel=\"nofollow noopener\" target=\"_blank\" style=\"font-size:32px!important;box-shadow:none;display:inline-block;vertical-align:middle\"><span class=\"heateor_sss_svg heateor_sss_s__default heateor_sss_s_reddit\" style=\"background-color:#ff5700;width:35px;height:35px;display:inline-block;opacity:1;float:left;font-size:32px;box-shadow:none;display:inline-block;font-size:16px;padding:0 4px;vertical-align:middle;background-repeat:repeat;overflow:hidden;padding:0;cursor:pointer;box-sizing:content-box\"><svg style=\"display:block;\" focusable=\"false\" aria-hidden=\"true\" xmlns=\"http:\/\/www.w3.org\/2000\/svg\" width=\"100%\" height=\"100%\" viewBox=\"-3.5 -3.5 39 39\"><path d=\"M28.543 15.774a2.953 2.953 0 0 0-2.951-2.949 2.882 2.882 0 0 0-1.9.713 14.075 14.075 0 0 0-6.85-2.044l1.38-4.349 3.768.884a2.452 2.452 0 1 0 .24-1.176l-4.274-1a.6.6 0 0 0-.709.4l-1.659 5.224a14.314 14.314 0 0 0-7.316 2.029 2.908 2.908 0 0 0-1.872-.681 2.942 2.942 0 0 0-1.618 5.4 5.109 5.109 0 0 0-.062.765c0 4.158 5.037 7.541 11.229 7.541s11.22-3.383 11.22-7.541a5.2 5.2 0 0 0-.053-.706 2.963 2.963 0 0 0 1.427-2.51zm-18.008 1.88a1.753 1.753 0 0 1 1.73-1.74 1.73 1.73 0 0 1 1.709 1.74 1.709 1.709 0 0 1-1.709 1.711 1.733 1.733 0 0 1-1.73-1.711zm9.565 4.968a5.573 5.573 0 0 1-4.081 1.272h-.032a5.576 5.576 0 0 1-4.087-1.272.6.6 0 0 1 .844-.854 4.5 4.5 0 0 0 3.238.927h.032a4.5 4.5 0 0 0 3.237-.927.6.6 0 1 1 .844.854zm-.331-3.256a1.726 1.726 0 1 1 1.709-1.712 1.717 1.717 0 0 1-1.712 1.712z\" fill=\"#fff\"\/><\/svg><\/span><\/a><a aria-label=\"Linkedin\" class=\"heateor_sss_button_linkedin\" href=\"https:\/\/www.linkedin.com\/sharing\/share-offsite\/?url=https%3A%2F%2Fwww.lacostituzione.info%2Findex.php%2F2022%2F07%2F29%2Fsulla-ineleggibilita-dei-sindaci-che-non-si-dimettono-in-tempo%2F\" title=\"Linkedin\" rel=\"nofollow noopener\" target=\"_blank\" style=\"font-size:32px!important;box-shadow:none;display:inline-block;vertical-align:middle\"><span class=\"heateor_sss_svg heateor_sss_s__default heateor_sss_s_linkedin\" style=\"background-color:#0077b5;width:35px;height:35px;display:inline-block;opacity:1;float:left;font-size:32px;box-shadow:none;display:inline-block;font-size:16px;padding:0 4px;vertical-align:middle;background-repeat:repeat;overflow:hidden;padding:0;cursor:pointer;box-sizing:content-box\"><svg style=\"display:block;\" focusable=\"false\" aria-hidden=\"true\" xmlns=\"http:\/\/www.w3.org\/2000\/svg\" width=\"100%\" height=\"100%\" viewBox=\"0 0 32 32\"><path d=\"M6.227 12.61h4.19v13.48h-4.19V12.61zm2.095-6.7a2.43 2.43 0 0 1 0 4.86c-1.344 0-2.428-1.09-2.428-2.43s1.084-2.43 2.428-2.43m4.72 6.7h4.02v1.84h.058c.56-1.058 1.927-2.176 3.965-2.176 4.238 0 5.02 2.792 5.02 6.42v7.395h-4.183v-6.56c0-1.564-.03-3.574-2.178-3.574-2.18 0-2.514 1.7-2.514 3.46v6.668h-4.187V12.61z\" fill=\"#fff\"><\/path><\/svg><\/span><\/a><a aria-label=\"Pinterest\" class=\"heateor_sss_button_pinterest\" href=\"https:\/\/www.lacostituzione.info\/index.php\/2022\/07\/29\/sulla-ineleggibilita-dei-sindaci-che-non-si-dimettono-in-tempo\/\" onclick=\"event.preventDefault();javascript:void( (function() {var e=document.createElement('script' );e.setAttribute('type','text\/javascript' );e.setAttribute('charset','UTF-8' );e.setAttribute('src','\/\/assets.pinterest.com\/js\/pinmarklet.js?r='+Math.random()*99999999);document.body.appendChild(e)})());\" title=\"Pinterest\" rel=\"noopener\" style=\"font-size:32px!important;box-shadow:none;display:inline-block;vertical-align:middle\"><span class=\"heateor_sss_svg heateor_sss_s__default heateor_sss_s_pinterest\" style=\"background-color:#cc2329;width:35px;height:35px;display:inline-block;opacity:1;float:left;font-size:32px;box-shadow:none;display:inline-block;font-size:16px;padding:0 4px;vertical-align:middle;background-repeat:repeat;overflow:hidden;padding:0;cursor:pointer;box-sizing:content-box\"><svg style=\"display:block;\" focusable=\"false\" aria-hidden=\"true\" xmlns=\"http:\/\/www.w3.org\/2000\/svg\" width=\"100%\" height=\"100%\" viewBox=\"-2 -2 35 35\"><path fill=\"#fff\" d=\"M16.539 4.5c-6.277 0-9.442 4.5-9.442 8.253 0 2.272.86 4.293 2.705 5.046.303.125.574.005.662-.33.061-.231.205-.816.27-1.06.088-.331.053-.447-.191-.736-.532-.627-.873-1.439-.873-2.591 0-3.338 2.498-6.327 6.505-6.327 3.548 0 5.497 2.168 5.497 5.062 0 3.81-1.686 7.025-4.188 7.025-1.382 0-2.416-1.142-2.085-2.545.397-1.674 1.166-3.48 1.166-4.689 0-1.081-.581-1.983-1.782-1.983-1.413 0-2.548 1.462-2.548 3.419 0 1.247.421 2.091.421 2.091l-1.699 7.199c-.505 2.137-.076 4.755-.039 5.019.021.158.223.196.314.077.13-.17 1.813-2.247 2.384-4.324.162-.587.929-3.631.929-3.631.46.876 1.801 1.646 3.227 1.646 4.247 0 7.128-3.871 7.128-9.053.003-3.918-3.317-7.568-8.361-7.568z\"\/><\/svg><\/span><\/a><a aria-label=\"Whatsapp\" class=\"heateor_sss_whatsapp\" href=\"https:\/\/api.whatsapp.com\/send?text=Sulla%20ineleggibilit%C3%A0%20dei%20sindaci%20che%20non%20si%20dimettono%20in%20tempo%20https%3A%2F%2Fwww.lacostituzione.info%2Findex.php%2F2022%2F07%2F29%2Fsulla-ineleggibilita-dei-sindaci-che-non-si-dimettono-in-tempo%2F\" title=\"Whatsapp\" rel=\"nofollow noopener\" target=\"_blank\" style=\"font-size:32px!important;box-shadow:none;display:inline-block;vertical-align:middle\"><span class=\"heateor_sss_svg\" style=\"background-color:#55eb4c;width:35px;height:35px;display:inline-block;opacity:1;float:left;font-size:32px;box-shadow:none;display:inline-block;font-size:16px;padding:0 4px;vertical-align:middle;background-repeat:repeat;overflow:hidden;padding:0;cursor:pointer;box-sizing:content-box\"><svg style=\"display:block;\" focusable=\"false\" aria-hidden=\"true\" xmlns=\"http:\/\/www.w3.org\/2000\/svg\" width=\"100%\" height=\"100%\" viewBox=\"-6 -5 40 40\"><path class=\"heateor_sss_svg_stroke heateor_sss_no_fill\" stroke=\"#fff\" stroke-width=\"2\" fill=\"none\" d=\"M 11.579798566743314 24.396926207859085 A 10 10 0 1 0 6.808479557110079 20.73576436351046\"><\/path><path d=\"M 7 19 l -1 6 l 6 -1\" class=\"heateor_sss_no_fill heateor_sss_svg_stroke\" stroke=\"#fff\" stroke-width=\"2\" fill=\"none\"><\/path><path d=\"M 10 10 q -1 8 8 11 c 5 -1 0 -6 -1 -3 q -4 -3 -5 -5 c 4 -2 -1 -5 -1 -4\" fill=\"#fff\"><\/path><\/svg><\/span><\/a><\/div><div class=\"heateorSssClear\"><\/div><\/div><div class='heateorSssClear'><\/div>","protected":false},"author":1,"featured_media":0,"comment_status":"open","ping_status":"open","sticky":false,"template":"","format":"standard","meta":{"jetpack_post_was_ever_published":false,"_jetpack_newsletter_access":"","_jetpack_dont_email_post_to_subs":false,"_jetpack_newsletter_tier_id":0,"_jetpack_memberships_contains_paywalled_content":false,"_jetpack_memberships_contains_paid_content":false,"footnotes":"","jetpack_publicize_message":"","jetpack_publicize_feature_enabled":true,"jetpack_social_post_already_shared":false,"jetpack_social_options":{"image_generator_settings":{"template":"highway","default_image_id":0,"enabled":false},"version":2}},"categories":[5],"tags":[1622,312,430,57,313,1342],"class_list":["post-8361","post","type-post","status-publish","format-standard","hentry","category-lavori-in-corso","tag-elezioni-2022","tag-ineleggibilita","tag-legalita","tag-ricorso","tag-sindaco","tag-tutela-dei-diritti"],"jetpack_publicize_connections":[],"jetpack_featured_media_url":"","jetpack_shortlink":"https:\/\/wp.me\/p84sDq-2aR","jetpack_likes_enabled":true,"jetpack_sharing_enabled":true,"_links":{"self":[{"href":"https:\/\/www.lacostituzione.info\/index.php\/wp-json\/wp\/v2\/posts\/8361","targetHints":{"allow":["GET"]}}],"collection":[{"href":"https:\/\/www.lacostituzione.info\/index.php\/wp-json\/wp\/v2\/posts"}],"about":[{"href":"https:\/\/www.lacostituzione.info\/index.php\/wp-json\/wp\/v2\/types\/post"}],"author":[{"embeddable":true,"href":"https:\/\/www.lacostituzione.info\/index.php\/wp-json\/wp\/v2\/users\/1"}],"replies":[{"embeddable":true,"href":"https:\/\/www.lacostituzione.info\/index.php\/wp-json\/wp\/v2\/comments?post=8361"}],"version-history":[{"count":0,"href":"https:\/\/www.lacostituzione.info\/index.php\/wp-json\/wp\/v2\/posts\/8361\/revisions"}],"wp:attachment":[{"href":"https:\/\/www.lacostituzione.info\/index.php\/wp-json\/wp\/v2\/media?parent=8361"}],"wp:term":[{"taxonomy":"category","embeddable":true,"href":"https:\/\/www.lacostituzione.info\/index.php\/wp-json\/wp\/v2\/categories?post=8361"},{"taxonomy":"post_tag","embeddable":true,"href":"https:\/\/www.lacostituzione.info\/index.php\/wp-json\/wp\/v2\/tags?post=8361"}],"curies":[{"name":"wp","href":"https:\/\/api.w.org\/{rel}","templated":true}]}}