{"id":8373,"date":"2022-07-29T17:00:07","date_gmt":"2022-07-29T15:00:07","guid":{"rendered":"http:\/\/www.lacostituzione.info\/?p=8373"},"modified":"2022-07-29T17:02:53","modified_gmt":"2022-07-29T15:02:53","slug":"elezioni-anticipate-per-salvare-i-vitalizi-dei-parlamentari-sciocchezze","status":"publish","type":"post","link":"https:\/\/www.lacostituzione.info\/index.php\/2022\/07\/29\/elezioni-anticipate-per-salvare-i-vitalizi-dei-parlamentari-sciocchezze\/","title":{"rendered":"Elezioni anticipate per salvare i vitalizi dei parlamentari? Sciocchezze"},"content":{"rendered":"\n<p><span style=\"font-size: inherit;\">di <strong>Alessandro Gigliotti<a href=\"http:\/\/www.lacostituzione.info\/index.php\/2022\/07\/29\/elezioni-anticipate-per-salvare-i-vitalizi-dei-parlamentari-sciocchezze\/fact\/#main\" rel=\"attachment wp-att-8374\"><img loading=\"lazy\" decoding=\"async\" data-attachment-id=\"8374\" data-permalink=\"https:\/\/www.lacostituzione.info\/index.php\/2022\/07\/29\/elezioni-anticipate-per-salvare-i-vitalizi-dei-parlamentari-sciocchezze\/fact\/#main\" data-orig-file=\"https:\/\/www.lacostituzione.info\/wp-content\/uploads\/2022\/07\/Fact.jpg\" data-orig-size=\"1140,760\" data-comments-opened=\"1\" data-image-meta=\"{&quot;aperture&quot;:&quot;0&quot;,&quot;credit&quot;:&quot;&quot;,&quot;camera&quot;:&quot;&quot;,&quot;caption&quot;:&quot;&quot;,&quot;created_timestamp&quot;:&quot;0&quot;,&quot;copyright&quot;:&quot;&quot;,&quot;focal_length&quot;:&quot;0&quot;,&quot;iso&quot;:&quot;0&quot;,&quot;shutter_speed&quot;:&quot;0&quot;,&quot;title&quot;:&quot;&quot;,&quot;orientation&quot;:&quot;0&quot;}\" data-image-title=\"Fact\" data-image-description=\"\" data-image-caption=\"\" data-medium-file=\"https:\/\/www.lacostituzione.info\/wp-content\/uploads\/2022\/07\/Fact-300x200.jpg\" data-large-file=\"https:\/\/www.lacostituzione.info\/wp-content\/uploads\/2022\/07\/Fact-1024x683.jpg\" class=\"alignright size-thumbnail wp-image-8374\" src=\"http:\/\/www.lacostituzione.info\/wp-content\/uploads\/2022\/07\/Fact-150x150.jpg\" alt=\"\" width=\"150\" height=\"150\" \/><\/a><\/strong><\/span><\/p>\n<p>Uno dei temi riemersi a seguito della crisi del Governo Draghi, e del conseguente scioglimento anticipato delle Camere , attiene ad un aspetto del tutto secondario della vita delle istituzioni, ma sempre oggetto di forte attenzione da parte dell\u2019opinione pubblica.<!--more--> Si tratta del regime previdenziale dei parlamentari e, in particolare, del (supposto) legame esistente fra i trattamenti erogati e la data delle elezioni anticipate, fissate per il prossimo 25 settembre.<\/p>\n<p><span style=\"font-size: inherit;\">Secondo alcuni retroscena, infatti, la data del voto sarebbe stata accuratamente scelta in modo da consentire ai parlamentari uscenti di maturare il \u201cvitalizio\u201d e cautelarsi nel caso di mancata rielezione.<\/span><\/p>\n<p>Prima ancora di entrare nel merito della questione, occorre rimuovere alcuni equivoci di fondo e per farlo \u00e8 necessario riepilogare i capisaldi del vigente regime previdenziale per i componenti delle due Camere. Sebbene si parli insistentemente di \u201cvitalizi\u201d, in realt\u00e0 essi non esistono pi\u00f9 da oltre dieci anni, in quanto con tale espressione \u2013 tecnicamente \u201cassegni vitalizi\u201d \u2013 ci si riferisce ai trattamenti erogati sino al 31 dicembre 2011 agli <em>ex<\/em> parlamentari che avessero maturato determinati requisiti di et\u00e0 anagrafica e anzianit\u00e0 contributiva. Inoltre, pur essendo stati oggetto di una disciplina normativa pi\u00f9 volte affinata nel corso del tempo, i vitalizi altro non erano se non pensioni calcolate con metodo retributivo, il cui importo era cio\u00e8 correlato, non gi\u00e0 ai contributi previdenziali versati \u2013 il montante contributivo \u2013, bens\u00ec all\u2019indennit\u00e0 percepita, analogamente alle comuni pensioni che sino alla riforma Dini del 1995 \u2013 e in alcuni casi sino alla legge Fornero del 2011 \u2013 erano anch\u2019esse calcolate con metodo retributivo.<\/p>\n<p>A decorrere dal 1\u00b0 gennaio 2012, invece, agli <em>ex<\/em> parlamentari viene erogata, sempre al conseguimento di determinati requisiti di et\u00e0 anagrafica e anzianit\u00e0 contributiva, una \u201cpensione\u201d calcolata con metodo contributivo e modellata sui trattamenti previdenziali previsti per i pubblici dipendenti. Tutti i parlamentari entrati in carica dalla XVII legislatura in poi, cio\u00e8 dal 2013, percepiranno pertanto una pensione contributiva e non gi\u00e0 un assegno vitalizio: fermo restando che, come anticipato, si tratta sempre e comunque di trattamenti aventi natura previdenziale, essendo mutato essenzialmente il solo metodo di calcolo.<\/p>\n<p>Ai sensi delle norme attualmente in vigore, i parlamentari cessati dal mandato conseguono il diritto alla pensione al compimento del 65esimo anno di et\u00e0 e a condizione di aver svolto un periodo effettivo di mandato parlamentare di almeno 5 anni. Nel caso in cui la durata del mandato contempli al suo interno una frazione di anno, tale frazione si computa come anno intero se la sua durata non \u00e8 inferiore a 6 mesi e un giorno. In altri termini, il requisito contributivo dei 5 anni \u00e8 soddisfatto qualora il parlamentare sia stato in carica per almeno 4 anni, 6 mesi e un giorno. Orbene, dal momento che la legislatura in corso ha avuto inizio il 23 marzo 2018, data della prima riunione, i parlamentari entrati in carica all\u2019inizio della medesima matureranno il requisito contributivo il prossimo 24 settembre 2022, esattamente un giorno prima della data di svolgimento delle elezioni politiche. Da qui l\u2019erronea convinzione secondo cui la data del voto sarebbe stata collocata il 25 settembre proprio per consentire ai parlamentari alla prima legislatura, che non dovessero essere rieletti, di conseguire il diritto al trattamento previdenziale, che altrimenti non sarebbe stato maturato, ad esempio, se si fosse votato una settimana prima.<\/p>\n<p>In realt\u00e0, la tesi del collegamento tra la data del voto e la maturazione dei requisiti previdenziali \u00e8 completamente priva di fondamento. Anzitutto, poich\u00e9 all\u2019atto dello scioglimento delle Camere, naturale o anticipato che sia, l\u2019individuazione della data soggiace ad una serie di vincoli normativi che lasciano ben poca discrezionalit\u00e0 al Consiglio dei ministri, chiamato a decidere in merito. Segnatamente, ai sensi dell\u2019art. 61 della Costituzione, \u00ab<em>l<\/em><em>e elezioni delle nuove Camere hanno luogo entro settanta giorni dalla fine delle precedenti<\/em>\u00bb \u2013 o per meglio dire entro 70 giorni dalla data dello scioglimento \u2013; mentre, in virt\u00f9 dell\u2019art. 11 del testo unico delle elezioni della Camera dei deputati, il decreto di indizione deve essere pubblicato in Gazzetta Ufficiale non oltre il 45esimo giorno antecedente quello della votazione. Si aggiunga, altres\u00ec, che il voto degli italiani all\u2019estero richiede una serie di adempimenti che impediscono, di fatto, di indire le elezioni prima di sessanta giorni: il decreto del Presidente della Repubblica 2 aprile 2003, n. 104, in materia di esercizio del diritto di voto degli italiani residenti all\u2019estero, prevede infatti che il Ministero dell\u2019Interno debba comunicare al Ministero degli esteri l\u2019elenco dei residenti all\u2019estero aventi diritto al voto entro il 60esimo giorno antecedente la data delle elezioni. Una volta sciolte le Camere il 21 luglio e dovendo individuare una data rispondente ai requisiti anzidetti, la discrezionalit\u00e0 in capo al Consiglio dei ministri era alquanto ridotta.<\/p>\n<p>Pi\u00f9 in generale, la data del 25 settembre rappresenta un evidente compromesso tra due opposte esigenze: da un lato, quella di salvaguardare l\u2019operativit\u00e0 di tutte le amministrazioni, a partire da quelle locali, impegnate nel procedimento elettorale preparatorio: tanto pi\u00f9 se si considera che buona parte delle attivit\u00e0 propedeutiche al voto dovranno essere svolto nel mese di agosto e, quindi, in un momento dell\u2019anno in cui gli uffici lavorano solitamente a ranghi ridotti; dall\u2019altro, quella di assicurare alle nuove Camere tempi congrui per l\u2019approvazione della legge annuale di bilancio ed evitare l\u2019esercizio provvisorio. Anticipare di qualche domenica le elezioni politiche, collocandole ad esempio il 18 settembre, avrebbe forse concesso qualche giorno in pi\u00f9 per la sessione di bilancio, ma al contempo avrebbe avuto non poche controindicazioni sul piano procedimentale.<\/p>\n<p>In secondo luogo, va chiarito che votare il 18 o il 25 settembre non avrebbe avuto alcun impatto significativo sui trattamenti previdenziali dei parlamentari, per la semplice ragione che deputati e senatori uscenti avrebbero maturato egualmente il requisito contributivo di 4 anni, 6 mesi e un giorno. Si consideri, infatti, che i parlamentari non cessano dal mandato all\u2019atto dello scioglimento, n\u00e9 tanto meno al momento delle elezioni, ma restano in carica fino alla convocazione delle nuove Camere (art. 61, secondo comma, Cost.) e quindi sino al 12 ottobre, giorno che precede la prima riunione delle Camere neoelette e che d\u00e0 avvio alla nuova legislatura. Ne consegue che, quand\u2019anche il Consiglio dei ministri avesse \u2013 astrattamente \u2013 fissato le elezioni anticipate per il 18 settembre, il quadro non sarebbe mutato di una virgola, in quanto i tempi tecnici per convocare le nuove Camere in una data anteriore al 24 settembre non ci sarebbero stati egualmente.<\/p>\n<p>Qualche riflessione conclusiva. Le dinamiche istituzionali, quali la durata dei governi o della legislatura, nonch\u00e9 la decisione sulla data del voto per il rinnovo delle due Camere, non possono essere dettate dall\u2019esigenza di non far maturare il trattamento previdenziale dei parlamentari, quasi come se si dovesse a tutti i costi \u201cpunire\u201d la classe politica per una qualche colpa atavica. La seconda \u00e8 che il trattamento previdenziale dei parlamentari risponde alle medesime logiche dell\u2019indennit\u00e0: consentire a tutti, anche ai non abbienti, di assumere una carica rappresentativa, inverare cio\u00e8 il principio democratico che presuppone la partecipazione di tutti i consociati alla gestione della <em>res publica<\/em>. I trattamenti economici dei parlamentari non rappresentano pertanto dei meri privilegi di casta, ma costituiscono un indispensabile presidio di democrazia: possono essere disciplinati in un modo o in un altro, possono essere oggetto di riforma, ma non possono essere contestati per principio. Salvo invocare il ritorno a fasi storiche nelle quali le cariche rappresentative erano circoscritte ad una ristretta cerchia di persone, le uniche che potrebbero permettersi di ricoprirle anche senza un contributo economico a carico della collettivit\u00e0.<\/p>\n","protected":false},"excerpt":{"rendered":"<p>di Alessandro Gigliotti Uno dei temi riemersi a seguito della crisi del Governo Draghi, e del conseguente scioglimento anticipato delle Camere , attiene ad un aspetto del tutto secondario della vita delle istituzioni, ma sempre oggetto di forte attenzione da parte dell\u2019opinione pubblica.<\/p>\n<div class='heateorSssClear'><\/div><div  class='heateor_sss_sharing_container heateor_sss_horizontal_sharing' data-heateor-sss-href='https:\/\/www.lacostituzione.info\/index.php\/2022\/07\/29\/elezioni-anticipate-per-salvare-i-vitalizi-dei-parlamentari-sciocchezze\/'><div class='heateor_sss_sharing_title' style=\"font-weight:bold\" >Condividi!<\/div><div class=\"heateor_sss_sharing_ul\"><a aria-label=\"Facebook\" class=\"heateor_sss_facebook\" href=\"https:\/\/www.facebook.com\/sharer\/sharer.php?u=https%3A%2F%2Fwww.lacostituzione.info%2Findex.php%2F2022%2F07%2F29%2Felezioni-anticipate-per-salvare-i-vitalizi-dei-parlamentari-sciocchezze%2F\" title=\"Facebook\" rel=\"nofollow noopener\" target=\"_blank\" style=\"font-size:32px!important;box-shadow:none;display:inline-block;vertical-align:middle\"><span class=\"heateor_sss_svg\" style=\"background-color:#0765FE;width:35px;height:35px;display:inline-block;opacity:1;float:left;font-size:32px;box-shadow:none;display:inline-block;font-size:16px;padding:0 4px;vertical-align:middle;background-repeat:repeat;overflow:hidden;padding:0;cursor:pointer;box-sizing:content-box\"><svg style=\"display:block;\" focusable=\"false\" aria-hidden=\"true\" xmlns=\"http:\/\/www.w3.org\/2000\/svg\" width=\"100%\" height=\"100%\" viewBox=\"0 0 32 32\"><path fill=\"#fff\" d=\"M28 16c0-6.627-5.373-12-12-12S4 9.373 4 16c0 5.628 3.875 10.35 9.101 11.647v-7.98h-2.474V16H13.1v-1.58c0-4.085 1.849-5.978 5.859-5.978.76 0 2.072.15 2.608.298v3.325c-.283-.03-.775-.045-1.386-.045-1.967 0-2.728.745-2.728 2.683V16h3.92l-.673 3.667h-3.247v8.245C23.395 27.195 28 22.135 28 16Z\"><\/path><\/svg><\/span><\/a><a aria-label=\"Twitter\" class=\"heateor_sss_button_twitter\" href=\"https:\/\/twitter.com\/intent\/tweet?text=Elezioni%20anticipate%20per%20salvare%20i%20vitalizi%20dei%20parlamentari%3F%20Sciocchezze&url=https%3A%2F%2Fwww.lacostituzione.info%2Findex.php%2F2022%2F07%2F29%2Felezioni-anticipate-per-salvare-i-vitalizi-dei-parlamentari-sciocchezze%2F\" title=\"Twitter\" rel=\"nofollow noopener\" target=\"_blank\" style=\"font-size:32px!important;box-shadow:none;display:inline-block;vertical-align:middle\"><span class=\"heateor_sss_svg heateor_sss_s__default heateor_sss_s_twitter\" style=\"background-color:#55acee;width:35px;height:35px;display:inline-block;opacity:1;float:left;font-size:32px;box-shadow:none;display:inline-block;font-size:16px;padding:0 4px;vertical-align:middle;background-repeat:repeat;overflow:hidden;padding:0;cursor:pointer;box-sizing:content-box\"><svg style=\"display:block;\" focusable=\"false\" aria-hidden=\"true\" xmlns=\"http:\/\/www.w3.org\/2000\/svg\" width=\"100%\" height=\"100%\" viewBox=\"-4 -4 39 39\"><path d=\"M28 8.557a9.913 9.913 0 0 1-2.828.775 4.93 4.93 0 0 0 2.166-2.725 9.738 9.738 0 0 1-3.13 1.194 4.92 4.92 0 0 0-3.593-1.55 4.924 4.924 0 0 0-4.794 6.049c-4.09-.21-7.72-2.17-10.15-5.15a4.942 4.942 0 0 0-.665 2.477c0 1.71.87 3.214 2.19 4.1a4.968 4.968 0 0 1-2.23-.616v.06c0 2.39 1.7 4.38 3.952 4.83-.414.115-.85.174-1.297.174-.318 0-.626-.03-.928-.086a4.935 4.935 0 0 0 4.6 3.42 9.893 9.893 0 0 1-6.114 2.107c-.398 0-.79-.023-1.175-.068a13.953 13.953 0 0 0 7.55 2.213c9.056 0 14.01-7.507 14.01-14.013 0-.213-.005-.426-.015-.637.96-.695 1.795-1.56 2.455-2.55z\" fill=\"#fff\"><\/path><\/svg><\/span><\/a><a aria-label=\"Reddit\" class=\"heateor_sss_button_reddit\" href=\"https:\/\/reddit.com\/submit?url=https%3A%2F%2Fwww.lacostituzione.info%2Findex.php%2F2022%2F07%2F29%2Felezioni-anticipate-per-salvare-i-vitalizi-dei-parlamentari-sciocchezze%2F&title=Elezioni%20anticipate%20per%20salvare%20i%20vitalizi%20dei%20parlamentari%3F%20Sciocchezze\" title=\"Reddit\" rel=\"nofollow noopener\" target=\"_blank\" style=\"font-size:32px!important;box-shadow:none;display:inline-block;vertical-align:middle\"><span class=\"heateor_sss_svg heateor_sss_s__default heateor_sss_s_reddit\" style=\"background-color:#ff5700;width:35px;height:35px;display:inline-block;opacity:1;float:left;font-size:32px;box-shadow:none;display:inline-block;font-size:16px;padding:0 4px;vertical-align:middle;background-repeat:repeat;overflow:hidden;padding:0;cursor:pointer;box-sizing:content-box\"><svg style=\"display:block;\" focusable=\"false\" aria-hidden=\"true\" xmlns=\"http:\/\/www.w3.org\/2000\/svg\" width=\"100%\" height=\"100%\" viewBox=\"-3.5 -3.5 39 39\"><path d=\"M28.543 15.774a2.953 2.953 0 0 0-2.951-2.949 2.882 2.882 0 0 0-1.9.713 14.075 14.075 0 0 0-6.85-2.044l1.38-4.349 3.768.884a2.452 2.452 0 1 0 .24-1.176l-4.274-1a.6.6 0 0 0-.709.4l-1.659 5.224a14.314 14.314 0 0 0-7.316 2.029 2.908 2.908 0 0 0-1.872-.681 2.942 2.942 0 0 0-1.618 5.4 5.109 5.109 0 0 0-.062.765c0 4.158 5.037 7.541 11.229 7.541s11.22-3.383 11.22-7.541a5.2 5.2 0 0 0-.053-.706 2.963 2.963 0 0 0 1.427-2.51zm-18.008 1.88a1.753 1.753 0 0 1 1.73-1.74 1.73 1.73 0 0 1 1.709 1.74 1.709 1.709 0 0 1-1.709 1.711 1.733 1.733 0 0 1-1.73-1.711zm9.565 4.968a5.573 5.573 0 0 1-4.081 1.272h-.032a5.576 5.576 0 0 1-4.087-1.272.6.6 0 0 1 .844-.854 4.5 4.5 0 0 0 3.238.927h.032a4.5 4.5 0 0 0 3.237-.927.6.6 0 1 1 .844.854zm-.331-3.256a1.726 1.726 0 1 1 1.709-1.712 1.717 1.717 0 0 1-1.712 1.712z\" fill=\"#fff\"\/><\/svg><\/span><\/a><a aria-label=\"Linkedin\" class=\"heateor_sss_button_linkedin\" href=\"https:\/\/www.linkedin.com\/sharing\/share-offsite\/?url=https%3A%2F%2Fwww.lacostituzione.info%2Findex.php%2F2022%2F07%2F29%2Felezioni-anticipate-per-salvare-i-vitalizi-dei-parlamentari-sciocchezze%2F\" title=\"Linkedin\" rel=\"nofollow noopener\" target=\"_blank\" style=\"font-size:32px!important;box-shadow:none;display:inline-block;vertical-align:middle\"><span class=\"heateor_sss_svg heateor_sss_s__default heateor_sss_s_linkedin\" style=\"background-color:#0077b5;width:35px;height:35px;display:inline-block;opacity:1;float:left;font-size:32px;box-shadow:none;display:inline-block;font-size:16px;padding:0 4px;vertical-align:middle;background-repeat:repeat;overflow:hidden;padding:0;cursor:pointer;box-sizing:content-box\"><svg style=\"display:block;\" focusable=\"false\" aria-hidden=\"true\" xmlns=\"http:\/\/www.w3.org\/2000\/svg\" width=\"100%\" height=\"100%\" viewBox=\"0 0 32 32\"><path d=\"M6.227 12.61h4.19v13.48h-4.19V12.61zm2.095-6.7a2.43 2.43 0 0 1 0 4.86c-1.344 0-2.428-1.09-2.428-2.43s1.084-2.43 2.428-2.43m4.72 6.7h4.02v1.84h.058c.56-1.058 1.927-2.176 3.965-2.176 4.238 0 5.02 2.792 5.02 6.42v7.395h-4.183v-6.56c0-1.564-.03-3.574-2.178-3.574-2.18 0-2.514 1.7-2.514 3.46v6.668h-4.187V12.61z\" fill=\"#fff\"><\/path><\/svg><\/span><\/a><a aria-label=\"Pinterest\" class=\"heateor_sss_button_pinterest\" href=\"https:\/\/www.lacostituzione.info\/index.php\/2022\/07\/29\/elezioni-anticipate-per-salvare-i-vitalizi-dei-parlamentari-sciocchezze\/\" onclick=\"event.preventDefault();javascript:void( (function() {var e=document.createElement('script' );e.setAttribute('type','text\/javascript' );e.setAttribute('charset','UTF-8' );e.setAttribute('src','\/\/assets.pinterest.com\/js\/pinmarklet.js?r='+Math.random()*99999999);document.body.appendChild(e)})());\" title=\"Pinterest\" rel=\"noopener\" style=\"font-size:32px!important;box-shadow:none;display:inline-block;vertical-align:middle\"><span class=\"heateor_sss_svg heateor_sss_s__default heateor_sss_s_pinterest\" style=\"background-color:#cc2329;width:35px;height:35px;display:inline-block;opacity:1;float:left;font-size:32px;box-shadow:none;display:inline-block;font-size:16px;padding:0 4px;vertical-align:middle;background-repeat:repeat;overflow:hidden;padding:0;cursor:pointer;box-sizing:content-box\"><svg style=\"display:block;\" focusable=\"false\" aria-hidden=\"true\" xmlns=\"http:\/\/www.w3.org\/2000\/svg\" width=\"100%\" height=\"100%\" viewBox=\"-2 -2 35 35\"><path fill=\"#fff\" d=\"M16.539 4.5c-6.277 0-9.442 4.5-9.442 8.253 0 2.272.86 4.293 2.705 5.046.303.125.574.005.662-.33.061-.231.205-.816.27-1.06.088-.331.053-.447-.191-.736-.532-.627-.873-1.439-.873-2.591 0-3.338 2.498-6.327 6.505-6.327 3.548 0 5.497 2.168 5.497 5.062 0 3.81-1.686 7.025-4.188 7.025-1.382 0-2.416-1.142-2.085-2.545.397-1.674 1.166-3.48 1.166-4.689 0-1.081-.581-1.983-1.782-1.983-1.413 0-2.548 1.462-2.548 3.419 0 1.247.421 2.091.421 2.091l-1.699 7.199c-.505 2.137-.076 4.755-.039 5.019.021.158.223.196.314.077.13-.17 1.813-2.247 2.384-4.324.162-.587.929-3.631.929-3.631.46.876 1.801 1.646 3.227 1.646 4.247 0 7.128-3.871 7.128-9.053.003-3.918-3.317-7.568-8.361-7.568z\"\/><\/svg><\/span><\/a><a aria-label=\"Whatsapp\" class=\"heateor_sss_whatsapp\" href=\"https:\/\/api.whatsapp.com\/send?text=Elezioni%20anticipate%20per%20salvare%20i%20vitalizi%20dei%20parlamentari%3F%20Sciocchezze%20https%3A%2F%2Fwww.lacostituzione.info%2Findex.php%2F2022%2F07%2F29%2Felezioni-anticipate-per-salvare-i-vitalizi-dei-parlamentari-sciocchezze%2F\" title=\"Whatsapp\" rel=\"nofollow noopener\" target=\"_blank\" style=\"font-size:32px!important;box-shadow:none;display:inline-block;vertical-align:middle\"><span class=\"heateor_sss_svg\" style=\"background-color:#55eb4c;width:35px;height:35px;display:inline-block;opacity:1;float:left;font-size:32px;box-shadow:none;display:inline-block;font-size:16px;padding:0 4px;vertical-align:middle;background-repeat:repeat;overflow:hidden;padding:0;cursor:pointer;box-sizing:content-box\"><svg style=\"display:block;\" focusable=\"false\" aria-hidden=\"true\" xmlns=\"http:\/\/www.w3.org\/2000\/svg\" width=\"100%\" height=\"100%\" viewBox=\"-6 -5 40 40\"><path class=\"heateor_sss_svg_stroke heateor_sss_no_fill\" stroke=\"#fff\" stroke-width=\"2\" fill=\"none\" d=\"M 11.579798566743314 24.396926207859085 A 10 10 0 1 0 6.808479557110079 20.73576436351046\"><\/path><path d=\"M 7 19 l -1 6 l 6 -1\" class=\"heateor_sss_no_fill heateor_sss_svg_stroke\" stroke=\"#fff\" stroke-width=\"2\" fill=\"none\"><\/path><path d=\"M 10 10 q -1 8 8 11 c 5 -1 0 -6 -1 -3 q -4 -3 -5 -5 c 4 -2 -1 -5 -1 -4\" fill=\"#fff\"><\/path><\/svg><\/span><\/a><\/div><div class=\"heateorSssClear\"><\/div><\/div><div class='heateorSssClear'><\/div>","protected":false},"author":1,"featured_media":0,"comment_status":"open","ping_status":"open","sticky":false,"template":"","format":"standard","meta":{"jetpack_post_was_ever_published":false,"_jetpack_newsletter_access":"","_jetpack_dont_email_post_to_subs":false,"_jetpack_newsletter_tier_id":0,"_jetpack_memberships_contains_paywalled_content":false,"_jetpack_memberships_contains_paid_content":false,"footnotes":"","jetpack_publicize_message":"","jetpack_publicize_feature_enabled":true,"jetpack_social_post_already_shared":false,"jetpack_social_options":{"image_generator_settings":{"template":"highway","default_image_id":0,"enabled":false},"version":2}},"categories":[4],"tags":[284,297,727,1541,1130],"class_list":["post-8373","post","type-post","status-publish","format-standard","hentry","category-attualita","tag-fake-news","tag-parlamentari","tag-privilegi","tag-scioglimento-delle-camere","tag-vitalizi"],"jetpack_publicize_connections":[],"jetpack_featured_media_url":"","jetpack_shortlink":"https:\/\/wp.me\/p84sDq-2b3","jetpack_likes_enabled":true,"jetpack_sharing_enabled":true,"_links":{"self":[{"href":"https:\/\/www.lacostituzione.info\/index.php\/wp-json\/wp\/v2\/posts\/8373","targetHints":{"allow":["GET"]}}],"collection":[{"href":"https:\/\/www.lacostituzione.info\/index.php\/wp-json\/wp\/v2\/posts"}],"about":[{"href":"https:\/\/www.lacostituzione.info\/index.php\/wp-json\/wp\/v2\/types\/post"}],"author":[{"embeddable":true,"href":"https:\/\/www.lacostituzione.info\/index.php\/wp-json\/wp\/v2\/users\/1"}],"replies":[{"embeddable":true,"href":"https:\/\/www.lacostituzione.info\/index.php\/wp-json\/wp\/v2\/comments?post=8373"}],"version-history":[{"count":0,"href":"https:\/\/www.lacostituzione.info\/index.php\/wp-json\/wp\/v2\/posts\/8373\/revisions"}],"wp:attachment":[{"href":"https:\/\/www.lacostituzione.info\/index.php\/wp-json\/wp\/v2\/media?parent=8373"}],"wp:term":[{"taxonomy":"category","embeddable":true,"href":"https:\/\/www.lacostituzione.info\/index.php\/wp-json\/wp\/v2\/categories?post=8373"},{"taxonomy":"post_tag","embeddable":true,"href":"https:\/\/www.lacostituzione.info\/index.php\/wp-json\/wp\/v2\/tags?post=8373"}],"curies":[{"name":"wp","href":"https:\/\/api.w.org\/{rel}","templated":true}]}}