{"id":8387,"date":"2022-08-14T17:22:35","date_gmt":"2022-08-14T15:22:35","guid":{"rendered":"http:\/\/www.lacostituzione.info\/?p=8387"},"modified":"2022-08-14T17:23:48","modified_gmt":"2022-08-14T15:23:48","slug":"il-senso-costituzionale-del-principio-di-progressivita","status":"publish","type":"post","link":"https:\/\/www.lacostituzione.info\/index.php\/2022\/08\/14\/il-senso-costituzionale-del-principio-di-progressivita\/","title":{"rendered":"Il senso costituzionale del principio di progressivit\u00e0"},"content":{"rendered":"\n<p style=\"text-align: center;\"><a href=\"http:\/\/www.lacostituzione.info\/index.php\/2022\/08\/14\/il-senso-costituzionale-del-principio-di-progressivita\/how_the_flat_tax_worksforblog\/#main\" rel=\"attachment wp-att-8388\"><img loading=\"lazy\" decoding=\"async\" data-attachment-id=\"8388\" data-permalink=\"https:\/\/www.lacostituzione.info\/index.php\/2022\/08\/14\/il-senso-costituzionale-del-principio-di-progressivita\/how_the_flat_tax_worksforblog\/#main\" data-orig-file=\"https:\/\/www.lacostituzione.info\/wp-content\/uploads\/2022\/08\/how_the_flat_tax_worksforblog.gif\" data-orig-size=\"750,503\" data-comments-opened=\"1\" data-image-meta=\"{&quot;aperture&quot;:&quot;0&quot;,&quot;credit&quot;:&quot;&quot;,&quot;camera&quot;:&quot;&quot;,&quot;caption&quot;:&quot;&quot;,&quot;created_timestamp&quot;:&quot;0&quot;,&quot;copyright&quot;:&quot;&quot;,&quot;focal_length&quot;:&quot;0&quot;,&quot;iso&quot;:&quot;0&quot;,&quot;shutter_speed&quot;:&quot;0&quot;,&quot;title&quot;:&quot;&quot;,&quot;orientation&quot;:&quot;0&quot;}\" data-image-title=\"how_the_flat_tax_worksforblog\" data-image-description=\"\" data-image-caption=\"\" data-medium-file=\"https:\/\/www.lacostituzione.info\/wp-content\/uploads\/2022\/08\/how_the_flat_tax_worksforblog-300x201.gif\" data-large-file=\"https:\/\/www.lacostituzione.info\/wp-content\/uploads\/2022\/08\/how_the_flat_tax_worksforblog.gif\" class=\"aligncenter size-thumbnail wp-image-8388\" src=\"http:\/\/www.lacostituzione.info\/wp-content\/uploads\/2022\/08\/how_the_flat_tax_worksforblog-150x150.gif\" alt=\"\" width=\"150\" height=\"150\" \/><\/a>di\u00a0<strong>Piero Cecchinato<\/strong><\/p>\n<p>Puntuale, in vista della prossima tornata elettorale del 25 settembre, \u00e8 riapparsa la flat tax, oggi riproposta dalla Lega (al 15%) e da Forza Italia (al 23%).<!--more--><\/p>\n<p>La proposta offre l\u2019occasione per svolgere qualche ragionamento sulla scelta dei nostri costituenti di introdurre in Costituzione il principio di progressivit\u00e0 dell\u2019imposizione tributaria (ossia il principio per cui chi ha maggiori disponibilit\u00e0 sia tenuto a concorrere alla spesa pubblica pi\u00f9 degli altri).\u00a0\u00a0<\/p>\n<p>La premessa d\u2019obbligo \u00e8 che non c\u2019\u00e8 un regime fiscale perfetto. Sia la flat tax (un\u2019imposta uguale per tutti che obbliga a compartecipare alla spesa pubblica in proporzione a ci\u00f2 che si ha) che l\u2019imposta progressiva presentano aspetti di vantaggio e aspetti controproducenti.<\/p>\n<p>L\u2019aliquota unica avrebbe sicuramente il pregio di semplificare il sistema, ma determinerebbe inevitabilmente un minor gettito fiscale, che lo Stato sarebbe costretto a colmare altrimenti: ricorrendo al debito pubblico o a un taglio della spesa pubblica.<\/p>\n<p>Per molti autori la semplificazione del sistema che deriverebbe dall\u2019aliquota unica comporterebbe anche una minore evasione fiscale, seppur in molti rilevino che, in realt\u00e0, l\u2019evasore non faccia tanto i conti con il livello di imposizione, quanto con la probabilit\u00e0 di essere scoperto.<\/p>\n<p>Va poi rilevato che in Italia non pu\u00f2 certo dirsi che il sistema nel complesso sia informato al principio di progressivit\u00e0 sancito dall\u2019art. 53 Cost. (\u201cTutti sono tenuti a concorrere alle spese pubbliche in ragione della loro capacit\u00e0 contributiva. Il sistema tributario \u00e8 informato a criteri di progressivit\u00e0\u201d).\u00a0Esistono infatti moltissimi redditi tassati con aliquota piatta.<\/p>\n<p>Ad esempio, i redditi da capitale (interessi e dividendi) sono tassati con l&#8217;aliquota sostitutiva fissa del 26% (salvo che si tratti di titoli di Stato, risparmio postale e interessi dei project bond, per i quali l\u2019aliquota \u00e8 del 12,5%), mentre i redditi da locazione che beneficiano del regime della c.d. \u201ccedolare secca\u201d sono tassati con l\u2019aliquota unica del 21%.<\/p>\n<p>In sostanza, a subire l\u2019imposizione progressiva sono rimasti i soli redditi da lavoro (dipendente e autonomo), di pensione e d\u2019impresa esercitata individualmente.\u00a0\u00a0<\/p>\n<p>Nonostante risulti attaccato da pi\u00f9 fronti, il principio di progressivit\u00e0 continua a rispondere ad una importante logica di equit\u00e0.\u00a0Esso mira anzitutto a realizzare quell\u2019uguaglianza dei punti di partenza che la Costituzione si pone come obiettivo al secondo comma dell\u2019art. 3 (\u201c\u00c8 compito della Repubblica rimuovere gli ostacoli di ordine economico e sociale, che, limitando di fatto la libert\u00e0 e l&#8217;eguaglianza dei cittadini, impediscono il pieno sviluppo della persona umana e l&#8217;effettiva partecipazione di tutti i lavoratori all&#8217;organizzazione politica, economica e sociale del Paese\u201d).\u00a0Come rilev\u00f2 l\u2019onorevole Salvatore Scoca, a cui si deve la stesura dell\u2019art. 53 Cost., \u00ablasciandosi guidare da un sano realismo, non si pu\u00f2 negare che una Costituzione la quale, come la nostra, si informa a princip\u00ee di democrazia e di solidariet\u00e0 sociale, debba dare la preferenza al principio della progressivit\u00e0\u00bb (Assemblea costituente, seduta del 23 maggio 1947).<\/p>\n<p>Il principio di progressivit\u00e0 \u00e8 figlio delle teorie utilitaristiche che risalgono a Jeremy Bentham, per il quale l\u2019utilit\u00e0 che ciascun individuo pu\u00f2 trarre cresce con il reddito, ma con una utilit\u00e0 marginale positiva decrescente. Il che significa che il sacrificio del pagamento dell\u2019imposta sar\u00e0 tanto minore, quanto maggiore sia il reddito e viceversa.<\/p>\n<p>Un\u2019imposta proporzionale come la flat tax incider\u00e0, pertanto, in misura crescente sui patrimoni dei soggetti meno abbienti, per i quali la frazione proporzionale di reddito prelevata dallo Stato ha un valore ben maggiore della corrispondente frazione prelevata dai soggetti pi\u00f9 facoltosi.\u00a0Per i soggetti meno abbienti, in altri termini, \u00e8 maggiore il rischio che l\u2019imposta proporzionale incida sulla parte di patrimonio destinata ai bisogni essenziali.<\/p>\n<p>Per queste ragioni, anche Adam Smith prendeva in considerazione la possibilit\u00e0 di una imposizione progressiva: \u00abLe cose indispensabili alla vita danno luogo alla grande spesa dei poveri. Eglino trovano difficile il procurarsi il vitto, ed in ottenere il medesimo \u00e8 spesa la maggior<\/p>\n<p>parte della loro piccola entrata. Le cose di lusso e di vanit\u00e0 formano la principale spesa dei ricchi, ed un magnifico palazzo abbellisce e mette in massimo rilievo tutte le altre cose di lusso e di vanit\u00e0 ch&#8217; eglino posseggono. Cos\u00ec un&#8217;imposta sopra le rendite delle case graverebbe in generale pi\u00f9 sopra i ricchi, ed in questa specie di ineguaglianza non vi sarebbe forse cosa alcuna d&#8217;assai irragionevole. Egli non \u00e8 molto irragionevole che i ricchi contribuiscano alla pubblica spesa, non solamente in proporzione alla loro entrata, ma anco in qualche cosa al di pi\u00f9 della proporzione medesima\u00bb (Adam Smith, Indagini sulle cause della ricchezza delle nazioni, Cugini Pomba editore, Torino, 1851, p. 580).<\/p>\n<p>\u00a0Si pronunci\u00f2 a favore di una certa progressivit\u00e0 dell\u2019imposizione anche Condorcet, per il quale la proporzionalit\u00e0 sarebbe stata il necessario punto di partenza, ma, \u00abal di sopra di un certo limite l\u2019eccedente [reddito, n.d.r.] pagher\u00e0 proporzionalmente un\u2019altra contribuzione\u00bb (M\u00e9langes d&#8217;\u00e9conomie politique, vol. I, Paris, Guillaumin, 1847, p. 566).<\/p>\n<p>Nel 1862 Quintino Sella, da ministro delle Finanze del governo Rattazzi, <a href=\"http:\/\/www.risorgimento.it\/rassegna\/index.php?id=68584&amp;ricerca_inizio=0&amp;ricerca_query=&amp;ricerca_ordine=DESC&amp;ricerca_libera=\">ebbe modo di dire<\/a> alla Camera dei deputati che \u00abNoi vogliamo che l&#8217;imposta sia proporzionale al reddito, ma perch\u00e9 lo fosse evidentemente la semplice proporzione numerica non potrebbe bastare. Una tassa del 10 su tutti sembrer\u00e0 affatto equa, perch\u00e9 domanda una lira a chi ne ha 10 e domanda 10 centesimi a chi possiede una lira; ma se l&#8217;unica lira del povero \u00e8 destinata a salvarlo dalla fame e la decima lira del ricco serve perch\u00e9 egli entri in teatro, ci\u00f2 che in entrambi chiamasi lira non ha una eguale importanza e il contribuire con una medesima parte di aliquota corrisponde a sacrifizi radicalmente diversi.\u00bb<\/p>\n<p>Dovendo lo Stato rinvenire le risorse necessarie all\u2019erogazione dei servizi pubblici, il principio di utilit\u00e0 marginale decrescente \u00e8 anche ci\u00f2 che in astratto rende pi\u00f9 tollerabile una maggiore contribuzione per i pi\u00f9 abbienti.<\/p>\n<p>\u00ab\u00c8 ovvio che per pagare l&#8217;imposta il primo contribuente [il pi\u00f9 povero, n.d.r.] sopporta un sacrificio di gran lunga maggiore del secondo [il pi\u00f9 ricco, n.d.r.], e che sarebbe equo alleggerire l&#8217;aggravio del primo e rendere un po&#8217; meno leggero quello del secondo\u00bb (cos\u00ec ancora il deputato Salvatore Scoca).<\/p>\n<p>Insomma, la progressivit\u00e0 tende anzitutto a eguagliare il sacrificio marginale dei contribuenti, ponendosi cos\u00ec come uno dei principi tesi a salvaguardare il mantenimento della pace sociale.<\/p>\n<p>Il principio di progressivit\u00e0 ha poi anche un\u2019altra ragione, che \u00e8 quella di \u00abcorreggere le iniquit\u00e0 derivanti dagli altri tributi, ed in particolare da quelli sui consumi, perch\u00e9 pi\u00f9 dei tributi diretti rendono i tributi indiretti e questi attuano una progressione a rovescio, in quanto, essendo stabiliti prevalentemente sui consumi, gravano maggiormente sulle classi meno abbienti\u00bb (cos\u00ec ancora Salvatore Scoca nella stessa seduta del 23 maggio 1947).<\/p>\n<p>La tassazione sui consumi come l\u2019IVA, infatti (<a href=\"https:\/\/www.mef.gov.it\/ufficio-stampa\/comunicati\/2022\/Entrate-tributarie-nel-2021-gettito-di-496.09-miliardi\/\">da cui deriva quasi la met\u00e0 del gettito complessivo per lo Stato<\/a>), colpisce trasversalmente in maniera indistinta ogni ceto, in maniera per l\u2019appunto regressiva (ossia recessiva, pregiudizievole) per i meno abbienti.\u00a0La progressivit\u00e0 mitiga quindi la regressivit\u00e0 delle imposte fisse che colpiscono in misura maggiore i ceti meno abbienti.<\/p>\n<p>Il problema della progressivit\u00e0 \u00e8 l\u2019arbitrio e l\u2019irragionevolezza con cui la politica potrebbe tracciare gli scaglioni di aliquota, nonch\u00e9 l\u2019eccessivo livello che la tassazione potrebbe raggiungere per i ceti pi\u00f9 abbienti, disincentivando la produzione e lo sviluppo.<\/p>\n<p>Un problema che per\u00f2, nei moderni ordinamenti democratici, trova un presidio nel principio \u201cno taxation without representation\u201d.\u00a0 \u00a0<\/p>\n","protected":false},"excerpt":{"rendered":"<p>di\u00a0Piero Cecchinato Puntuale, in vista della prossima tornata elettorale del 25 settembre, \u00e8 riapparsa la flat tax, oggi riproposta dalla Lega (al 15%) e da Forza Italia (al 23%).<\/p>\n<div class='heateorSssClear'><\/div><div  class='heateor_sss_sharing_container heateor_sss_horizontal_sharing' data-heateor-sss-href='https:\/\/www.lacostituzione.info\/index.php\/2022\/08\/14\/il-senso-costituzionale-del-principio-di-progressivita\/'><div class='heateor_sss_sharing_title' style=\"font-weight:bold\" >Condividi!<\/div><div class=\"heateor_sss_sharing_ul\"><a aria-label=\"Facebook\" class=\"heateor_sss_facebook\" href=\"https:\/\/www.facebook.com\/sharer\/sharer.php?u=https%3A%2F%2Fwww.lacostituzione.info%2Findex.php%2F2022%2F08%2F14%2Fil-senso-costituzionale-del-principio-di-progressivita%2F\" title=\"Facebook\" rel=\"nofollow noopener\" target=\"_blank\" style=\"font-size:32px!important;box-shadow:none;display:inline-block;vertical-align:middle\"><span class=\"heateor_sss_svg\" style=\"background-color:#0765FE;width:35px;height:35px;display:inline-block;opacity:1;float:left;font-size:32px;box-shadow:none;display:inline-block;font-size:16px;padding:0 4px;vertical-align:middle;background-repeat:repeat;overflow:hidden;padding:0;cursor:pointer;box-sizing:content-box\"><svg style=\"display:block;\" focusable=\"false\" aria-hidden=\"true\" xmlns=\"http:\/\/www.w3.org\/2000\/svg\" width=\"100%\" height=\"100%\" viewBox=\"0 0 32 32\"><path fill=\"#fff\" d=\"M28 16c0-6.627-5.373-12-12-12S4 9.373 4 16c0 5.628 3.875 10.35 9.101 11.647v-7.98h-2.474V16H13.1v-1.58c0-4.085 1.849-5.978 5.859-5.978.76 0 2.072.15 2.608.298v3.325c-.283-.03-.775-.045-1.386-.045-1.967 0-2.728.745-2.728 2.683V16h3.92l-.673 3.667h-3.247v8.245C23.395 27.195 28 22.135 28 16Z\"><\/path><\/svg><\/span><\/a><a aria-label=\"Twitter\" class=\"heateor_sss_button_twitter\" href=\"https:\/\/twitter.com\/intent\/tweet?text=Il%20senso%20costituzionale%20del%20principio%20di%20progressivit%C3%A0&url=https%3A%2F%2Fwww.lacostituzione.info%2Findex.php%2F2022%2F08%2F14%2Fil-senso-costituzionale-del-principio-di-progressivita%2F\" title=\"Twitter\" rel=\"nofollow noopener\" target=\"_blank\" style=\"font-size:32px!important;box-shadow:none;display:inline-block;vertical-align:middle\"><span class=\"heateor_sss_svg heateor_sss_s__default heateor_sss_s_twitter\" style=\"background-color:#55acee;width:35px;height:35px;display:inline-block;opacity:1;float:left;font-size:32px;box-shadow:none;display:inline-block;font-size:16px;padding:0 4px;vertical-align:middle;background-repeat:repeat;overflow:hidden;padding:0;cursor:pointer;box-sizing:content-box\"><svg style=\"display:block;\" focusable=\"false\" aria-hidden=\"true\" xmlns=\"http:\/\/www.w3.org\/2000\/svg\" width=\"100%\" height=\"100%\" viewBox=\"-4 -4 39 39\"><path d=\"M28 8.557a9.913 9.913 0 0 1-2.828.775 4.93 4.93 0 0 0 2.166-2.725 9.738 9.738 0 0 1-3.13 1.194 4.92 4.92 0 0 0-3.593-1.55 4.924 4.924 0 0 0-4.794 6.049c-4.09-.21-7.72-2.17-10.15-5.15a4.942 4.942 0 0 0-.665 2.477c0 1.71.87 3.214 2.19 4.1a4.968 4.968 0 0 1-2.23-.616v.06c0 2.39 1.7 4.38 3.952 4.83-.414.115-.85.174-1.297.174-.318 0-.626-.03-.928-.086a4.935 4.935 0 0 0 4.6 3.42 9.893 9.893 0 0 1-6.114 2.107c-.398 0-.79-.023-1.175-.068a13.953 13.953 0 0 0 7.55 2.213c9.056 0 14.01-7.507 14.01-14.013 0-.213-.005-.426-.015-.637.96-.695 1.795-1.56 2.455-2.55z\" fill=\"#fff\"><\/path><\/svg><\/span><\/a><a aria-label=\"Reddit\" class=\"heateor_sss_button_reddit\" href=\"https:\/\/reddit.com\/submit?url=https%3A%2F%2Fwww.lacostituzione.info%2Findex.php%2F2022%2F08%2F14%2Fil-senso-costituzionale-del-principio-di-progressivita%2F&title=Il%20senso%20costituzionale%20del%20principio%20di%20progressivit%C3%A0\" title=\"Reddit\" rel=\"nofollow noopener\" target=\"_blank\" style=\"font-size:32px!important;box-shadow:none;display:inline-block;vertical-align:middle\"><span class=\"heateor_sss_svg heateor_sss_s__default heateor_sss_s_reddit\" style=\"background-color:#ff5700;width:35px;height:35px;display:inline-block;opacity:1;float:left;font-size:32px;box-shadow:none;display:inline-block;font-size:16px;padding:0 4px;vertical-align:middle;background-repeat:repeat;overflow:hidden;padding:0;cursor:pointer;box-sizing:content-box\"><svg style=\"display:block;\" focusable=\"false\" aria-hidden=\"true\" xmlns=\"http:\/\/www.w3.org\/2000\/svg\" width=\"100%\" height=\"100%\" viewBox=\"-3.5 -3.5 39 39\"><path d=\"M28.543 15.774a2.953 2.953 0 0 0-2.951-2.949 2.882 2.882 0 0 0-1.9.713 14.075 14.075 0 0 0-6.85-2.044l1.38-4.349 3.768.884a2.452 2.452 0 1 0 .24-1.176l-4.274-1a.6.6 0 0 0-.709.4l-1.659 5.224a14.314 14.314 0 0 0-7.316 2.029 2.908 2.908 0 0 0-1.872-.681 2.942 2.942 0 0 0-1.618 5.4 5.109 5.109 0 0 0-.062.765c0 4.158 5.037 7.541 11.229 7.541s11.22-3.383 11.22-7.541a5.2 5.2 0 0 0-.053-.706 2.963 2.963 0 0 0 1.427-2.51zm-18.008 1.88a1.753 1.753 0 0 1 1.73-1.74 1.73 1.73 0 0 1 1.709 1.74 1.709 1.709 0 0 1-1.709 1.711 1.733 1.733 0 0 1-1.73-1.711zm9.565 4.968a5.573 5.573 0 0 1-4.081 1.272h-.032a5.576 5.576 0 0 1-4.087-1.272.6.6 0 0 1 .844-.854 4.5 4.5 0 0 0 3.238.927h.032a4.5 4.5 0 0 0 3.237-.927.6.6 0 1 1 .844.854zm-.331-3.256a1.726 1.726 0 1 1 1.709-1.712 1.717 1.717 0 0 1-1.712 1.712z\" fill=\"#fff\"\/><\/svg><\/span><\/a><a aria-label=\"Linkedin\" class=\"heateor_sss_button_linkedin\" href=\"https:\/\/www.linkedin.com\/sharing\/share-offsite\/?url=https%3A%2F%2Fwww.lacostituzione.info%2Findex.php%2F2022%2F08%2F14%2Fil-senso-costituzionale-del-principio-di-progressivita%2F\" title=\"Linkedin\" rel=\"nofollow noopener\" target=\"_blank\" style=\"font-size:32px!important;box-shadow:none;display:inline-block;vertical-align:middle\"><span class=\"heateor_sss_svg heateor_sss_s__default heateor_sss_s_linkedin\" style=\"background-color:#0077b5;width:35px;height:35px;display:inline-block;opacity:1;float:left;font-size:32px;box-shadow:none;display:inline-block;font-size:16px;padding:0 4px;vertical-align:middle;background-repeat:repeat;overflow:hidden;padding:0;cursor:pointer;box-sizing:content-box\"><svg style=\"display:block;\" focusable=\"false\" aria-hidden=\"true\" xmlns=\"http:\/\/www.w3.org\/2000\/svg\" width=\"100%\" height=\"100%\" viewBox=\"0 0 32 32\"><path d=\"M6.227 12.61h4.19v13.48h-4.19V12.61zm2.095-6.7a2.43 2.43 0 0 1 0 4.86c-1.344 0-2.428-1.09-2.428-2.43s1.084-2.43 2.428-2.43m4.72 6.7h4.02v1.84h.058c.56-1.058 1.927-2.176 3.965-2.176 4.238 0 5.02 2.792 5.02 6.42v7.395h-4.183v-6.56c0-1.564-.03-3.574-2.178-3.574-2.18 0-2.514 1.7-2.514 3.46v6.668h-4.187V12.61z\" fill=\"#fff\"><\/path><\/svg><\/span><\/a><a aria-label=\"Pinterest\" class=\"heateor_sss_button_pinterest\" href=\"https:\/\/www.lacostituzione.info\/index.php\/2022\/08\/14\/il-senso-costituzionale-del-principio-di-progressivita\/\" onclick=\"event.preventDefault();javascript:void( (function() {var e=document.createElement('script' );e.setAttribute('type','text\/javascript' );e.setAttribute('charset','UTF-8' );e.setAttribute('src','\/\/assets.pinterest.com\/js\/pinmarklet.js?r='+Math.random()*99999999);document.body.appendChild(e)})());\" title=\"Pinterest\" rel=\"noopener\" style=\"font-size:32px!important;box-shadow:none;display:inline-block;vertical-align:middle\"><span class=\"heateor_sss_svg heateor_sss_s__default heateor_sss_s_pinterest\" style=\"background-color:#cc2329;width:35px;height:35px;display:inline-block;opacity:1;float:left;font-size:32px;box-shadow:none;display:inline-block;font-size:16px;padding:0 4px;vertical-align:middle;background-repeat:repeat;overflow:hidden;padding:0;cursor:pointer;box-sizing:content-box\"><svg style=\"display:block;\" focusable=\"false\" aria-hidden=\"true\" xmlns=\"http:\/\/www.w3.org\/2000\/svg\" width=\"100%\" height=\"100%\" viewBox=\"-2 -2 35 35\"><path fill=\"#fff\" d=\"M16.539 4.5c-6.277 0-9.442 4.5-9.442 8.253 0 2.272.86 4.293 2.705 5.046.303.125.574.005.662-.33.061-.231.205-.816.27-1.06.088-.331.053-.447-.191-.736-.532-.627-.873-1.439-.873-2.591 0-3.338 2.498-6.327 6.505-6.327 3.548 0 5.497 2.168 5.497 5.062 0 3.81-1.686 7.025-4.188 7.025-1.382 0-2.416-1.142-2.085-2.545.397-1.674 1.166-3.48 1.166-4.689 0-1.081-.581-1.983-1.782-1.983-1.413 0-2.548 1.462-2.548 3.419 0 1.247.421 2.091.421 2.091l-1.699 7.199c-.505 2.137-.076 4.755-.039 5.019.021.158.223.196.314.077.13-.17 1.813-2.247 2.384-4.324.162-.587.929-3.631.929-3.631.46.876 1.801 1.646 3.227 1.646 4.247 0 7.128-3.871 7.128-9.053.003-3.918-3.317-7.568-8.361-7.568z\"\/><\/svg><\/span><\/a><a aria-label=\"Whatsapp\" class=\"heateor_sss_whatsapp\" href=\"https:\/\/api.whatsapp.com\/send?text=Il%20senso%20costituzionale%20del%20principio%20di%20progressivit%C3%A0%20https%3A%2F%2Fwww.lacostituzione.info%2Findex.php%2F2022%2F08%2F14%2Fil-senso-costituzionale-del-principio-di-progressivita%2F\" title=\"Whatsapp\" rel=\"nofollow noopener\" target=\"_blank\" style=\"font-size:32px!important;box-shadow:none;display:inline-block;vertical-align:middle\"><span class=\"heateor_sss_svg\" style=\"background-color:#55eb4c;width:35px;height:35px;display:inline-block;opacity:1;float:left;font-size:32px;box-shadow:none;display:inline-block;font-size:16px;padding:0 4px;vertical-align:middle;background-repeat:repeat;overflow:hidden;padding:0;cursor:pointer;box-sizing:content-box\"><svg style=\"display:block;\" focusable=\"false\" aria-hidden=\"true\" xmlns=\"http:\/\/www.w3.org\/2000\/svg\" width=\"100%\" height=\"100%\" viewBox=\"-6 -5 40 40\"><path class=\"heateor_sss_svg_stroke heateor_sss_no_fill\" stroke=\"#fff\" stroke-width=\"2\" fill=\"none\" d=\"M 11.579798566743314 24.396926207859085 A 10 10 0 1 0 6.808479557110079 20.73576436351046\"><\/path><path d=\"M 7 19 l -1 6 l 6 -1\" class=\"heateor_sss_no_fill heateor_sss_svg_stroke\" stroke=\"#fff\" stroke-width=\"2\" fill=\"none\"><\/path><path d=\"M 10 10 q -1 8 8 11 c 5 -1 0 -6 -1 -3 q -4 -3 -5 -5 c 4 -2 -1 -5 -1 -4\" fill=\"#fff\"><\/path><\/svg><\/span><\/a><\/div><div class=\"heateorSssClear\"><\/div><\/div><div class='heateorSssClear'><\/div>","protected":false},"author":1,"featured_media":0,"comment_status":"open","ping_status":"open","sticky":false,"template":"","format":"standard","meta":{"jetpack_post_was_ever_published":false,"_jetpack_newsletter_access":"","_jetpack_dont_email_post_to_subs":false,"_jetpack_newsletter_tier_id":0,"_jetpack_memberships_contains_paywalled_content":false,"_jetpack_memberships_contains_paid_content":false,"footnotes":"","jetpack_publicize_message":"","jetpack_publicize_feature_enabled":true,"jetpack_social_post_already_shared":false,"jetpack_social_options":{"image_generator_settings":{"template":"highway","default_image_id":0,"enabled":false},"version":2}},"categories":[5],"tags":[426,155,1585],"class_list":["post-8387","post","type-post","status-publish","format-standard","hentry","category-lavori-in-corso","tag-eguaglianza","tag-flat-tax","tag-tassazione"],"jetpack_publicize_connections":[],"jetpack_featured_media_url":"","jetpack_shortlink":"https:\/\/wp.me\/p84sDq-2bh","jetpack_likes_enabled":true,"jetpack_sharing_enabled":true,"_links":{"self":[{"href":"https:\/\/www.lacostituzione.info\/index.php\/wp-json\/wp\/v2\/posts\/8387","targetHints":{"allow":["GET"]}}],"collection":[{"href":"https:\/\/www.lacostituzione.info\/index.php\/wp-json\/wp\/v2\/posts"}],"about":[{"href":"https:\/\/www.lacostituzione.info\/index.php\/wp-json\/wp\/v2\/types\/post"}],"author":[{"embeddable":true,"href":"https:\/\/www.lacostituzione.info\/index.php\/wp-json\/wp\/v2\/users\/1"}],"replies":[{"embeddable":true,"href":"https:\/\/www.lacostituzione.info\/index.php\/wp-json\/wp\/v2\/comments?post=8387"}],"version-history":[{"count":0,"href":"https:\/\/www.lacostituzione.info\/index.php\/wp-json\/wp\/v2\/posts\/8387\/revisions"}],"wp:attachment":[{"href":"https:\/\/www.lacostituzione.info\/index.php\/wp-json\/wp\/v2\/media?parent=8387"}],"wp:term":[{"taxonomy":"category","embeddable":true,"href":"https:\/\/www.lacostituzione.info\/index.php\/wp-json\/wp\/v2\/categories?post=8387"},{"taxonomy":"post_tag","embeddable":true,"href":"https:\/\/www.lacostituzione.info\/index.php\/wp-json\/wp\/v2\/tags?post=8387"}],"curies":[{"name":"wp","href":"https:\/\/api.w.org\/{rel}","templated":true}]}}