{"id":8417,"date":"2022-09-16T19:29:01","date_gmt":"2022-09-16T17:29:01","guid":{"rendered":"http:\/\/www.lacostituzione.info\/?p=8417"},"modified":"2022-09-30T09:56:42","modified_gmt":"2022-09-30T07:56:42","slug":"presidenzialismo-cioe","status":"publish","type":"post","link":"https:\/\/www.lacostituzione.info\/index.php\/2022\/09\/16\/presidenzialismo-cioe\/","title":{"rendered":"Presidenzialismo. Cio\u00e8?"},"content":{"rendered":"\n<p>di\u00a0<strong><abbr class='c2c-text-hover' title='Professore ordinario di Diritto costituzionale - Universit\u00e0 di Ferrara'>Roberto Bin<\/abbr><a href=\"http:\/\/www.lacostituzione.info\/index.php\/2022\/09\/08\/presidenzialismo-cioe\/_baron\/#main\" rel=\"attachment wp-att-8422\"><img loading=\"lazy\" decoding=\"async\" data-attachment-id=\"8422\" data-permalink=\"https:\/\/www.lacostituzione.info\/index.php\/2022\/09\/16\/presidenzialismo-cioe\/_baron\/#main\" data-orig-file=\"https:\/\/www.lacostituzione.info\/wp-content\/uploads\/2022\/09\/baron-e1662658547849.png\" data-orig-size=\"826,1251\" data-comments-opened=\"1\" data-image-meta=\"{&quot;aperture&quot;:&quot;0&quot;,&quot;credit&quot;:&quot;&quot;,&quot;camera&quot;:&quot;&quot;,&quot;caption&quot;:&quot;&quot;,&quot;created_timestamp&quot;:&quot;0&quot;,&quot;copyright&quot;:&quot;&quot;,&quot;focal_length&quot;:&quot;0&quot;,&quot;iso&quot;:&quot;0&quot;,&quot;shutter_speed&quot;:&quot;0&quot;,&quot;title&quot;:&quot;&quot;,&quot;orientation&quot;:&quot;0&quot;}\" data-image-title=\"_baron\" data-image-description=\"\" data-image-caption=\"\" data-medium-file=\"https:\/\/www.lacostituzione.info\/wp-content\/uploads\/2022\/09\/baron-e1662658547849-198x300.png\" data-large-file=\"https:\/\/www.lacostituzione.info\/wp-content\/uploads\/2022\/09\/baron-e1662658547849-676x1024.png\" class=\"alignright size-medium wp-image-8422\" src=\"http:\/\/www.lacostituzione.info\/wp-content\/uploads\/2022\/09\/baron-e1662658547849-198x300.png\" alt=\"\" width=\"198\" height=\"300\" srcset=\"https:\/\/www.lacostituzione.info\/wp-content\/uploads\/2022\/09\/baron-e1662658547849-198x300.png 198w, https:\/\/www.lacostituzione.info\/wp-content\/uploads\/2022\/09\/baron-e1662658547849-768x1163.png 768w, https:\/\/www.lacostituzione.info\/wp-content\/uploads\/2022\/09\/baron-e1662658547849-676x1024.png 676w, https:\/\/www.lacostituzione.info\/wp-content\/uploads\/2022\/09\/baron-e1662658547849.png 826w\" sizes=\"auto, (max-width: 198px) 100vw, 198px\" \/><\/a><\/strong><\/p>\n<p>Enzo Cheli ha scritto, da par suo, un <a href=\"https:\/\/www.forumcostituzionale.it\/wordpress\/wp-content\/uploads\/2022\/09\/03-Cheli-FQC-3-2022.pdf\">articolo del tutto condivisibile<\/a> per spiegare perch\u00e9 non gli piacciono affatto le proposte &#8220;presidenzialiste&#8221; avanzate da Fratelli d&#8217;Italia e riprese dai programmi elettorali del centro-destra. La mia perplessit\u00e0 \u00e8 ancora pi\u00f9 radicale, perch\u00e9 non capisco di cosa si parli. E questo un po&#8217; mi allarma.<!--more--><span style=\"font-size: inherit;\">Facciamo un po&#8217; di chiarezza e partiamo dall&#8217;esame dei programmi elettorali. L&#8217;<\/span><a style=\"font-size: inherit;\" href=\"https:\/\/www.ansa.it\/documents\/1660243246870_CENTRODESTRA.pdf\"><strong><em>Accordo quadro di programma per un Governo di centrodestra<\/em><\/strong><\/a><span style=\"font-size: inherit;\"> del &#8220;presidenzialismo&#8221; non dice pressoch\u00e9 nulla. Si limita ad enunciare come punto programmatico, nella parte dedicata alle riforme istituzionali, &#8220;Elezione diretta del Presidente della Repubblica&#8221;. Non c&#8217;\u00e8 scritto altro e quello che \u00e8 scritto non dice nulla sul &#8220;presidenzialismo&#8221;. Questo termine indica una &#8220;forma di governo&#8221;, cio\u00e8 un sistema di distribuzione del potere politico tra gli organi costituzionali: come venga eletto il Presidente della Repubblica non determina nulla nella &#8220;forma di governo&#8221;. Il Presidente della Repubblica austriaca \u00e8 eletto direttamente dal popolo (art. 60 B-VfG), ma ci\u00f2 non fa affatto dell&#8217;Austria una Repubblica presidenziale. Quale effetto avrebbe dunque cambiare le modalit\u00e0 di elezione del nostro presidente? Nessuno, se non quello vagheggiato da un&#8217;incauta &#8220;esternazione&#8221; di Berlusconi, cio\u00e8 di provocare le dimissioni di Mattarella (sempre ch\u00e9 non fosse proprio lui &#8211; come \u00e8 possibile e probabile &#8211; il prescelto dal voto popolare!). Questa inutile riforma dovrebbe contenere una norma transitoria che regola appunto la sua stessa applicazione.<\/span><\/p>\n<p>Il <a href=\"https:\/\/www.fratelli-italia.it\/wp-content\/uploads\/2022\/08\/Brochure_programma_FdI_qr_def.pdf\" class=\"broken_link\"><em><strong>Programma di Fratelli d&#8217;Italia\u00a0<\/strong><\/em><\/a>\u00e8 molto pi\u00f9 preciso, Al punto 24 (&#8220;Presidenzialismo, stabilit\u00e0 di governo e Stato efficiente&#8221;) si auspica una &#8220;Riforma presidenziale dello Stato, al fine di assicurare la stabilit\u00e0 governativa e un rapporto diretto tra cittadini e chi guida il governo&#8221;. Altro per\u00f2 non si dice, se non spiegare che bisogna risolvere il problema della ben nota instabilit\u00e0 degli esecutivi italiani, &#8220;che ci indebolisce nei rapporti internazionali e che penalizza gli italiani, perch\u00e9 governi che durano cos\u00ec poco non hanno una visione di lungo periodo, ma cercano solo il facile consenso nell\u2019immediato&#8221;. Tutto giusto, ma quale stabilit\u00e0 assicurerebbe l&#8217;elezione diretta del Presidente della Repubblica?<\/p>\n<p>Questo non viene spiegato, ma possiamo cercare una risposta, come del resto fa Enzo Cheli, nella <a href=\"http:\/\/documenti.camera.it\/leg18\/pdl\/pdf\/leg.18.pdl.camera.716.18PDL0015210.pdf\">proposta di riforma costituzionale<\/a> che FdI ha proposto nella passata legislatura. Mi sembra che Cheli ne faccia un esame sufficiente a rivelare le fragilit\u00e0 e anche le stranezze (il &#8220;governo del Presidente&#8221; potrebbe essere sfiduciato dalle Camere ma solo con &#8220;voto di sfiducia costruttiva&#8221;\u00a0 &#8211; cio\u00e8 indicando il nome del capo del Governo che dovrebbe essere nominato al posto di quello scelto in precedenza dal Presidente della Repubblica -; classico &#8220;correttivo&#8221; della forma di governo parlamentare, previsto (ma pochissimo praticato) in Germania). La proposta di FdI \u00e8 stata bocciata dalla Camera, ma potr\u00e0 essere riproposta con tutti i miglioramenti del caso. Ma il punto critico sta nella premessa, cio\u00e8 nell&#8217;idea che il &#8220;presidenzialismo&#8221; (che poi significa affidare al Presidente della Repubblica il potere esecutivo, cio\u00e8 il governo) sia l&#8217;unica vera soluzione della instabilit\u00e0 politica italiana.<\/p>\n<p>\u00a0Cheli ricorda come nel dibattito alla Costituente l&#8217;instabilit\u00e0 e frammentazione politica gi\u00e0 allora evidente in Italia sia stata proprio il motivo per cui si sono respinte proposte &#8220;presidenzialiste&#8221;. E se noi aprissimo gli occhi e guardassimo a ci\u00f2 che avviene all&#8217;estero non potremmo che concludere che instabilit\u00e0 politica e presidenzialismo vivono benissimo assieme.<\/p>\n<p>Gli unici due paesi di riferimento (cio\u00e8 che hanno una storia costituzionale abbastanza lunga e stabile da consentire una valida comparazione) che hanno un sistema presidenziale sono gli Stati Uniti d&#8217;America e la Francia. Due sistemi molto diversi. Quello americano, che data ben pi\u00f9 di due secoli di storia, \u00e8 giunto ad un punto di crisi molto allarmante: le vicende della successione di Trump, la rivolta popolare che minaccia le istituzioni, la forte polarizzazione politica non sono certo condizioni favorevoli a quel governo stabile ed efficiente che vorrebbero Meloni &amp; Co, Il parlamento paralizzato dal conflitto tra i partiti che dominano una o l&#8217;altra camera e i riflessi gravissimi che tutto ci\u00f2 ha sul &#8220;normale&#8221; funzionamento delle istituzioni (si pensi alle nomine dei giudici della Corte Suprema, che sono state impedite ad Obama e consentite, a fine mandato, a Trump, con le ben note conseguenze) dovrebbero suggerire ai nostri teorici del presidenzialismo una certa dose di prudenza. Se poi guardiamo alla Francia, che \u00e8 giunta ad una forma di presidenzialismo abbastanza accentuato attraverso una serie di riforme costituzionali che miravano proprio alla ricerca di stabilit\u00e0 ed efficienza, la situazione attuale di Macron e le sue difficolt\u00e0 a trovare una maggioranza stabile in parlamento, la prudenza diventa obbligatoria.<\/p>\n<p>L&#8217;esperienza degli altri dovrebbe insegnarci qualcosa. E&#8217; giusto auspicare una maggiore stabilit\u00e0 politica, ma lo strumento non \u00e8 la riforma in senso presidenziale perch\u00e9 la sua causa non sta nella &#8220;forma di governo&#8221;. E di questo dovrebbero rendersi conto anche Azione e Italia Viva, il cui <em><strong><a href=\"https:\/\/drive.google.com\/file\/d\/1--WhUxh9zeDh2vmblLPgXxvFr0-jZlYg\/view\" class=\"broken_link\">Programma elettorale<\/a>\u00a0<\/strong><\/em>cade nello stesso equivoco, con qualche nota umoristica in pi\u00f9: viene riesumata la proposta del &#8220;<em>Sindaco d&#8217;Italia<\/em>&#8220;, avanzata da Mario Segni su per gi\u00f9 36 anni fa. Non ci dicono che cosa significhi oggi, se non che deve accompagnarsi ad una riforma elettorale. Appunto, ci stiamo avvicinando al problema vero, che non \u00e8 la forma di governo, ma il sistema politico e &#8211; aggiungerei &#8211; in primo luogo i suoi protagonisti, i partiti politici. Ma ci si pu\u00f2 aspettare che il programma elettorale di un partito dia il giusto risalto programmatico-elettorale alla riforma del partito?<\/p>\n<p>\u00a0<\/p>\n","protected":false},"excerpt":{"rendered":"<p>di\u00a0<abbr class='c2c-text-hover' title='Professore ordinario di Diritto costituzionale - Universit\u00e0 di Ferrara'>Roberto Bin<\/abbr> Enzo Cheli ha scritto, da par suo, un articolo del tutto condivisibile per spiegare perch\u00e9 non gli piacciono affatto le proposte &#8220;presidenzialiste&#8221; avanzate da Fratelli d&#8217;Italia e riprese dai programmi elettorali del centro-destra. La mia perplessit\u00e0 \u00e8 ancora pi\u00f9 radicale, perch\u00e9 non capisco di cosa si parli. E questo un po&#8217; mi allarma.<\/p>\n<div class='heateorSssClear'><\/div><div  class='heateor_sss_sharing_container heateor_sss_horizontal_sharing' data-heateor-sss-href='https:\/\/www.lacostituzione.info\/index.php\/2022\/09\/16\/presidenzialismo-cioe\/'><div class='heateor_sss_sharing_title' style=\"font-weight:bold\" >Condividi!<\/div><div class=\"heateor_sss_sharing_ul\"><a aria-label=\"Facebook\" class=\"heateor_sss_facebook\" href=\"https:\/\/www.facebook.com\/sharer\/sharer.php?u=https%3A%2F%2Fwww.lacostituzione.info%2Findex.php%2F2022%2F09%2F16%2Fpresidenzialismo-cioe%2F\" title=\"Facebook\" rel=\"nofollow noopener\" target=\"_blank\" style=\"font-size:32px!important;box-shadow:none;display:inline-block;vertical-align:middle\"><span class=\"heateor_sss_svg\" style=\"background-color:#0765FE;width:35px;height:35px;display:inline-block;opacity:1;float:left;font-size:32px;box-shadow:none;display:inline-block;font-size:16px;padding:0 4px;vertical-align:middle;background-repeat:repeat;overflow:hidden;padding:0;cursor:pointer;box-sizing:content-box\"><svg style=\"display:block;\" focusable=\"false\" aria-hidden=\"true\" xmlns=\"http:\/\/www.w3.org\/2000\/svg\" width=\"100%\" height=\"100%\" viewBox=\"0 0 32 32\"><path fill=\"#fff\" d=\"M28 16c0-6.627-5.373-12-12-12S4 9.373 4 16c0 5.628 3.875 10.35 9.101 11.647v-7.98h-2.474V16H13.1v-1.58c0-4.085 1.849-5.978 5.859-5.978.76 0 2.072.15 2.608.298v3.325c-.283-.03-.775-.045-1.386-.045-1.967 0-2.728.745-2.728 2.683V16h3.92l-.673 3.667h-3.247v8.245C23.395 27.195 28 22.135 28 16Z\"><\/path><\/svg><\/span><\/a><a aria-label=\"Twitter\" class=\"heateor_sss_button_twitter\" href=\"https:\/\/twitter.com\/intent\/tweet?text=Presidenzialismo.%20Cio%C3%A8%3F&url=https%3A%2F%2Fwww.lacostituzione.info%2Findex.php%2F2022%2F09%2F16%2Fpresidenzialismo-cioe%2F\" title=\"Twitter\" rel=\"nofollow noopener\" target=\"_blank\" style=\"font-size:32px!important;box-shadow:none;display:inline-block;vertical-align:middle\"><span class=\"heateor_sss_svg heateor_sss_s__default heateor_sss_s_twitter\" style=\"background-color:#55acee;width:35px;height:35px;display:inline-block;opacity:1;float:left;font-size:32px;box-shadow:none;display:inline-block;font-size:16px;padding:0 4px;vertical-align:middle;background-repeat:repeat;overflow:hidden;padding:0;cursor:pointer;box-sizing:content-box\"><svg style=\"display:block;\" focusable=\"false\" aria-hidden=\"true\" xmlns=\"http:\/\/www.w3.org\/2000\/svg\" width=\"100%\" height=\"100%\" viewBox=\"-4 -4 39 39\"><path d=\"M28 8.557a9.913 9.913 0 0 1-2.828.775 4.93 4.93 0 0 0 2.166-2.725 9.738 9.738 0 0 1-3.13 1.194 4.92 4.92 0 0 0-3.593-1.55 4.924 4.924 0 0 0-4.794 6.049c-4.09-.21-7.72-2.17-10.15-5.15a4.942 4.942 0 0 0-.665 2.477c0 1.71.87 3.214 2.19 4.1a4.968 4.968 0 0 1-2.23-.616v.06c0 2.39 1.7 4.38 3.952 4.83-.414.115-.85.174-1.297.174-.318 0-.626-.03-.928-.086a4.935 4.935 0 0 0 4.6 3.42 9.893 9.893 0 0 1-6.114 2.107c-.398 0-.79-.023-1.175-.068a13.953 13.953 0 0 0 7.55 2.213c9.056 0 14.01-7.507 14.01-14.013 0-.213-.005-.426-.015-.637.96-.695 1.795-1.56 2.455-2.55z\" fill=\"#fff\"><\/path><\/svg><\/span><\/a><a aria-label=\"Reddit\" class=\"heateor_sss_button_reddit\" href=\"https:\/\/reddit.com\/submit?url=https%3A%2F%2Fwww.lacostituzione.info%2Findex.php%2F2022%2F09%2F16%2Fpresidenzialismo-cioe%2F&title=Presidenzialismo.%20Cio%C3%A8%3F\" title=\"Reddit\" rel=\"nofollow noopener\" target=\"_blank\" style=\"font-size:32px!important;box-shadow:none;display:inline-block;vertical-align:middle\"><span class=\"heateor_sss_svg heateor_sss_s__default heateor_sss_s_reddit\" style=\"background-color:#ff5700;width:35px;height:35px;display:inline-block;opacity:1;float:left;font-size:32px;box-shadow:none;display:inline-block;font-size:16px;padding:0 4px;vertical-align:middle;background-repeat:repeat;overflow:hidden;padding:0;cursor:pointer;box-sizing:content-box\"><svg style=\"display:block;\" focusable=\"false\" aria-hidden=\"true\" xmlns=\"http:\/\/www.w3.org\/2000\/svg\" width=\"100%\" height=\"100%\" viewBox=\"-3.5 -3.5 39 39\"><path d=\"M28.543 15.774a2.953 2.953 0 0 0-2.951-2.949 2.882 2.882 0 0 0-1.9.713 14.075 14.075 0 0 0-6.85-2.044l1.38-4.349 3.768.884a2.452 2.452 0 1 0 .24-1.176l-4.274-1a.6.6 0 0 0-.709.4l-1.659 5.224a14.314 14.314 0 0 0-7.316 2.029 2.908 2.908 0 0 0-1.872-.681 2.942 2.942 0 0 0-1.618 5.4 5.109 5.109 0 0 0-.062.765c0 4.158 5.037 7.541 11.229 7.541s11.22-3.383 11.22-7.541a5.2 5.2 0 0 0-.053-.706 2.963 2.963 0 0 0 1.427-2.51zm-18.008 1.88a1.753 1.753 0 0 1 1.73-1.74 1.73 1.73 0 0 1 1.709 1.74 1.709 1.709 0 0 1-1.709 1.711 1.733 1.733 0 0 1-1.73-1.711zm9.565 4.968a5.573 5.573 0 0 1-4.081 1.272h-.032a5.576 5.576 0 0 1-4.087-1.272.6.6 0 0 1 .844-.854 4.5 4.5 0 0 0 3.238.927h.032a4.5 4.5 0 0 0 3.237-.927.6.6 0 1 1 .844.854zm-.331-3.256a1.726 1.726 0 1 1 1.709-1.712 1.717 1.717 0 0 1-1.712 1.712z\" fill=\"#fff\"\/><\/svg><\/span><\/a><a aria-label=\"Linkedin\" class=\"heateor_sss_button_linkedin\" href=\"https:\/\/www.linkedin.com\/sharing\/share-offsite\/?url=https%3A%2F%2Fwww.lacostituzione.info%2Findex.php%2F2022%2F09%2F16%2Fpresidenzialismo-cioe%2F\" title=\"Linkedin\" rel=\"nofollow noopener\" target=\"_blank\" style=\"font-size:32px!important;box-shadow:none;display:inline-block;vertical-align:middle\"><span class=\"heateor_sss_svg heateor_sss_s__default heateor_sss_s_linkedin\" style=\"background-color:#0077b5;width:35px;height:35px;display:inline-block;opacity:1;float:left;font-size:32px;box-shadow:none;display:inline-block;font-size:16px;padding:0 4px;vertical-align:middle;background-repeat:repeat;overflow:hidden;padding:0;cursor:pointer;box-sizing:content-box\"><svg style=\"display:block;\" focusable=\"false\" aria-hidden=\"true\" xmlns=\"http:\/\/www.w3.org\/2000\/svg\" width=\"100%\" height=\"100%\" viewBox=\"0 0 32 32\"><path d=\"M6.227 12.61h4.19v13.48h-4.19V12.61zm2.095-6.7a2.43 2.43 0 0 1 0 4.86c-1.344 0-2.428-1.09-2.428-2.43s1.084-2.43 2.428-2.43m4.72 6.7h4.02v1.84h.058c.56-1.058 1.927-2.176 3.965-2.176 4.238 0 5.02 2.792 5.02 6.42v7.395h-4.183v-6.56c0-1.564-.03-3.574-2.178-3.574-2.18 0-2.514 1.7-2.514 3.46v6.668h-4.187V12.61z\" fill=\"#fff\"><\/path><\/svg><\/span><\/a><a aria-label=\"Pinterest\" class=\"heateor_sss_button_pinterest\" href=\"https:\/\/www.lacostituzione.info\/index.php\/2022\/09\/16\/presidenzialismo-cioe\/\" onclick=\"event.preventDefault();javascript:void( (function() {var e=document.createElement('script' );e.setAttribute('type','text\/javascript' );e.setAttribute('charset','UTF-8' );e.setAttribute('src','\/\/assets.pinterest.com\/js\/pinmarklet.js?r='+Math.random()*99999999);document.body.appendChild(e)})());\" title=\"Pinterest\" rel=\"noopener\" style=\"font-size:32px!important;box-shadow:none;display:inline-block;vertical-align:middle\"><span class=\"heateor_sss_svg heateor_sss_s__default heateor_sss_s_pinterest\" style=\"background-color:#cc2329;width:35px;height:35px;display:inline-block;opacity:1;float:left;font-size:32px;box-shadow:none;display:inline-block;font-size:16px;padding:0 4px;vertical-align:middle;background-repeat:repeat;overflow:hidden;padding:0;cursor:pointer;box-sizing:content-box\"><svg style=\"display:block;\" focusable=\"false\" aria-hidden=\"true\" xmlns=\"http:\/\/www.w3.org\/2000\/svg\" width=\"100%\" height=\"100%\" viewBox=\"-2 -2 35 35\"><path fill=\"#fff\" d=\"M16.539 4.5c-6.277 0-9.442 4.5-9.442 8.253 0 2.272.86 4.293 2.705 5.046.303.125.574.005.662-.33.061-.231.205-.816.27-1.06.088-.331.053-.447-.191-.736-.532-.627-.873-1.439-.873-2.591 0-3.338 2.498-6.327 6.505-6.327 3.548 0 5.497 2.168 5.497 5.062 0 3.81-1.686 7.025-4.188 7.025-1.382 0-2.416-1.142-2.085-2.545.397-1.674 1.166-3.48 1.166-4.689 0-1.081-.581-1.983-1.782-1.983-1.413 0-2.548 1.462-2.548 3.419 0 1.247.421 2.091.421 2.091l-1.699 7.199c-.505 2.137-.076 4.755-.039 5.019.021.158.223.196.314.077.13-.17 1.813-2.247 2.384-4.324.162-.587.929-3.631.929-3.631.46.876 1.801 1.646 3.227 1.646 4.247 0 7.128-3.871 7.128-9.053.003-3.918-3.317-7.568-8.361-7.568z\"\/><\/svg><\/span><\/a><a aria-label=\"Whatsapp\" class=\"heateor_sss_whatsapp\" href=\"https:\/\/api.whatsapp.com\/send?text=Presidenzialismo.%20Cio%C3%A8%3F%20https%3A%2F%2Fwww.lacostituzione.info%2Findex.php%2F2022%2F09%2F16%2Fpresidenzialismo-cioe%2F\" title=\"Whatsapp\" rel=\"nofollow noopener\" target=\"_blank\" style=\"font-size:32px!important;box-shadow:none;display:inline-block;vertical-align:middle\"><span class=\"heateor_sss_svg\" style=\"background-color:#55eb4c;width:35px;height:35px;display:inline-block;opacity:1;float:left;font-size:32px;box-shadow:none;display:inline-block;font-size:16px;padding:0 4px;vertical-align:middle;background-repeat:repeat;overflow:hidden;padding:0;cursor:pointer;box-sizing:content-box\"><svg style=\"display:block;\" focusable=\"false\" aria-hidden=\"true\" xmlns=\"http:\/\/www.w3.org\/2000\/svg\" width=\"100%\" height=\"100%\" viewBox=\"-6 -5 40 40\"><path class=\"heateor_sss_svg_stroke heateor_sss_no_fill\" stroke=\"#fff\" stroke-width=\"2\" fill=\"none\" d=\"M 11.579798566743314 24.396926207859085 A 10 10 0 1 0 6.808479557110079 20.73576436351046\"><\/path><path d=\"M 7 19 l -1 6 l 6 -1\" class=\"heateor_sss_no_fill heateor_sss_svg_stroke\" stroke=\"#fff\" stroke-width=\"2\" fill=\"none\"><\/path><path d=\"M 10 10 q -1 8 8 11 c 5 -1 0 -6 -1 -3 q -4 -3 -5 -5 c 4 -2 -1 -5 -1 -4\" fill=\"#fff\"><\/path><\/svg><\/span><\/a><\/div><div class=\"heateorSssClear\"><\/div><\/div><div class='heateorSssClear'><\/div>","protected":false},"author":3,"featured_media":0,"comment_status":"open","ping_status":"open","sticky":false,"template":"","format":"standard","meta":{"jetpack_post_was_ever_published":false,"_jetpack_newsletter_access":"","_jetpack_dont_email_post_to_subs":false,"_jetpack_newsletter_tier_id":0,"_jetpack_memberships_contains_paywalled_content":false,"_jetpack_memberships_contains_paid_content":false,"footnotes":"","jetpack_publicize_message":"","jetpack_publicize_feature_enabled":true,"jetpack_social_post_already_shared":false,"jetpack_social_options":{"image_generator_settings":{"template":"highway","default_image_id":0,"enabled":false},"version":2}},"categories":[4],"tags":[1582,180,1624,985],"class_list":["post-8417","post","type-post","status-publish","format-standard","hentry","category-attualita","tag-forma-di-governo","tag-presidente-della-repubblica","tag-presidenzialismo","tag-programmi-elettorali"],"jetpack_publicize_connections":[],"jetpack_featured_media_url":"","jetpack_shortlink":"https:\/\/wp.me\/p84sDq-2bL","jetpack_likes_enabled":true,"jetpack_sharing_enabled":true,"_links":{"self":[{"href":"https:\/\/www.lacostituzione.info\/index.php\/wp-json\/wp\/v2\/posts\/8417","targetHints":{"allow":["GET"]}}],"collection":[{"href":"https:\/\/www.lacostituzione.info\/index.php\/wp-json\/wp\/v2\/posts"}],"about":[{"href":"https:\/\/www.lacostituzione.info\/index.php\/wp-json\/wp\/v2\/types\/post"}],"author":[{"embeddable":true,"href":"https:\/\/www.lacostituzione.info\/index.php\/wp-json\/wp\/v2\/users\/3"}],"replies":[{"embeddable":true,"href":"https:\/\/www.lacostituzione.info\/index.php\/wp-json\/wp\/v2\/comments?post=8417"}],"version-history":[{"count":0,"href":"https:\/\/www.lacostituzione.info\/index.php\/wp-json\/wp\/v2\/posts\/8417\/revisions"}],"wp:attachment":[{"href":"https:\/\/www.lacostituzione.info\/index.php\/wp-json\/wp\/v2\/media?parent=8417"}],"wp:term":[{"taxonomy":"category","embeddable":true,"href":"https:\/\/www.lacostituzione.info\/index.php\/wp-json\/wp\/v2\/categories?post=8417"},{"taxonomy":"post_tag","embeddable":true,"href":"https:\/\/www.lacostituzione.info\/index.php\/wp-json\/wp\/v2\/tags?post=8417"}],"curies":[{"name":"wp","href":"https:\/\/api.w.org\/{rel}","templated":true}]}}