{"id":8500,"date":"2022-10-19T10:21:38","date_gmt":"2022-10-19T08:21:38","guid":{"rendered":"http:\/\/www.lacostituzione.info\/?p=8500"},"modified":"2022-10-19T10:21:54","modified_gmt":"2022-10-19T08:21:54","slug":"sistema-climatico-e-giudizio-di-legittimita-costituzionale-lesempio-dellecuador","status":"publish","type":"post","link":"https:\/\/www.lacostituzione.info\/index.php\/2022\/10\/19\/sistema-climatico-e-giudizio-di-legittimita-costituzionale-lesempio-dellecuador\/","title":{"rendered":"Sistema climatico e giudizio di legittimit\u00e0 costituzionale. L&#8217;esempio dell\u2019Ecuador"},"content":{"rendered":"\n<p style=\"text-align: center;\"><a href=\"http:\/\/www.lacostituzione.info\/index.php\/2022\/10\/19\/sistema-climatico-e-giudizio-di-legittimita-costituzionale-lesempio-dellecuador\/cce\/#main\" rel=\"attachment wp-att-8501\"><img loading=\"lazy\" decoding=\"async\" data-attachment-id=\"8501\" data-permalink=\"https:\/\/www.lacostituzione.info\/index.php\/2022\/10\/19\/sistema-climatico-e-giudizio-di-legittimita-costituzionale-lesempio-dellecuador\/cce\/#main\" data-orig-file=\"https:\/\/www.lacostituzione.info\/wp-content\/uploads\/2022\/10\/cce.jpg\" data-orig-size=\"282,179\" data-comments-opened=\"1\" data-image-meta=\"{&quot;aperture&quot;:&quot;0&quot;,&quot;credit&quot;:&quot;&quot;,&quot;camera&quot;:&quot;&quot;,&quot;caption&quot;:&quot;&quot;,&quot;created_timestamp&quot;:&quot;0&quot;,&quot;copyright&quot;:&quot;&quot;,&quot;focal_length&quot;:&quot;0&quot;,&quot;iso&quot;:&quot;0&quot;,&quot;shutter_speed&quot;:&quot;0&quot;,&quot;title&quot;:&quot;&quot;,&quot;orientation&quot;:&quot;0&quot;}\" data-image-title=\"cce\" data-image-description=\"\" data-image-caption=\"\" data-medium-file=\"https:\/\/www.lacostituzione.info\/wp-content\/uploads\/2022\/10\/cce.jpg\" data-large-file=\"https:\/\/www.lacostituzione.info\/wp-content\/uploads\/2022\/10\/cce.jpg\" class=\"aligncenter size-thumbnail wp-image-8501\" src=\"http:\/\/www.lacostituzione.info\/wp-content\/uploads\/2022\/10\/cce-150x150.jpg\" alt=\"\" width=\"150\" height=\"150\" \/><\/a>di <strong>Gianvito Campeggio<\/strong><\/p>\n<p>La Sentenza della Corte costituzionale dell\u2019Ecuador <a href=\"https:\/\/www.corteconstitucional.gob.ec\/index.php\/boletines-de-prensa\/item\/1262-caso-nro-1149-19-jp-21-revisi%C3%B3n-de-sentencia-de-acci%C3%B3n-de-protecci%C3%B3n-bosque-protector-los-cedros.html\" class=\"broken_link\">n. 1149-19-JP\/21<\/a> \u00e8 stata <a href=\"https:\/\/www.garn.org\/los-cedros-rights-of-nature\/\">salutata<\/a> come una delle pi\u00f9 innovative e complete decisioni giudiziali in materia ambientale e climatica.<!--more-->La sua rilevanza, infatti, va ben oltre la vicenda specifica allegata in giudizio, oggetto di commento anche in Italia (cfr. <a href=\"https:\/\/www.diritticomparati.it\/la-corte-costituzionale-dellecuador-si-pronuncia-sulla-lesione-dei-diritti-della-natura-del-bosque-protector-los-cedros\/\">qui<\/a> quello di L.A. Nocera), per espandersi sul fronte del necessario inquadramento delle categorie giuridiche climatiche e ambientali alla luce delle definizioni e della lingua delle scienze biofisiche.\u00a0Si tratta, quindi, di una decisione che permette ai giuristi di prendere dimestichezza con la biofisica, senza la cui conoscenza \u00e8 impossibile comprendere i fatti oggetto di qualsiasi norma o decisione giuridica nel tempo attuale dell\u2019emergenza climatica e ambientale.<\/p>\n<p>Non a caso, il suo contenuto \u00e8 contraddistinto dal continuo richiamo alla Convenzione quadro delle Nazioni Unite sul cambiamento climatico del 1992 (<a href=\"https:\/\/unfccc.int\/files\/essential_background\/background_publications_htmlpdf\/application\/pdf\/conveng.pdf\">UNFCCC<\/a>), di cui \u00e8 parte anche l\u2019Ecuador, al fine di constatare la corrispondenza speculare tra lemmi e concetti contenuti nella Costituzione ecuadoriana del 2008, prevalentemente riferiti alla natura come soggetto di diritti, e lemmi e definizioni scientifiche codificate appunto dalla Convenzione ONU, soprattutto nel <em>Preambolo<\/em> e nei suoi primi tre articoli, riguardanti \u2013 com\u2019\u00e8 noto \u2013 il sistema climatico.<\/p>\n<p>Il suo studio diventa, allora, di estremo interesse, ancorch\u00e9 il suo <em>thema decidendum<\/em> non consista in un vero e proprio \u201ccontenzioso climatico\u201d, nei perimetri corrispondenti alle classificazioni dell\u2019UNEP (esposte nel suo <a href=\"https:\/\/www.unep.org\/resources\/report\/global-climate-litigation-report-2020-status-review\" class=\"broken_link\"><em>Global Climate Litigation Report 2020 Status Review<\/em><\/a>) ovvero un giudizio sul solo problema delle emissioni di gas serra (ma., sul valore riduttivo di questi inquadramenti, cfr. T. Challe, <a href=\"https:\/\/news.climate.columbia.edu\/2021\/04\/22\/rights-of-nature-lawsuits\/\"><em>The Rights of Nature. Can an Ecosystem Bear Legal Rights?<\/em><\/a>).<\/p>\n<p>Del resto, la sua lettura ci consegna una verit\u00e0 incontestabile alla luce delle acquisizioni appunto della scienza biofisica: natura e sistema climatico sono la stessa cosa, sicch\u00e9 difendere la natura significa difendere il sistema climatico in tutte le sue componenti e dinamiche e, con esso, i beni vitali (acqua, aria, cibo, suolo ecc\u2026) di tutti gli esseri viventi, incluso l\u2019essere umano. Ne deriva, e la Corte costituzionale lo fa presente, che qualsiasi distinzione tra diritto soggettivo e natura (o ambiente), interessi umani e altri interessi, beni vitali antropocentrici e servizi ecosistemici, singolo e sistema, condizioni soggettive e adespote, definizioni normative e definizioni scientifiche, risulta epistemicamente falso perch\u00e9 prescisso dalle scoperte delle scienze biofisiche sulla realt\u00e0 effettiva del sistema terrestre e sulle sue interdipendenze. Diventa simile a un argomentare della terra piatta, solo perch\u00e9 lo scrive qualche disposizione normativa nonostante l\u2019evidenza scientifica della sua rotondit\u00e0.<\/p>\n<p>La Corte costituzionale insiste molto sull\u2019importanza della lingua della scienza per non cadere in queste trappole cognitive. Grazie alla scienza si scopre il funzionamento della natura, ci dice il giudice, e delle sue leggi biofisiche, il cui contenuto fattuale integra il diritto e le spiegazioni degli impatti dei comportamenti umani.<\/p>\n<p>In questo percorso ermeneutico, il giudice ecuadoriano \u00e8 indubbiamente favorito dall\u2019originalit\u00e0 della Costituzione dell\u2019Ecuador del 2008, unica al mondo a intessere un vocabolario normativo non solo privo di ambiguit\u00e0 sul concetto di natura ma rigoroso sul piano epistemico (cfr., su questo carattere unico del testo dell\u2019Ecuador, M. Carducci <em>et al<\/em>., <a href=\"https:\/\/www.eesc.europa.eu\/sites\/default\/files\/files\/qe-03-20-586-en-n.pdf\"><em>Towards an EU Charter of the Fundamental Rights of Nature<\/em><\/a>, spec. 157 ss.). Del resto, come risaputo, quel documento non si limita a parlare genericamente di ambiente, ma utilizza il lemma natura su pi\u00f9 fronti di regole e principi, per scandirne:<\/p>\n<p>&#8211; la sua identit\u00e0 di soggetto di diritto, il che significa tanto elemento costitutivo di tutte le relazioni giuridiche imbastite dall\u2019azione umana quanto parametro di giudizio di quelle relazioni (in una prospettiva quasi analoga al \u201cprincipio di integrazione ambientale\u201d, di cui all\u2019art. 11 TFUE: cfr. M. Carducci, L.P. Castillo Amaya, <a href=\"https:\/\/seer.atitus.edu.br\/index.php\/revistadedireito\/article\/view\/1619\/1059\" class=\"broken_link\"><em>Nature as Grundnorm<\/em><\/a>);<\/p>\n<p>&#8211; la sua immanenza nel sistema giuridico per l\u2019effettivit\u00e0 dei beni vitali della persona umana (come diritto al mantenimento e alla rigenerazione dei \u201csuoi cicli vitali\u201d che includono anche quelli degli esseri umani);<\/p>\n<p>&#8211; il suo \u201cvalore intrinseco\u201d\u00a0rispetto ai soli interessi umani, a differenza del diritto ambientale tradizionale, appiattito sulla tradizione neoclassica dell\u2019economia politica.<\/p>\n<p>Questo ordito pervade l\u2019intero testo costituzionale, ma trova puntuale riscontro almeno nelle seguenti disposizioni, non a caso richiamate dal giudice nel caso in questione:<\/p>\n<p>&#8211; art. 71, secondo cui \u00ab<em>la natura \u2026 ha diritto al pieno rispetto della sua esistenza e al mantenimento e alla rigenerazione dei suoi cicli vitali, della sua struttura, delle sue funzioni e dei suoi processi evolutivi<\/em>\u00bb (tutte le traduzioni sono proposte da chi scrive);<\/p>\n<p>&#8211; artt. 84, 85 e 277 n. 1, che impongono il dovere, in capo a tutti i poteri normativi e politici, di non \u201cminacciare\u201d (<em>atentar<\/em>) quel diritto e di promuoverlo;<\/p>\n<p>&#8211; art. 395 n. 4, che inibisce la funzionalizzazione del diritto ai soli interessi umani, dato che \u00ab<em>in caso di dubbio in merito alla portata delle disposizioni di legge in materia ambientale, queste saranno applicate nel senso pi\u00f9 favorevole alla protezione della natura<\/em>\u00bb;<\/p>\n<p>&#8211; art. 414, che estende all\u2019intero sistema climatico il quadro di riferimento dei diritti della natura.<\/p>\n<p>Di fatto, la Costituzione dell\u2019Ecuador identifica la natura nel sistema climatico (sui processi di costituzionalizzazione del sistema climatico nel mondo, si v. ora P. Viola, <a href=\"https:\/\/link.springer.com\/book\/10.1007\/978-3-030-97336-0\"><em>Climate Constitutionalism Momentum<\/em><\/a>). Si spiega cos\u00ec il parallelismo lessicale, proposto dai Giudici, con la citata Convenzione quadro dell\u2019ONU, il cui art. 2 impone agli Stati di agire per escludere qualsiasi pericolosa interferenza delle attivit\u00e0 umane sul sistema climatico nel rispetto dei tempi sufficienti per permettere agli ecosistemi di adattarsi naturalmente a cambiamenti di clima e per garantire che la produzione alimentare non sia minacciata e lo sviluppo economico possa continuare ad un ritmo sostenibile: esattamente come vuole il testo dell\u2019Ecuador.<\/p>\n<p>\u00c8 proprio questo parallelismo che consente di dare rilievo ai significati del testo normativo alla luce delle scienze biofisiche e questo non perch\u00e9 esse forniscano certezze inespugnabili, ma perch\u00e9 sono le uniche che operano in funzione della salvaguardia della vita in tutte le dimensioni e i cicli che la riguardano.<\/p>\n<p>Alcuni passaggi delle argomentazioni della Corte rendono pi\u00f9 chiaro l\u2019 importante costrutto.<\/p>\n<p>\u00ab<em>L\u2019idea centrale dei diritti della natura \u00e8 che essa ha valore in s\u00e9 \u2026 ossia indipendentemente dalla sua utilit\u00e0 per gli esseri umani<\/em>\u00bb, si legge nel \u00a7 42 della Sentenza. Gi\u00e0 la Corte interamericana dei diritti umani, nella sua <a href=\"https:\/\/www.corteidh.or.cr\/sitios\/libros\/todos\/docs\/infografia-eng.pdf\">Opinione consultiva n. 23\/17<\/a> e nel caso \u201c<a href=\"https:\/\/www.corteidh.or.cr\/docs\/casos\/articulos\/seriec_400_ing.pdf\"><em>Lhaka Honhat vs. Argentina<\/em><\/a>\u201d del 6 febbraio 2020, aveva affermato il principio di \u00ab<em>proteggere la natura e l\u2019ambiente non solo per il loro legame con un\u2019utilit\u00e0 degli esseri umani o per gli effetti che il loro degrado potrebbe avere su altri diritti degli individui, come la salute, la vita o l\u2019integrit\u00e0 personale, ma anche per la loro importanza per gli altri organismi viventi con cui il pianeta \u00e8 condiviso, anch\u2019essi meritevoli di protezione in s\u00e9<\/em>\u00bb. La novit\u00e0 del giudice ecuadoriano investe il fatto di coniugare la \u00ab<em>prospettiva sistemica che protegge i processi naturali per il loro stesso valore<\/em>\u00bb (\u00a7 43), con il dovere di produrre e interpretare norme alla luce della conoscenza scientifica di quei processi (\u00a7\u00a7 34-36), dalla cui complessa dinamica dipende la vita umana presente e futura (\u00a7\u00a7 8 e 241). In tale cornice, il concetto di \u00ab<em>ambiente sano ecologicamente equilibrato<\/em>\u00bb, previsto dagli artt. 14, 66 e 397, \u00e8 sottratto alla libera disponibilit\u00e0 dei individui ma anche a quella delle interpretazioni e bilanciamenti costituzionali, indifferenti alle conoscenze scientifiche, per affidare alla scienza la verifica del mantenimento temporale dei \u201ccicli vitali\u201d della natura (\u00a7\u00a7 46, 66, 213 e 241) e orientare i principi di precauzione e prevenzione (\u00a7\u00a7 8 e 55) in funzione della preservazione.<\/p>\n<p>Il punto finale di questo percorso \u00e8 l\u2019affermazione del c.d. \u00abprincipio di tolleranza ecologica\u00bb, che traduce non solo il concetto normativo di \u00ab<em>rigenerazione dei cicli vitali<\/em>\u00bb, di cui al citato art. 71, ma soprattutto il divieto, posto dall\u2019art. 73 n. 1 sempre della Costituzione, di \u00ab<em>alterazione permanente dei cicli vitali<\/em>\u00bb.<\/p>\n<p>Insomma, la \u201ctolleranza ecologica\u201d \u00e8 il limite esterno alla \u201calterazione permanente dei cicli vitali\u201d: una sorta di <em>neminem laedere<\/em> di sistema che tutela l\u2019adattamento, appunto tollerabile, al cambiamento antropogenico (cos\u00ec al \u00a7 44), in una conclusione praticamente identica alle scoperte della scienza sui c.d. \u201c<a href=\"https:\/\/www.reteclima.it\/tipping-points-ambientali-e-riscaldamento-climatico\/\"><em>Tipping Point<\/em><\/a>\u201d, i punti di svolta irreversibile del sistema climatico che innescano ricadute a cascata di incidenza negativa sulla sopravvivenza anche umana, come tali non superabili perch\u00e9 non tollerabili.<\/p>\n<p>Grazie a questa originale decisione giurisprudenziale, il diritto aggiorna il suo vocabolario di osservazione della complessit\u00e0 naturale in nome di un comune obiettivo di sopravvivenza \u201ctollerabile\u201d di tutta la natura, ovvero del sistema climatico.<\/p>\n<p>\u00c8 vero che il concetto di \u201ctollerabilit\u00e0\u201d appartiene anche alle elaborazioni dei formanti del diritto euro-nordamericano: si pensi al concetto statunitense di \u201c<a href=\"https:\/\/www.law.cornell.edu\/wex\/public_nuisance\"><em>public <\/em><em>nuisance<\/em><\/a>\u201d o al nostro <a href=\"https:\/\/www.gazzettaufficiale.it\/atto\/serie_generale\/caricaArticolo?art.progressivo=0&amp;art.idArticolo=844&amp;art.versione=1&amp;art.codiceRedazionale=042U0262&amp;art.dataPubblicazioneGazzetta=1942-04-04&amp;art.idGruppo=105&amp;art.idSottoArticolo1=10&amp;art.idSottoArticolo=1&amp;art.flagTipoArticolo=2#:~:text=844.,riguardo%20alla%20condizione%20dei%20luoghi.\">art. 844 Cod. civ<\/a>. o ancora all\u2019<a href=\"https:\/\/www.giurcost.org\/decisioni\/1990\/0127s-90.html\">art. 674 Cod. pen<\/a>., come interpretato dalla Corte costituzionale.<\/p>\n<p>La differenza, per\u00f2, risiede nella sua lettura, non pi\u00f9 proiettata sulla singolarit\u00e0 degli interessi umani ma sull\u2019intero e complesso sistema naturale, conoscibile e comprensibile attraverso le scienze biofisiche e apprezzabile nella valutazione del tempo dei processi rigenerativi, calcolabili solo da quelle scienze.<\/p>\n<p>\u00c8 questa l\u2019unica interpretazione giuridicamente e logicamente sensata della natura e quindi del sistema climatico nell\u2019interesse della vita, presente e futura: grazie alla scienza e al diritto che non finge di fronte a essa.<\/p>\n","protected":false},"excerpt":{"rendered":"<p>di Gianvito Campeggio La Sentenza della Corte costituzionale dell\u2019Ecuador n. 1149-19-JP\/21 \u00e8 stata salutata come una delle pi\u00f9 innovative e complete decisioni giudiziali in materia ambientale e climatica.<\/p>\n<div class='heateorSssClear'><\/div><div  class='heateor_sss_sharing_container heateor_sss_horizontal_sharing' data-heateor-sss-href='https:\/\/www.lacostituzione.info\/index.php\/2022\/10\/19\/sistema-climatico-e-giudizio-di-legittimita-costituzionale-lesempio-dellecuador\/'><div class='heateor_sss_sharing_title' style=\"font-weight:bold\" >Condividi!<\/div><div class=\"heateor_sss_sharing_ul\"><a aria-label=\"Facebook\" class=\"heateor_sss_facebook\" href=\"https:\/\/www.facebook.com\/sharer\/sharer.php?u=https%3A%2F%2Fwww.lacostituzione.info%2Findex.php%2F2022%2F10%2F19%2Fsistema-climatico-e-giudizio-di-legittimita-costituzionale-lesempio-dellecuador%2F\" title=\"Facebook\" rel=\"nofollow noopener\" target=\"_blank\" style=\"font-size:32px!important;box-shadow:none;display:inline-block;vertical-align:middle\"><span class=\"heateor_sss_svg\" style=\"background-color:#0765FE;width:35px;height:35px;display:inline-block;opacity:1;float:left;font-size:32px;box-shadow:none;display:inline-block;font-size:16px;padding:0 4px;vertical-align:middle;background-repeat:repeat;overflow:hidden;padding:0;cursor:pointer;box-sizing:content-box\"><svg style=\"display:block;\" focusable=\"false\" aria-hidden=\"true\" xmlns=\"http:\/\/www.w3.org\/2000\/svg\" width=\"100%\" height=\"100%\" viewBox=\"0 0 32 32\"><path fill=\"#fff\" d=\"M28 16c0-6.627-5.373-12-12-12S4 9.373 4 16c0 5.628 3.875 10.35 9.101 11.647v-7.98h-2.474V16H13.1v-1.58c0-4.085 1.849-5.978 5.859-5.978.76 0 2.072.15 2.608.298v3.325c-.283-.03-.775-.045-1.386-.045-1.967 0-2.728.745-2.728 2.683V16h3.92l-.673 3.667h-3.247v8.245C23.395 27.195 28 22.135 28 16Z\"><\/path><\/svg><\/span><\/a><a aria-label=\"Twitter\" class=\"heateor_sss_button_twitter\" href=\"https:\/\/twitter.com\/intent\/tweet?text=Sistema%20climatico%20e%20giudizio%20di%20legittimit%C3%A0%20costituzionale.%20L%27esempio%20dell%E2%80%99Ecuador&url=https%3A%2F%2Fwww.lacostituzione.info%2Findex.php%2F2022%2F10%2F19%2Fsistema-climatico-e-giudizio-di-legittimita-costituzionale-lesempio-dellecuador%2F\" title=\"Twitter\" rel=\"nofollow noopener\" target=\"_blank\" style=\"font-size:32px!important;box-shadow:none;display:inline-block;vertical-align:middle\"><span class=\"heateor_sss_svg heateor_sss_s__default heateor_sss_s_twitter\" style=\"background-color:#55acee;width:35px;height:35px;display:inline-block;opacity:1;float:left;font-size:32px;box-shadow:none;display:inline-block;font-size:16px;padding:0 4px;vertical-align:middle;background-repeat:repeat;overflow:hidden;padding:0;cursor:pointer;box-sizing:content-box\"><svg style=\"display:block;\" focusable=\"false\" aria-hidden=\"true\" xmlns=\"http:\/\/www.w3.org\/2000\/svg\" width=\"100%\" height=\"100%\" viewBox=\"-4 -4 39 39\"><path d=\"M28 8.557a9.913 9.913 0 0 1-2.828.775 4.93 4.93 0 0 0 2.166-2.725 9.738 9.738 0 0 1-3.13 1.194 4.92 4.92 0 0 0-3.593-1.55 4.924 4.924 0 0 0-4.794 6.049c-4.09-.21-7.72-2.17-10.15-5.15a4.942 4.942 0 0 0-.665 2.477c0 1.71.87 3.214 2.19 4.1a4.968 4.968 0 0 1-2.23-.616v.06c0 2.39 1.7 4.38 3.952 4.83-.414.115-.85.174-1.297.174-.318 0-.626-.03-.928-.086a4.935 4.935 0 0 0 4.6 3.42 9.893 9.893 0 0 1-6.114 2.107c-.398 0-.79-.023-1.175-.068a13.953 13.953 0 0 0 7.55 2.213c9.056 0 14.01-7.507 14.01-14.013 0-.213-.005-.426-.015-.637.96-.695 1.795-1.56 2.455-2.55z\" fill=\"#fff\"><\/path><\/svg><\/span><\/a><a aria-label=\"Reddit\" class=\"heateor_sss_button_reddit\" href=\"https:\/\/reddit.com\/submit?url=https%3A%2F%2Fwww.lacostituzione.info%2Findex.php%2F2022%2F10%2F19%2Fsistema-climatico-e-giudizio-di-legittimita-costituzionale-lesempio-dellecuador%2F&title=Sistema%20climatico%20e%20giudizio%20di%20legittimit%C3%A0%20costituzionale.%20L%27esempio%20dell%E2%80%99Ecuador\" title=\"Reddit\" rel=\"nofollow noopener\" target=\"_blank\" style=\"font-size:32px!important;box-shadow:none;display:inline-block;vertical-align:middle\"><span class=\"heateor_sss_svg heateor_sss_s__default heateor_sss_s_reddit\" style=\"background-color:#ff5700;width:35px;height:35px;display:inline-block;opacity:1;float:left;font-size:32px;box-shadow:none;display:inline-block;font-size:16px;padding:0 4px;vertical-align:middle;background-repeat:repeat;overflow:hidden;padding:0;cursor:pointer;box-sizing:content-box\"><svg style=\"display:block;\" focusable=\"false\" aria-hidden=\"true\" xmlns=\"http:\/\/www.w3.org\/2000\/svg\" width=\"100%\" height=\"100%\" viewBox=\"-3.5 -3.5 39 39\"><path d=\"M28.543 15.774a2.953 2.953 0 0 0-2.951-2.949 2.882 2.882 0 0 0-1.9.713 14.075 14.075 0 0 0-6.85-2.044l1.38-4.349 3.768.884a2.452 2.452 0 1 0 .24-1.176l-4.274-1a.6.6 0 0 0-.709.4l-1.659 5.224a14.314 14.314 0 0 0-7.316 2.029 2.908 2.908 0 0 0-1.872-.681 2.942 2.942 0 0 0-1.618 5.4 5.109 5.109 0 0 0-.062.765c0 4.158 5.037 7.541 11.229 7.541s11.22-3.383 11.22-7.541a5.2 5.2 0 0 0-.053-.706 2.963 2.963 0 0 0 1.427-2.51zm-18.008 1.88a1.753 1.753 0 0 1 1.73-1.74 1.73 1.73 0 0 1 1.709 1.74 1.709 1.709 0 0 1-1.709 1.711 1.733 1.733 0 0 1-1.73-1.711zm9.565 4.968a5.573 5.573 0 0 1-4.081 1.272h-.032a5.576 5.576 0 0 1-4.087-1.272.6.6 0 0 1 .844-.854 4.5 4.5 0 0 0 3.238.927h.032a4.5 4.5 0 0 0 3.237-.927.6.6 0 1 1 .844.854zm-.331-3.256a1.726 1.726 0 1 1 1.709-1.712 1.717 1.717 0 0 1-1.712 1.712z\" fill=\"#fff\"\/><\/svg><\/span><\/a><a aria-label=\"Linkedin\" class=\"heateor_sss_button_linkedin\" href=\"https:\/\/www.linkedin.com\/sharing\/share-offsite\/?url=https%3A%2F%2Fwww.lacostituzione.info%2Findex.php%2F2022%2F10%2F19%2Fsistema-climatico-e-giudizio-di-legittimita-costituzionale-lesempio-dellecuador%2F\" title=\"Linkedin\" rel=\"nofollow noopener\" target=\"_blank\" style=\"font-size:32px!important;box-shadow:none;display:inline-block;vertical-align:middle\"><span class=\"heateor_sss_svg heateor_sss_s__default heateor_sss_s_linkedin\" style=\"background-color:#0077b5;width:35px;height:35px;display:inline-block;opacity:1;float:left;font-size:32px;box-shadow:none;display:inline-block;font-size:16px;padding:0 4px;vertical-align:middle;background-repeat:repeat;overflow:hidden;padding:0;cursor:pointer;box-sizing:content-box\"><svg style=\"display:block;\" focusable=\"false\" aria-hidden=\"true\" xmlns=\"http:\/\/www.w3.org\/2000\/svg\" width=\"100%\" height=\"100%\" viewBox=\"0 0 32 32\"><path d=\"M6.227 12.61h4.19v13.48h-4.19V12.61zm2.095-6.7a2.43 2.43 0 0 1 0 4.86c-1.344 0-2.428-1.09-2.428-2.43s1.084-2.43 2.428-2.43m4.72 6.7h4.02v1.84h.058c.56-1.058 1.927-2.176 3.965-2.176 4.238 0 5.02 2.792 5.02 6.42v7.395h-4.183v-6.56c0-1.564-.03-3.574-2.178-3.574-2.18 0-2.514 1.7-2.514 3.46v6.668h-4.187V12.61z\" fill=\"#fff\"><\/path><\/svg><\/span><\/a><a aria-label=\"Pinterest\" class=\"heateor_sss_button_pinterest\" href=\"https:\/\/www.lacostituzione.info\/index.php\/2022\/10\/19\/sistema-climatico-e-giudizio-di-legittimita-costituzionale-lesempio-dellecuador\/\" onclick=\"event.preventDefault();javascript:void( (function() {var e=document.createElement('script' );e.setAttribute('type','text\/javascript' );e.setAttribute('charset','UTF-8' );e.setAttribute('src','\/\/assets.pinterest.com\/js\/pinmarklet.js?r='+Math.random()*99999999);document.body.appendChild(e)})());\" title=\"Pinterest\" rel=\"noopener\" style=\"font-size:32px!important;box-shadow:none;display:inline-block;vertical-align:middle\"><span class=\"heateor_sss_svg heateor_sss_s__default heateor_sss_s_pinterest\" style=\"background-color:#cc2329;width:35px;height:35px;display:inline-block;opacity:1;float:left;font-size:32px;box-shadow:none;display:inline-block;font-size:16px;padding:0 4px;vertical-align:middle;background-repeat:repeat;overflow:hidden;padding:0;cursor:pointer;box-sizing:content-box\"><svg style=\"display:block;\" focusable=\"false\" aria-hidden=\"true\" xmlns=\"http:\/\/www.w3.org\/2000\/svg\" width=\"100%\" height=\"100%\" viewBox=\"-2 -2 35 35\"><path fill=\"#fff\" d=\"M16.539 4.5c-6.277 0-9.442 4.5-9.442 8.253 0 2.272.86 4.293 2.705 5.046.303.125.574.005.662-.33.061-.231.205-.816.27-1.06.088-.331.053-.447-.191-.736-.532-.627-.873-1.439-.873-2.591 0-3.338 2.498-6.327 6.505-6.327 3.548 0 5.497 2.168 5.497 5.062 0 3.81-1.686 7.025-4.188 7.025-1.382 0-2.416-1.142-2.085-2.545.397-1.674 1.166-3.48 1.166-4.689 0-1.081-.581-1.983-1.782-1.983-1.413 0-2.548 1.462-2.548 3.419 0 1.247.421 2.091.421 2.091l-1.699 7.199c-.505 2.137-.076 4.755-.039 5.019.021.158.223.196.314.077.13-.17 1.813-2.247 2.384-4.324.162-.587.929-3.631.929-3.631.46.876 1.801 1.646 3.227 1.646 4.247 0 7.128-3.871 7.128-9.053.003-3.918-3.317-7.568-8.361-7.568z\"\/><\/svg><\/span><\/a><a aria-label=\"Whatsapp\" class=\"heateor_sss_whatsapp\" href=\"https:\/\/api.whatsapp.com\/send?text=Sistema%20climatico%20e%20giudizio%20di%20legittimit%C3%A0%20costituzionale.%20L%27esempio%20dell%E2%80%99Ecuador%20https%3A%2F%2Fwww.lacostituzione.info%2Findex.php%2F2022%2F10%2F19%2Fsistema-climatico-e-giudizio-di-legittimita-costituzionale-lesempio-dellecuador%2F\" title=\"Whatsapp\" rel=\"nofollow noopener\" target=\"_blank\" style=\"font-size:32px!important;box-shadow:none;display:inline-block;vertical-align:middle\"><span class=\"heateor_sss_svg\" style=\"background-color:#55eb4c;width:35px;height:35px;display:inline-block;opacity:1;float:left;font-size:32px;box-shadow:none;display:inline-block;font-size:16px;padding:0 4px;vertical-align:middle;background-repeat:repeat;overflow:hidden;padding:0;cursor:pointer;box-sizing:content-box\"><svg style=\"display:block;\" focusable=\"false\" aria-hidden=\"true\" xmlns=\"http:\/\/www.w3.org\/2000\/svg\" width=\"100%\" height=\"100%\" viewBox=\"-6 -5 40 40\"><path class=\"heateor_sss_svg_stroke heateor_sss_no_fill\" stroke=\"#fff\" stroke-width=\"2\" fill=\"none\" d=\"M 11.579798566743314 24.396926207859085 A 10 10 0 1 0 6.808479557110079 20.73576436351046\"><\/path><path d=\"M 7 19 l -1 6 l 6 -1\" class=\"heateor_sss_no_fill heateor_sss_svg_stroke\" stroke=\"#fff\" stroke-width=\"2\" fill=\"none\"><\/path><path d=\"M 10 10 q -1 8 8 11 c 5 -1 0 -6 -1 -3 q -4 -3 -5 -5 c 4 -2 -1 -5 -1 -4\" fill=\"#fff\"><\/path><\/svg><\/span><\/a><\/div><div class=\"heateorSssClear\"><\/div><\/div><div class='heateorSssClear'><\/div>","protected":false},"author":1,"featured_media":0,"comment_status":"open","ping_status":"open","sticky":false,"template":"","format":"standard","meta":{"jetpack_post_was_ever_published":false,"_jetpack_newsletter_access":"","_jetpack_dont_email_post_to_subs":false,"_jetpack_newsletter_tier_id":0,"_jetpack_memberships_contains_paywalled_content":false,"_jetpack_memberships_contains_paid_content":false,"footnotes":"","jetpack_publicize_message":"","jetpack_publicize_feature_enabled":true,"jetpack_social_post_already_shared":false,"jetpack_social_options":{"image_generator_settings":{"template":"highway","default_image_id":0,"enabled":false},"version":2}},"categories":[5],"tags":[24,1441,149],"class_list":["post-8500","post","type-post","status-publish","format-standard","hentry","category-lavori-in-corso","tag-ambiente","tag-catastrofe-climatica","tag-corte-costituzionale"],"jetpack_publicize_connections":[],"jetpack_featured_media_url":"","jetpack_shortlink":"https:\/\/wp.me\/p84sDq-2d6","jetpack_likes_enabled":true,"jetpack_sharing_enabled":true,"_links":{"self":[{"href":"https:\/\/www.lacostituzione.info\/index.php\/wp-json\/wp\/v2\/posts\/8500","targetHints":{"allow":["GET"]}}],"collection":[{"href":"https:\/\/www.lacostituzione.info\/index.php\/wp-json\/wp\/v2\/posts"}],"about":[{"href":"https:\/\/www.lacostituzione.info\/index.php\/wp-json\/wp\/v2\/types\/post"}],"author":[{"embeddable":true,"href":"https:\/\/www.lacostituzione.info\/index.php\/wp-json\/wp\/v2\/users\/1"}],"replies":[{"embeddable":true,"href":"https:\/\/www.lacostituzione.info\/index.php\/wp-json\/wp\/v2\/comments?post=8500"}],"version-history":[{"count":0,"href":"https:\/\/www.lacostituzione.info\/index.php\/wp-json\/wp\/v2\/posts\/8500\/revisions"}],"wp:attachment":[{"href":"https:\/\/www.lacostituzione.info\/index.php\/wp-json\/wp\/v2\/media?parent=8500"}],"wp:term":[{"taxonomy":"category","embeddable":true,"href":"https:\/\/www.lacostituzione.info\/index.php\/wp-json\/wp\/v2\/categories?post=8500"},{"taxonomy":"post_tag","embeddable":true,"href":"https:\/\/www.lacostituzione.info\/index.php\/wp-json\/wp\/v2\/tags?post=8500"}],"curies":[{"name":"wp","href":"https:\/\/api.w.org\/{rel}","templated":true}]}}