{"id":8510,"date":"2022-10-29T18:38:37","date_gmt":"2022-10-29T16:38:37","guid":{"rendered":"http:\/\/www.lacostituzione.info\/?p=8510"},"modified":"2022-10-29T18:38:55","modified_gmt":"2022-10-29T16:38:55","slug":"di-quale-presidenzialismo-si-parla","status":"publish","type":"post","link":"https:\/\/www.lacostituzione.info\/index.php\/2022\/10\/29\/di-quale-presidenzialismo-si-parla\/","title":{"rendered":"Di quale &#8220;presidenzialismo&#8221; si parla?"},"content":{"rendered":"\n<p style=\"text-align: center;\"><a href=\"http:\/\/www.lacostituzione.info\/index.php\/2022\/07\/29\/sulla-ineleggibilita-dei-sindaci-che-non-si-dimettono-in-tempo\/sindaco\/#main\" rel=\"attachment wp-att-8362\"><img loading=\"lazy\" decoding=\"async\" data-attachment-id=\"8362\" data-permalink=\"https:\/\/www.lacostituzione.info\/index.php\/2022\/07\/29\/sulla-ineleggibilita-dei-sindaci-che-non-si-dimettono-in-tempo\/sindaco\/#main\" data-orig-file=\"https:\/\/www.lacostituzione.info\/wp-content\/uploads\/2022\/07\/sindaco.png\" data-orig-size=\"637,620\" data-comments-opened=\"1\" data-image-meta=\"{&quot;aperture&quot;:&quot;0&quot;,&quot;credit&quot;:&quot;&quot;,&quot;camera&quot;:&quot;&quot;,&quot;caption&quot;:&quot;&quot;,&quot;created_timestamp&quot;:&quot;0&quot;,&quot;copyright&quot;:&quot;&quot;,&quot;focal_length&quot;:&quot;0&quot;,&quot;iso&quot;:&quot;0&quot;,&quot;shutter_speed&quot;:&quot;0&quot;,&quot;title&quot;:&quot;&quot;,&quot;orientation&quot;:&quot;0&quot;}\" data-image-title=\"sindaco\" data-image-description=\"\" data-image-caption=\"\" data-medium-file=\"https:\/\/www.lacostituzione.info\/wp-content\/uploads\/2022\/07\/sindaco-300x292.png\" data-large-file=\"https:\/\/www.lacostituzione.info\/wp-content\/uploads\/2022\/07\/sindaco.png\" class=\"aligncenter size-thumbnail wp-image-8362\" src=\"http:\/\/www.lacostituzione.info\/wp-content\/uploads\/2022\/07\/sindaco-150x150.png\" alt=\"\" width=\"150\" height=\"150\" \/><\/a>di\u00a0<strong>Antonio D&#8217;Andrea<\/strong><\/p>\n<p>Va premesso che cambiare la forma di governo parlamentare in chiave \u201cpresidenziale\u201d \u00e8 e resta una complicata ancorch\u00e9 di per s\u00e9 legittima operazione di revisione costituzionale della struttura ordinamentale del Paese.<!--more-->Mi limito solo far rilevare a chi si accinge a governare con numeri \u2013 in apparenza \u2013 tranquillizzanti per la stabilit\u00e0 dell\u2019Esecutivo che questa condizione \u00e8 stata ottenuta \u2013 malgrado una legge elettorale irragionevole e dunque probabilmente illegittima \u2013 nel contesto parlamentare vigente. E non \u00e8 certo la prima volta che i Governi italiani possono contare su una solida maggioranza parlamentare che poi, via via, trova il modo di dissolversi sino a giungere alla irreversibilit\u00e0 della crisi di maggioranza o, almeno, a rimaneggiamenti della struttura ministeriale. Posto che la Presidente Meloni ha avvertito il bisogno di spingere l\u2019orizzonte del suo Governo verso la sponda del \u201cpresidenzialismo\u201d, solleverei qualche questione metodologica sulla portata di questa impostazione ovviamente cruciale.<\/p>\n<p>La prima. Sarebbe bene che il Governo attuale e la sua maggioranza \u2013 a maggior ragione volendosi caratterizzare per \u201cpragmatismo\u201d post ideologico \u2013 non ritenessero, ancora una volta, di provvedere in solitudine e senza un contributo \u2013 anche nel merito \u2013 quantomeno delle opposizioni pi\u00f9 significative, ad apportare modificazioni costituzionali di cos\u00ec ampio raggio e rilevanti conseguenze, come accadrebbe se si mutasse l\u2019attuale, tradizionale sistema di governo. Le revisioni costituzionali, come \u00e8 noto non solo nell\u2019ordinamento italiano, mettono in moto \u201cpercorsi parlamentari\u201d lunghi e impegnativi che nel nostro caso potrebbero sfociare anche in una procedura referendaria determinante ai fini della loro definitiva approvazione; ed \u00e8 bene non sottovalutare gli orientamenti espressi sul punto proprio dal corpo elettorale che ha gi\u00e0 disatteso, in qualche caso clamorosamente, delibere parlamentari \u201cspinte\u201d solo dal Governo in carica e dalla maggioranza di riferimento <em>contro<\/em> le opposizioni.<\/p>\n<p>La seconda. Se si vuole, il tema istituzionale, e certo anche di caratura costituzionale in senso proprio, pi\u00f9 urgente e significativo, \u00e8 e resta quello della rivitalizzazione della rappresentanza (il tema \u00e8 la disaffezione al voto e l\u2019asfissia della militanza partitica): \u00e8 evidente come si debba tornare prima possibile a meccanismi razionali e logici per l\u2019elezione dei membri delle Camere o anche di una sola Camera politica ove si fosse in grado di superare in modo adeguato l\u2019attuale sistema bicamerale (tema che di per s\u00e9 non tocca il sistema di governo di tipo parlamentare). Quello che non si pu\u00f2 in ogni caso ignorare, una volta che si sollevano questioni di questo tipo nel momento stesso dell\u2019insediamento del Governo ritenendo di indicare da subito la stella polare del \u201cpresidenzialismo\u201d, \u00e8 il destino che si pensa di riservare all\u2019organo parlamentare e, inevitabilmente, al raccordo che si intende instaurare tra il futuribile \u201cGoverno del Presidente\u201d e l\u2019organo della rappresentanza politica generale o, se si vuole, nazionale.\u00a0 Come \u00e8 noto da tempo, e oramai non solo ai costituzionalisti, guardare al modello semipresidenziale francese \u00e8 cosa ben diversa dal considerare il modello presidenziale statunitense; cos\u00ec come \u00e8 altres\u00ec noto che, per restare nell\u2019ordinamento italiano, gli assetti ordinamentali dei maggiori Comuni e delle Regioni (in questo caso essendosi giunti persino ad una forma di governo <em>standard<\/em> trasfusa inopinatamente in formula costituzionale con l\u2019avallo referendario quando, tra la fine degli anni novanta e il 2001, la maggioranza di governo era quella di centro-sinistra) realizzano assetti relazionali che non corrispondo n\u00e9 a uno e n\u00e9 all\u2019altro modello. In ogni caso e pur restando sul vago circa il \u201ctipo\u201d di presidenzialismo preferito dall\u2019attuale leadership governativa (nel nostro Paese ci sono da tempo e non solo a destra, \u201ctifosi\u201d del semipresidenzialismo alla francese) e anche senza ritornare sul tema della pur indispensabile riforma per l\u2019elezione dei parlamentari, sarebbe indispensabile chiedere e ottenere un chiarimento almeno su quali nuovi poteri il Capo dello Stato direttamente eletto, potrebbe vedersi riconosciuti in aggiunta agli attuali, al fine di poter, pi\u00f9 significativamente, agire sul terreno, cos\u00ec si dice nella vulgata, della stabilizzazione dell\u2019indirizzo politico.<\/p>\n<p>Dovrebbe essere scontato, almeno a mio avviso, che desiderandosi superare l\u2019attuale sistema parlamentare, almeno su questo preliminare tema venga fornita una risposta, pur se vagamente collegata alla modellistica costituzionale sperimentata negli ordinamenti democratici occidentali. Senza alcuna cautela persino semantica, pu\u00f2 darsi piuttosto l\u2019impressione di parlare gergalmente di \u201cpresidenzialismo\u201d sulla base di un approccio istituzionale poco meditato tutto proteso a dimostrare di essere in grado di investire, in forza di una opportuna riforma costituzionale che riecheggia altri ordinamenti, il corpo elettorale di una scelta decisiva tale da favorire l\u2019affermazione di un coerente indirizzo politico maggioritario per tutto il tempo della durata in carica di un Presidente eletto.<\/p>\n<p>In realt\u00e0, n\u00e9 negli Stati Uniti n\u00e9 in Francia \u2013 \u00e8 bene rammentarlo \u2013 nonostante la diretta individuazione del \u201ccapo\u201d del Governo, si perseguono le condizioni costituzionali per garantire la realizzazione <em>certa <\/em>di programmi e scelte presidenziali (pur se evidentemente \u00a0\u201ccondivise\u201d dalla maggioranza dei suoi elettori): la autonoma vitalit\u00e0 del Congresso statunitense, con i suoi periodici rinnovi parziali, come pure \u00a0la stessa necessit\u00e0 di tenere conto degli equilibri politici interni all\u2019Assemblea Nazionale francese \u2013 posto che non \u00e8 detto si possano scongiurare ipotesi di <em>cohabitation\u00a0 <\/em>con un Primo Ministro e una maggioranza dissonante nonostante nel 2001 sia stato disposto il mutamento della tempistica elettorale al fine di favorire \u201cil trascinamento\u201d sull\u2019elezione parlamentare di quella presidenziale \u2013 sono elementi strutturali capaci di correggere e superare in qualche non raro caso l\u2019indirizzo propugnato dal \u201ccapo\u201d del Governo, cui sono peraltro consentiti due soli mandati elettivi (rispettivamente di quattro ovvero di cinque anni ciascuno). Sembrerebbero cose oltre che pacifiche gi\u00e0 verificatesi proprio recentemente nella prassi tanto negli Stati Uniti (si pensi alla contrapposizione frontale tra Trump e in particolare la Camera dei rappresentanti, non proprio o almeno non sempre risoltasi in favore del primo) quanto in Francia (la maggioranza parlamentare, dopo la rielezione di Macron, ha registrato un netto assottigliamento della forza politica di riferimento del Presidente, che ha imposto l\u2019affermarsi di logiche coalizionali precedentemente escluse).<\/p>\n<p>Per quanto attiene all\u2019enfasi di qualche senatore oggi collocato all\u2019opposizione a proposito di un possibile gioco di sponda con la maggioranza governativa con riguardo alla c.d. elezione del Sindaco d\u2019Italia, proposta costituzionale con la quale il diretto interessato aveva tentato di consolidare la sua leadership di governo \u00a0bocciata sonoramente dal corpo elettorale referendario nel dicembre del 2016, tramutandolo cos\u00ec, dall\u2019oggi al domani, \u00a0da \u201cstatista\u201d in \u201cstratega\u201d per s\u00e9 stesso e un manipolo di sostenitori fidelizzati, credo sia orami inutile spendere parole per tentare di confutare la insensatezza tecnica che nasconde la proposta di trasferire a livello di governo centrale l\u2019assetto strutturale prodotto dalla legge del 1993 sull\u2019elezione diretta del Sindaco e \u2013 si badi \u2013 \u00a0contestualmente del \u201cprono\u201d Consiglio comunale che, almeno a mio modo di vedere, produce effetti non proprio apprezzabili gi\u00e0 a livello regionale (penso ovviamente alla capacit\u00e0 di incidenza effettiva dei Consigli rispetto alle politiche dei rispettivi Presidenti o, come si dice, Governatori e non solo con riguardo ai gruppi collocati all\u2019opposizione). In ogni caso non si tratta di \u201cpresidenzialismo\u201d e neppure di \u201csemipresidenzialismo\u201d nel senso noto alla modellistica classica delle forme di governo.<\/p>\n<p>\u00a0In conclusione: mi pare che le gravi questioni che attendono il nuovo Governo, nel sempre giustamente richiamato e drammatico contesto europeo e internazionale, siano altre; e che tuttavia l\u2019Esecutivo, insediatosi su una base parlamentare solida intorno ad una guida non discutibile sotto il profilo del consenso ottenuto, sia stato messo dal sistema nelle condizioni istituzionali per poterle affrontare \u201cda maggioranza\u201d e con \u201cleader\u201d riconducibile ad un chiaro orientamento del corpo elettorale.<\/p>\n<p>Ed allora: \u00a0era proprio necessario per la Presidente Meloni sollevare un tema, quale quello della riforma costituzionale in senso presidenziale, cos\u00ec complesso e sotto molti profili divisivo, probabilmente pi\u00f9 di quello che si pensa persino dalle parti dell\u2019attuale maggioranza, nel momento in cui \u00e8 nato un solido governo\u00a0 parlamentare che si \u00e8 oltretutto potuto giovare (finalmente verrebbe da dire) di una saggia e discreta regia del Capo dello Stato, il cui \u201cmagistero\u201d \u00e8 stato pubblicamente lodato dalla diretta interessata? Speriamo si sia trattato di un impulso giovanilistico poco meditato perch\u00e9 altrimenti si inizia proprio sul terreno che pi\u00f9 scivoloso, quello dell\u2019affidabilit\u00e0 costituzionale, a complicare la navigazione del Governo appena insediato.<\/p>\n","protected":false},"excerpt":{"rendered":"<p>di\u00a0Antonio D&#8217;Andrea Va premesso che cambiare la forma di governo parlamentare in chiave \u201cpresidenziale\u201d \u00e8 e resta una complicata ancorch\u00e9 di per s\u00e9 legittima operazione di revisione costituzionale della struttura ordinamentale del Paese.<\/p>\n<div class='heateorSssClear'><\/div><div  class='heateor_sss_sharing_container heateor_sss_horizontal_sharing' data-heateor-sss-href='https:\/\/www.lacostituzione.info\/index.php\/2022\/10\/29\/di-quale-presidenzialismo-si-parla\/'><div class='heateor_sss_sharing_title' style=\"font-weight:bold\" >Condividi!<\/div><div class=\"heateor_sss_sharing_ul\"><a aria-label=\"Facebook\" class=\"heateor_sss_facebook\" href=\"https:\/\/www.facebook.com\/sharer\/sharer.php?u=https%3A%2F%2Fwww.lacostituzione.info%2Findex.php%2F2022%2F10%2F29%2Fdi-quale-presidenzialismo-si-parla%2F\" title=\"Facebook\" rel=\"nofollow noopener\" target=\"_blank\" style=\"font-size:32px!important;box-shadow:none;display:inline-block;vertical-align:middle\"><span class=\"heateor_sss_svg\" style=\"background-color:#0765FE;width:35px;height:35px;display:inline-block;opacity:1;float:left;font-size:32px;box-shadow:none;display:inline-block;font-size:16px;padding:0 4px;vertical-align:middle;background-repeat:repeat;overflow:hidden;padding:0;cursor:pointer;box-sizing:content-box\"><svg style=\"display:block;\" focusable=\"false\" aria-hidden=\"true\" xmlns=\"http:\/\/www.w3.org\/2000\/svg\" width=\"100%\" height=\"100%\" viewBox=\"0 0 32 32\"><path fill=\"#fff\" d=\"M28 16c0-6.627-5.373-12-12-12S4 9.373 4 16c0 5.628 3.875 10.35 9.101 11.647v-7.98h-2.474V16H13.1v-1.58c0-4.085 1.849-5.978 5.859-5.978.76 0 2.072.15 2.608.298v3.325c-.283-.03-.775-.045-1.386-.045-1.967 0-2.728.745-2.728 2.683V16h3.92l-.673 3.667h-3.247v8.245C23.395 27.195 28 22.135 28 16Z\"><\/path><\/svg><\/span><\/a><a aria-label=\"Twitter\" class=\"heateor_sss_button_twitter\" href=\"https:\/\/twitter.com\/intent\/tweet?text=Di%20quale%20%22presidenzialismo%22%20si%20parla%3F&url=https%3A%2F%2Fwww.lacostituzione.info%2Findex.php%2F2022%2F10%2F29%2Fdi-quale-presidenzialismo-si-parla%2F\" title=\"Twitter\" rel=\"nofollow noopener\" target=\"_blank\" style=\"font-size:32px!important;box-shadow:none;display:inline-block;vertical-align:middle\"><span class=\"heateor_sss_svg heateor_sss_s__default heateor_sss_s_twitter\" style=\"background-color:#55acee;width:35px;height:35px;display:inline-block;opacity:1;float:left;font-size:32px;box-shadow:none;display:inline-block;font-size:16px;padding:0 4px;vertical-align:middle;background-repeat:repeat;overflow:hidden;padding:0;cursor:pointer;box-sizing:content-box\"><svg style=\"display:block;\" focusable=\"false\" aria-hidden=\"true\" xmlns=\"http:\/\/www.w3.org\/2000\/svg\" width=\"100%\" height=\"100%\" viewBox=\"-4 -4 39 39\"><path d=\"M28 8.557a9.913 9.913 0 0 1-2.828.775 4.93 4.93 0 0 0 2.166-2.725 9.738 9.738 0 0 1-3.13 1.194 4.92 4.92 0 0 0-3.593-1.55 4.924 4.924 0 0 0-4.794 6.049c-4.09-.21-7.72-2.17-10.15-5.15a4.942 4.942 0 0 0-.665 2.477c0 1.71.87 3.214 2.19 4.1a4.968 4.968 0 0 1-2.23-.616v.06c0 2.39 1.7 4.38 3.952 4.83-.414.115-.85.174-1.297.174-.318 0-.626-.03-.928-.086a4.935 4.935 0 0 0 4.6 3.42 9.893 9.893 0 0 1-6.114 2.107c-.398 0-.79-.023-1.175-.068a13.953 13.953 0 0 0 7.55 2.213c9.056 0 14.01-7.507 14.01-14.013 0-.213-.005-.426-.015-.637.96-.695 1.795-1.56 2.455-2.55z\" fill=\"#fff\"><\/path><\/svg><\/span><\/a><a aria-label=\"Reddit\" class=\"heateor_sss_button_reddit\" href=\"https:\/\/reddit.com\/submit?url=https%3A%2F%2Fwww.lacostituzione.info%2Findex.php%2F2022%2F10%2F29%2Fdi-quale-presidenzialismo-si-parla%2F&title=Di%20quale%20%22presidenzialismo%22%20si%20parla%3F\" title=\"Reddit\" rel=\"nofollow noopener\" target=\"_blank\" style=\"font-size:32px!important;box-shadow:none;display:inline-block;vertical-align:middle\"><span class=\"heateor_sss_svg heateor_sss_s__default heateor_sss_s_reddit\" style=\"background-color:#ff5700;width:35px;height:35px;display:inline-block;opacity:1;float:left;font-size:32px;box-shadow:none;display:inline-block;font-size:16px;padding:0 4px;vertical-align:middle;background-repeat:repeat;overflow:hidden;padding:0;cursor:pointer;box-sizing:content-box\"><svg style=\"display:block;\" focusable=\"false\" aria-hidden=\"true\" xmlns=\"http:\/\/www.w3.org\/2000\/svg\" width=\"100%\" height=\"100%\" viewBox=\"-3.5 -3.5 39 39\"><path d=\"M28.543 15.774a2.953 2.953 0 0 0-2.951-2.949 2.882 2.882 0 0 0-1.9.713 14.075 14.075 0 0 0-6.85-2.044l1.38-4.349 3.768.884a2.452 2.452 0 1 0 .24-1.176l-4.274-1a.6.6 0 0 0-.709.4l-1.659 5.224a14.314 14.314 0 0 0-7.316 2.029 2.908 2.908 0 0 0-1.872-.681 2.942 2.942 0 0 0-1.618 5.4 5.109 5.109 0 0 0-.062.765c0 4.158 5.037 7.541 11.229 7.541s11.22-3.383 11.22-7.541a5.2 5.2 0 0 0-.053-.706 2.963 2.963 0 0 0 1.427-2.51zm-18.008 1.88a1.753 1.753 0 0 1 1.73-1.74 1.73 1.73 0 0 1 1.709 1.74 1.709 1.709 0 0 1-1.709 1.711 1.733 1.733 0 0 1-1.73-1.711zm9.565 4.968a5.573 5.573 0 0 1-4.081 1.272h-.032a5.576 5.576 0 0 1-4.087-1.272.6.6 0 0 1 .844-.854 4.5 4.5 0 0 0 3.238.927h.032a4.5 4.5 0 0 0 3.237-.927.6.6 0 1 1 .844.854zm-.331-3.256a1.726 1.726 0 1 1 1.709-1.712 1.717 1.717 0 0 1-1.712 1.712z\" fill=\"#fff\"\/><\/svg><\/span><\/a><a aria-label=\"Linkedin\" class=\"heateor_sss_button_linkedin\" href=\"https:\/\/www.linkedin.com\/sharing\/share-offsite\/?url=https%3A%2F%2Fwww.lacostituzione.info%2Findex.php%2F2022%2F10%2F29%2Fdi-quale-presidenzialismo-si-parla%2F\" title=\"Linkedin\" rel=\"nofollow noopener\" target=\"_blank\" style=\"font-size:32px!important;box-shadow:none;display:inline-block;vertical-align:middle\"><span class=\"heateor_sss_svg heateor_sss_s__default heateor_sss_s_linkedin\" style=\"background-color:#0077b5;width:35px;height:35px;display:inline-block;opacity:1;float:left;font-size:32px;box-shadow:none;display:inline-block;font-size:16px;padding:0 4px;vertical-align:middle;background-repeat:repeat;overflow:hidden;padding:0;cursor:pointer;box-sizing:content-box\"><svg style=\"display:block;\" focusable=\"false\" aria-hidden=\"true\" xmlns=\"http:\/\/www.w3.org\/2000\/svg\" width=\"100%\" height=\"100%\" viewBox=\"0 0 32 32\"><path d=\"M6.227 12.61h4.19v13.48h-4.19V12.61zm2.095-6.7a2.43 2.43 0 0 1 0 4.86c-1.344 0-2.428-1.09-2.428-2.43s1.084-2.43 2.428-2.43m4.72 6.7h4.02v1.84h.058c.56-1.058 1.927-2.176 3.965-2.176 4.238 0 5.02 2.792 5.02 6.42v7.395h-4.183v-6.56c0-1.564-.03-3.574-2.178-3.574-2.18 0-2.514 1.7-2.514 3.46v6.668h-4.187V12.61z\" fill=\"#fff\"><\/path><\/svg><\/span><\/a><a aria-label=\"Pinterest\" class=\"heateor_sss_button_pinterest\" href=\"https:\/\/www.lacostituzione.info\/index.php\/2022\/10\/29\/di-quale-presidenzialismo-si-parla\/\" onclick=\"event.preventDefault();javascript:void( (function() {var e=document.createElement('script' );e.setAttribute('type','text\/javascript' );e.setAttribute('charset','UTF-8' );e.setAttribute('src','\/\/assets.pinterest.com\/js\/pinmarklet.js?r='+Math.random()*99999999);document.body.appendChild(e)})());\" title=\"Pinterest\" rel=\"noopener\" style=\"font-size:32px!important;box-shadow:none;display:inline-block;vertical-align:middle\"><span class=\"heateor_sss_svg heateor_sss_s__default heateor_sss_s_pinterest\" style=\"background-color:#cc2329;width:35px;height:35px;display:inline-block;opacity:1;float:left;font-size:32px;box-shadow:none;display:inline-block;font-size:16px;padding:0 4px;vertical-align:middle;background-repeat:repeat;overflow:hidden;padding:0;cursor:pointer;box-sizing:content-box\"><svg style=\"display:block;\" focusable=\"false\" aria-hidden=\"true\" xmlns=\"http:\/\/www.w3.org\/2000\/svg\" width=\"100%\" height=\"100%\" viewBox=\"-2 -2 35 35\"><path fill=\"#fff\" d=\"M16.539 4.5c-6.277 0-9.442 4.5-9.442 8.253 0 2.272.86 4.293 2.705 5.046.303.125.574.005.662-.33.061-.231.205-.816.27-1.06.088-.331.053-.447-.191-.736-.532-.627-.873-1.439-.873-2.591 0-3.338 2.498-6.327 6.505-6.327 3.548 0 5.497 2.168 5.497 5.062 0 3.81-1.686 7.025-4.188 7.025-1.382 0-2.416-1.142-2.085-2.545.397-1.674 1.166-3.48 1.166-4.689 0-1.081-.581-1.983-1.782-1.983-1.413 0-2.548 1.462-2.548 3.419 0 1.247.421 2.091.421 2.091l-1.699 7.199c-.505 2.137-.076 4.755-.039 5.019.021.158.223.196.314.077.13-.17 1.813-2.247 2.384-4.324.162-.587.929-3.631.929-3.631.46.876 1.801 1.646 3.227 1.646 4.247 0 7.128-3.871 7.128-9.053.003-3.918-3.317-7.568-8.361-7.568z\"\/><\/svg><\/span><\/a><a aria-label=\"Whatsapp\" class=\"heateor_sss_whatsapp\" href=\"https:\/\/api.whatsapp.com\/send?text=Di%20quale%20%22presidenzialismo%22%20si%20parla%3F%20https%3A%2F%2Fwww.lacostituzione.info%2Findex.php%2F2022%2F10%2F29%2Fdi-quale-presidenzialismo-si-parla%2F\" title=\"Whatsapp\" rel=\"nofollow noopener\" target=\"_blank\" style=\"font-size:32px!important;box-shadow:none;display:inline-block;vertical-align:middle\"><span class=\"heateor_sss_svg\" style=\"background-color:#55eb4c;width:35px;height:35px;display:inline-block;opacity:1;float:left;font-size:32px;box-shadow:none;display:inline-block;font-size:16px;padding:0 4px;vertical-align:middle;background-repeat:repeat;overflow:hidden;padding:0;cursor:pointer;box-sizing:content-box\"><svg style=\"display:block;\" focusable=\"false\" aria-hidden=\"true\" xmlns=\"http:\/\/www.w3.org\/2000\/svg\" width=\"100%\" height=\"100%\" viewBox=\"-6 -5 40 40\"><path class=\"heateor_sss_svg_stroke heateor_sss_no_fill\" stroke=\"#fff\" stroke-width=\"2\" fill=\"none\" d=\"M 11.579798566743314 24.396926207859085 A 10 10 0 1 0 6.808479557110079 20.73576436351046\"><\/path><path d=\"M 7 19 l -1 6 l 6 -1\" class=\"heateor_sss_no_fill heateor_sss_svg_stroke\" stroke=\"#fff\" stroke-width=\"2\" fill=\"none\"><\/path><path d=\"M 10 10 q -1 8 8 11 c 5 -1 0 -6 -1 -3 q -4 -3 -5 -5 c 4 -2 -1 -5 -1 -4\" fill=\"#fff\"><\/path><\/svg><\/span><\/a><\/div><div class=\"heateorSssClear\"><\/div><\/div><div class='heateorSssClear'><\/div>","protected":false},"author":16,"featured_media":0,"comment_status":"open","ping_status":"open","sticky":false,"template":"","format":"standard","meta":{"jetpack_post_was_ever_published":false,"_jetpack_newsletter_access":"","_jetpack_dont_email_post_to_subs":false,"_jetpack_newsletter_tier_id":0,"_jetpack_memberships_contains_paywalled_content":false,"_jetpack_memberships_contains_paid_content":false,"footnotes":"","jetpack_publicize_message":"","jetpack_publicize_feature_enabled":true,"jetpack_social_post_already_shared":false,"jetpack_social_options":{"image_generator_settings":{"template":"highway","default_image_id":0,"enabled":false},"version":2}},"categories":[12],"tags":[1639,113,1624],"class_list":["post-8510","post","type-post","status-publish","format-standard","hentry","category-editoriale","tag-governo-meloni","tag-parlamento","tag-presidenzialismo"],"jetpack_publicize_connections":[],"jetpack_featured_media_url":"","jetpack_shortlink":"https:\/\/wp.me\/p84sDq-2dg","jetpack_likes_enabled":true,"jetpack_sharing_enabled":true,"_links":{"self":[{"href":"https:\/\/www.lacostituzione.info\/index.php\/wp-json\/wp\/v2\/posts\/8510","targetHints":{"allow":["GET"]}}],"collection":[{"href":"https:\/\/www.lacostituzione.info\/index.php\/wp-json\/wp\/v2\/posts"}],"about":[{"href":"https:\/\/www.lacostituzione.info\/index.php\/wp-json\/wp\/v2\/types\/post"}],"author":[{"embeddable":true,"href":"https:\/\/www.lacostituzione.info\/index.php\/wp-json\/wp\/v2\/users\/16"}],"replies":[{"embeddable":true,"href":"https:\/\/www.lacostituzione.info\/index.php\/wp-json\/wp\/v2\/comments?post=8510"}],"version-history":[{"count":0,"href":"https:\/\/www.lacostituzione.info\/index.php\/wp-json\/wp\/v2\/posts\/8510\/revisions"}],"wp:attachment":[{"href":"https:\/\/www.lacostituzione.info\/index.php\/wp-json\/wp\/v2\/media?parent=8510"}],"wp:term":[{"taxonomy":"category","embeddable":true,"href":"https:\/\/www.lacostituzione.info\/index.php\/wp-json\/wp\/v2\/categories?post=8510"},{"taxonomy":"post_tag","embeddable":true,"href":"https:\/\/www.lacostituzione.info\/index.php\/wp-json\/wp\/v2\/tags?post=8510"}],"curies":[{"name":"wp","href":"https:\/\/api.w.org\/{rel}","templated":true}]}}