{"id":8515,"date":"2022-11-04T01:10:11","date_gmt":"2022-11-04T00:10:11","guid":{"rendered":"http:\/\/www.lacostituzione.info\/?p=8515"},"modified":"2022-11-11T18:03:32","modified_gmt":"2022-11-11T17:03:32","slug":"lemergenza-democratica-non-sono-i-rave-ma-il-ministero-degli-interni","status":"publish","type":"post","link":"https:\/\/www.lacostituzione.info\/index.php\/2022\/11\/04\/lemergenza-democratica-non-sono-i-rave-ma-il-ministero-degli-interni\/","title":{"rendered":"L&#8217;emergenza democratica non sono i &#8220;rave&#8221; ma il Ministero degli interni"},"content":{"rendered":"\n<p><a href=\"http:\/\/www.lacostituzione.info\/index.php\/2022\/11\/04\/lemergenza-democratica-non-sono-i-rave-ma-il-ministero-degli-interni\/prefetto_italiano\/#main\" rel=\"attachment wp-att-8516\"><img loading=\"lazy\" decoding=\"async\" data-attachment-id=\"8516\" data-permalink=\"https:\/\/www.lacostituzione.info\/index.php\/2022\/11\/04\/lemergenza-democratica-non-sono-i-rave-ma-il-ministero-degli-interni\/prefetto_italiano\/#main\" data-orig-file=\"https:\/\/www.lacostituzione.info\/wp-content\/uploads\/2022\/11\/Prefetto_Italiano.jpg\" data-orig-size=\"481,644\" data-comments-opened=\"1\" data-image-meta=\"{&quot;aperture&quot;:&quot;0&quot;,&quot;credit&quot;:&quot;&quot;,&quot;camera&quot;:&quot;&quot;,&quot;caption&quot;:&quot;&quot;,&quot;created_timestamp&quot;:&quot;0&quot;,&quot;copyright&quot;:&quot;&quot;,&quot;focal_length&quot;:&quot;0&quot;,&quot;iso&quot;:&quot;0&quot;,&quot;shutter_speed&quot;:&quot;0&quot;,&quot;title&quot;:&quot;&quot;,&quot;orientation&quot;:&quot;0&quot;}\" data-image-title=\"Prefetto_Italiano\" data-image-description=\"\" data-image-caption=\"\" data-medium-file=\"https:\/\/www.lacostituzione.info\/wp-content\/uploads\/2022\/11\/Prefetto_Italiano-224x300.jpg\" data-large-file=\"https:\/\/www.lacostituzione.info\/wp-content\/uploads\/2022\/11\/Prefetto_Italiano.jpg\" class=\"alignleft size-medium wp-image-8516\" src=\"http:\/\/www.lacostituzione.info\/wp-content\/uploads\/2022\/11\/Prefetto_Italiano-224x300.jpg\" alt=\"\" width=\"224\" height=\"300\" srcset=\"https:\/\/www.lacostituzione.info\/wp-content\/uploads\/2022\/11\/Prefetto_Italiano-224x300.jpg 224w, https:\/\/www.lacostituzione.info\/wp-content\/uploads\/2022\/11\/Prefetto_Italiano.jpg 481w\" sizes=\"auto, (max-width: 224px) 100vw, 224px\" \/><\/a>di\u00a0<strong><abbr class='c2c-text-hover' title='Professore ordinario di Diritto costituzionale - Universit\u00e0 di Ferrara'>Roberto Bin<\/abbr><\/strong><\/p>\n<p>Lo ha detto anche Annamaria Cancellieri (in <a href=\"https:\/\/www.lastampa.it\/politica\/2022\/11\/03\/news\/annamaria_cancellieri_suirave_partyil_governo_ha_mandato_un_segnalema_ora_basta_tecnici_al_viminale-12215228\/\">un&#8217;intervista<\/a> a <em>La Stampa<\/em>): &#8220;<em>basta tecnici al Viminale&#8230; non posso che auspicare il ritorno di ministri pienamente politici<\/em>&#8220;, che si ritorni cio\u00e8 &#8220;<em>alla normalit\u00e0<\/em>&#8220;. <!--more-->La stessa Cancellieri era un prefetto divenuta ministro (del Governo Monti), cos\u00ec come dopo di lei Luciana Lamorgese (Governi Conte II e Draghi). In precedenza era capitato al prefetto Giovanni Rinaldo Coronas (Governo Berlusconi I), e ancora prima a nessun altro nella storia della Repubblica.<\/p>\n<p>Qualche ministro &#8220;tecnico&#8221; era capitato alla Difesa (il gen. Domenico Corcione nel Governo Dini, e l&#8217;amm. Giampaolo Di Paola nel Governo Monti) e pi\u00f9 spesso vi sono stati ministri degli Esteri provenienti dal corpo diplomatico. Ma una domanda si \u00e8 sempre riproposta: che ci fa un &#8220;tecnico&#8221; di ruolo a capo di un ministero, responsabilit\u00e0 sommamente politica? E&#8217; quello che probabilmente si chiese l&#8217;amb. Renato Ruggero quando <a href=\"https:\/\/www.repubblica.it\/online\/politica\/euroscettici\/chigi\/chigi.html\">Berlusconi spieg\u00f2<\/a> che &#8220;<em>Ruggero \u00e8 un ministro tecnico, il responsabile della politica estera sono io<\/em>&#8220;. E infatti non ci mise molto a dimettersi (2002).<\/p>\n<p>Ma la vera domanda \u00e8: di che cosa \u00e8 un &#8220;tecnico&#8221; un prefetto? I prefetti sono un corpo di dirigenti dello Stato che hanno una carriera separata d&#8217;\u00e9lite: essi popolano il ministero degli interni in tutti i ruoli direttivi di quattro dei cinque dipartimenti e delle relative direzioni. Salvo per\u00f2 il Dipartimento\u00a0 della pubblica sicurezza (e le relative sottostrutture), in genere affidati a personale proveniente dalla polizia di Stato, spesso destinato a transitare nella carriera prefettizia. Le competenze dei prefetti sono perci\u00f2 tutte orientate al mantenimento dell&#8217;ordine pubblico: se \u00e8 bravo &#8211; e a detta di tutti Piantedosi lo \u00e8 &#8211; \u00e8 del buon funzionamento della macchina di repressione delle attivit\u00e0 che turbano l&#8217;ordine pubblico che il prefetto \u00e8 uno specialista. Ma la guida politica della macchina \u00e8 compito del &#8220;tecnico&#8221;? Per parafrasare la sentenza di Berlusconi, la presidente Meloni dovrebbe dire &#8220;<em>Piantedosi \u00e8 un ministro tecnico, il responsabile della politica interna sono io<\/em>&#8220;.<\/p>\n<p>Ora capita che il ministro &#8220;tecnico&#8221; abbia predisposto un testo di decreto-legge che, oltre ad essere chiaramente privo dei requisiti di &#8220;straordinariet\u00e0, necessit\u00e0 ed urgenza&#8221;, tassativamente prescritti dalla Costituzione (c&#8217;\u00e8 davvero un pericolo cos\u00ec imminente e pressante di nuovi <em>rave party<\/em> da non poter aspettare una legge ordinaria? E non ci sono altre norme che eventualmente possano impedirli? E se non ci sono, perch\u00e9 definirli &#8220;illegali&#8221;?), \u00e8 additato da tutti come un pessimo esempio di tecnica legislativa: anzitutto perch\u00e9 ignora quello che l&#8217;art. 17 Cost. prescrive a tutela della libert\u00e0 di riunione. Tra i limiti invocabili per vietare una riunione &#8220;in luogo pubblico&#8221; vi sono i &#8220;comprovati motivi di sicurezza o di incolumit\u00e0 pubblica&#8221;, non il generico riferimento all&#8217;ordine pubblico, termine che accuratamente la nostra Costituzione (almeno prima dell&#8217;accenno nella riforma del Titolo V) non impiega mai e che invece viene surrettiziamente introdotto dal decreto-legge. Invece, la legge potrebbe specificare in quali particolari casi questi &#8220;motivi&#8221; possono ricorrere. Potrebbe anche chiarire il regime dei &#8220;luoghi&#8221; privati invasi dai partecipanti (anche se c&#8217;\u00e8 gi\u00e0 l&#8217;art. 633 cod. pen., con cui si dovrebbe avere la pazienza di coordinarsi). Poi la Cost. obbliga i promotori a dare preavviso al questore almeno 3 giorni prima. Bene, la legge potrebbe aggravare, e di molto, le conseguenze penali del mancato preavviso per <em>rave<\/em> che minacciano seriamente l&#8217;incolumit\u00e0 pubblica. Insomma, volendo inasprire la disciplina dei\u00a0<em>rave\u00a0<\/em>il legislatore potrebbe e avrebbe molto da fare. Ma non ne ha la pazienza politica o gli manca la capacit\u00e0 tecnica.<\/p>\n<p>Quello che per\u00f2 stupisce &#8211; e un po&#8217; indigna &#8211; \u00e8 che il tecnico\/politico pensi di cavarsela candidamente dichiarandosi &#8220;<em>offeso<\/em>&#8221; da chi attribuisce al governo &#8220;<span style=\"font-size: inherit;\"><em>la volont\u00e0 di intervenire in altri contesti, in cui si esercitano diritti costituzionalmente garantiti a cui la norma chiaramente non fa alcun riferimento<\/em>&#8221; (Piantedosi); e aggiunga (Meloni):\u00a0<\/span>&#8220;<em>state tranquilli, nessuna libert\u00e0 costituzionale e nessun diritto saranno violati! Finalmente la legge sar\u00e0 rispettata<\/em>&#8220;. Questo \u00e8 il punto: in uno Stato costituzionale \u00e8 la legge la garanzia delle libert\u00e0 dei cittadini, non il buon cuore, le care intenzioni e le promesse del potere politico (e dei suoi tecnici): per cui una legge pasticciata (a voler essere benevoli) pasticcia le garanzie dei nostri diritti!<\/p>\n<p>E non minore indignazione suscita la generale affermazione da parte dei ministri che comunque il parlamento pu\u00f2 intervenire per modificare il decreto-legge in fase di conversione. Non si rendono conto questi tecnici\/politici delle conseguenze che provocano gli eventuali emendamenti ad un decreto legge in campo penale? Delle due l&#8217;una: o pensano che nulla avr\u00e0 modo di essere applicato in concreto nei prossimi mesi, ma allora dove sta il requisito della &#8220;necessit\u00e0 ed urgenza&#8221;?; oppure la pensano come il ministro dell&#8217;Universit\u00e0 Bernini, che <a href=\"https:\/\/stream24.ilsole24ore.com\/video\/italia\/decreto-rave-bernini-norma-non-si-applica-manifestazioni-dissenso-scuole\/AEGa0uDC\">ai giornalisti ha candidamente dichiarato<\/a> che il decreto-legge \u00e8 &#8220;<em>solo una proposta al Parlamento<\/em>&#8220;! Ma non \u00e8 laureata in Giurisprudenza? Gi\u00e0, ma \u00e8 un politico, non un tecnico. E&#8217; un politico a cui forse piacciono le facezie: &#8220;<i>Io da ministro dell\u2019universit\u00e0 ribadisco che la norma non si applicher\u00e0 a manifestazioni di dissenso nelle universit\u00e0 o nelle scuole<\/i>&#8220;; e per ulteriormente assicurarci <a href=\"https:\/\/www.torinoggi.it\/2022\/11\/03\/leggi-notizia\/argomenti\/politica-11\/articolo\/rave-party-il-ministro-bernini-la-norma-non-si-applichera-alle-manifestazioni-di-dissenso-nell.html\">aggiunge<\/a>: <i>&#8220;E&#8217; una proposta che considero largamente condivisibile, in quanto l\u2019ho votata<\/i>&#8220;. Lapalisse!<\/p>\n<p>\u00a0<\/p>\n<p>\u00a0<\/p>\n<p>\u00a0<\/p>\n<p>\u00a0<\/p>\n<p>\u00a0<\/p>\n","protected":false},"excerpt":{"rendered":"<p>di\u00a0<abbr class='c2c-text-hover' title='Professore ordinario di Diritto costituzionale - Universit\u00e0 di Ferrara'>Roberto Bin<\/abbr> Lo ha detto anche Annamaria Cancellieri (in un&#8217;intervista a La Stampa): &#8220;basta tecnici al Viminale&#8230; non posso che auspicare il ritorno di ministri pienamente politici&#8220;, che si ritorni cio\u00e8 &#8220;alla normalit\u00e0&#8220;.<\/p>\n<div class='heateorSssClear'><\/div><div  class='heateor_sss_sharing_container heateor_sss_horizontal_sharing' data-heateor-sss-href='https:\/\/www.lacostituzione.info\/index.php\/2022\/11\/04\/lemergenza-democratica-non-sono-i-rave-ma-il-ministero-degli-interni\/'><div class='heateor_sss_sharing_title' style=\"font-weight:bold\" >Condividi!<\/div><div class=\"heateor_sss_sharing_ul\"><a aria-label=\"Facebook\" class=\"heateor_sss_facebook\" href=\"https:\/\/www.facebook.com\/sharer\/sharer.php?u=https%3A%2F%2Fwww.lacostituzione.info%2Findex.php%2F2022%2F11%2F04%2Flemergenza-democratica-non-sono-i-rave-ma-il-ministero-degli-interni%2F\" title=\"Facebook\" rel=\"nofollow noopener\" target=\"_blank\" style=\"font-size:32px!important;box-shadow:none;display:inline-block;vertical-align:middle\"><span class=\"heateor_sss_svg\" style=\"background-color:#0765FE;width:35px;height:35px;display:inline-block;opacity:1;float:left;font-size:32px;box-shadow:none;display:inline-block;font-size:16px;padding:0 4px;vertical-align:middle;background-repeat:repeat;overflow:hidden;padding:0;cursor:pointer;box-sizing:content-box\"><svg style=\"display:block;\" focusable=\"false\" aria-hidden=\"true\" xmlns=\"http:\/\/www.w3.org\/2000\/svg\" width=\"100%\" height=\"100%\" viewBox=\"0 0 32 32\"><path fill=\"#fff\" d=\"M28 16c0-6.627-5.373-12-12-12S4 9.373 4 16c0 5.628 3.875 10.35 9.101 11.647v-7.98h-2.474V16H13.1v-1.58c0-4.085 1.849-5.978 5.859-5.978.76 0 2.072.15 2.608.298v3.325c-.283-.03-.775-.045-1.386-.045-1.967 0-2.728.745-2.728 2.683V16h3.92l-.673 3.667h-3.247v8.245C23.395 27.195 28 22.135 28 16Z\"><\/path><\/svg><\/span><\/a><a aria-label=\"Twitter\" class=\"heateor_sss_button_twitter\" href=\"https:\/\/twitter.com\/intent\/tweet?text=L%27emergenza%20democratica%20non%20sono%20i%20%22rave%22%20ma%20il%20Ministero%20degli%20interni&url=https%3A%2F%2Fwww.lacostituzione.info%2Findex.php%2F2022%2F11%2F04%2Flemergenza-democratica-non-sono-i-rave-ma-il-ministero-degli-interni%2F\" title=\"Twitter\" rel=\"nofollow noopener\" target=\"_blank\" style=\"font-size:32px!important;box-shadow:none;display:inline-block;vertical-align:middle\"><span class=\"heateor_sss_svg heateor_sss_s__default heateor_sss_s_twitter\" style=\"background-color:#55acee;width:35px;height:35px;display:inline-block;opacity:1;float:left;font-size:32px;box-shadow:none;display:inline-block;font-size:16px;padding:0 4px;vertical-align:middle;background-repeat:repeat;overflow:hidden;padding:0;cursor:pointer;box-sizing:content-box\"><svg style=\"display:block;\" focusable=\"false\" aria-hidden=\"true\" xmlns=\"http:\/\/www.w3.org\/2000\/svg\" width=\"100%\" height=\"100%\" viewBox=\"-4 -4 39 39\"><path d=\"M28 8.557a9.913 9.913 0 0 1-2.828.775 4.93 4.93 0 0 0 2.166-2.725 9.738 9.738 0 0 1-3.13 1.194 4.92 4.92 0 0 0-3.593-1.55 4.924 4.924 0 0 0-4.794 6.049c-4.09-.21-7.72-2.17-10.15-5.15a4.942 4.942 0 0 0-.665 2.477c0 1.71.87 3.214 2.19 4.1a4.968 4.968 0 0 1-2.23-.616v.06c0 2.39 1.7 4.38 3.952 4.83-.414.115-.85.174-1.297.174-.318 0-.626-.03-.928-.086a4.935 4.935 0 0 0 4.6 3.42 9.893 9.893 0 0 1-6.114 2.107c-.398 0-.79-.023-1.175-.068a13.953 13.953 0 0 0 7.55 2.213c9.056 0 14.01-7.507 14.01-14.013 0-.213-.005-.426-.015-.637.96-.695 1.795-1.56 2.455-2.55z\" fill=\"#fff\"><\/path><\/svg><\/span><\/a><a aria-label=\"Reddit\" class=\"heateor_sss_button_reddit\" href=\"https:\/\/reddit.com\/submit?url=https%3A%2F%2Fwww.lacostituzione.info%2Findex.php%2F2022%2F11%2F04%2Flemergenza-democratica-non-sono-i-rave-ma-il-ministero-degli-interni%2F&title=L%27emergenza%20democratica%20non%20sono%20i%20%22rave%22%20ma%20il%20Ministero%20degli%20interni\" title=\"Reddit\" rel=\"nofollow noopener\" target=\"_blank\" style=\"font-size:32px!important;box-shadow:none;display:inline-block;vertical-align:middle\"><span class=\"heateor_sss_svg heateor_sss_s__default heateor_sss_s_reddit\" style=\"background-color:#ff5700;width:35px;height:35px;display:inline-block;opacity:1;float:left;font-size:32px;box-shadow:none;display:inline-block;font-size:16px;padding:0 4px;vertical-align:middle;background-repeat:repeat;overflow:hidden;padding:0;cursor:pointer;box-sizing:content-box\"><svg style=\"display:block;\" focusable=\"false\" aria-hidden=\"true\" xmlns=\"http:\/\/www.w3.org\/2000\/svg\" width=\"100%\" height=\"100%\" viewBox=\"-3.5 -3.5 39 39\"><path d=\"M28.543 15.774a2.953 2.953 0 0 0-2.951-2.949 2.882 2.882 0 0 0-1.9.713 14.075 14.075 0 0 0-6.85-2.044l1.38-4.349 3.768.884a2.452 2.452 0 1 0 .24-1.176l-4.274-1a.6.6 0 0 0-.709.4l-1.659 5.224a14.314 14.314 0 0 0-7.316 2.029 2.908 2.908 0 0 0-1.872-.681 2.942 2.942 0 0 0-1.618 5.4 5.109 5.109 0 0 0-.062.765c0 4.158 5.037 7.541 11.229 7.541s11.22-3.383 11.22-7.541a5.2 5.2 0 0 0-.053-.706 2.963 2.963 0 0 0 1.427-2.51zm-18.008 1.88a1.753 1.753 0 0 1 1.73-1.74 1.73 1.73 0 0 1 1.709 1.74 1.709 1.709 0 0 1-1.709 1.711 1.733 1.733 0 0 1-1.73-1.711zm9.565 4.968a5.573 5.573 0 0 1-4.081 1.272h-.032a5.576 5.576 0 0 1-4.087-1.272.6.6 0 0 1 .844-.854 4.5 4.5 0 0 0 3.238.927h.032a4.5 4.5 0 0 0 3.237-.927.6.6 0 1 1 .844.854zm-.331-3.256a1.726 1.726 0 1 1 1.709-1.712 1.717 1.717 0 0 1-1.712 1.712z\" fill=\"#fff\"\/><\/svg><\/span><\/a><a aria-label=\"Linkedin\" class=\"heateor_sss_button_linkedin\" href=\"https:\/\/www.linkedin.com\/sharing\/share-offsite\/?url=https%3A%2F%2Fwww.lacostituzione.info%2Findex.php%2F2022%2F11%2F04%2Flemergenza-democratica-non-sono-i-rave-ma-il-ministero-degli-interni%2F\" title=\"Linkedin\" rel=\"nofollow noopener\" target=\"_blank\" style=\"font-size:32px!important;box-shadow:none;display:inline-block;vertical-align:middle\"><span class=\"heateor_sss_svg heateor_sss_s__default heateor_sss_s_linkedin\" style=\"background-color:#0077b5;width:35px;height:35px;display:inline-block;opacity:1;float:left;font-size:32px;box-shadow:none;display:inline-block;font-size:16px;padding:0 4px;vertical-align:middle;background-repeat:repeat;overflow:hidden;padding:0;cursor:pointer;box-sizing:content-box\"><svg style=\"display:block;\" focusable=\"false\" aria-hidden=\"true\" xmlns=\"http:\/\/www.w3.org\/2000\/svg\" width=\"100%\" height=\"100%\" viewBox=\"0 0 32 32\"><path d=\"M6.227 12.61h4.19v13.48h-4.19V12.61zm2.095-6.7a2.43 2.43 0 0 1 0 4.86c-1.344 0-2.428-1.09-2.428-2.43s1.084-2.43 2.428-2.43m4.72 6.7h4.02v1.84h.058c.56-1.058 1.927-2.176 3.965-2.176 4.238 0 5.02 2.792 5.02 6.42v7.395h-4.183v-6.56c0-1.564-.03-3.574-2.178-3.574-2.18 0-2.514 1.7-2.514 3.46v6.668h-4.187V12.61z\" fill=\"#fff\"><\/path><\/svg><\/span><\/a><a aria-label=\"Pinterest\" class=\"heateor_sss_button_pinterest\" href=\"https:\/\/www.lacostituzione.info\/index.php\/2022\/11\/04\/lemergenza-democratica-non-sono-i-rave-ma-il-ministero-degli-interni\/\" onclick=\"event.preventDefault();javascript:void( (function() {var e=document.createElement('script' );e.setAttribute('type','text\/javascript' );e.setAttribute('charset','UTF-8' );e.setAttribute('src','\/\/assets.pinterest.com\/js\/pinmarklet.js?r='+Math.random()*99999999);document.body.appendChild(e)})());\" title=\"Pinterest\" rel=\"noopener\" style=\"font-size:32px!important;box-shadow:none;display:inline-block;vertical-align:middle\"><span class=\"heateor_sss_svg heateor_sss_s__default heateor_sss_s_pinterest\" style=\"background-color:#cc2329;width:35px;height:35px;display:inline-block;opacity:1;float:left;font-size:32px;box-shadow:none;display:inline-block;font-size:16px;padding:0 4px;vertical-align:middle;background-repeat:repeat;overflow:hidden;padding:0;cursor:pointer;box-sizing:content-box\"><svg style=\"display:block;\" focusable=\"false\" aria-hidden=\"true\" xmlns=\"http:\/\/www.w3.org\/2000\/svg\" width=\"100%\" height=\"100%\" viewBox=\"-2 -2 35 35\"><path fill=\"#fff\" d=\"M16.539 4.5c-6.277 0-9.442 4.5-9.442 8.253 0 2.272.86 4.293 2.705 5.046.303.125.574.005.662-.33.061-.231.205-.816.27-1.06.088-.331.053-.447-.191-.736-.532-.627-.873-1.439-.873-2.591 0-3.338 2.498-6.327 6.505-6.327 3.548 0 5.497 2.168 5.497 5.062 0 3.81-1.686 7.025-4.188 7.025-1.382 0-2.416-1.142-2.085-2.545.397-1.674 1.166-3.48 1.166-4.689 0-1.081-.581-1.983-1.782-1.983-1.413 0-2.548 1.462-2.548 3.419 0 1.247.421 2.091.421 2.091l-1.699 7.199c-.505 2.137-.076 4.755-.039 5.019.021.158.223.196.314.077.13-.17 1.813-2.247 2.384-4.324.162-.587.929-3.631.929-3.631.46.876 1.801 1.646 3.227 1.646 4.247 0 7.128-3.871 7.128-9.053.003-3.918-3.317-7.568-8.361-7.568z\"\/><\/svg><\/span><\/a><a aria-label=\"Whatsapp\" class=\"heateor_sss_whatsapp\" href=\"https:\/\/api.whatsapp.com\/send?text=L%27emergenza%20democratica%20non%20sono%20i%20%22rave%22%20ma%20il%20Ministero%20degli%20interni%20https%3A%2F%2Fwww.lacostituzione.info%2Findex.php%2F2022%2F11%2F04%2Flemergenza-democratica-non-sono-i-rave-ma-il-ministero-degli-interni%2F\" title=\"Whatsapp\" rel=\"nofollow noopener\" target=\"_blank\" style=\"font-size:32px!important;box-shadow:none;display:inline-block;vertical-align:middle\"><span class=\"heateor_sss_svg\" style=\"background-color:#55eb4c;width:35px;height:35px;display:inline-block;opacity:1;float:left;font-size:32px;box-shadow:none;display:inline-block;font-size:16px;padding:0 4px;vertical-align:middle;background-repeat:repeat;overflow:hidden;padding:0;cursor:pointer;box-sizing:content-box\"><svg style=\"display:block;\" focusable=\"false\" aria-hidden=\"true\" xmlns=\"http:\/\/www.w3.org\/2000\/svg\" width=\"100%\" height=\"100%\" viewBox=\"-6 -5 40 40\"><path class=\"heateor_sss_svg_stroke heateor_sss_no_fill\" stroke=\"#fff\" stroke-width=\"2\" fill=\"none\" d=\"M 11.579798566743314 24.396926207859085 A 10 10 0 1 0 6.808479557110079 20.73576436351046\"><\/path><path d=\"M 7 19 l -1 6 l 6 -1\" class=\"heateor_sss_no_fill heateor_sss_svg_stroke\" stroke=\"#fff\" stroke-width=\"2\" fill=\"none\"><\/path><path d=\"M 10 10 q -1 8 8 11 c 5 -1 0 -6 -1 -3 q -4 -3 -5 -5 c 4 -2 -1 -5 -1 -4\" fill=\"#fff\"><\/path><\/svg><\/span><\/a><\/div><div class=\"heateorSssClear\"><\/div><\/div><div class='heateorSssClear'><\/div>","protected":false},"author":3,"featured_media":0,"comment_status":"open","ping_status":"open","sticky":false,"template":"","format":"standard","meta":{"jetpack_post_was_ever_published":false,"_jetpack_newsletter_access":"","_jetpack_dont_email_post_to_subs":false,"_jetpack_newsletter_tier_id":0,"_jetpack_memberships_contains_paywalled_content":false,"_jetpack_memberships_contains_paid_content":false,"footnotes":"","jetpack_publicize_message":"","jetpack_publicize_feature_enabled":true,"jetpack_social_post_already_shared":false,"jetpack_social_options":{"image_generator_settings":{"template":"highway","default_image_id":0,"enabled":false},"version":2}},"categories":[4],"tags":[1405,256,1391,1406,1641],"class_list":["post-8515","post","type-post","status-publish","format-standard","hentry","category-attualita","tag-liberta-di-riunione","tag-ministero-interno","tag-ordine-pubblico","tag-prefetto","tag-rave-party"],"jetpack_publicize_connections":[],"jetpack_featured_media_url":"","jetpack_shortlink":"https:\/\/wp.me\/p84sDq-2dl","jetpack_likes_enabled":true,"jetpack_sharing_enabled":true,"_links":{"self":[{"href":"https:\/\/www.lacostituzione.info\/index.php\/wp-json\/wp\/v2\/posts\/8515","targetHints":{"allow":["GET"]}}],"collection":[{"href":"https:\/\/www.lacostituzione.info\/index.php\/wp-json\/wp\/v2\/posts"}],"about":[{"href":"https:\/\/www.lacostituzione.info\/index.php\/wp-json\/wp\/v2\/types\/post"}],"author":[{"embeddable":true,"href":"https:\/\/www.lacostituzione.info\/index.php\/wp-json\/wp\/v2\/users\/3"}],"replies":[{"embeddable":true,"href":"https:\/\/www.lacostituzione.info\/index.php\/wp-json\/wp\/v2\/comments?post=8515"}],"version-history":[{"count":0,"href":"https:\/\/www.lacostituzione.info\/index.php\/wp-json\/wp\/v2\/posts\/8515\/revisions"}],"wp:attachment":[{"href":"https:\/\/www.lacostituzione.info\/index.php\/wp-json\/wp\/v2\/media?parent=8515"}],"wp:term":[{"taxonomy":"category","embeddable":true,"href":"https:\/\/www.lacostituzione.info\/index.php\/wp-json\/wp\/v2\/categories?post=8515"},{"taxonomy":"post_tag","embeddable":true,"href":"https:\/\/www.lacostituzione.info\/index.php\/wp-json\/wp\/v2\/tags?post=8515"}],"curies":[{"name":"wp","href":"https:\/\/api.w.org\/{rel}","templated":true}]}}