{"id":8608,"date":"2023-01-16T12:29:06","date_gmt":"2023-01-16T11:29:06","guid":{"rendered":"http:\/\/www.lacostituzione.info\/?p=8608"},"modified":"2023-01-16T12:29:09","modified_gmt":"2023-01-16T11:29:09","slug":"il-potere-dellufficio-elettorale-centrale-di-creare-disposizioni-per-laggiudicazione-dei-seggi-in-risposta-ad-un-nostro-lettore","status":"publish","type":"post","link":"https:\/\/www.lacostituzione.info\/index.php\/2023\/01\/16\/il-potere-dellufficio-elettorale-centrale-di-creare-disposizioni-per-laggiudicazione-dei-seggi-in-risposta-ad-un-nostro-lettore\/","title":{"rendered":"Il potere dell\u2019Ufficio elettorale centrale di \u201ccreare\u201d disposizioni per l\u2019aggiudicazione dei seggi (in risposta ad un nostro lettore)"},"content":{"rendered":"\n<p style=\"text-align: left;\">di <strong>Salvatore Curreri <a href=\"http:\/\/www.lacostituzione.info\/index.php\/2023\/01\/16\/il-potere-dellufficio-elettorale-centrale-di-creare-disposizioni-per-laggiudicazione-dei-seggi-in-risposta-ad-un-nostro-lettore\/camera2\/#main\" rel=\"attachment wp-att-8610\"><img loading=\"lazy\" decoding=\"async\" data-attachment-id=\"8610\" data-permalink=\"https:\/\/www.lacostituzione.info\/index.php\/2023\/01\/16\/il-potere-dellufficio-elettorale-centrale-di-creare-disposizioni-per-laggiudicazione-dei-seggi-in-risposta-ad-un-nostro-lettore\/camera2\/#main\" data-orig-file=\"https:\/\/www.lacostituzione.info\/wp-content\/uploads\/2023\/01\/camera2.jpeg\" data-orig-size=\"304,166\" data-comments-opened=\"1\" data-image-meta=\"{&quot;aperture&quot;:&quot;0&quot;,&quot;credit&quot;:&quot;&quot;,&quot;camera&quot;:&quot;&quot;,&quot;caption&quot;:&quot;&quot;,&quot;created_timestamp&quot;:&quot;0&quot;,&quot;copyright&quot;:&quot;&quot;,&quot;focal_length&quot;:&quot;0&quot;,&quot;iso&quot;:&quot;0&quot;,&quot;shutter_speed&quot;:&quot;0&quot;,&quot;title&quot;:&quot;&quot;,&quot;orientation&quot;:&quot;0&quot;}\" data-image-title=\"camera2\" data-image-description=\"\" data-image-caption=\"\" data-medium-file=\"https:\/\/www.lacostituzione.info\/wp-content\/uploads\/2023\/01\/camera2-300x164.jpeg\" data-large-file=\"https:\/\/www.lacostituzione.info\/wp-content\/uploads\/2023\/01\/camera2.jpeg\" class=\"alignright size-thumbnail wp-image-8610\" src=\"http:\/\/www.lacostituzione.info\/wp-content\/uploads\/2023\/01\/camera2-150x150.jpeg\" alt=\"\" width=\"150\" height=\"150\" \/><\/a><\/strong><\/p>\n<p>Come scriveva il compianto Antonio Ramenghi nel suo <a href=\"https:\/\/www.lacostituzione.info\/index.php\/2016\/11\/04\/perche-questo-giornale\/#more-86\">editoriale<\/a> di presentazione, questo giornale \u00e8 nato per dare \u201cai cittadini uno strumento di agile consultazione e di pronto aggiornamento\u201d\u00a0 sull\u2019attualit\u00e0 politico-istituzionale letta ed interpretata con gli occhiali del costituzionalista. Ci\u00f2 nella convinzione che, allora come ora, sia necessario che i costituzionalisti escano dai circuiti un po\u2019 autoreferenziali dei convegni e delle riviste scientifiche per offrire, in spirito di servizio, il loro essenziale e plurale contributo al dibattito politico e far cos\u00ec crescere nel Paese una quantomai necessaria \u201ccultura costituzionale\u201d.<!--more--><\/p>\n<p>\u00c8 anche per questo che ogni intervento \u00e8 aperto ai commenti dei lettori i quali possono inoltre sempre contattare la Redazione per formulare domande o porre questioni talora, come nel caso in questione, sfuggite anche ai pi\u00f9 attenti esperti della materia.<\/p>\n<p>In quest\u2019ottica un attento lettore, che qui pubblicamente ringraziamo, ha scritto all\u2019indirizzo mail <a href=\"&#109;&#x61;&#105;&#x6c;&#116;&#x6f;&#58;&#x6c;&#101;&#x74;&#116;&#x65;&#114;&#x65;&#64;&#x6c;&#97;&#x63;&#111;&#x73;&#116;&#x69;&#116;&#x75;&#122;&#x69;&#111;&#x6e;&#101;&#x2e;&#105;&#x6e;&#102;&#x6f;\">&#x6c;e&#x74;&#x74;e&#x72;&#101;&#64;&#x6c;&#97;c&#x6f;s&#x74;&#x69;t&#x75;&#122;i&#x6f;&#110;e&#x2e;i&#x6e;&#x66;o<\/a> per chiedere cortesemente spiegazioni circa il <a href=\"https:\/\/www.cortedicassazione.it\/corte-di-cassazione\/it\/elezioni.page\" class=\"broken_link\">verbale<\/a> (modello 89) redatto dall\u2019Ufficio elettorale centrale nazionale presso la Corte di Cassazione circa l\u2019assegnazione dei seggi a seguito delle elezioni politiche della Camera dei deputati svoltesi domenica 25 settembre. Ufficio elettorale che \u2013 pare opportuno ricordare \u2013 \u00e8 composto da un Presidente di sezione e da quattro consiglieri della Cassazione scelti dal suo primo Presidente (<a href=\"https:\/\/www.normattiva.it\/atto\/caricaDettaglioAtto?atto.dataPubblicazioneGazzetta=1957-06-03&amp;atto.codiceRedazionale=057U0361&amp;atto.articolo.numero=0&amp;atto.articolo.sottoArticolo=1&amp;atto.articolo.sottoArticolo1=10&amp;qId=2e1bd13f-2bd7-46cb-8dd2-48110bd07a7d&amp;tabID=0.3779849396980186&amp;title=lbl.dettaglioAtto\">art. 12 Testo Unico legge elettorale Camera dei deputati<\/a>).<\/p>\n<p>La spiegazione richiesta verteva sul \u00a7 10 del suddetto verbale relativo alla <em>Compensazione dei seggi tra le coalizioni di liste o singole liste eccedentarie e deficitarie<\/em> (pag. 17 ss.). L\u2019attuale legge elettorale prevede, infatti, che i seggi attribuiti alle singole liste a livello nazionale vengano poi concretamente individuati ed assegnati nelle singole circoscrizioni, in base ai risultati ottenuti a quel livello dalle stesse liste. Pu\u00f2 dunque capitare, e di regola capita, che al termine di tale assegnazione, una determinata coalizione o lista abbia avuto assegnati seggi <em>in<\/em> <em>pi\u00f9<\/em> o <em>in meno<\/em> rispetto a quanti gliene spettano a livello nazionale. Nel primo caso si parla di liste eccedentarie, nel secondo deficitarie. Di qui, l\u2019esigenza di togliere seggi alle prime per attribuirli alle seconde.<\/p>\n<p>Ci\u00f2 \u00e8 esattamente quanto accaduto per le liste del MoVimento 5 Stelle cui sono stati attribuiti a livello circoscrizionale tre seggi in pi\u00f9 (44) rispetto a quelli (41) spettanti a livello nazionale e per le liste della coalizione di centro destra cui, all\u2019opposto, sono stati attribuiti a livello circoscrizionale tre seggi in meno (111) rispetto a quelli (114) spettanti a livello nazionale. Da qui l\u2019esigenza di procedere ad una compensazione tra tali due liste che si \u00e8 potuta effettuare togliendo alla lista eccedentaria i seggi nelle tre circoscrizioni (tutte lombarde) in cui aveva ottenuto minori quozienti decimali per assegnarli nelle stesse circoscrizioni alle liste deficitarie che avevano quozienti decimali non utilizzati. Di conseguenza, i seggi complessivamente assegnati al M5S in Lombardia sono diminuiti da quattro ad uno mentre quelli assegnati alla coalizione di centro destra sono correlativamente aumentati da diciassette a venti. Fin qui tutto secondo le disposizioni di legge (art. 83.1.<em>h) <\/em>Testo Unico citato) correttamente riportate nel verbale (p. 18).<\/p>\n<p>Il nostro lettore per\u00f2 ha notato che nella pagina successiva (19) l\u2019Ufficio elettorale centrale scrive: \u201c<em>nel caso in cui i seggi complessivamente da sottrarre siano superiori a quelli ottenuti in totale nelle circoscrizioni con le parti decimali, si proceder\u00e0 a detrarre i seggi ottenuti a quoziente intero, sempre secondo la graduatoria crescente dei decimali, ricomprendendo in tale graduatoria tutti i decimali, anche quelli gi\u00e0 utilizzati per l&#8217;attribuzione del relativo seggio<\/em>\u201d. Anche a pagina 25 del medesimo verbale, riguardante la compensazione dei seggi tra liste eccedentarie e deficitarie stavolta all\u2019interno delle singole circoscrizioni (\u00a7 13), si ripete lo stesso meccanismo di trasferimento dei seggi. In base ad esso, in sintesi, se sulla base del meccanismo di compensazione basato sui quozienti decimali alla lista eccedentaria fossero sottratti pi\u00f9 seggi rispetto a quelli attribuiti a livello nazionale, si devono detrarre i seggi detratti in pi\u00f9 ottenuti in base al quoziente intero.<\/p>\n<p>Il punto \u00e8 \u2013 come il lettore nota \u2013 che tale ulteriore compensazione non trova alcun riscontro nel testo della legge elettorale, che all\u2019articolo 83, primo comma, lettere <em>h) <\/em>ed <em>i) <\/em>non fa alcun riferimento alla possibilit\u00e0 di compensazione dei seggi eccedenti ottenuti a quoziente intero. N\u00e9 tale meccanismo \u00e8 previsto in altra disposizione di legge.<\/p>\n<p>Non c\u2019\u00e8 dubbio che quella posta dal lettore \u00e8 questione abbastanza specifica che nel merito pu\u00f2 interessare solo i pochi specialisti del settore. Eppure si sbaglierebbe se si volesse circoscrivere il suo rilievo, riducendola a mera tecnicalit\u00e0. Gli interrogativi, infatti, posti dal lettore sono duplici: a) se si tratti di una iniziativa o di un <em>escamotage <\/em>dell\u2019Ufficio elettorale centrale nazionale della Cassazione per evitare una situazione di stallo che potrebbe crearsi qualora non vi sia la possibilit\u00e0 di compensare seggi eccedentari ottenuti con la parte decimale dei resti, per mancanza di coalizioni di liste o liste che hanno o nella stessa circoscrizione o in altra circoscrizione parti di quoziente non utilizzati, facendo\u00a0 ricorso al trasferimento di seggi eccedenti ottenuti a quoziente intero; b) a prescindere da ci\u00f2, se un simile meccanismo pu\u00f2 essere ideato e formulato in autonomia dal suddetto Ufficio in assenza di una corrispondente previsione legislativa.<\/p>\n<p>Tutti gli esperti e gli uffici tecnici cui ho sottoposto la questione hanno espresso il proprio stupore per tale passo del verbale, ritenendo di fatto impossibile che si possa verificare il caso ipotizzato dall\u2019Ufficio elettorale centrale, giacch\u00e9 la compensazione graduale in base ai quozienti decimali dovrebbe essere bastevole e definitiva.<\/p>\n<p>A prescindere da ci\u00f2, anche qualora si dovesse ritenere tale integrazione comunque in astratto necessaria ai fini della \u201cchiusura\u201d del sistema, non si comprende davvero il motivo per cui l\u2019Ufficio elettorale centrale, senza che ce ne fosse di fatto bisogno, si sia sentito in diritto d\u2019inserirla incidentalmente in verbale senza ritenere opportuno quantomeno evidenziarne la problematicit\u00e0, come se stesse riportando pedissequamente un passo della legge elettorale quando invece cos\u00ec non \u00e8.<\/p>\n<p>Questo mi pare il punto pi\u00f9 interessante e preoccupante dell\u2019intera vicenda. Gi\u00e0 <a href=\"https:\/\/www.lacostituzione.info\/index.php\/2021\/04\/20\/quali-sono-i-limiti-dellinterpretazione-costituzionalmente-orientata-del-giudice-ordinario-riflessioni-a-margine-dellapertura-della-cassazione-alle-adozioni-delle\/\">in questa sede<\/a>, a proposito di tutt\u2019altro tema, si era segnalata la tendenza del giudice di sostituirsi al legislatore, consentendosi interpretazioni creative che vanno ben al di l\u00e0 di quanto il tenore della disposizione letterale consenta. Il verbale segnalato dal lettore costituisce ennesima conferma di come il giudice, anche quando non ce ne sia bisogno, si auto-attribuisce il potere di \u201cinventarsi\u201d nuove disposizioni atte ad integrare il dettato legislativo, anche in una materia cos\u00ec politicamente rilevante come quella relativa all\u2019attribuzione dei seggi elettorali.<\/p>\n<p>Il fatto che tale vicenda sia sfuggita a soggetti ben pi\u00f9 titolati ma non al nostro attento lettore \u00e8 motivo ulteriore per ringraziarlo e \u2013 se ci \u00e8 consentito \u2013 di conforto per noi circa l\u2019attenzione ed il livello di quanti hanno l\u2019amabilit\u00e0 di leggere questo giornale.<\/p>\n","protected":false},"excerpt":{"rendered":"<p>di Salvatore Curreri Come scriveva il compianto Antonio Ramenghi nel suo editoriale di presentazione, questo giornale \u00e8 nato per dare \u201cai cittadini uno strumento di agile consultazione e di pronto aggiornamento\u201d\u00a0 sull\u2019attualit\u00e0 politico-istituzionale letta ed interpretata con gli occhiali del costituzionalista. Ci\u00f2 nella convinzione che, allora come ora, sia necessario che i costituzionalisti escano dai &#8230; <a title=\"Il potere dell\u2019Ufficio elettorale centrale di \u201ccreare\u201d disposizioni per l\u2019aggiudicazione dei seggi (in risposta ad un nostro lettore)\" class=\"read-more\" href=\"https:\/\/www.lacostituzione.info\/index.php\/2023\/01\/16\/il-potere-dellufficio-elettorale-centrale-di-creare-disposizioni-per-laggiudicazione-dei-seggi-in-risposta-ad-un-nostro-lettore\/\">Leggi tutto<\/a><\/p>\n<div class='heateorSssClear'><\/div><div  class='heateor_sss_sharing_container heateor_sss_horizontal_sharing' data-heateor-sss-href='https:\/\/www.lacostituzione.info\/index.php\/2023\/01\/16\/il-potere-dellufficio-elettorale-centrale-di-creare-disposizioni-per-laggiudicazione-dei-seggi-in-risposta-ad-un-nostro-lettore\/'><div class='heateor_sss_sharing_title' style=\"font-weight:bold\" >Condividi!<\/div><div class=\"heateor_sss_sharing_ul\"><a aria-label=\"Facebook\" class=\"heateor_sss_facebook\" href=\"https:\/\/www.facebook.com\/sharer\/sharer.php?u=https%3A%2F%2Fwww.lacostituzione.info%2Findex.php%2F2023%2F01%2F16%2Fil-potere-dellufficio-elettorale-centrale-di-creare-disposizioni-per-laggiudicazione-dei-seggi-in-risposta-ad-un-nostro-lettore%2F\" title=\"Facebook\" rel=\"nofollow noopener\" target=\"_blank\" style=\"font-size:32px!important;box-shadow:none;display:inline-block;vertical-align:middle\"><span class=\"heateor_sss_svg\" style=\"background-color:#0765FE;width:35px;height:35px;display:inline-block;opacity:1;float:left;font-size:32px;box-shadow:none;display:inline-block;font-size:16px;padding:0 4px;vertical-align:middle;background-repeat:repeat;overflow:hidden;padding:0;cursor:pointer;box-sizing:content-box\"><svg style=\"display:block;\" focusable=\"false\" aria-hidden=\"true\" xmlns=\"http:\/\/www.w3.org\/2000\/svg\" width=\"100%\" height=\"100%\" viewBox=\"0 0 32 32\"><path fill=\"#fff\" d=\"M28 16c0-6.627-5.373-12-12-12S4 9.373 4 16c0 5.628 3.875 10.35 9.101 11.647v-7.98h-2.474V16H13.1v-1.58c0-4.085 1.849-5.978 5.859-5.978.76 0 2.072.15 2.608.298v3.325c-.283-.03-.775-.045-1.386-.045-1.967 0-2.728.745-2.728 2.683V16h3.92l-.673 3.667h-3.247v8.245C23.395 27.195 28 22.135 28 16Z\"><\/path><\/svg><\/span><\/a><a aria-label=\"Twitter\" class=\"heateor_sss_button_twitter\" href=\"https:\/\/twitter.com\/intent\/tweet?text=Il%20potere%20dell%E2%80%99Ufficio%20elettorale%20centrale%20di%20%E2%80%9Ccreare%E2%80%9D%20disposizioni%20per%20l%E2%80%99aggiudicazione%20dei%20seggi%20%28in%20risposta%20ad%20un%20nostro%20lettore%29&url=https%3A%2F%2Fwww.lacostituzione.info%2Findex.php%2F2023%2F01%2F16%2Fil-potere-dellufficio-elettorale-centrale-di-creare-disposizioni-per-laggiudicazione-dei-seggi-in-risposta-ad-un-nostro-lettore%2F\" title=\"Twitter\" rel=\"nofollow noopener\" target=\"_blank\" style=\"font-size:32px!important;box-shadow:none;display:inline-block;vertical-align:middle\"><span class=\"heateor_sss_svg heateor_sss_s__default heateor_sss_s_twitter\" style=\"background-color:#55acee;width:35px;height:35px;display:inline-block;opacity:1;float:left;font-size:32px;box-shadow:none;display:inline-block;font-size:16px;padding:0 4px;vertical-align:middle;background-repeat:repeat;overflow:hidden;padding:0;cursor:pointer;box-sizing:content-box\"><svg style=\"display:block;\" focusable=\"false\" aria-hidden=\"true\" xmlns=\"http:\/\/www.w3.org\/2000\/svg\" width=\"100%\" height=\"100%\" viewBox=\"-4 -4 39 39\"><path d=\"M28 8.557a9.913 9.913 0 0 1-2.828.775 4.93 4.93 0 0 0 2.166-2.725 9.738 9.738 0 0 1-3.13 1.194 4.92 4.92 0 0 0-3.593-1.55 4.924 4.924 0 0 0-4.794 6.049c-4.09-.21-7.72-2.17-10.15-5.15a4.942 4.942 0 0 0-.665 2.477c0 1.71.87 3.214 2.19 4.1a4.968 4.968 0 0 1-2.23-.616v.06c0 2.39 1.7 4.38 3.952 4.83-.414.115-.85.174-1.297.174-.318 0-.626-.03-.928-.086a4.935 4.935 0 0 0 4.6 3.42 9.893 9.893 0 0 1-6.114 2.107c-.398 0-.79-.023-1.175-.068a13.953 13.953 0 0 0 7.55 2.213c9.056 0 14.01-7.507 14.01-14.013 0-.213-.005-.426-.015-.637.96-.695 1.795-1.56 2.455-2.55z\" fill=\"#fff\"><\/path><\/svg><\/span><\/a><a aria-label=\"Reddit\" class=\"heateor_sss_button_reddit\" href=\"https:\/\/reddit.com\/submit?url=https%3A%2F%2Fwww.lacostituzione.info%2Findex.php%2F2023%2F01%2F16%2Fil-potere-dellufficio-elettorale-centrale-di-creare-disposizioni-per-laggiudicazione-dei-seggi-in-risposta-ad-un-nostro-lettore%2F&title=Il%20potere%20dell%E2%80%99Ufficio%20elettorale%20centrale%20di%20%E2%80%9Ccreare%E2%80%9D%20disposizioni%20per%20l%E2%80%99aggiudicazione%20dei%20seggi%20%28in%20risposta%20ad%20un%20nostro%20lettore%29\" title=\"Reddit\" rel=\"nofollow noopener\" target=\"_blank\" style=\"font-size:32px!important;box-shadow:none;display:inline-block;vertical-align:middle\"><span class=\"heateor_sss_svg heateor_sss_s__default heateor_sss_s_reddit\" style=\"background-color:#ff5700;width:35px;height:35px;display:inline-block;opacity:1;float:left;font-size:32px;box-shadow:none;display:inline-block;font-size:16px;padding:0 4px;vertical-align:middle;background-repeat:repeat;overflow:hidden;padding:0;cursor:pointer;box-sizing:content-box\"><svg style=\"display:block;\" focusable=\"false\" aria-hidden=\"true\" xmlns=\"http:\/\/www.w3.org\/2000\/svg\" width=\"100%\" height=\"100%\" viewBox=\"-3.5 -3.5 39 39\"><path d=\"M28.543 15.774a2.953 2.953 0 0 0-2.951-2.949 2.882 2.882 0 0 0-1.9.713 14.075 14.075 0 0 0-6.85-2.044l1.38-4.349 3.768.884a2.452 2.452 0 1 0 .24-1.176l-4.274-1a.6.6 0 0 0-.709.4l-1.659 5.224a14.314 14.314 0 0 0-7.316 2.029 2.908 2.908 0 0 0-1.872-.681 2.942 2.942 0 0 0-1.618 5.4 5.109 5.109 0 0 0-.062.765c0 4.158 5.037 7.541 11.229 7.541s11.22-3.383 11.22-7.541a5.2 5.2 0 0 0-.053-.706 2.963 2.963 0 0 0 1.427-2.51zm-18.008 1.88a1.753 1.753 0 0 1 1.73-1.74 1.73 1.73 0 0 1 1.709 1.74 1.709 1.709 0 0 1-1.709 1.711 1.733 1.733 0 0 1-1.73-1.711zm9.565 4.968a5.573 5.573 0 0 1-4.081 1.272h-.032a5.576 5.576 0 0 1-4.087-1.272.6.6 0 0 1 .844-.854 4.5 4.5 0 0 0 3.238.927h.032a4.5 4.5 0 0 0 3.237-.927.6.6 0 1 1 .844.854zm-.331-3.256a1.726 1.726 0 1 1 1.709-1.712 1.717 1.717 0 0 1-1.712 1.712z\" fill=\"#fff\"\/><\/svg><\/span><\/a><a aria-label=\"Linkedin\" class=\"heateor_sss_button_linkedin\" href=\"https:\/\/www.linkedin.com\/sharing\/share-offsite\/?url=https%3A%2F%2Fwww.lacostituzione.info%2Findex.php%2F2023%2F01%2F16%2Fil-potere-dellufficio-elettorale-centrale-di-creare-disposizioni-per-laggiudicazione-dei-seggi-in-risposta-ad-un-nostro-lettore%2F\" title=\"Linkedin\" rel=\"nofollow noopener\" target=\"_blank\" style=\"font-size:32px!important;box-shadow:none;display:inline-block;vertical-align:middle\"><span class=\"heateor_sss_svg heateor_sss_s__default heateor_sss_s_linkedin\" style=\"background-color:#0077b5;width:35px;height:35px;display:inline-block;opacity:1;float:left;font-size:32px;box-shadow:none;display:inline-block;font-size:16px;padding:0 4px;vertical-align:middle;background-repeat:repeat;overflow:hidden;padding:0;cursor:pointer;box-sizing:content-box\"><svg style=\"display:block;\" focusable=\"false\" aria-hidden=\"true\" xmlns=\"http:\/\/www.w3.org\/2000\/svg\" width=\"100%\" height=\"100%\" viewBox=\"0 0 32 32\"><path d=\"M6.227 12.61h4.19v13.48h-4.19V12.61zm2.095-6.7a2.43 2.43 0 0 1 0 4.86c-1.344 0-2.428-1.09-2.428-2.43s1.084-2.43 2.428-2.43m4.72 6.7h4.02v1.84h.058c.56-1.058 1.927-2.176 3.965-2.176 4.238 0 5.02 2.792 5.02 6.42v7.395h-4.183v-6.56c0-1.564-.03-3.574-2.178-3.574-2.18 0-2.514 1.7-2.514 3.46v6.668h-4.187V12.61z\" fill=\"#fff\"><\/path><\/svg><\/span><\/a><a aria-label=\"Pinterest\" class=\"heateor_sss_button_pinterest\" href=\"https:\/\/www.lacostituzione.info\/index.php\/2023\/01\/16\/il-potere-dellufficio-elettorale-centrale-di-creare-disposizioni-per-laggiudicazione-dei-seggi-in-risposta-ad-un-nostro-lettore\/\" onclick=\"event.preventDefault();javascript:void( (function() {var e=document.createElement('script' );e.setAttribute('type','text\/javascript' );e.setAttribute('charset','UTF-8' );e.setAttribute('src','\/\/assets.pinterest.com\/js\/pinmarklet.js?r='+Math.random()*99999999);document.body.appendChild(e)})());\" title=\"Pinterest\" rel=\"noopener\" style=\"font-size:32px!important;box-shadow:none;display:inline-block;vertical-align:middle\"><span class=\"heateor_sss_svg heateor_sss_s__default heateor_sss_s_pinterest\" style=\"background-color:#cc2329;width:35px;height:35px;display:inline-block;opacity:1;float:left;font-size:32px;box-shadow:none;display:inline-block;font-size:16px;padding:0 4px;vertical-align:middle;background-repeat:repeat;overflow:hidden;padding:0;cursor:pointer;box-sizing:content-box\"><svg style=\"display:block;\" focusable=\"false\" aria-hidden=\"true\" xmlns=\"http:\/\/www.w3.org\/2000\/svg\" width=\"100%\" height=\"100%\" viewBox=\"-2 -2 35 35\"><path fill=\"#fff\" d=\"M16.539 4.5c-6.277 0-9.442 4.5-9.442 8.253 0 2.272.86 4.293 2.705 5.046.303.125.574.005.662-.33.061-.231.205-.816.27-1.06.088-.331.053-.447-.191-.736-.532-.627-.873-1.439-.873-2.591 0-3.338 2.498-6.327 6.505-6.327 3.548 0 5.497 2.168 5.497 5.062 0 3.81-1.686 7.025-4.188 7.025-1.382 0-2.416-1.142-2.085-2.545.397-1.674 1.166-3.48 1.166-4.689 0-1.081-.581-1.983-1.782-1.983-1.413 0-2.548 1.462-2.548 3.419 0 1.247.421 2.091.421 2.091l-1.699 7.199c-.505 2.137-.076 4.755-.039 5.019.021.158.223.196.314.077.13-.17 1.813-2.247 2.384-4.324.162-.587.929-3.631.929-3.631.46.876 1.801 1.646 3.227 1.646 4.247 0 7.128-3.871 7.128-9.053.003-3.918-3.317-7.568-8.361-7.568z\"\/><\/svg><\/span><\/a><a aria-label=\"Whatsapp\" class=\"heateor_sss_whatsapp\" href=\"https:\/\/api.whatsapp.com\/send?text=Il%20potere%20dell%E2%80%99Ufficio%20elettorale%20centrale%20di%20%E2%80%9Ccreare%E2%80%9D%20disposizioni%20per%20l%E2%80%99aggiudicazione%20dei%20seggi%20%28in%20risposta%20ad%20un%20nostro%20lettore%29%20https%3A%2F%2Fwww.lacostituzione.info%2Findex.php%2F2023%2F01%2F16%2Fil-potere-dellufficio-elettorale-centrale-di-creare-disposizioni-per-laggiudicazione-dei-seggi-in-risposta-ad-un-nostro-lettore%2F\" title=\"Whatsapp\" rel=\"nofollow noopener\" target=\"_blank\" style=\"font-size:32px!important;box-shadow:none;display:inline-block;vertical-align:middle\"><span class=\"heateor_sss_svg\" style=\"background-color:#55eb4c;width:35px;height:35px;display:inline-block;opacity:1;float:left;font-size:32px;box-shadow:none;display:inline-block;font-size:16px;padding:0 4px;vertical-align:middle;background-repeat:repeat;overflow:hidden;padding:0;cursor:pointer;box-sizing:content-box\"><svg style=\"display:block;\" focusable=\"false\" aria-hidden=\"true\" xmlns=\"http:\/\/www.w3.org\/2000\/svg\" width=\"100%\" height=\"100%\" viewBox=\"-6 -5 40 40\"><path class=\"heateor_sss_svg_stroke heateor_sss_no_fill\" stroke=\"#fff\" stroke-width=\"2\" fill=\"none\" d=\"M 11.579798566743314 24.396926207859085 A 10 10 0 1 0 6.808479557110079 20.73576436351046\"><\/path><path d=\"M 7 19 l -1 6 l 6 -1\" class=\"heateor_sss_no_fill heateor_sss_svg_stroke\" stroke=\"#fff\" stroke-width=\"2\" fill=\"none\"><\/path><path d=\"M 10 10 q -1 8 8 11 c 5 -1 0 -6 -1 -3 q -4 -3 -5 -5 c 4 -2 -1 -5 -1 -4\" fill=\"#fff\"><\/path><\/svg><\/span><\/a><\/div><div class=\"heateorSssClear\"><\/div><\/div><div class='heateorSssClear'><\/div>","protected":false},"author":13,"featured_media":0,"comment_status":"open","ping_status":"open","sticky":false,"template":"","format":"standard","meta":{"jetpack_post_was_ever_published":false,"_jetpack_newsletter_access":"","_jetpack_dont_email_post_to_subs":false,"_jetpack_newsletter_tier_id":0,"_jetpack_memberships_contains_paywalled_content":false,"_jetpack_memberships_contains_paid_content":false,"footnotes":"","jetpack_publicize_message":"","jetpack_publicize_feature_enabled":true,"jetpack_social_post_already_shared":false,"jetpack_social_options":{"image_generator_settings":{"template":"highway","default_image_id":0,"enabled":false},"version":2}},"categories":[4],"tags":[1622,114,897],"class_list":["post-8608","post","type-post","status-publish","format-standard","hentry","category-attualita","tag-elezioni-2022","tag-giudice","tag-seggi-uninominali"],"jetpack_publicize_connections":[],"jetpack_featured_media_url":"","jetpack_shortlink":"https:\/\/wp.me\/p84sDq-2eQ","jetpack_likes_enabled":true,"jetpack_sharing_enabled":true,"_links":{"self":[{"href":"https:\/\/www.lacostituzione.info\/index.php\/wp-json\/wp\/v2\/posts\/8608","targetHints":{"allow":["GET"]}}],"collection":[{"href":"https:\/\/www.lacostituzione.info\/index.php\/wp-json\/wp\/v2\/posts"}],"about":[{"href":"https:\/\/www.lacostituzione.info\/index.php\/wp-json\/wp\/v2\/types\/post"}],"author":[{"embeddable":true,"href":"https:\/\/www.lacostituzione.info\/index.php\/wp-json\/wp\/v2\/users\/13"}],"replies":[{"embeddable":true,"href":"https:\/\/www.lacostituzione.info\/index.php\/wp-json\/wp\/v2\/comments?post=8608"}],"version-history":[{"count":0,"href":"https:\/\/www.lacostituzione.info\/index.php\/wp-json\/wp\/v2\/posts\/8608\/revisions"}],"wp:attachment":[{"href":"https:\/\/www.lacostituzione.info\/index.php\/wp-json\/wp\/v2\/media?parent=8608"}],"wp:term":[{"taxonomy":"category","embeddable":true,"href":"https:\/\/www.lacostituzione.info\/index.php\/wp-json\/wp\/v2\/categories?post=8608"},{"taxonomy":"post_tag","embeddable":true,"href":"https:\/\/www.lacostituzione.info\/index.php\/wp-json\/wp\/v2\/tags?post=8608"}],"curies":[{"name":"wp","href":"https:\/\/api.w.org\/{rel}","templated":true}]}}