{"id":8626,"date":"2023-02-06T09:58:56","date_gmt":"2023-02-06T08:58:56","guid":{"rendered":"http:\/\/www.lacostituzione.info\/?p=8626"},"modified":"2023-02-06T09:59:10","modified_gmt":"2023-02-06T08:59:10","slug":"se-questo-e-regionalismo","status":"publish","type":"post","link":"https:\/\/www.lacostituzione.info\/index.php\/2023\/02\/06\/se-questo-e-regionalismo\/","title":{"rendered":"Se questo \u00e8 regionalismo"},"content":{"rendered":"\n<p><a href=\"http:\/\/www.lacostituzione.info\/index.php\/2019\/02\/16\/la-secessione-dei-ricchi-e-una-fake-news\/secessione\/#main\" rel=\"attachment wp-att-6141\"><img loading=\"lazy\" decoding=\"async\" data-attachment-id=\"6141\" data-permalink=\"https:\/\/www.lacostituzione.info\/index.php\/2019\/02\/16\/la-secessione-dei-ricchi-e-una-fake-news\/secessione\/#main\" data-orig-file=\"https:\/\/www.lacostituzione.info\/wp-content\/uploads\/2019\/02\/secessione.jpg\" data-orig-size=\"400,366\" data-comments-opened=\"1\" data-image-meta=\"{&quot;aperture&quot;:&quot;0&quot;,&quot;credit&quot;:&quot;&quot;,&quot;camera&quot;:&quot;&quot;,&quot;caption&quot;:&quot;&quot;,&quot;created_timestamp&quot;:&quot;0&quot;,&quot;copyright&quot;:&quot;&quot;,&quot;focal_length&quot;:&quot;0&quot;,&quot;iso&quot;:&quot;0&quot;,&quot;shutter_speed&quot;:&quot;0&quot;,&quot;title&quot;:&quot;&quot;,&quot;orientation&quot;:&quot;0&quot;}\" data-image-title=\"secessione\" data-image-description=\"\" data-image-caption=\"\" data-medium-file=\"https:\/\/www.lacostituzione.info\/wp-content\/uploads\/2019\/02\/secessione-300x275.jpg\" data-large-file=\"https:\/\/www.lacostituzione.info\/wp-content\/uploads\/2019\/02\/secessione.jpg\" class=\"alignleft size-thumbnail wp-image-6141\" src=\"http:\/\/www.lacostituzione.info\/wp-content\/uploads\/2019\/02\/secessione-150x150.jpg\" alt=\"\" width=\"150\" height=\"150\" \/><\/a>di <strong>Camilla Buzzacchi<\/strong><\/p>\n<p>In questo inizio del 2023, dopo ventidue anni dall\u2019introduzione della previsione in Costituzione di un modello di regionalismo c.d. \u201cdifferenziato\u201d, il Consiglio dei ministri ha approvato il disegno di legge<em><a href=\"http:\/\/www.lacostituzione.info\/wp-content\/uploads\/2023\/02\/DDL-Calderoli.pdf\"> Disposizioni per l\u2019attuazione dell\u2019autonomia differenziata delle regioni a statuto ordinario<\/a>. <\/em><!--more--><\/p>\n<p>L\u2019approvazione in legge aprir\u00e0 la strada alla presentazione dell\u2019atto d&#8217;iniziativa relativo all&#8217;attribuzione di \u201culteriori forme e condizioni particolari di autonomia\u201d, che a sua volta condurr\u00e0 alla conclusione delle diverse intese tra lo Stato e le singole Regioni. E tre Regioni avevano gi\u00e0 negli anni recenti \u00a0avviato il percorso di applicazione di questa opportunit\u00e0: il disegno di legge non intende che questo lavoro di negoziazione vada perso, cosicch\u00e9 nelle disposizioni transitorie e finali dispone che \u201cl\u2019esame degli atti di iniziativa delle Regioni gi\u00e0 presentati al Governo, di cui sia stato avviato il confronto congiunto tra il Governo e la Regione interessata prima della data di entrata in vigore della presente legge, prosegue secondo quanto previsto dalle pertinenti disposizioni della presente legge\u201d. Lombardia, Veneto ed Emilia-Romagna vedono dunque ormai a portata di mano il raggiungimento dell\u2019obiettivo.<\/p>\n<p><span style=\"font-size: inherit;\">Il disegno di legge fa dipendere l\u2019intero processo dalla determinazione dei livelli essenziali delle prestazioni (leps) concernenti i diritti civili e sociali che devono essere garantiti su tutto il territorio nazionale: l\u2019avverbio \u201csubordinatamente\u201d sembra costituire il baluardo dell\u2019eguaglianza, perch\u00e9 rassicura sul fatto che nessuna iniziativa potr\u00e0 essere intrapresa fintantoch\u00e9 il Presidente del Consiglio dei ministri non avr\u00e0 provveduto alla definizione dei leps, in quanto forma di parametrazione delle prestazioni, con funzioni di garanzia di uniforme trattamento dei cittadini in qualsiasi porzione del territorio.<\/span><\/p>\n<p>Effettivamente a questo argomento ha fatto appello, da tempo, tutta la dottrina che ha preteso che il processo di trasferimento di funzioni avvenga in sintonia con la Costituzione. Per cui ai leps ci si \u00e8 rivolti affinch\u00e9 il regionalismo differenziato non produca squilibri: dal quadro normativo \u00e8 infatti deducibile un meccanismo a cascata, che fa dei leps un punto di passaggio ritenuto \u201cobbligato\u201d per un armonico sviluppo del modello. Di fatto non sono individuati come elemento vincolante nell\u2019art. 116. 3, ma ci si arriva per passaggi intermedi: questa disposizione pone l\u2019art. 119 come condizione di attuazione del regionalismo differenziato; a sua volta l\u2019art. 119 Cost. non menziona i leps, limitandosi a prevedere interventi straordinari di finanziamento per \u201cfavorire l&#8217;effettivo esercizio dei diritti della persona\u201d, ma tale disposizione ha trovato compimento nella legge n. 42\/2009, che ha collegato le fonti di entrata degli enti territoriali alla configurazione dei leps. Per finire, il d. lgs. n. 68\/2011, di attuazione della legge delega del 2009 con riguardo all\u2019autonomia finanziaria delle Regioni, ha preteso che nei settori della sanit\u00e0, dell\u2019assistenza, dell\u2019istruzione e del trasporto pubblico locale vada effettuata la ricognizione dei leps.<\/p>\n<p>Cos\u00ec spiegato il contorto percorso che conduce ai leps, il loro ricorrere quasi ossessivo nel disegno di legge \u00e8 segnale del fatto che siano ormai una formula vuota. I dati consolidati e ben conosciuti sullo stato dei servizi in larghe parti del Paese, dove mancano radicalmente le prestazioni sanitarie, educative e di trasporto, confermano quanto possa dimostrarsi astratto e inutile lo sforzo di elencare attivit\u00e0 della Pubblica amministrazione, che non hanno riscontro nella realt\u00e0. Dove mancano le condizioni affinch\u00e9 gli apparati pubblici preposti alle infrastrutture ed ai servizi alla persona possano offrire prestazioni ai cittadini, la classificazione di queste ultime con l\u2019intento di fissare le soglie di uniforme erogazione a beneficio di chiunque \u00a0appare, ormai, un esercizio accademico o di stile, che non ha alcun contatto o riferimento obiettivo con la situazione effettiva.<\/p>\n<p>Anche perch\u00e9 ormai un certo numero di leps esistono. In ambito sanitario sono comparsi nel 2001, e pi\u00f9 recentemente in ambito di alcuni servizi sociali ha provveduto la legge di bilancio 2022: con mutevoli modalit\u00e0 di definizione, <em>si pu\u00f2 dire che essi operano nell\u2019ambito della non autosufficienza e degli asili nido<\/em>. Malgrado tale definizione normativa, lo stato di questi servizi, in alcune porzioni del Paese, \u00e8 prova che ormai i leps sono un pannicello caldo. E lo sono soprattutto nel disegno di legge in esame, anche in considerazione del fatto che questo prevede invarianza finanziaria: l\u2019affermazione <em>\u201c<\/em>dall\u2019applicazione della presente legge e di ciascuna intesa non devono derivare nuovi o maggiori oneri a carico della finanza pubblica\u201d esclude scenari di riaggiustamento delle dotazioni. N\u00e9 a vantaggio dei territori che si candidano all\u2019intesa, n\u00e9 a vantaggio delle istituzioni che manterranno invariata la qualit\u00e0 della loro autonomia.<\/p>\n<p>La relazione illustrativa \u00e8 chiara a riguardo: \u201cper le singole Regioni che non siano parte dell\u2019intesa, sono garantiti l\u2019invarianza finanziaria nonch\u00e9 il finanziamento delle iniziative finalizzate ad attuare le previsioni di cui all\u2019articolo 119, terzo e quinto comma, della Costituzione, concernenti, rispettivamente, la perequazione ordinaria e gli interventi speciali. Le intese, in ogni caso, non possono pregiudicare l\u2019entit\u00e0 delle risorse da destinare a ciascuna delle altre Regioni\u201d. Quanto enunciato \u00e8 senz\u2019altro un ostacolo ad un calo delle risorse assegnabili alle Regioni, che non perseguiranno la differenziazione. Ma \u00e8 allo stesso tempo un sicuro freno ad interventi di correzione, a favore delle medesime, che si rivelassero necessari dopo la variazione della geometria delle competenze delle Regioni ordinarie: nessun sostegno \u00e8 immaginabile per sanit\u00e0, istruzione e altre materie fondate sui leps, nel caso in cui occorresse colmare i divari che verosimilmente si manifesteranno.<\/p>\n<p>Per cui, superato ormai l\u2019inganno dei leps, c\u2019\u00e8 da mettere in conto che sempre pi\u00f9 i cittadini delle Regioni, dove istruzione, sanit\u00e0, assistenza sociale e infrastrutture di collegamento sono inconsistenti e non aprono a scenari di vita dignitosi, si rivolgano ai territori dove i servizi hanno una ben diversa consistenza, e sono idonei a soddisfare aspettative e bisogni. Sono prevalentemente i territori che, dopo avere costruito nei decenni sistemi amministrativi di apprezzabile riuscita, grazie ad un finanziamento dello Stato parametrato sui fabbisogni nazionali, ritengono ora di poter assumere in esclusiva le relative competenze e di poter negoziare un assetto delle risorse \u2013 parametrato sui fabbisogni del loro territorio \u2013 che renda ancora pi\u00f9 efficace il servizio offerto.<\/p>\n<p>Giunti a questo punto, non resta che augurarsi che tale assetto di risorse sia quello della spesa storica, che si \u00e8 sempre detto incoerente e da superare, ma che non risulta espressamente precluso dal disegno di legge: con buona pace della prospettiva di attuazione dell\u2019art. 119 Cost., declinata in termini di costi e fabbisogni standard rispetto a leps fissati dal livello nazionale. Si potr\u00e0 cos\u00ec assicurare un sistema nel quale le Regioni con autonomia accresciuta \u2013 sulla carta, al momento, Lombardia, Veneto ed Emilia-Romagna \u2013 potranno erogare ad un sempre maggior numero di italiani quell\u2019insieme di prestazioni che, in tante parti del Paese, mancano. Sar\u00e0 forse questa la via per garantire l\u2019eguaglianza: via del resto non nuova, dal momento che il fenomeno \u00e8 conosciuto e praticato da tempo. Ma difficilmente possono esserci alternative ad una sua assunzione a sistema, una volta che la differenziazione di competenze avr\u00e0 istituzionalizzato e legittimato la disparit\u00e0 di capacit\u00e0 amministrativa delle diverse realt\u00e0 del Paese.<\/p>\n","protected":false},"excerpt":{"rendered":"<p>di Camilla Buzzacchi In questo inizio del 2023, dopo ventidue anni dall\u2019introduzione della previsione in Costituzione di un modello di regionalismo c.d. \u201cdifferenziato\u201d, il Consiglio dei ministri ha approvato il disegno di legge Disposizioni per l\u2019attuazione dell\u2019autonomia differenziata delle regioni a statuto ordinario.<\/p>\n<div class='heateorSssClear'><\/div><div  class='heateor_sss_sharing_container heateor_sss_horizontal_sharing' data-heateor-sss-href='https:\/\/www.lacostituzione.info\/index.php\/2023\/02\/06\/se-questo-e-regionalismo\/'><div class='heateor_sss_sharing_title' style=\"font-weight:bold\" >Condividi!<\/div><div class=\"heateor_sss_sharing_ul\"><a aria-label=\"Facebook\" class=\"heateor_sss_facebook\" href=\"https:\/\/www.facebook.com\/sharer\/sharer.php?u=https%3A%2F%2Fwww.lacostituzione.info%2Findex.php%2F2023%2F02%2F06%2Fse-questo-e-regionalismo%2F\" title=\"Facebook\" rel=\"nofollow noopener\" target=\"_blank\" style=\"font-size:32px!important;box-shadow:none;display:inline-block;vertical-align:middle\"><span class=\"heateor_sss_svg\" style=\"background-color:#0765FE;width:35px;height:35px;display:inline-block;opacity:1;float:left;font-size:32px;box-shadow:none;display:inline-block;font-size:16px;padding:0 4px;vertical-align:middle;background-repeat:repeat;overflow:hidden;padding:0;cursor:pointer;box-sizing:content-box\"><svg style=\"display:block;\" focusable=\"false\" aria-hidden=\"true\" xmlns=\"http:\/\/www.w3.org\/2000\/svg\" width=\"100%\" height=\"100%\" viewBox=\"0 0 32 32\"><path fill=\"#fff\" d=\"M28 16c0-6.627-5.373-12-12-12S4 9.373 4 16c0 5.628 3.875 10.35 9.101 11.647v-7.98h-2.474V16H13.1v-1.58c0-4.085 1.849-5.978 5.859-5.978.76 0 2.072.15 2.608.298v3.325c-.283-.03-.775-.045-1.386-.045-1.967 0-2.728.745-2.728 2.683V16h3.92l-.673 3.667h-3.247v8.245C23.395 27.195 28 22.135 28 16Z\"><\/path><\/svg><\/span><\/a><a aria-label=\"Twitter\" class=\"heateor_sss_button_twitter\" href=\"https:\/\/twitter.com\/intent\/tweet?text=Se%20questo%20%C3%A8%20regionalismo&url=https%3A%2F%2Fwww.lacostituzione.info%2Findex.php%2F2023%2F02%2F06%2Fse-questo-e-regionalismo%2F\" title=\"Twitter\" rel=\"nofollow noopener\" target=\"_blank\" style=\"font-size:32px!important;box-shadow:none;display:inline-block;vertical-align:middle\"><span class=\"heateor_sss_svg heateor_sss_s__default heateor_sss_s_twitter\" style=\"background-color:#55acee;width:35px;height:35px;display:inline-block;opacity:1;float:left;font-size:32px;box-shadow:none;display:inline-block;font-size:16px;padding:0 4px;vertical-align:middle;background-repeat:repeat;overflow:hidden;padding:0;cursor:pointer;box-sizing:content-box\"><svg style=\"display:block;\" focusable=\"false\" aria-hidden=\"true\" xmlns=\"http:\/\/www.w3.org\/2000\/svg\" width=\"100%\" height=\"100%\" viewBox=\"-4 -4 39 39\"><path d=\"M28 8.557a9.913 9.913 0 0 1-2.828.775 4.93 4.93 0 0 0 2.166-2.725 9.738 9.738 0 0 1-3.13 1.194 4.92 4.92 0 0 0-3.593-1.55 4.924 4.924 0 0 0-4.794 6.049c-4.09-.21-7.72-2.17-10.15-5.15a4.942 4.942 0 0 0-.665 2.477c0 1.71.87 3.214 2.19 4.1a4.968 4.968 0 0 1-2.23-.616v.06c0 2.39 1.7 4.38 3.952 4.83-.414.115-.85.174-1.297.174-.318 0-.626-.03-.928-.086a4.935 4.935 0 0 0 4.6 3.42 9.893 9.893 0 0 1-6.114 2.107c-.398 0-.79-.023-1.175-.068a13.953 13.953 0 0 0 7.55 2.213c9.056 0 14.01-7.507 14.01-14.013 0-.213-.005-.426-.015-.637.96-.695 1.795-1.56 2.455-2.55z\" fill=\"#fff\"><\/path><\/svg><\/span><\/a><a aria-label=\"Reddit\" class=\"heateor_sss_button_reddit\" href=\"https:\/\/reddit.com\/submit?url=https%3A%2F%2Fwww.lacostituzione.info%2Findex.php%2F2023%2F02%2F06%2Fse-questo-e-regionalismo%2F&title=Se%20questo%20%C3%A8%20regionalismo\" title=\"Reddit\" rel=\"nofollow noopener\" target=\"_blank\" style=\"font-size:32px!important;box-shadow:none;display:inline-block;vertical-align:middle\"><span class=\"heateor_sss_svg heateor_sss_s__default heateor_sss_s_reddit\" style=\"background-color:#ff5700;width:35px;height:35px;display:inline-block;opacity:1;float:left;font-size:32px;box-shadow:none;display:inline-block;font-size:16px;padding:0 4px;vertical-align:middle;background-repeat:repeat;overflow:hidden;padding:0;cursor:pointer;box-sizing:content-box\"><svg style=\"display:block;\" focusable=\"false\" aria-hidden=\"true\" xmlns=\"http:\/\/www.w3.org\/2000\/svg\" width=\"100%\" height=\"100%\" viewBox=\"-3.5 -3.5 39 39\"><path d=\"M28.543 15.774a2.953 2.953 0 0 0-2.951-2.949 2.882 2.882 0 0 0-1.9.713 14.075 14.075 0 0 0-6.85-2.044l1.38-4.349 3.768.884a2.452 2.452 0 1 0 .24-1.176l-4.274-1a.6.6 0 0 0-.709.4l-1.659 5.224a14.314 14.314 0 0 0-7.316 2.029 2.908 2.908 0 0 0-1.872-.681 2.942 2.942 0 0 0-1.618 5.4 5.109 5.109 0 0 0-.062.765c0 4.158 5.037 7.541 11.229 7.541s11.22-3.383 11.22-7.541a5.2 5.2 0 0 0-.053-.706 2.963 2.963 0 0 0 1.427-2.51zm-18.008 1.88a1.753 1.753 0 0 1 1.73-1.74 1.73 1.73 0 0 1 1.709 1.74 1.709 1.709 0 0 1-1.709 1.711 1.733 1.733 0 0 1-1.73-1.711zm9.565 4.968a5.573 5.573 0 0 1-4.081 1.272h-.032a5.576 5.576 0 0 1-4.087-1.272.6.6 0 0 1 .844-.854 4.5 4.5 0 0 0 3.238.927h.032a4.5 4.5 0 0 0 3.237-.927.6.6 0 1 1 .844.854zm-.331-3.256a1.726 1.726 0 1 1 1.709-1.712 1.717 1.717 0 0 1-1.712 1.712z\" fill=\"#fff\"\/><\/svg><\/span><\/a><a aria-label=\"Linkedin\" class=\"heateor_sss_button_linkedin\" href=\"https:\/\/www.linkedin.com\/sharing\/share-offsite\/?url=https%3A%2F%2Fwww.lacostituzione.info%2Findex.php%2F2023%2F02%2F06%2Fse-questo-e-regionalismo%2F\" title=\"Linkedin\" rel=\"nofollow noopener\" target=\"_blank\" style=\"font-size:32px!important;box-shadow:none;display:inline-block;vertical-align:middle\"><span class=\"heateor_sss_svg heateor_sss_s__default heateor_sss_s_linkedin\" style=\"background-color:#0077b5;width:35px;height:35px;display:inline-block;opacity:1;float:left;font-size:32px;box-shadow:none;display:inline-block;font-size:16px;padding:0 4px;vertical-align:middle;background-repeat:repeat;overflow:hidden;padding:0;cursor:pointer;box-sizing:content-box\"><svg style=\"display:block;\" focusable=\"false\" aria-hidden=\"true\" xmlns=\"http:\/\/www.w3.org\/2000\/svg\" width=\"100%\" height=\"100%\" viewBox=\"0 0 32 32\"><path d=\"M6.227 12.61h4.19v13.48h-4.19V12.61zm2.095-6.7a2.43 2.43 0 0 1 0 4.86c-1.344 0-2.428-1.09-2.428-2.43s1.084-2.43 2.428-2.43m4.72 6.7h4.02v1.84h.058c.56-1.058 1.927-2.176 3.965-2.176 4.238 0 5.02 2.792 5.02 6.42v7.395h-4.183v-6.56c0-1.564-.03-3.574-2.178-3.574-2.18 0-2.514 1.7-2.514 3.46v6.668h-4.187V12.61z\" fill=\"#fff\"><\/path><\/svg><\/span><\/a><a aria-label=\"Pinterest\" class=\"heateor_sss_button_pinterest\" href=\"https:\/\/www.lacostituzione.info\/index.php\/2023\/02\/06\/se-questo-e-regionalismo\/\" onclick=\"event.preventDefault();javascript:void( (function() {var e=document.createElement('script' );e.setAttribute('type','text\/javascript' );e.setAttribute('charset','UTF-8' );e.setAttribute('src','\/\/assets.pinterest.com\/js\/pinmarklet.js?r='+Math.random()*99999999);document.body.appendChild(e)})());\" title=\"Pinterest\" rel=\"noopener\" style=\"font-size:32px!important;box-shadow:none;display:inline-block;vertical-align:middle\"><span class=\"heateor_sss_svg heateor_sss_s__default heateor_sss_s_pinterest\" style=\"background-color:#cc2329;width:35px;height:35px;display:inline-block;opacity:1;float:left;font-size:32px;box-shadow:none;display:inline-block;font-size:16px;padding:0 4px;vertical-align:middle;background-repeat:repeat;overflow:hidden;padding:0;cursor:pointer;box-sizing:content-box\"><svg style=\"display:block;\" focusable=\"false\" aria-hidden=\"true\" xmlns=\"http:\/\/www.w3.org\/2000\/svg\" width=\"100%\" height=\"100%\" viewBox=\"-2 -2 35 35\"><path fill=\"#fff\" d=\"M16.539 4.5c-6.277 0-9.442 4.5-9.442 8.253 0 2.272.86 4.293 2.705 5.046.303.125.574.005.662-.33.061-.231.205-.816.27-1.06.088-.331.053-.447-.191-.736-.532-.627-.873-1.439-.873-2.591 0-3.338 2.498-6.327 6.505-6.327 3.548 0 5.497 2.168 5.497 5.062 0 3.81-1.686 7.025-4.188 7.025-1.382 0-2.416-1.142-2.085-2.545.397-1.674 1.166-3.48 1.166-4.689 0-1.081-.581-1.983-1.782-1.983-1.413 0-2.548 1.462-2.548 3.419 0 1.247.421 2.091.421 2.091l-1.699 7.199c-.505 2.137-.076 4.755-.039 5.019.021.158.223.196.314.077.13-.17 1.813-2.247 2.384-4.324.162-.587.929-3.631.929-3.631.46.876 1.801 1.646 3.227 1.646 4.247 0 7.128-3.871 7.128-9.053.003-3.918-3.317-7.568-8.361-7.568z\"\/><\/svg><\/span><\/a><a aria-label=\"Whatsapp\" class=\"heateor_sss_whatsapp\" href=\"https:\/\/api.whatsapp.com\/send?text=Se%20questo%20%C3%A8%20regionalismo%20https%3A%2F%2Fwww.lacostituzione.info%2Findex.php%2F2023%2F02%2F06%2Fse-questo-e-regionalismo%2F\" title=\"Whatsapp\" rel=\"nofollow noopener\" target=\"_blank\" style=\"font-size:32px!important;box-shadow:none;display:inline-block;vertical-align:middle\"><span class=\"heateor_sss_svg\" style=\"background-color:#55eb4c;width:35px;height:35px;display:inline-block;opacity:1;float:left;font-size:32px;box-shadow:none;display:inline-block;font-size:16px;padding:0 4px;vertical-align:middle;background-repeat:repeat;overflow:hidden;padding:0;cursor:pointer;box-sizing:content-box\"><svg style=\"display:block;\" focusable=\"false\" aria-hidden=\"true\" xmlns=\"http:\/\/www.w3.org\/2000\/svg\" width=\"100%\" height=\"100%\" viewBox=\"-6 -5 40 40\"><path class=\"heateor_sss_svg_stroke heateor_sss_no_fill\" stroke=\"#fff\" stroke-width=\"2\" fill=\"none\" d=\"M 11.579798566743314 24.396926207859085 A 10 10 0 1 0 6.808479557110079 20.73576436351046\"><\/path><path d=\"M 7 19 l -1 6 l 6 -1\" class=\"heateor_sss_no_fill heateor_sss_svg_stroke\" stroke=\"#fff\" stroke-width=\"2\" fill=\"none\"><\/path><path d=\"M 10 10 q -1 8 8 11 c 5 -1 0 -6 -1 -3 q -4 -3 -5 -5 c 4 -2 -1 -5 -1 -4\" fill=\"#fff\"><\/path><\/svg><\/span><\/a><\/div><div class=\"heateorSssClear\"><\/div><\/div><div class='heateorSssClear'><\/div>","protected":false},"author":1,"featured_media":0,"comment_status":"open","ping_status":"open","sticky":false,"template":"","format":"standard","meta":{"jetpack_post_was_ever_published":false,"_jetpack_newsletter_access":"","_jetpack_dont_email_post_to_subs":false,"_jetpack_newsletter_tier_id":0,"_jetpack_memberships_contains_paywalled_content":false,"_jetpack_memberships_contains_paid_content":false,"footnotes":"","jetpack_publicize_message":"","jetpack_publicize_feature_enabled":true,"jetpack_social_post_already_shared":false,"jetpack_social_options":{"image_generator_settings":{"template":"highway","default_image_id":0,"enabled":false},"version":2}},"categories":[4],"tags":[1646,1547,250,21],"class_list":["post-8626","post","type-post","status-publish","format-standard","hentry","category-attualita","tag-autonomia-differenziata","tag-autonomia-regionale","tag-livelli-essenziali-di-assistenza","tag-regioni"],"jetpack_publicize_connections":[],"jetpack_featured_media_url":"","jetpack_shortlink":"https:\/\/wp.me\/p84sDq-2f8","jetpack_likes_enabled":true,"jetpack_sharing_enabled":true,"_links":{"self":[{"href":"https:\/\/www.lacostituzione.info\/index.php\/wp-json\/wp\/v2\/posts\/8626","targetHints":{"allow":["GET"]}}],"collection":[{"href":"https:\/\/www.lacostituzione.info\/index.php\/wp-json\/wp\/v2\/posts"}],"about":[{"href":"https:\/\/www.lacostituzione.info\/index.php\/wp-json\/wp\/v2\/types\/post"}],"author":[{"embeddable":true,"href":"https:\/\/www.lacostituzione.info\/index.php\/wp-json\/wp\/v2\/users\/1"}],"replies":[{"embeddable":true,"href":"https:\/\/www.lacostituzione.info\/index.php\/wp-json\/wp\/v2\/comments?post=8626"}],"version-history":[{"count":0,"href":"https:\/\/www.lacostituzione.info\/index.php\/wp-json\/wp\/v2\/posts\/8626\/revisions"}],"wp:attachment":[{"href":"https:\/\/www.lacostituzione.info\/index.php\/wp-json\/wp\/v2\/media?parent=8626"}],"wp:term":[{"taxonomy":"category","embeddable":true,"href":"https:\/\/www.lacostituzione.info\/index.php\/wp-json\/wp\/v2\/categories?post=8626"},{"taxonomy":"post_tag","embeddable":true,"href":"https:\/\/www.lacostituzione.info\/index.php\/wp-json\/wp\/v2\/tags?post=8626"}],"curies":[{"name":"wp","href":"https:\/\/api.w.org\/{rel}","templated":true}]}}