{"id":8642,"date":"2023-03-01T10:02:07","date_gmt":"2023-03-01T09:02:07","guid":{"rendered":"http:\/\/www.lacostituzione.info\/?p=8642"},"modified":"2023-03-01T10:02:25","modified_gmt":"2023-03-01T09:02:25","slug":"contenziosi-climatici-e-la-doppia-verita-dellavvocatura-dello-stato","status":"publish","type":"post","link":"https:\/\/www.lacostituzione.info\/index.php\/2023\/03\/01\/contenziosi-climatici-e-la-doppia-verita-dellavvocatura-dello-stato\/","title":{"rendered":"Contenziosi climatici e la doppia verit\u00e0 dell&#8217;Avvocatura dello Stato"},"content":{"rendered":"\n<p style=\"text-align: center;\"><em><a href=\"http:\/\/www.lacostituzione.info\/index.php\/2022\/06\/13\/lemergenza-climatica-tra-giudice-e-vincoli-normativi-sulla-soglia-accettabile-del-pericolo\/orso-polare\/#main\" rel=\"attachment wp-att-8320\"><img loading=\"lazy\" decoding=\"async\" data-attachment-id=\"8320\" data-permalink=\"https:\/\/www.lacostituzione.info\/index.php\/2022\/06\/13\/lemergenza-climatica-tra-giudice-e-vincoli-normativi-sulla-soglia-accettabile-del-pericolo\/orso-polare\/#main\" data-orig-file=\"https:\/\/www.lacostituzione.info\/wp-content\/uploads\/2022\/06\/orso-polare.jpeg\" data-orig-size=\"500,334\" data-comments-opened=\"1\" data-image-meta=\"{&quot;aperture&quot;:&quot;0&quot;,&quot;credit&quot;:&quot;&quot;,&quot;camera&quot;:&quot;&quot;,&quot;caption&quot;:&quot;&quot;,&quot;created_timestamp&quot;:&quot;0&quot;,&quot;copyright&quot;:&quot;&quot;,&quot;focal_length&quot;:&quot;0&quot;,&quot;iso&quot;:&quot;0&quot;,&quot;shutter_speed&quot;:&quot;0&quot;,&quot;title&quot;:&quot;&quot;,&quot;orientation&quot;:&quot;0&quot;}\" data-image-title=\"orso-polare\" data-image-description=\"\" data-image-caption=\"\" data-medium-file=\"https:\/\/www.lacostituzione.info\/wp-content\/uploads\/2022\/06\/orso-polare-300x200.jpeg\" data-large-file=\"https:\/\/www.lacostituzione.info\/wp-content\/uploads\/2022\/06\/orso-polare.jpeg\" class=\"aligncenter size-thumbnail wp-image-8320\" src=\"http:\/\/www.lacostituzione.info\/wp-content\/uploads\/2022\/06\/orso-polare-150x150.jpeg\" alt=\"\" width=\"150\" height=\"150\" \/><\/a><\/em>di <strong>Ines Bruno<\/strong><\/p>\n<p>L\u2019Avvocatura dello Stato italiano si trova coinvolta in un\u2019inedita esperienza di rappresentazione dell\u2019interesse pubblico nelle controverse giudiziarie.<!--more-->E&#8217; una funzione che le appartiene (v. <a href=\"https:\/\/www.avvocaturastato.it\/files\/file\/pp_avvpatob.pdf\" class=\"broken_link\">P. Pavone<\/a> 1995, e, in prospettiva comparata, <a href=\"https:\/\/www.jurua.com.br\/shop_item.asp?id=23324\">A. Sant\u2019Ana Pedra<\/a> 2014). Ma questa volta l\u2019Italia deve rispondere contemporaneamente davanti a due giudici differenti, il Tribunale civile di Roma e la Corte europea dei diritti umani, per una medesima condotta: le misure di contrasto all\u2019emergenza climatica in corso. I due procedimenti sono ormai noti: \u201c<em>Giudizio Universale<\/em>\u201d, la causa climatica radicata da oltre duecento attori nel giugno 2021 presso il giudice romano (per tutti i dettagli, si v. il sito <a href=\"https:\/\/www.giustiziaclimatica.it\/giudizio-universale\/\" class=\"broken_link\"><em>giustiziaclimatica.it<\/em><\/a>); \u201c<em>Duarte Agostinho et al. vs. Portogallo et al.<\/em>\u201d <a href=\"https:\/\/hudoc.echr.coe.int\/eng#{%22appno%22:[%2239371\/20%22]}\">39371\/20<\/a>, noto anche come \u201c<a href=\"https:\/\/youth4climatejustice.org\/\">caso GLAN<\/a>\u201d dal Global Legal Action Network che supporta il ricorso \u201c<em>per saltum<\/em>\u201d alla Corte di Strasburgo da parte dei giovani portoghesi nei confronti di 33 Stati, inclusa appunto anche l\u2019Italia.<\/p>\n<p>Poich\u00e9 la concomitanza delle due pendenze processuali non \u00e8 riconducibile alle fattispecie di connessione di diritto interno, la considerazione del ruolo assunto dall\u2019Avvocatura dello Stato in ciascuna di esse si presta a qualche considerazione interessante. Molti elementi di fatto e di diritto, esposti da attori e ricorrenti delle due iniziative, risultano identici: l\u2019emergenza climatica \u00e8 unanimemente riconosciuta come inedita minaccia esistenziale produttiva di danni irreversibili, presenti e futuri; si rivendica l\u2019esistenza di un\u2019obbligazione positiva dello Stato nel proteggere il sistema climatico al fine di garantire l\u2019effettivit\u00e0 dei diritti umani nel tempo; l\u2019inosservanza dell\u2019efficace protezione del sistema climatico \u00e8 tradotta nella violazione degli artt. 2 e 8 CEDU, cos\u00ec come interpretati dalla Corte di Strasburgo nelle situazioni di rischio ed emergenza; il tempo utile per scongiurare il fallimento del contenimento del riscaldamento globale \u00e8 denunciato come scarso e in scadenza (come comprovato dalla c.d. \u201c<a href=\"https:\/\/www.nature.com\/articles\/d41586-019-03595-0\"><em>formula di Lenton et al<\/em><\/a>.\u201d, utilizzata in entrambi gli atti introduttivi del giudizio); le pi\u00f9 recenti acquisizioni scientifiche non possono essere ignorate dagli Stati per contrastare efficacemente l\u2019emergenza climatica.<\/p>\n<p>I ricorrenti portoghesi, poi, lamentano anche l\u2019impossibilit\u00e0 del diritto di accesso alla giustizia, negato o comunque ostacolato dagli Stati e, per tale motivo, rimediato dal ricorso \u201c<em>per saltum<\/em>\u201d a Strasburgo.<\/p>\n<p>Quest\u2019ultimo passaggio \u00e8 il pi\u00f9 significativo di tutti.<\/p>\n<p>Nella causa \u201c<em>Giudizio Universale<\/em>\u201d, l\u2019Avvocatura dello Stato ha convintamente argomentato l\u2019inammissibilit\u00e0 dell\u2019azione civile, per insindacabilit\u00e0 dello Stato nelle questioni climatiche (per i dettagli, si rinvia a G. Campeggio <a href=\"lacostituzione.info\/index.php\/2022\/07\/04\/la-causa-climatica-giudizio-universale-e-la-difesa-dello-stato\/\">qui<\/a> e <a href=\"https:\/\/www.lacostituzione.info\/index.php\/2022\/09\/07\/lemergenza-climatica-tra-sfera-dellinsindacabile-e-istituzioni-suicide\/\">qui<\/a>).<\/p>\n<p>Quindi, la tesi della difesa statale a livello nazionale confermerebbe quella dei ricorrenti portoghesi a Strasburgo. Tuttavia, la Grande Camera della Corte europea, alla quale quel ricorso \u00e8 stato devoluto, ha richiesto espliciti chiarimenti sull\u2019esistenza, all\u2019interno delle giurisdizioni nazionali, di rimedi efficaci, che consentano di controllare gli impegni statali in materia di lotta all\u2019emergenza climatica dal punto di vista degli articoli 2 e 8 CEDU (cfr. <a href=\"https:\/\/www.echr.coe.int\/Documents\/FS_Climate_change_ENG.pdf\" class=\"broken_link\"><em>Factsheet \u2013 Climate change<\/em><\/a>).<\/p>\n<p>Il 31 gennaio 2023, gli Stati hanno risposto congiuntamente (con la sola eccezione dell\u2019Olanda) e l\u2019Avvocatura erariale italiana ha dovuto necessariamente perorare l\u2019accesso alla giustizia in Italia per non dare ragione a controparte. Lo ha fatto evocando il caso \u201c<em>Giudizio Universale<\/em>\u201d, al fine di dimostrare non solo l\u2019esistenza di un contenzioso nazionale (facilmente conoscibile da chiunque), ma anche l\u2019ammissibilit\u00e0 dell\u2019accesso giudiziale per i ricorrenti portoghesi e la legittimit\u00e0 delle loro eventuali richieste di condanna in forma specifica, ai sensi dell\u2019art. 2058 Cod. civ.<\/p>\n<p>In una parola, l\u2019Avvocatura italiana ha costruito un ordito argomentativo e dimostrativo totalmente contrario a quello esposto nel Tribunale di Roma.<\/p>\n<p>Ne deriva una contraddizione solo apparentemente logica, perch\u00e9 espressiva di difformit\u00e0 costituzionali di notevole spessore, che \u00e8 importante sintetizzare nei loro tre risvolti pi\u00f9 evidenti.<\/p>\n<p>In primo luogo, com\u2019\u00e8 noto, l\u2019Avvocatura, davanti ai giudici di Strasburgo, opera anche come garante dei diritti umani, riconosciuti dalla CEDU, e della loro inclusione nel sistema costituzionale dello Stato (cfr. <a href=\"https:\/\/www.questionegiustizia.it\/speciale\/articolo\/l-agente-del-governo-nel-sistema-convenzionale_44.php\">M.G. Civinini<\/a> 2019). La sua funzione, in altre parole, non si riduce alla difesa di un determinato indirizzo politico (come nei giudizi di legittimit\u00e0 costituzionale, sui cui si v. il classico <a href=\"https:\/\/www.libreriantiquaria.com\/it\/catalogo\/diritto\/diritto-amministrativo-costituzionale-pubblico\/12282-il-governo-davanti-alla-corte-nei-giudizi-incident.html\">S. Tosi<\/a> 1963, e ora <a href=\"https:\/\/www.giurcost.org\/contents\/media\/posts\/22025\/corvasce.pdf\">M. Corvasce<\/a> 2022) o di una determinata relazione di potere (<a href=\"https:\/\/www.libreriauniversitaria.it\/avvocatura-stato-conflitti-attribuzioni-piergigli\/libro\/9788813174071\" class=\"broken_link\">V. Piergigli<\/a> 1991). A Strasburgo, l\u2019Avvocatura rappresenta il sistema costituzionale italiano nella sua veste di \u201cStato positivo\u201d sui diritti (cfr. sul concetto di \u201cStato positivo\u201d, <a href=\"https:\/\/www.cambridge.org\/core\/books\/human-rights-in-a-positive-state\/4EB6A8FEC8F4C0AB8FB2A9AD350E3BF2\">L. Lavrysen<\/a> 2016).<\/p>\n<p>In secondo luogo, l\u2019Avvocatura dello Stato \u00e8 contraddistinta anche dall\u2019immedesimazione organica con lo Stato. Di conseguenza, i titolari dei suoi uffici e delle sue funzioni non solo personificano lo Stato nelle sue responsabilit\u00e0 <em>ex<\/em> art. 28 Cost., ma soggiacciono pure al secondo comma dell\u2019art. 54 Cost., contenente un dovere qualificato di fedelt\u00e0 costituzionale, da adempiere in tutte le sedi, non solo a Strasburgo (sul significato dell\u2019art. 54 Cost., si v. <a href=\"https:\/\/www.editorialescientifica.com\/shop\/autori\/de-maria-b\/etica-repubblicana-e-costituzione-dei-doveri-detail.html\" class=\"broken_link\">B. De Maria<\/a> 2013).<\/p>\n<p>Infine, lo Stato, rappresentato dall\u2019Avvocatura nel processo, \u00e8 pur sempre una parte, sia a Strasburgo che davanti al Tribunale civile di Roma. A Roma, per\u00f2, vale anche l\u2019art. 88 C.p.c., in base al quale \u201c<em>le parti e i loro difensori hanno il dovere di comportarsi in giudizio con lealt\u00e0 e probit\u00e0<\/em>\u201d: \u201clealt\u00e0\u201d processuale e \u201cfedelt\u00e0 costituzionale\u201d delle immedesimazioni organiche dello Stato, responsabile nei termini dell\u2019art. 28 Cost., si riflettono l\u2019una nell\u2019altra. Tra l\u2019altro, una recente indagine comparativa (<a href=\"https:\/\/www.giappichelli.it\/l-obbligo-di-verita-delle-parti-9788892114036#:~:text=Leggi%20di%20pi%C3%B9-,L'articolo%2088%20del%20codice%20di%20procedura%20civile%20impone%20alle,nell'ambito%20di%20dialoghi%20conflittuali.\">M. Gradi<\/a> 2018) ha desunto dall\u2019art. 88 C.p.c. l\u2019insorgenza di un vero e proprio \u201cdovere di verit\u00e0\u201d delle parti, estesa ai fatti interni al processo e ai comportamenti esterni, riflessi sul <em>thema decidendum<\/em>.<\/p>\n<p>Bisognerebbe allora interrogarsi non solo su quale fedelt\u00e0 costituzionale abbia perseguito l\u2019Avvocatura nelle sue memorie in \u201c<em>Giudizio Universale<\/em>\u201d, totalmente diverse da quelle formalizzate a Strasburgo, ma anche su quale sia la \u201cverit\u00e0\u201d che lo Stato intende effettivamente rappresentare come interesse pubblico nei due procedimenti.<\/p>\n<p>I due giudici, nazionale ed europeo, si dovranno comunque esprimere. Se a farlo sar\u00e0, per primo, il Tribunale civile di Roma, dichiarando inammissibile \u201c<em>Giudizio Universale<\/em>\u201d in nome dell\u2019insindacabilit\u00e0 statale rivendicata dall\u2019Avvocatura in quella sede, Strasburgo non potr\u00e0 non tenerne conto, assumendo come false le tesi italiane ivi manifestate. Se viceversa, a decidere per prima, sar\u00e0 la Corte europea, accogliendo l\u2019argomento che i rimedi interni italiani esistono in funzione anche degli articoli 2 e 8 CEDU, risulter\u00e0 difficilmente accettabile, e facilmente censurabile, un rigetto italiano.<\/p>\n<p>Tra l\u2019altro, fra strategie europee e italiane di difesa erariale c\u2019\u00e8 di mezzo anche la <a href=\"https:\/\/www.isprambiente.gov.it\/it\/garante_aia_ilva\/normativa\/Normativa-sull-accesso-alle-informazioni\/normativa-sovranazionale\/la-convenzione-di-aarhus\">Convenzione di Aarhus<\/a>, vincolante per l\u2019Italia e per tutti i suoi organi, incluso il giudice romano.<\/p>\n<p>Sar\u00e0 allora ancor pi\u00f9 improbabile sottovalutare questa singolare vicenda di doppio contenzioso climatico, per non offrire agli attori di \u201c<em>Giudizio Universale<\/em>\u201d anche la via della denuncia dell\u2019Italia al <a href=\"https:\/\/unece.org\/environment-policy\/public-participation\/aarhus-convention\/compliance-committee\" class=\"broken_link\">Comitato di controllo di Aarhus<\/a>.<\/p>\n<p>La fedelt\u00e0 costituzionale non pu\u00f2 essere \u201cuna e bina\u201d e anche il giudice italiano \u00e8 tenuto al rispetto del secondo comma dell\u2019art. 54 Cost. (c<a href=\"https:\/\/lamagistratura.it\/commentario\/lart-54-della-costituzione\/\">R. Rordorf<\/a> 2022): non potr\u00e0 dimenticarlo all\u2019atto del decidere, a causa proprio della strategia italiana a Strasburgo.<\/p>\n","protected":false},"excerpt":{"rendered":"<p>di Ines Bruno L\u2019Avvocatura dello Stato italiano si trova coinvolta in un\u2019inedita esperienza di rappresentazione dell\u2019interesse pubblico nelle controverse giudiziarie.<\/p>\n<div class='heateorSssClear'><\/div><div  class='heateor_sss_sharing_container heateor_sss_horizontal_sharing' data-heateor-sss-href='https:\/\/www.lacostituzione.info\/index.php\/2023\/03\/01\/contenziosi-climatici-e-la-doppia-verita-dellavvocatura-dello-stato\/'><div class='heateor_sss_sharing_title' style=\"font-weight:bold\" >Condividi!<\/div><div class=\"heateor_sss_sharing_ul\"><a aria-label=\"Facebook\" class=\"heateor_sss_facebook\" href=\"https:\/\/www.facebook.com\/sharer\/sharer.php?u=https%3A%2F%2Fwww.lacostituzione.info%2Findex.php%2F2023%2F03%2F01%2Fcontenziosi-climatici-e-la-doppia-verita-dellavvocatura-dello-stato%2F\" title=\"Facebook\" rel=\"nofollow noopener\" target=\"_blank\" style=\"font-size:32px!important;box-shadow:none;display:inline-block;vertical-align:middle\"><span class=\"heateor_sss_svg\" style=\"background-color:#0765FE;width:35px;height:35px;display:inline-block;opacity:1;float:left;font-size:32px;box-shadow:none;display:inline-block;font-size:16px;padding:0 4px;vertical-align:middle;background-repeat:repeat;overflow:hidden;padding:0;cursor:pointer;box-sizing:content-box\"><svg style=\"display:block;\" focusable=\"false\" aria-hidden=\"true\" xmlns=\"http:\/\/www.w3.org\/2000\/svg\" width=\"100%\" height=\"100%\" viewBox=\"0 0 32 32\"><path fill=\"#fff\" d=\"M28 16c0-6.627-5.373-12-12-12S4 9.373 4 16c0 5.628 3.875 10.35 9.101 11.647v-7.98h-2.474V16H13.1v-1.58c0-4.085 1.849-5.978 5.859-5.978.76 0 2.072.15 2.608.298v3.325c-.283-.03-.775-.045-1.386-.045-1.967 0-2.728.745-2.728 2.683V16h3.92l-.673 3.667h-3.247v8.245C23.395 27.195 28 22.135 28 16Z\"><\/path><\/svg><\/span><\/a><a aria-label=\"Twitter\" class=\"heateor_sss_button_twitter\" href=\"https:\/\/twitter.com\/intent\/tweet?text=Contenziosi%20climatici%20e%20la%20doppia%20verit%C3%A0%20dell%27Avvocatura%20dello%20Stato&url=https%3A%2F%2Fwww.lacostituzione.info%2Findex.php%2F2023%2F03%2F01%2Fcontenziosi-climatici-e-la-doppia-verita-dellavvocatura-dello-stato%2F\" title=\"Twitter\" rel=\"nofollow noopener\" target=\"_blank\" style=\"font-size:32px!important;box-shadow:none;display:inline-block;vertical-align:middle\"><span class=\"heateor_sss_svg heateor_sss_s__default heateor_sss_s_twitter\" style=\"background-color:#55acee;width:35px;height:35px;display:inline-block;opacity:1;float:left;font-size:32px;box-shadow:none;display:inline-block;font-size:16px;padding:0 4px;vertical-align:middle;background-repeat:repeat;overflow:hidden;padding:0;cursor:pointer;box-sizing:content-box\"><svg style=\"display:block;\" focusable=\"false\" aria-hidden=\"true\" xmlns=\"http:\/\/www.w3.org\/2000\/svg\" width=\"100%\" height=\"100%\" viewBox=\"-4 -4 39 39\"><path d=\"M28 8.557a9.913 9.913 0 0 1-2.828.775 4.93 4.93 0 0 0 2.166-2.725 9.738 9.738 0 0 1-3.13 1.194 4.92 4.92 0 0 0-3.593-1.55 4.924 4.924 0 0 0-4.794 6.049c-4.09-.21-7.72-2.17-10.15-5.15a4.942 4.942 0 0 0-.665 2.477c0 1.71.87 3.214 2.19 4.1a4.968 4.968 0 0 1-2.23-.616v.06c0 2.39 1.7 4.38 3.952 4.83-.414.115-.85.174-1.297.174-.318 0-.626-.03-.928-.086a4.935 4.935 0 0 0 4.6 3.42 9.893 9.893 0 0 1-6.114 2.107c-.398 0-.79-.023-1.175-.068a13.953 13.953 0 0 0 7.55 2.213c9.056 0 14.01-7.507 14.01-14.013 0-.213-.005-.426-.015-.637.96-.695 1.795-1.56 2.455-2.55z\" fill=\"#fff\"><\/path><\/svg><\/span><\/a><a aria-label=\"Reddit\" class=\"heateor_sss_button_reddit\" href=\"https:\/\/reddit.com\/submit?url=https%3A%2F%2Fwww.lacostituzione.info%2Findex.php%2F2023%2F03%2F01%2Fcontenziosi-climatici-e-la-doppia-verita-dellavvocatura-dello-stato%2F&title=Contenziosi%20climatici%20e%20la%20doppia%20verit%C3%A0%20dell%27Avvocatura%20dello%20Stato\" title=\"Reddit\" rel=\"nofollow noopener\" target=\"_blank\" style=\"font-size:32px!important;box-shadow:none;display:inline-block;vertical-align:middle\"><span class=\"heateor_sss_svg heateor_sss_s__default heateor_sss_s_reddit\" style=\"background-color:#ff5700;width:35px;height:35px;display:inline-block;opacity:1;float:left;font-size:32px;box-shadow:none;display:inline-block;font-size:16px;padding:0 4px;vertical-align:middle;background-repeat:repeat;overflow:hidden;padding:0;cursor:pointer;box-sizing:content-box\"><svg style=\"display:block;\" focusable=\"false\" aria-hidden=\"true\" xmlns=\"http:\/\/www.w3.org\/2000\/svg\" width=\"100%\" height=\"100%\" viewBox=\"-3.5 -3.5 39 39\"><path d=\"M28.543 15.774a2.953 2.953 0 0 0-2.951-2.949 2.882 2.882 0 0 0-1.9.713 14.075 14.075 0 0 0-6.85-2.044l1.38-4.349 3.768.884a2.452 2.452 0 1 0 .24-1.176l-4.274-1a.6.6 0 0 0-.709.4l-1.659 5.224a14.314 14.314 0 0 0-7.316 2.029 2.908 2.908 0 0 0-1.872-.681 2.942 2.942 0 0 0-1.618 5.4 5.109 5.109 0 0 0-.062.765c0 4.158 5.037 7.541 11.229 7.541s11.22-3.383 11.22-7.541a5.2 5.2 0 0 0-.053-.706 2.963 2.963 0 0 0 1.427-2.51zm-18.008 1.88a1.753 1.753 0 0 1 1.73-1.74 1.73 1.73 0 0 1 1.709 1.74 1.709 1.709 0 0 1-1.709 1.711 1.733 1.733 0 0 1-1.73-1.711zm9.565 4.968a5.573 5.573 0 0 1-4.081 1.272h-.032a5.576 5.576 0 0 1-4.087-1.272.6.6 0 0 1 .844-.854 4.5 4.5 0 0 0 3.238.927h.032a4.5 4.5 0 0 0 3.237-.927.6.6 0 1 1 .844.854zm-.331-3.256a1.726 1.726 0 1 1 1.709-1.712 1.717 1.717 0 0 1-1.712 1.712z\" fill=\"#fff\"\/><\/svg><\/span><\/a><a aria-label=\"Linkedin\" class=\"heateor_sss_button_linkedin\" href=\"https:\/\/www.linkedin.com\/sharing\/share-offsite\/?url=https%3A%2F%2Fwww.lacostituzione.info%2Findex.php%2F2023%2F03%2F01%2Fcontenziosi-climatici-e-la-doppia-verita-dellavvocatura-dello-stato%2F\" title=\"Linkedin\" rel=\"nofollow noopener\" target=\"_blank\" style=\"font-size:32px!important;box-shadow:none;display:inline-block;vertical-align:middle\"><span class=\"heateor_sss_svg heateor_sss_s__default heateor_sss_s_linkedin\" style=\"background-color:#0077b5;width:35px;height:35px;display:inline-block;opacity:1;float:left;font-size:32px;box-shadow:none;display:inline-block;font-size:16px;padding:0 4px;vertical-align:middle;background-repeat:repeat;overflow:hidden;padding:0;cursor:pointer;box-sizing:content-box\"><svg style=\"display:block;\" focusable=\"false\" aria-hidden=\"true\" xmlns=\"http:\/\/www.w3.org\/2000\/svg\" width=\"100%\" height=\"100%\" viewBox=\"0 0 32 32\"><path d=\"M6.227 12.61h4.19v13.48h-4.19V12.61zm2.095-6.7a2.43 2.43 0 0 1 0 4.86c-1.344 0-2.428-1.09-2.428-2.43s1.084-2.43 2.428-2.43m4.72 6.7h4.02v1.84h.058c.56-1.058 1.927-2.176 3.965-2.176 4.238 0 5.02 2.792 5.02 6.42v7.395h-4.183v-6.56c0-1.564-.03-3.574-2.178-3.574-2.18 0-2.514 1.7-2.514 3.46v6.668h-4.187V12.61z\" fill=\"#fff\"><\/path><\/svg><\/span><\/a><a aria-label=\"Pinterest\" class=\"heateor_sss_button_pinterest\" href=\"https:\/\/www.lacostituzione.info\/index.php\/2023\/03\/01\/contenziosi-climatici-e-la-doppia-verita-dellavvocatura-dello-stato\/\" onclick=\"event.preventDefault();javascript:void( (function() {var e=document.createElement('script' );e.setAttribute('type','text\/javascript' );e.setAttribute('charset','UTF-8' );e.setAttribute('src','\/\/assets.pinterest.com\/js\/pinmarklet.js?r='+Math.random()*99999999);document.body.appendChild(e)})());\" title=\"Pinterest\" rel=\"noopener\" style=\"font-size:32px!important;box-shadow:none;display:inline-block;vertical-align:middle\"><span class=\"heateor_sss_svg heateor_sss_s__default heateor_sss_s_pinterest\" style=\"background-color:#cc2329;width:35px;height:35px;display:inline-block;opacity:1;float:left;font-size:32px;box-shadow:none;display:inline-block;font-size:16px;padding:0 4px;vertical-align:middle;background-repeat:repeat;overflow:hidden;padding:0;cursor:pointer;box-sizing:content-box\"><svg style=\"display:block;\" focusable=\"false\" aria-hidden=\"true\" xmlns=\"http:\/\/www.w3.org\/2000\/svg\" width=\"100%\" height=\"100%\" viewBox=\"-2 -2 35 35\"><path fill=\"#fff\" d=\"M16.539 4.5c-6.277 0-9.442 4.5-9.442 8.253 0 2.272.86 4.293 2.705 5.046.303.125.574.005.662-.33.061-.231.205-.816.27-1.06.088-.331.053-.447-.191-.736-.532-.627-.873-1.439-.873-2.591 0-3.338 2.498-6.327 6.505-6.327 3.548 0 5.497 2.168 5.497 5.062 0 3.81-1.686 7.025-4.188 7.025-1.382 0-2.416-1.142-2.085-2.545.397-1.674 1.166-3.48 1.166-4.689 0-1.081-.581-1.983-1.782-1.983-1.413 0-2.548 1.462-2.548 3.419 0 1.247.421 2.091.421 2.091l-1.699 7.199c-.505 2.137-.076 4.755-.039 5.019.021.158.223.196.314.077.13-.17 1.813-2.247 2.384-4.324.162-.587.929-3.631.929-3.631.46.876 1.801 1.646 3.227 1.646 4.247 0 7.128-3.871 7.128-9.053.003-3.918-3.317-7.568-8.361-7.568z\"\/><\/svg><\/span><\/a><a aria-label=\"Whatsapp\" class=\"heateor_sss_whatsapp\" href=\"https:\/\/api.whatsapp.com\/send?text=Contenziosi%20climatici%20e%20la%20doppia%20verit%C3%A0%20dell%27Avvocatura%20dello%20Stato%20https%3A%2F%2Fwww.lacostituzione.info%2Findex.php%2F2023%2F03%2F01%2Fcontenziosi-climatici-e-la-doppia-verita-dellavvocatura-dello-stato%2F\" title=\"Whatsapp\" rel=\"nofollow noopener\" target=\"_blank\" style=\"font-size:32px!important;box-shadow:none;display:inline-block;vertical-align:middle\"><span class=\"heateor_sss_svg\" style=\"background-color:#55eb4c;width:35px;height:35px;display:inline-block;opacity:1;float:left;font-size:32px;box-shadow:none;display:inline-block;font-size:16px;padding:0 4px;vertical-align:middle;background-repeat:repeat;overflow:hidden;padding:0;cursor:pointer;box-sizing:content-box\"><svg style=\"display:block;\" focusable=\"false\" aria-hidden=\"true\" xmlns=\"http:\/\/www.w3.org\/2000\/svg\" width=\"100%\" height=\"100%\" viewBox=\"-6 -5 40 40\"><path class=\"heateor_sss_svg_stroke heateor_sss_no_fill\" stroke=\"#fff\" stroke-width=\"2\" fill=\"none\" d=\"M 11.579798566743314 24.396926207859085 A 10 10 0 1 0 6.808479557110079 20.73576436351046\"><\/path><path d=\"M 7 19 l -1 6 l 6 -1\" class=\"heateor_sss_no_fill heateor_sss_svg_stroke\" stroke=\"#fff\" stroke-width=\"2\" fill=\"none\"><\/path><path d=\"M 10 10 q -1 8 8 11 c 5 -1 0 -6 -1 -3 q -4 -3 -5 -5 c 4 -2 -1 -5 -1 -4\" fill=\"#fff\"><\/path><\/svg><\/span><\/a><\/div><div class=\"heateorSssClear\"><\/div><\/div><div class='heateorSssClear'><\/div>","protected":false},"author":1,"featured_media":0,"comment_status":"open","ping_status":"open","sticky":false,"template":"","format":"standard","meta":{"jetpack_post_was_ever_published":false,"_jetpack_newsletter_access":"","_jetpack_dont_email_post_to_subs":false,"_jetpack_newsletter_tier_id":0,"_jetpack_memberships_contains_paywalled_content":false,"_jetpack_memberships_contains_paid_content":false,"footnotes":"","jetpack_publicize_message":"","jetpack_publicize_feature_enabled":true,"jetpack_social_post_already_shared":false,"jetpack_social_options":{"image_generator_settings":{"template":"highway","default_image_id":0,"enabled":false},"version":2}},"categories":[5],"tags":[653,702,240,1648],"class_list":["post-8642","post","type-post","status-publish","format-standard","hentry","category-lavori-in-corso","tag-avvocatura-dello-stato","tag-cedu","tag-clima","tag-contenzioso-climatico"],"jetpack_publicize_connections":[],"jetpack_featured_media_url":"","jetpack_shortlink":"https:\/\/wp.me\/p84sDq-2fo","jetpack_likes_enabled":true,"jetpack_sharing_enabled":true,"_links":{"self":[{"href":"https:\/\/www.lacostituzione.info\/index.php\/wp-json\/wp\/v2\/posts\/8642","targetHints":{"allow":["GET"]}}],"collection":[{"href":"https:\/\/www.lacostituzione.info\/index.php\/wp-json\/wp\/v2\/posts"}],"about":[{"href":"https:\/\/www.lacostituzione.info\/index.php\/wp-json\/wp\/v2\/types\/post"}],"author":[{"embeddable":true,"href":"https:\/\/www.lacostituzione.info\/index.php\/wp-json\/wp\/v2\/users\/1"}],"replies":[{"embeddable":true,"href":"https:\/\/www.lacostituzione.info\/index.php\/wp-json\/wp\/v2\/comments?post=8642"}],"version-history":[{"count":0,"href":"https:\/\/www.lacostituzione.info\/index.php\/wp-json\/wp\/v2\/posts\/8642\/revisions"}],"wp:attachment":[{"href":"https:\/\/www.lacostituzione.info\/index.php\/wp-json\/wp\/v2\/media?parent=8642"}],"wp:term":[{"taxonomy":"category","embeddable":true,"href":"https:\/\/www.lacostituzione.info\/index.php\/wp-json\/wp\/v2\/categories?post=8642"},{"taxonomy":"post_tag","embeddable":true,"href":"https:\/\/www.lacostituzione.info\/index.php\/wp-json\/wp\/v2\/tags?post=8642"}],"curies":[{"name":"wp","href":"https:\/\/api.w.org\/{rel}","templated":true}]}}