{"id":8686,"date":"2023-03-20T09:29:20","date_gmt":"2023-03-20T08:29:20","guid":{"rendered":"http:\/\/www.lacostituzione.info\/?p=8686"},"modified":"2023-03-21T09:58:33","modified_gmt":"2023-03-21T08:58:33","slug":"arrestare-putin-in-nome-dei-diritti-umani-e-deresponsabilizzare-definitivamente-leuropa","status":"publish","type":"post","link":"https:\/\/www.lacostituzione.info\/index.php\/2023\/03\/20\/arrestare-putin-in-nome-dei-diritti-umani-e-deresponsabilizzare-definitivamente-leuropa\/","title":{"rendered":"Arrestare Putin in nome dei diritti umani e deresponsabilizzare definitivamente l\u2019Europa"},"content":{"rendered":"\n<p style=\"text-align: center;\"><a href=\"http:\/\/www.lacostituzione.info\/index.php\/2023\/03\/20\/arrestare-putin-in-nome-dei-diritti-umani-e-deresponsabilizzare-definitivamente-leuropa\/putin2\/#main\" rel=\"attachment wp-att-8687\"><img loading=\"lazy\" decoding=\"async\" data-attachment-id=\"8687\" data-permalink=\"https:\/\/www.lacostituzione.info\/index.php\/2023\/03\/20\/arrestare-putin-in-nome-dei-diritti-umani-e-deresponsabilizzare-definitivamente-leuropa\/putin2\/#main\" data-orig-file=\"https:\/\/www.lacostituzione.info\/wp-content\/uploads\/2023\/03\/putin2.jpeg\" data-orig-size=\"221,228\" data-comments-opened=\"1\" data-image-meta=\"{&quot;aperture&quot;:&quot;0&quot;,&quot;credit&quot;:&quot;&quot;,&quot;camera&quot;:&quot;&quot;,&quot;caption&quot;:&quot;&quot;,&quot;created_timestamp&quot;:&quot;0&quot;,&quot;copyright&quot;:&quot;&quot;,&quot;focal_length&quot;:&quot;0&quot;,&quot;iso&quot;:&quot;0&quot;,&quot;shutter_speed&quot;:&quot;0&quot;,&quot;title&quot;:&quot;&quot;,&quot;orientation&quot;:&quot;0&quot;}\" data-image-title=\"putin2\" data-image-description=\"\" data-image-caption=\"\" data-medium-file=\"https:\/\/www.lacostituzione.info\/wp-content\/uploads\/2023\/03\/putin2.jpeg\" data-large-file=\"https:\/\/www.lacostituzione.info\/wp-content\/uploads\/2023\/03\/putin2.jpeg\" class=\"aligncenter size-thumbnail wp-image-8687\" src=\"http:\/\/www.lacostituzione.info\/wp-content\/uploads\/2023\/03\/putin2-150x150.jpeg\" alt=\"\" width=\"150\" height=\"150\" \/><\/a>di <strong>Andrea Guazzarotti<\/strong><\/p>\n<p>La Corte penale internazionale (<a href=\"https:\/\/www.agi.it\/estero\/news\/2023-03-17\/putin_mandato_cattura_internazionale_aia-20546780\/\">CPI<\/a>) ha emesso un mandato d\u2019arresto per crimini di guerra contro Putin, accusato di aver ordinato o comunque non impedito la deportazione di minori ucraini nei territori occupati dalle forze armate russe (altrettanto \u00e8 stato fatto nei confronti della Commissaria russa per i diritti dei bambini).<!--more--><\/p>\n<p>Gi\u00e0 fin dall\u2019annuncio dell\u2019apertura delle indagini da parte del Procuratore capo della CPI, avvenuta con straordinario tempismo a soli quattro giorni dall\u2019invasione dell\u2019Ucraina e nonostante le sue traballanti basi giuridiche (la dichiarazione dell\u2019Ucraina del 2014 di accettazione provvisoria della giurisdizione della CPI), apparve chiaro che il processo contro Putin (e i vertici civili e militari della Federazione russa) dinanzi a quest\u2019organo giudiziario internazionale sarebbe stato possibile solo a patto di un radicale mutamento di regime in Russia (<a href=\"https:\/\/www.giurisprudenzapenale.com\/wp-content\/uploads\/2022\/03\/Tarfusser_gp_2022_3.pdf\">Tarfusser<\/a>).<\/p>\n<p>Sebbene la stampa tenda a presentare il mandato d\u2019arresto internazionale contro Putin e la commissaria russa ai minori come l\u2019equivalente di una condanna, non vi \u00e8 stato ancora alcun processo n\u00e9 lo Statuto della CPI contempla il giudizio in contumacia. Dunque, prima di accertare le responsabilit\u00e0 penali di Putin, dovr\u00e0 svolgersi un processo in sua presenza. Non avendo la Russia ratificato lo Statuto della CPI, appare impossibile l\u2019arresto di Putin su suolo russo. Nel futuro, per\u00f2, la possibilit\u00e0 di Putin di recarsi in Paesi aderenti allo Statuto appare assai limitata, posto che rischierebbe l\u2019arresto, nonostante l\u2019immunit\u00e0 di cui gode in quanto Capo di Stato.<\/p>\n<p>Hans Kelsen, con il suo <em>Peace through Law<\/em>, nel 1944 aveva profeticamente immaginato un esito del genere, in cui il modello monista dello Stato monopolizzatore della forza sarebbe stato applicato all\u2019ordinamento internazionale, cos\u00ec da permettere non solo la criminalizzazione della guerra (cosa, in parte, gi\u00e0 avvenuta con il Trattato di Versailles del 1919 e con il Patto Briand-Kellogg del 1928), ma anche la processabilit\u00e0 dei singoli responsabili dei crimini di guerra e di aggressione bellica, privati dell\u2019immunit\u00e0 legata alle loro cariche statuali.<\/p>\n<p>Ma quel sogno si \u00e8 davvero realizzato? \u00c8 davvero a nome della fantomatica \u201ccomunit\u00e0 internazionale\u201d che la Corte penale internazionale sta agendo contro Putin? Pi\u00f9 della met\u00e0 dell\u2019umanit\u00e0 vive in giurisdizioni nazionali che quell\u2019autorit\u00e0 non riconoscono, per non aver ratificato lo Statuto della CPI: n\u00e9 la Cina, n\u00e9 l\u2019India, n\u00e9, soprattutto, gli Stati Uniti. Dunque, con quel mandato d\u2019arresto, sicuramente nessuna capitale europea potr\u00e0 ospitare eventuali negoziati di pace, mentre potranno farlo Washington, Pechino o, perch\u00e9 no, anche Tel Aviv (non avendo Israele ratificato lo Statuto della CPI).<\/p>\n<p>Dunque, nella condizione geopolitica attuale, l\u2019indagine attivata ultra-tempestivamente dinanzi alla Corte penale internazionale e giunta oggi al mandato d\u2019arresto contro Putin sembra chiaramente svelare la funzione sistemica che pu\u00f2 assumere un tale metodo di giurisdizionalizzazione dei conflitti bellici. Pu\u00f2 servire a porre la chiara condizione per cui un avversario non \u00e8 riconosciuto, cos\u00ec impedendo la sospensione e\/o la conclusione pacifica del conflitto, e segnalando che l\u2019obiettivo di una parte della \u201ccomunit\u00e0 internazionale\u201d \u00e8 quello della <em>debellatio<\/em> dell\u2019aggressore, quantomeno nella forma del mutamento di regime.<\/p>\n<p>\u00c8 questo un obiettivo oggi plausibile? Pensiamo davvero che esista un\u2019opposizione politica in Russia sufficientemente strutturata da mobilitare l\u2019opinione pubblica contro Putin e l\u2019\u00e9lite politica russa? Non si rischia, pi\u00f9 realisticamente, l\u2019escalation militare nel disconoscere cos\u00ec radicalmente le credenziali del nemico aggressore? Un aggressore, fra l\u2019altro, dotato di un arsenale nucleare tra i pi\u00f9 pericolosi al mondo. Dunque: <em>fiat iustitia, pereat mundus<\/em> (<a href=\"https:\/\/www.questionegiustizia.it\/articolo\/la-guerra-in-ucraina-tra-tabu-nucleare-e-oltranzismo-politico-mediatico\">Dogliani<\/a>)?<\/p>\n<p>Non \u00e8 detto che tale incriminazione comporti un\u2019alterazione radicale degli scenari attualmente in ballo, posto che anche nell\u2019opinione pubblica USA si stava affacciando l\u2019idea di un\u2019impraticabilit\u00e0 di qualsiasi soluzione formale (una pace con riconoscimenti reciproci tra le parti in campo), bens\u00ec di una soluzione di fatto, alla coreana (<a href=\"https:\/\/www.newyorker.com\/news\/the-new-yorker-interview\/how-the-war-in-ukraine-ends\">Remnick<\/a>), con un cessate il fuoco che provvisoriamente tollera l\u2019ingiusta occupazione di una parte dell\u2019Ucraina e dove il \u201cprovvisoriamente\u201d \u00e8 foriero di prolungamenti temporali indefiniti.\u00a0 L\u2019avere dinanzi un Putin incriminato vale a rendere tale opzione l\u2019unica sul campo, in alternativa all\u2019escalation militare.<\/p>\n<p>Dal punto di vista degli Stati europei (dell\u2019UE in particolare), la vicenda pu\u00f2 leggersi come l\u2019ennesima deresponsabilizzazione della politica che la giurisdizionalizzazione dei conflitti produce, addirittura dei conflitti armati (<a href=\"https:\/\/fuoricollana.it\/lorologio-della-guerra-a-pesaro\/\">A. Cantaro<\/a>, p. 198). I diritti umani vengono prima di tutto, anche del rischio del conflitto nucleare; dunque, nella impossibilit\u00e0 di agire come soggetto politico-diplomatico unitario nello scenario internazionale, gli Stati dell\u2019UE vengono esonerati dal dilemma se trattare o meno con Putin prima della <em>debellatio<\/em> della Russia. Non c\u2019\u00e8 pi\u00f9 bisogno di capire se gli elettorati di Italia, Francia o Germania, davvero vogliono che i propri governi subiscano il diktat di Polonia e Paesi baltici in seno alla NATO (di cui l\u2019UE \u00e8 diventata solo la camera di risonanza), non c\u2019\u00e8 pi\u00f9 bisogno di rischiare conflitti interni alla coalizione dei Paesi europei occidentali. Il potere giudiziario si \u00e8 espresso. Il potere giudiziario ha l\u2019ultima parola. Nessuno porta la responsabilit\u00e0 politica delle conseguenze degli atti della Corte penale internazionale e, soprattutto, del suo Procuratore capo che accett\u00f2 il pericoloso gioco di iniziare immediatamente le indagini sul territorio ucraino a pochi giorni dello scoppio della guerra.<\/p>\n<p>Era davvero questo ci\u00f2 cui pensava Kelsen nel 1944?<\/p>\n","protected":false},"excerpt":{"rendered":"<p>di Andrea Guazzarotti La Corte penale internazionale (CPI) ha emesso un mandato d\u2019arresto per crimini di guerra contro Putin, accusato di aver ordinato o comunque non impedito la deportazione di minori ucraini nei territori occupati dalle forze armate russe (altrettanto \u00e8 stato fatto nei confronti della Commissaria russa per i diritti dei bambini).<\/p>\n<div class='heateorSssClear'><\/div><div  class='heateor_sss_sharing_container heateor_sss_horizontal_sharing' data-heateor-sss-href='https:\/\/www.lacostituzione.info\/index.php\/2023\/03\/20\/arrestare-putin-in-nome-dei-diritti-umani-e-deresponsabilizzare-definitivamente-leuropa\/'><div class='heateor_sss_sharing_title' style=\"font-weight:bold\" >Condividi!<\/div><div class=\"heateor_sss_sharing_ul\"><a aria-label=\"Facebook\" class=\"heateor_sss_facebook\" href=\"https:\/\/www.facebook.com\/sharer\/sharer.php?u=https%3A%2F%2Fwww.lacostituzione.info%2Findex.php%2F2023%2F03%2F20%2Farrestare-putin-in-nome-dei-diritti-umani-e-deresponsabilizzare-definitivamente-leuropa%2F\" title=\"Facebook\" rel=\"nofollow noopener\" target=\"_blank\" style=\"font-size:32px!important;box-shadow:none;display:inline-block;vertical-align:middle\"><span class=\"heateor_sss_svg\" style=\"background-color:#0765FE;width:35px;height:35px;display:inline-block;opacity:1;float:left;font-size:32px;box-shadow:none;display:inline-block;font-size:16px;padding:0 4px;vertical-align:middle;background-repeat:repeat;overflow:hidden;padding:0;cursor:pointer;box-sizing:content-box\"><svg style=\"display:block;\" focusable=\"false\" aria-hidden=\"true\" xmlns=\"http:\/\/www.w3.org\/2000\/svg\" width=\"100%\" height=\"100%\" viewBox=\"0 0 32 32\"><path fill=\"#fff\" d=\"M28 16c0-6.627-5.373-12-12-12S4 9.373 4 16c0 5.628 3.875 10.35 9.101 11.647v-7.98h-2.474V16H13.1v-1.58c0-4.085 1.849-5.978 5.859-5.978.76 0 2.072.15 2.608.298v3.325c-.283-.03-.775-.045-1.386-.045-1.967 0-2.728.745-2.728 2.683V16h3.92l-.673 3.667h-3.247v8.245C23.395 27.195 28 22.135 28 16Z\"><\/path><\/svg><\/span><\/a><a aria-label=\"Twitter\" class=\"heateor_sss_button_twitter\" href=\"https:\/\/twitter.com\/intent\/tweet?text=Arrestare%20Putin%20in%20nome%20dei%20diritti%20umani%20e%20deresponsabilizzare%20definitivamente%20l%E2%80%99Europa&url=https%3A%2F%2Fwww.lacostituzione.info%2Findex.php%2F2023%2F03%2F20%2Farrestare-putin-in-nome-dei-diritti-umani-e-deresponsabilizzare-definitivamente-leuropa%2F\" title=\"Twitter\" rel=\"nofollow noopener\" target=\"_blank\" style=\"font-size:32px!important;box-shadow:none;display:inline-block;vertical-align:middle\"><span class=\"heateor_sss_svg heateor_sss_s__default heateor_sss_s_twitter\" style=\"background-color:#55acee;width:35px;height:35px;display:inline-block;opacity:1;float:left;font-size:32px;box-shadow:none;display:inline-block;font-size:16px;padding:0 4px;vertical-align:middle;background-repeat:repeat;overflow:hidden;padding:0;cursor:pointer;box-sizing:content-box\"><svg style=\"display:block;\" focusable=\"false\" aria-hidden=\"true\" xmlns=\"http:\/\/www.w3.org\/2000\/svg\" width=\"100%\" height=\"100%\" viewBox=\"-4 -4 39 39\"><path d=\"M28 8.557a9.913 9.913 0 0 1-2.828.775 4.93 4.93 0 0 0 2.166-2.725 9.738 9.738 0 0 1-3.13 1.194 4.92 4.92 0 0 0-3.593-1.55 4.924 4.924 0 0 0-4.794 6.049c-4.09-.21-7.72-2.17-10.15-5.15a4.942 4.942 0 0 0-.665 2.477c0 1.71.87 3.214 2.19 4.1a4.968 4.968 0 0 1-2.23-.616v.06c0 2.39 1.7 4.38 3.952 4.83-.414.115-.85.174-1.297.174-.318 0-.626-.03-.928-.086a4.935 4.935 0 0 0 4.6 3.42 9.893 9.893 0 0 1-6.114 2.107c-.398 0-.79-.023-1.175-.068a13.953 13.953 0 0 0 7.55 2.213c9.056 0 14.01-7.507 14.01-14.013 0-.213-.005-.426-.015-.637.96-.695 1.795-1.56 2.455-2.55z\" fill=\"#fff\"><\/path><\/svg><\/span><\/a><a aria-label=\"Reddit\" class=\"heateor_sss_button_reddit\" href=\"https:\/\/reddit.com\/submit?url=https%3A%2F%2Fwww.lacostituzione.info%2Findex.php%2F2023%2F03%2F20%2Farrestare-putin-in-nome-dei-diritti-umani-e-deresponsabilizzare-definitivamente-leuropa%2F&title=Arrestare%20Putin%20in%20nome%20dei%20diritti%20umani%20e%20deresponsabilizzare%20definitivamente%20l%E2%80%99Europa\" title=\"Reddit\" rel=\"nofollow noopener\" target=\"_blank\" style=\"font-size:32px!important;box-shadow:none;display:inline-block;vertical-align:middle\"><span class=\"heateor_sss_svg heateor_sss_s__default heateor_sss_s_reddit\" style=\"background-color:#ff5700;width:35px;height:35px;display:inline-block;opacity:1;float:left;font-size:32px;box-shadow:none;display:inline-block;font-size:16px;padding:0 4px;vertical-align:middle;background-repeat:repeat;overflow:hidden;padding:0;cursor:pointer;box-sizing:content-box\"><svg style=\"display:block;\" focusable=\"false\" aria-hidden=\"true\" xmlns=\"http:\/\/www.w3.org\/2000\/svg\" width=\"100%\" height=\"100%\" viewBox=\"-3.5 -3.5 39 39\"><path d=\"M28.543 15.774a2.953 2.953 0 0 0-2.951-2.949 2.882 2.882 0 0 0-1.9.713 14.075 14.075 0 0 0-6.85-2.044l1.38-4.349 3.768.884a2.452 2.452 0 1 0 .24-1.176l-4.274-1a.6.6 0 0 0-.709.4l-1.659 5.224a14.314 14.314 0 0 0-7.316 2.029 2.908 2.908 0 0 0-1.872-.681 2.942 2.942 0 0 0-1.618 5.4 5.109 5.109 0 0 0-.062.765c0 4.158 5.037 7.541 11.229 7.541s11.22-3.383 11.22-7.541a5.2 5.2 0 0 0-.053-.706 2.963 2.963 0 0 0 1.427-2.51zm-18.008 1.88a1.753 1.753 0 0 1 1.73-1.74 1.73 1.73 0 0 1 1.709 1.74 1.709 1.709 0 0 1-1.709 1.711 1.733 1.733 0 0 1-1.73-1.711zm9.565 4.968a5.573 5.573 0 0 1-4.081 1.272h-.032a5.576 5.576 0 0 1-4.087-1.272.6.6 0 0 1 .844-.854 4.5 4.5 0 0 0 3.238.927h.032a4.5 4.5 0 0 0 3.237-.927.6.6 0 1 1 .844.854zm-.331-3.256a1.726 1.726 0 1 1 1.709-1.712 1.717 1.717 0 0 1-1.712 1.712z\" fill=\"#fff\"\/><\/svg><\/span><\/a><a aria-label=\"Linkedin\" class=\"heateor_sss_button_linkedin\" href=\"https:\/\/www.linkedin.com\/sharing\/share-offsite\/?url=https%3A%2F%2Fwww.lacostituzione.info%2Findex.php%2F2023%2F03%2F20%2Farrestare-putin-in-nome-dei-diritti-umani-e-deresponsabilizzare-definitivamente-leuropa%2F\" title=\"Linkedin\" rel=\"nofollow noopener\" target=\"_blank\" style=\"font-size:32px!important;box-shadow:none;display:inline-block;vertical-align:middle\"><span class=\"heateor_sss_svg heateor_sss_s__default heateor_sss_s_linkedin\" style=\"background-color:#0077b5;width:35px;height:35px;display:inline-block;opacity:1;float:left;font-size:32px;box-shadow:none;display:inline-block;font-size:16px;padding:0 4px;vertical-align:middle;background-repeat:repeat;overflow:hidden;padding:0;cursor:pointer;box-sizing:content-box\"><svg style=\"display:block;\" focusable=\"false\" aria-hidden=\"true\" xmlns=\"http:\/\/www.w3.org\/2000\/svg\" width=\"100%\" height=\"100%\" viewBox=\"0 0 32 32\"><path d=\"M6.227 12.61h4.19v13.48h-4.19V12.61zm2.095-6.7a2.43 2.43 0 0 1 0 4.86c-1.344 0-2.428-1.09-2.428-2.43s1.084-2.43 2.428-2.43m4.72 6.7h4.02v1.84h.058c.56-1.058 1.927-2.176 3.965-2.176 4.238 0 5.02 2.792 5.02 6.42v7.395h-4.183v-6.56c0-1.564-.03-3.574-2.178-3.574-2.18 0-2.514 1.7-2.514 3.46v6.668h-4.187V12.61z\" fill=\"#fff\"><\/path><\/svg><\/span><\/a><a aria-label=\"Pinterest\" class=\"heateor_sss_button_pinterest\" href=\"https:\/\/www.lacostituzione.info\/index.php\/2023\/03\/20\/arrestare-putin-in-nome-dei-diritti-umani-e-deresponsabilizzare-definitivamente-leuropa\/\" onclick=\"event.preventDefault();javascript:void( (function() {var e=document.createElement('script' );e.setAttribute('type','text\/javascript' );e.setAttribute('charset','UTF-8' );e.setAttribute('src','\/\/assets.pinterest.com\/js\/pinmarklet.js?r='+Math.random()*99999999);document.body.appendChild(e)})());\" title=\"Pinterest\" rel=\"noopener\" style=\"font-size:32px!important;box-shadow:none;display:inline-block;vertical-align:middle\"><span class=\"heateor_sss_svg heateor_sss_s__default heateor_sss_s_pinterest\" style=\"background-color:#cc2329;width:35px;height:35px;display:inline-block;opacity:1;float:left;font-size:32px;box-shadow:none;display:inline-block;font-size:16px;padding:0 4px;vertical-align:middle;background-repeat:repeat;overflow:hidden;padding:0;cursor:pointer;box-sizing:content-box\"><svg style=\"display:block;\" focusable=\"false\" aria-hidden=\"true\" xmlns=\"http:\/\/www.w3.org\/2000\/svg\" width=\"100%\" height=\"100%\" viewBox=\"-2 -2 35 35\"><path fill=\"#fff\" d=\"M16.539 4.5c-6.277 0-9.442 4.5-9.442 8.253 0 2.272.86 4.293 2.705 5.046.303.125.574.005.662-.33.061-.231.205-.816.27-1.06.088-.331.053-.447-.191-.736-.532-.627-.873-1.439-.873-2.591 0-3.338 2.498-6.327 6.505-6.327 3.548 0 5.497 2.168 5.497 5.062 0 3.81-1.686 7.025-4.188 7.025-1.382 0-2.416-1.142-2.085-2.545.397-1.674 1.166-3.48 1.166-4.689 0-1.081-.581-1.983-1.782-1.983-1.413 0-2.548 1.462-2.548 3.419 0 1.247.421 2.091.421 2.091l-1.699 7.199c-.505 2.137-.076 4.755-.039 5.019.021.158.223.196.314.077.13-.17 1.813-2.247 2.384-4.324.162-.587.929-3.631.929-3.631.46.876 1.801 1.646 3.227 1.646 4.247 0 7.128-3.871 7.128-9.053.003-3.918-3.317-7.568-8.361-7.568z\"\/><\/svg><\/span><\/a><a aria-label=\"Whatsapp\" class=\"heateor_sss_whatsapp\" href=\"https:\/\/api.whatsapp.com\/send?text=Arrestare%20Putin%20in%20nome%20dei%20diritti%20umani%20e%20deresponsabilizzare%20definitivamente%20l%E2%80%99Europa%20https%3A%2F%2Fwww.lacostituzione.info%2Findex.php%2F2023%2F03%2F20%2Farrestare-putin-in-nome-dei-diritti-umani-e-deresponsabilizzare-definitivamente-leuropa%2F\" title=\"Whatsapp\" rel=\"nofollow noopener\" target=\"_blank\" style=\"font-size:32px!important;box-shadow:none;display:inline-block;vertical-align:middle\"><span class=\"heateor_sss_svg\" style=\"background-color:#55eb4c;width:35px;height:35px;display:inline-block;opacity:1;float:left;font-size:32px;box-shadow:none;display:inline-block;font-size:16px;padding:0 4px;vertical-align:middle;background-repeat:repeat;overflow:hidden;padding:0;cursor:pointer;box-sizing:content-box\"><svg style=\"display:block;\" focusable=\"false\" aria-hidden=\"true\" xmlns=\"http:\/\/www.w3.org\/2000\/svg\" width=\"100%\" height=\"100%\" viewBox=\"-6 -5 40 40\"><path class=\"heateor_sss_svg_stroke heateor_sss_no_fill\" stroke=\"#fff\" stroke-width=\"2\" fill=\"none\" d=\"M 11.579798566743314 24.396926207859085 A 10 10 0 1 0 6.808479557110079 20.73576436351046\"><\/path><path d=\"M 7 19 l -1 6 l 6 -1\" class=\"heateor_sss_no_fill heateor_sss_svg_stroke\" stroke=\"#fff\" stroke-width=\"2\" fill=\"none\"><\/path><path d=\"M 10 10 q -1 8 8 11 c 5 -1 0 -6 -1 -3 q -4 -3 -5 -5 c 4 -2 -1 -5 -1 -4\" fill=\"#fff\"><\/path><\/svg><\/span><\/a><\/div><div class=\"heateorSssClear\"><\/div><\/div><div class='heateorSssClear'><\/div>","protected":false},"author":22,"featured_media":0,"comment_status":"open","ping_status":"open","sticky":false,"template":"","format":"standard","meta":{"jetpack_post_was_ever_published":false,"_jetpack_newsletter_access":"","_jetpack_dont_email_post_to_subs":false,"_jetpack_newsletter_tier_id":0,"_jetpack_memberships_contains_paywalled_content":false,"_jetpack_memberships_contains_paid_content":false,"footnotes":"","jetpack_publicize_message":"","jetpack_publicize_feature_enabled":true,"jetpack_social_post_already_shared":false,"jetpack_social_options":{"image_generator_settings":{"template":"highway","default_image_id":0,"enabled":false},"version":2}},"categories":[12],"tags":[821,486],"class_list":["post-8686","post","type-post","status-publish","format-standard","hentry","category-editoriale","tag-putin","tag-ucraina"],"jetpack_publicize_connections":[],"jetpack_featured_media_url":"","jetpack_shortlink":"https:\/\/wp.me\/p84sDq-2g6","jetpack_likes_enabled":true,"jetpack_sharing_enabled":true,"_links":{"self":[{"href":"https:\/\/www.lacostituzione.info\/index.php\/wp-json\/wp\/v2\/posts\/8686","targetHints":{"allow":["GET"]}}],"collection":[{"href":"https:\/\/www.lacostituzione.info\/index.php\/wp-json\/wp\/v2\/posts"}],"about":[{"href":"https:\/\/www.lacostituzione.info\/index.php\/wp-json\/wp\/v2\/types\/post"}],"author":[{"embeddable":true,"href":"https:\/\/www.lacostituzione.info\/index.php\/wp-json\/wp\/v2\/users\/22"}],"replies":[{"embeddable":true,"href":"https:\/\/www.lacostituzione.info\/index.php\/wp-json\/wp\/v2\/comments?post=8686"}],"version-history":[{"count":0,"href":"https:\/\/www.lacostituzione.info\/index.php\/wp-json\/wp\/v2\/posts\/8686\/revisions"}],"wp:attachment":[{"href":"https:\/\/www.lacostituzione.info\/index.php\/wp-json\/wp\/v2\/media?parent=8686"}],"wp:term":[{"taxonomy":"category","embeddable":true,"href":"https:\/\/www.lacostituzione.info\/index.php\/wp-json\/wp\/v2\/categories?post=8686"},{"taxonomy":"post_tag","embeddable":true,"href":"https:\/\/www.lacostituzione.info\/index.php\/wp-json\/wp\/v2\/tags?post=8686"}],"curies":[{"name":"wp","href":"https:\/\/api.w.org\/{rel}","templated":true}]}}