{"id":8721,"date":"2023-05-06T10:57:53","date_gmt":"2023-05-06T08:57:53","guid":{"rendered":"http:\/\/www.lacostituzione.info\/?p=8721"},"modified":"2023-05-14T14:46:23","modified_gmt":"2023-05-14T12:46:23","slug":"sullinsindacabilita-delle-opinioni-espresse-dai-parlamentari-nei-social-media","status":"publish","type":"post","link":"https:\/\/www.lacostituzione.info\/index.php\/2023\/05\/06\/sullinsindacabilita-delle-opinioni-espresse-dai-parlamentari-nei-social-media\/","title":{"rendered":"Sull\u2019insindacabilit\u00e0 delle opinioni espresse dai parlamentari nei social media"},"content":{"rendered":"\n<p style=\"text-align: center;\"><br \/><a href=\"http:\/\/www.lacostituzione.info\/index.php\/2023\/05\/06\/sullinsindacabilita-delle-opinioni-espresse-dai-parlamentari-nei-social-media\/insulto\/#main\" rel=\"attachment wp-att-8722\"><img loading=\"lazy\" decoding=\"async\" data-attachment-id=\"8722\" data-permalink=\"https:\/\/www.lacostituzione.info\/index.php\/2023\/05\/06\/sullinsindacabilita-delle-opinioni-espresse-dai-parlamentari-nei-social-media\/insulto\/#main\" data-orig-file=\"https:\/\/www.lacostituzione.info\/wp-content\/uploads\/2023\/05\/insulto.jpg\" data-orig-size=\"768,768\" data-comments-opened=\"1\" data-image-meta=\"{&quot;aperture&quot;:&quot;0&quot;,&quot;credit&quot;:&quot;&quot;,&quot;camera&quot;:&quot;&quot;,&quot;caption&quot;:&quot;&quot;,&quot;created_timestamp&quot;:&quot;0&quot;,&quot;copyright&quot;:&quot;&quot;,&quot;focal_length&quot;:&quot;0&quot;,&quot;iso&quot;:&quot;0&quot;,&quot;shutter_speed&quot;:&quot;0&quot;,&quot;title&quot;:&quot;&quot;,&quot;orientation&quot;:&quot;0&quot;}\" data-image-title=\"insulto\" data-image-description=\"\" data-image-caption=\"\" data-medium-file=\"https:\/\/www.lacostituzione.info\/wp-content\/uploads\/2023\/05\/insulto-300x300.jpg\" data-large-file=\"https:\/\/www.lacostituzione.info\/wp-content\/uploads\/2023\/05\/insulto.jpg\" class=\"size-thumbnail wp-image-8722 aligncenter\" src=\"http:\/\/www.lacostituzione.info\/wp-content\/uploads\/2023\/05\/insulto-150x150.jpg\" alt=\"\" width=\"150\" height=\"150\" srcset=\"https:\/\/www.lacostituzione.info\/wp-content\/uploads\/2023\/05\/insulto-150x150.jpg 150w, https:\/\/www.lacostituzione.info\/wp-content\/uploads\/2023\/05\/insulto-300x300.jpg 300w, https:\/\/www.lacostituzione.info\/wp-content\/uploads\/2023\/05\/insulto.jpg 768w\" sizes=\"auto, (max-width: 150px) 100vw, 150px\" \/><\/a>di <strong>Salvatore Curreri<\/strong><\/p>\n<p>La Giunta per le autorizzazioni della Camera dei deputati sta svolgendo in queste settimane alcune audizioni sulle \u201cprospettive evolutive dell\u2019insindacabilit\u00e0 parlamentare alla luce delle moderne forme di comunicazione politica, e in particolare dei <em>social media<\/em>\u201d.<!--more--><\/p>\n<p>La Giunta ha preso spunto dal caso dell\u2019on. Fidanza, deputato all\u2019epoca dei fatti, imputato del reato di diffamazione a mezzo stampa o con qualsiasi altro mezzo di pubblicit\u00e0 (art. 595.3 c.p.) per aver diffuso su <em>Facebook <\/em>un video in cui, con espressioni ritenute offensive per la reputazione del locale in cui si sarebbe dovuta svolgere, criticava aspramente una mostra dedicata alla pornografia per i bambini (!), successivamente \u2013 a seguito del clamore mediatico e delle polemiche politiche suscitate\u2013 definitivamente annullata.<\/p>\n<p>Il Tribunale di Milano, infatti, aveva respinto l\u2019eccezione d\u2019insindacabilit\u00e0 <em>ex<\/em> art. 68.1 Cost. sollevata dall\u2019on. Fidanza, in mancanza del requisito della \u201ccontestualit\u00e0 temporale\u201d richiesto dalla Corte costituzionale tra l\u2019opinione parlamentare e la sua divulgazione all\u2019esterno. Nel caso specifico, infatti, il deputato aveva presentato l\u2019interrogazione a risposta scritta su tale mostra non prima ma dopo (seppur a distanza di soli due giorni) la pubblicazione delle frasi asseritamente diffamatorie.<\/p>\n<p>Ho ritenuto opportuno riportare il fatto per dimostrare come, a dispetto di una certa vulgata \u2013 propria di alcuni giornali usi a distribuire patenti di costituzionalit\u00e0 \u2013 che reputa l\u2019insindacabilit\u00e0 un inaccettabile privilegio di casta, essa continua invece svolgere l\u2019insostituibile funzione di consentire al parlamentare e, per esso, al Parlamento tutto di svolgere una preziosa attivit\u00e0 di denuncia politica, senza con ci\u00f2 dover temere ritorsioni da parte dell\u2019autorit\u00e0 giudiziaria.<\/p>\n<p>L\u2019effettivo esercizio di tale fondamentale prerogativa \u00e8 per\u00f2 oggi messa in discussione dal fatto che, al contrario di quanto avveniva in passato, oggi sempre pi\u00f9 il parlamentare non divulga all\u2019esterno l\u2019opinione gi\u00e0 espressa in atti parlamentari, ma \u00e8 chiamato immediatamente a rendere dichiarazioni politiche attraverso i mezzi di comunicazione pubblica che poi, se di particolare rilievo, riporta in atti parlamentari. Si pensi alle interviste, specie nei <em>talk-show <\/em>radiofonici e televisivi, o alle dichiarazioni rilasciate nei social media, oggi strumento quanto mai centrale e rilevante nel dibattito politico e nel processo di formazione dell\u2019opinione pubblica.<\/p>\n<p>In definitiva, l\u2019assunto, da tutti condiviso, per cui l\u2019attivit\u00e0 parlamentare non si \u00e8 esaurisce all\u2019interno delle Camere ma \u201c\u00e8 per sua natura destinata (\u2026) a proiettarsi al di fuori delle aule parlamentari, nell\u2019interesse della libera dialettica politica, che \u00e8 condizione di vita delle istituzioni democratico-rappresentative\u201d (<a href=\"https:\/\/giurcost.org\/decisioni\/2000\/0320s-00.html\">Corte cost., 320\/2000, 3.1 c.d.<\/a>), non pu\u00f2 continuarsi a declinare in senso esclusivamente unidirezionale considerando insindacabile solo quanto costituisce divulgazione <em>extra moenia <\/em>dell\u2019opinione espressa <em>intra moenia,<\/em> se non a prezzo oggi di limitare sensibilmente il mandato parlamentare, degradando a livello di espressione di comune cittadino quanto invece ne costituisce fondamentale modalit\u00e0 d\u2019esercizio.<\/p>\n<p>Non si tratta, dunque, d\u2019estendere indebitamente la prerogativa costituzionale dell\u2019insindacabilit\u00e0, trasformandola in odioso e illegittimo privilegio che consentirebbe al parlamentare una sorta di \u201clicenza d\u2019offesa\u201d a scapito degli altri comuni cittadini nei <em>social media,<\/em> ma perch\u00e9 in tempi come gli attuali, in cui la comunicazione politica \u00e8 un flusso costante ed immediato che si esprime in forme impensate dai costituenti, non si pu\u00f2 ragionevolmente continuare ad interpretare cos\u00ec restrittivamente tale prerogativa da ritenere il parlamentare insindacabile solo se divulga quanto gi\u00e0 oggetto di atto parlamentare e non, al contrario, se formalizza in un atto parlamentare quanto detto <em>extra moenia<\/em> in occasioni e circostanze in cui \u00e8 chiamato &#8211; talora ineludibilmente &#8211; ad esprimere la propria opinione in veste non di comune cittadino ma quale \u201crappresentante della Nazione\u201d.<\/p>\n<p>Una simile interpretazione si risolve oggi in una sensibile limitazione della prerogativa dell\u2019insindacabilit\u00e0 parlamentare strettamente correlata al libero esercizio della funzione parlamentare che, come detto, non si esaurisce e confina nelle aule parlamentari, ma si proietta al suo esterno. In tal modo, dunque, si finirebbe per comprimere, anche in via dissuasiva, l\u2019esercizio del mandato parlamentare allorquando invece esso andrebbe massimamente tutelato quando esprime una critica politica, come dimostra giustappunto il caso del deputato Fidanza da cui la riflessione della Giunta, come detto, ha preso le mosse.<\/p>\n<p>Da qui la ricerca da parte della Giunta per le autorizzazioni di \u201cun punto di equilibrio pi\u00f9 avanzato circa la portata applicata della prerogativa della insindacabilit\u00e0\u201d (<a href=\"https:\/\/documenti.camera.it\/apps\/commonServices\/getDocumento.ashx?sezione=documentiparlamentari&amp;tipoDoc=pdf&amp;idLegislatura=19&amp;categoria=004ter&amp;numero=011a&amp;doc=INTERO\">Doc. IV-ter, n. 11-A<\/a>). Quello che la Giunta per le autorizzazioni della Camera intende percorrere \u00e8 per\u00f2 un sentiero stretto.<\/p>\n<p>Da un lato, infatti, la Giunta vuole intervenire sul tema \u201ca Costituzione invariata\u201d, quindi escludendo modifiche dell\u2019art. 68 Cost. tese, ad esempio, ad estendere l\u2019ambito della prerogativa, inserendo ad esempio l\u2019avverbio \u201ccomunque\u201d in relazione alle \u201copinioni espresse dal parlamentare\u201d oppure ripristinando \u2013 il che per\u00f2 mi sembra politicamente impossibile &#8211; l\u2019istituto dell\u2019autorizzazione a procedere che, prima della riforma approvata con l. cost. n. 3\/1993, di fatto assorbiva il tema dell\u2019insindacabilit\u00e0 parlamentare. Parimenti, rimangono fuori dall\u2019orizzonte della Giunta modifiche legislative, anche perch\u00e9 sostanzialmente inutili alla luce dell\u2019interpretazione restrittiva che la Corte costituzionale, nelle famose sentenze gemelle nn. 10 e 11 del 2000, ha dato al tentativo del legislatore di estendere la prerogativa dell\u2019insindacabilit\u00e0 ex art. 68.1 Cost. ad \u201cogni altro atto parlamentare\u201d e ad \u201cogni altra attivit\u00e0 di ispezione, di divulgazione, di critica e di denuncia politica, connessa alla funzione di parlamentare, espletata anche fuori del Parlamento\u201d (art. 3 legge n. 140\/2003).<\/p>\n<p>Dall\u2019altro lato, la Giunta non pu\u00f2 non tenere conto della copiosa giurisprudenza della Corte costituzionale che, ai fini della sussistenza del \u201cnesso funzionale\u201d tra attivit\u00e0 parlamentare e attivit\u00e0 extra-parlamentare richiede non solo la sostanziale corrispondenza di significato e di contenuti (tra le altre, v. sentenze n. 144\/2015 e 176\/2005), ma anche, come \u00e8 noto, una contestualit\u00e0 temporale.<\/p>\n<p>Su questo secondo requisito, a mio modesto parere, la Corte costituzionale continua a mantenere una certa ambiguit\u00e0.<\/p>\n<p>Per un verso, infatti la Corte costituzionale mantiene ferma l\u2019interpretazione, enunciata nella sentenza n. 55\/2014, per cui il riferimento dell\u2019art. 68.1 Cost. alle \u201copinioni espresse\u201d vada inteso come \u201cgi\u00e0 espresse\u201d. Diversamente, \u201crisulterebbe davvero eccentrico evocare il concetto di \u201cdivulgazione\u201d [\u2026] ove la relativa attivit\u00e0, \u00abespletata anche fuori del Parlamento\u00bb, si realizzasse in un momento antecedente alla opinione espressa dal parlamentare nell\u2019esercizio delle funzioni tipiche\u00bb (sentenza n. 82\/2011, 4\u00b0 cons. dir.). Di conseguenza, il parlamentare potrebbe divulgare quanto gi\u00e0 oggetto di un atto parlamentare (v. da ultimo sentenza n. 241\/2022, 6\u00b0 cons. dir.), purch\u00e9 presentato non troppo prima (al massimo entro un anno: sentenza 221\/2006) a meno che il tema trattato sia di persistente attualit\u00e0 (sentenza 420\/2008).<\/p>\n<p>Per altro verso, per\u00f2, la Corte ha ammesso che la necessaria sostanziale contestualit\u00e0 temporale sussista anche quando l\u2019atto parlamentare sia successivo \u2013 anzich\u00e9 antecedente &#8211; alla esternazione, purch\u00e9 esso non sia rispetto ad essa troppo successivo: ad esempio a distanza di un anno (sentenza 260\/2006), dieci (sentenza n. 221\/2006) o otto (sentenza n. 435\/2002) giorni. Cos\u00ec ha ritenuto insindacabile l\u2019esternazione che ha trovato corrispondenza in un atto parlamentare depositato due giorni dopo (sentenze nn. 10\/2000 e 276\/2001), pur per\u00f2 non mancando successivamente di precisare che l\u2019atto parlamentare deve essere comunque preannunciato o prevedibile in base alla specifica situazione (sentenza 223\/2005)<\/p>\n<p>Se queste sono le coordinate entro cui la Giunta intende muoversi, soluzioni che in certa misura presuppongano un <em>revirement <\/em>o, quantomeno, una correzione della giurisprudenza costituzionale sul punto, ad esempio ipotizzando l\u2019estensione della garanzia della insindacabilit\u00e0 all\u2019attivit\u00e0 politico-parlamentare del gruppo politico d\u2019appartenenza, per quanto auspicabili mi sembrano al momento inverosimili perch\u00e9 si scontrano con una interpretazione individualistica di tale prerogativa fondata sul nesso intercorrente tra gli artt. 67 e 68 Cost. e che la stessa Corte costituzionale ha avuto peraltro modo di ribadire ed estendere, negando ai gruppi parlamentari la possibilit\u00e0 di sollevare dinanzi ad essa conflitto di attribuzioni.<\/p>\n<p>Alla luce delle riflessioni svolte, a me sembra che l\u2019unica soluzione immediatamente percorribile, tramite modifica regolamentare, \u00e8 quella di valorizzare gli interventi di fine seduta, attualmente non disciplinati dal Regolamento della Camera (e nemmeno in quelli del Senato). Essi, infatti, non rientrano nelle tipologie di interventi espressamente previsti dagli artt. 36 e seguenti del Regolamento della Camera (richiamo al regolamento, per l\u2019ordine dei lavori, per l\u2019ordine del giorno, discussione in Assemblea).<\/p>\n<p>Anche per questo hanno ricevuto scarsa attenzione dalla dottrina parlamentarista, tanto che, mi pare, non esistono studi specifici su di essi.<\/p>\n<p>Ci\u00f2 nonostante, essi si sono affermati nella prassi proprio perch\u00e9 fin dall\u2019origine hanno espresso l\u2019esigenza, in certo modo insopprimibile, di consentire al parlamentare di poter esprimere la propria opinione su vicende legate non solo al proprio territorio ma anche di natura nazionale, magari imposte dall\u2019attualit\u00e0, profittando cos\u00ec del mezzo per ottenere dare risonanza mediatica.<\/p>\n<p>In forza di tale prassi le modalit\u00e0 di svolgimento dei c.d. interventi di fine seduta sono state disciplinate dalla Giunta per il regolamento con parere del 24 ottobre 1996, cui ha fatto seguito il 19 novembre 2015 (a seguito della discussione svoltasi il 7 luglio 2015) un nuovo parere diretto ad introdurre limiti temporali (massimo due minuti) e procedurali (preannuncio al Presidente e suo conseguente vaglio di ammissibilit\u00e0) per evitare per quanto possibile l\u2019abuso di tali interventi \u201catipici\u201d a fini ostruzionistici e dilatori.<\/p>\n<p>Credo che si possa utilmente valorizzare tale prassi proprio al fine di dare immediata e certa copertura parlamentare alle dichiarazioni politiche rese dal deputato nel corso della giornata specie tramite i c.d. social media. Tale soluzione infatti avrebbe l\u2019innegabile pregio di permettere al deputato di \u201cparlamentarizzare\u201d le proprie opinioni corrispondendo ai requisiti richiesti dalla giurisprudenza costituzionale. Anzi, per evitare inopportuni periodi di intermittenza nei giorni in cui la Camera non \u00e8 in seduta, si potrebbe anche ipotizzare, nel quadro di una pi\u00f9 ampia \u201cingegnerizzazione\u201d dell\u2019attivit\u00e0 parlamentare, la creazione di un apposito canale informatico che consentirebbe al parlamentare di riversare in un\u2019apposita sezione dei documenti parlamentari quanto ritiene meritevole di essere diffuso in quella sede.<\/p>\n<p>Peraltro tale soluzione consentirebbe di ovviare al problema di dare pari tutela alle opinioni espresse dai membri del Governo i quali, non potendo presentare atti di sindacato ispettivo nei confronti dell\u2019esecutivo di cui fanno parte (a meno che si tratti di settori particolari rientranti nella specifica competenza di altri ministeri, per\u00f2 con possibile palese incrinatura dell\u2019unit\u00e0 della politica generale dell\u2019esecutivo) devono oggi rinunciare ad uno strumento parlamentare che pi\u00f9 facilmente oggi consente di invocare la prerogativa della insindacabilit\u00e0<\/p>\n<p>Onde evitare possibili abusi, su tali documenti rimarrebbe fermo il controllo di ammissibilit\u00e0 formale del Presidente (su cui v. la sentenza della Corte costituzionale n. 379\/2003) onde evitare di estendere la garanzia dell\u2019insindacabilit\u00e0 al turpiloquio ed a frasi sconvenienti (v. Corte costituzionale, sentenze nn. 137\/2001, 51\/2002, 257\/2002, 421\/2002, 249\/2006) oppure ad insulti o aggressioni personali meramente gratuiti (v. in tal senso l\u2019art. 46.1 Legge Fondamentale tedesca per cui l\u2019insindacabilit\u00e0 parlamentare \u201cnon si applica in caso di diffamazione o ingiurie\u201d).<\/p>\n<p>Il conflitto di attribuzioni sollevato dal Senato contro la Procura di Firenze che ha considerato i what\u2019s app del senatore Renzi prove documentali anzich\u00e9 forme di comunicazioni, come tali utilizzabili anche senza autorizzazione della camera di appartenenza ex art. 68.3 Cost. (<a href=\"https:\/\/www.lacostituzione.info\/index.php\/2022\/03\/04\/la-liberta-di-comunicazione-del-parlamentare-riflessioni-sul-caso-renzi\/\">qui<\/a> da me commentato), costituisce ulteriore riprova di come il tema dell\u2019esercizio dell\u2019attivit\u00e0 parlamentare attraverso le forme di comunicazione politica, oggi all\u2019attenzione della Giunta per le autorizzazioni della Camera, meriti senza dubbio una riflessione pi\u00f9 estesa e profonda, non incline a pulsioni demagogiche ma ispirata alla <em>ratio<\/em> cui i costituenti s\u2019ispirarono per affermare tale fondamentale prerogativa parlamentare presente in tutti gli ordinamenti democratici.<\/p>\n<p><span style=\"color: #999999;\">L&#8217;immagine \u00e8 tratta da\u00a0<em>Elle, <\/em>18\/03\/2016<\/span><\/p>\n","protected":false},"excerpt":{"rendered":"<p>di Salvatore Curreri La Giunta per le autorizzazioni della Camera dei deputati sta svolgendo in queste settimane alcune audizioni sulle \u201cprospettive evolutive dell\u2019insindacabilit\u00e0 parlamentare alla luce delle moderne forme di comunicazione politica, e in particolare dei social media\u201d.<\/p>\n<div class='heateorSssClear'><\/div><div  class='heateor_sss_sharing_container heateor_sss_horizontal_sharing' data-heateor-sss-href='https:\/\/www.lacostituzione.info\/index.php\/2023\/05\/06\/sullinsindacabilita-delle-opinioni-espresse-dai-parlamentari-nei-social-media\/'><div class='heateor_sss_sharing_title' style=\"font-weight:bold\" >Condividi!<\/div><div class=\"heateor_sss_sharing_ul\"><a aria-label=\"Facebook\" class=\"heateor_sss_facebook\" href=\"https:\/\/www.facebook.com\/sharer\/sharer.php?u=https%3A%2F%2Fwww.lacostituzione.info%2Findex.php%2F2023%2F05%2F06%2Fsullinsindacabilita-delle-opinioni-espresse-dai-parlamentari-nei-social-media%2F\" title=\"Facebook\" rel=\"nofollow noopener\" target=\"_blank\" style=\"font-size:32px!important;box-shadow:none;display:inline-block;vertical-align:middle\"><span class=\"heateor_sss_svg\" style=\"background-color:#0765FE;width:35px;height:35px;display:inline-block;opacity:1;float:left;font-size:32px;box-shadow:none;display:inline-block;font-size:16px;padding:0 4px;vertical-align:middle;background-repeat:repeat;overflow:hidden;padding:0;cursor:pointer;box-sizing:content-box\"><svg style=\"display:block;\" focusable=\"false\" aria-hidden=\"true\" xmlns=\"http:\/\/www.w3.org\/2000\/svg\" width=\"100%\" height=\"100%\" viewBox=\"0 0 32 32\"><path fill=\"#fff\" d=\"M28 16c0-6.627-5.373-12-12-12S4 9.373 4 16c0 5.628 3.875 10.35 9.101 11.647v-7.98h-2.474V16H13.1v-1.58c0-4.085 1.849-5.978 5.859-5.978.76 0 2.072.15 2.608.298v3.325c-.283-.03-.775-.045-1.386-.045-1.967 0-2.728.745-2.728 2.683V16h3.92l-.673 3.667h-3.247v8.245C23.395 27.195 28 22.135 28 16Z\"><\/path><\/svg><\/span><\/a><a aria-label=\"Twitter\" class=\"heateor_sss_button_twitter\" href=\"https:\/\/twitter.com\/intent\/tweet?text=Sull%E2%80%99insindacabilit%C3%A0%20delle%20opinioni%20espresse%20dai%20parlamentari%20nei%20social%20media&url=https%3A%2F%2Fwww.lacostituzione.info%2Findex.php%2F2023%2F05%2F06%2Fsullinsindacabilita-delle-opinioni-espresse-dai-parlamentari-nei-social-media%2F\" title=\"Twitter\" rel=\"nofollow noopener\" target=\"_blank\" style=\"font-size:32px!important;box-shadow:none;display:inline-block;vertical-align:middle\"><span class=\"heateor_sss_svg heateor_sss_s__default heateor_sss_s_twitter\" style=\"background-color:#55acee;width:35px;height:35px;display:inline-block;opacity:1;float:left;font-size:32px;box-shadow:none;display:inline-block;font-size:16px;padding:0 4px;vertical-align:middle;background-repeat:repeat;overflow:hidden;padding:0;cursor:pointer;box-sizing:content-box\"><svg style=\"display:block;\" focusable=\"false\" aria-hidden=\"true\" xmlns=\"http:\/\/www.w3.org\/2000\/svg\" width=\"100%\" height=\"100%\" viewBox=\"-4 -4 39 39\"><path d=\"M28 8.557a9.913 9.913 0 0 1-2.828.775 4.93 4.93 0 0 0 2.166-2.725 9.738 9.738 0 0 1-3.13 1.194 4.92 4.92 0 0 0-3.593-1.55 4.924 4.924 0 0 0-4.794 6.049c-4.09-.21-7.72-2.17-10.15-5.15a4.942 4.942 0 0 0-.665 2.477c0 1.71.87 3.214 2.19 4.1a4.968 4.968 0 0 1-2.23-.616v.06c0 2.39 1.7 4.38 3.952 4.83-.414.115-.85.174-1.297.174-.318 0-.626-.03-.928-.086a4.935 4.935 0 0 0 4.6 3.42 9.893 9.893 0 0 1-6.114 2.107c-.398 0-.79-.023-1.175-.068a13.953 13.953 0 0 0 7.55 2.213c9.056 0 14.01-7.507 14.01-14.013 0-.213-.005-.426-.015-.637.96-.695 1.795-1.56 2.455-2.55z\" fill=\"#fff\"><\/path><\/svg><\/span><\/a><a aria-label=\"Reddit\" class=\"heateor_sss_button_reddit\" href=\"https:\/\/reddit.com\/submit?url=https%3A%2F%2Fwww.lacostituzione.info%2Findex.php%2F2023%2F05%2F06%2Fsullinsindacabilita-delle-opinioni-espresse-dai-parlamentari-nei-social-media%2F&title=Sull%E2%80%99insindacabilit%C3%A0%20delle%20opinioni%20espresse%20dai%20parlamentari%20nei%20social%20media\" title=\"Reddit\" rel=\"nofollow noopener\" target=\"_blank\" style=\"font-size:32px!important;box-shadow:none;display:inline-block;vertical-align:middle\"><span class=\"heateor_sss_svg heateor_sss_s__default heateor_sss_s_reddit\" style=\"background-color:#ff5700;width:35px;height:35px;display:inline-block;opacity:1;float:left;font-size:32px;box-shadow:none;display:inline-block;font-size:16px;padding:0 4px;vertical-align:middle;background-repeat:repeat;overflow:hidden;padding:0;cursor:pointer;box-sizing:content-box\"><svg style=\"display:block;\" focusable=\"false\" aria-hidden=\"true\" xmlns=\"http:\/\/www.w3.org\/2000\/svg\" width=\"100%\" height=\"100%\" viewBox=\"-3.5 -3.5 39 39\"><path d=\"M28.543 15.774a2.953 2.953 0 0 0-2.951-2.949 2.882 2.882 0 0 0-1.9.713 14.075 14.075 0 0 0-6.85-2.044l1.38-4.349 3.768.884a2.452 2.452 0 1 0 .24-1.176l-4.274-1a.6.6 0 0 0-.709.4l-1.659 5.224a14.314 14.314 0 0 0-7.316 2.029 2.908 2.908 0 0 0-1.872-.681 2.942 2.942 0 0 0-1.618 5.4 5.109 5.109 0 0 0-.062.765c0 4.158 5.037 7.541 11.229 7.541s11.22-3.383 11.22-7.541a5.2 5.2 0 0 0-.053-.706 2.963 2.963 0 0 0 1.427-2.51zm-18.008 1.88a1.753 1.753 0 0 1 1.73-1.74 1.73 1.73 0 0 1 1.709 1.74 1.709 1.709 0 0 1-1.709 1.711 1.733 1.733 0 0 1-1.73-1.711zm9.565 4.968a5.573 5.573 0 0 1-4.081 1.272h-.032a5.576 5.576 0 0 1-4.087-1.272.6.6 0 0 1 .844-.854 4.5 4.5 0 0 0 3.238.927h.032a4.5 4.5 0 0 0 3.237-.927.6.6 0 1 1 .844.854zm-.331-3.256a1.726 1.726 0 1 1 1.709-1.712 1.717 1.717 0 0 1-1.712 1.712z\" fill=\"#fff\"\/><\/svg><\/span><\/a><a aria-label=\"Linkedin\" class=\"heateor_sss_button_linkedin\" href=\"https:\/\/www.linkedin.com\/sharing\/share-offsite\/?url=https%3A%2F%2Fwww.lacostituzione.info%2Findex.php%2F2023%2F05%2F06%2Fsullinsindacabilita-delle-opinioni-espresse-dai-parlamentari-nei-social-media%2F\" title=\"Linkedin\" rel=\"nofollow noopener\" target=\"_blank\" style=\"font-size:32px!important;box-shadow:none;display:inline-block;vertical-align:middle\"><span class=\"heateor_sss_svg heateor_sss_s__default heateor_sss_s_linkedin\" style=\"background-color:#0077b5;width:35px;height:35px;display:inline-block;opacity:1;float:left;font-size:32px;box-shadow:none;display:inline-block;font-size:16px;padding:0 4px;vertical-align:middle;background-repeat:repeat;overflow:hidden;padding:0;cursor:pointer;box-sizing:content-box\"><svg style=\"display:block;\" focusable=\"false\" aria-hidden=\"true\" xmlns=\"http:\/\/www.w3.org\/2000\/svg\" width=\"100%\" height=\"100%\" viewBox=\"0 0 32 32\"><path d=\"M6.227 12.61h4.19v13.48h-4.19V12.61zm2.095-6.7a2.43 2.43 0 0 1 0 4.86c-1.344 0-2.428-1.09-2.428-2.43s1.084-2.43 2.428-2.43m4.72 6.7h4.02v1.84h.058c.56-1.058 1.927-2.176 3.965-2.176 4.238 0 5.02 2.792 5.02 6.42v7.395h-4.183v-6.56c0-1.564-.03-3.574-2.178-3.574-2.18 0-2.514 1.7-2.514 3.46v6.668h-4.187V12.61z\" fill=\"#fff\"><\/path><\/svg><\/span><\/a><a aria-label=\"Pinterest\" class=\"heateor_sss_button_pinterest\" href=\"https:\/\/www.lacostituzione.info\/index.php\/2023\/05\/06\/sullinsindacabilita-delle-opinioni-espresse-dai-parlamentari-nei-social-media\/\" onclick=\"event.preventDefault();javascript:void( (function() {var e=document.createElement('script' );e.setAttribute('type','text\/javascript' );e.setAttribute('charset','UTF-8' );e.setAttribute('src','\/\/assets.pinterest.com\/js\/pinmarklet.js?r='+Math.random()*99999999);document.body.appendChild(e)})());\" title=\"Pinterest\" rel=\"noopener\" style=\"font-size:32px!important;box-shadow:none;display:inline-block;vertical-align:middle\"><span class=\"heateor_sss_svg heateor_sss_s__default heateor_sss_s_pinterest\" style=\"background-color:#cc2329;width:35px;height:35px;display:inline-block;opacity:1;float:left;font-size:32px;box-shadow:none;display:inline-block;font-size:16px;padding:0 4px;vertical-align:middle;background-repeat:repeat;overflow:hidden;padding:0;cursor:pointer;box-sizing:content-box\"><svg style=\"display:block;\" focusable=\"false\" aria-hidden=\"true\" xmlns=\"http:\/\/www.w3.org\/2000\/svg\" width=\"100%\" height=\"100%\" viewBox=\"-2 -2 35 35\"><path fill=\"#fff\" d=\"M16.539 4.5c-6.277 0-9.442 4.5-9.442 8.253 0 2.272.86 4.293 2.705 5.046.303.125.574.005.662-.33.061-.231.205-.816.27-1.06.088-.331.053-.447-.191-.736-.532-.627-.873-1.439-.873-2.591 0-3.338 2.498-6.327 6.505-6.327 3.548 0 5.497 2.168 5.497 5.062 0 3.81-1.686 7.025-4.188 7.025-1.382 0-2.416-1.142-2.085-2.545.397-1.674 1.166-3.48 1.166-4.689 0-1.081-.581-1.983-1.782-1.983-1.413 0-2.548 1.462-2.548 3.419 0 1.247.421 2.091.421 2.091l-1.699 7.199c-.505 2.137-.076 4.755-.039 5.019.021.158.223.196.314.077.13-.17 1.813-2.247 2.384-4.324.162-.587.929-3.631.929-3.631.46.876 1.801 1.646 3.227 1.646 4.247 0 7.128-3.871 7.128-9.053.003-3.918-3.317-7.568-8.361-7.568z\"\/><\/svg><\/span><\/a><a aria-label=\"Whatsapp\" class=\"heateor_sss_whatsapp\" href=\"https:\/\/api.whatsapp.com\/send?text=Sull%E2%80%99insindacabilit%C3%A0%20delle%20opinioni%20espresse%20dai%20parlamentari%20nei%20social%20media%20https%3A%2F%2Fwww.lacostituzione.info%2Findex.php%2F2023%2F05%2F06%2Fsullinsindacabilita-delle-opinioni-espresse-dai-parlamentari-nei-social-media%2F\" title=\"Whatsapp\" rel=\"nofollow noopener\" target=\"_blank\" style=\"font-size:32px!important;box-shadow:none;display:inline-block;vertical-align:middle\"><span class=\"heateor_sss_svg\" style=\"background-color:#55eb4c;width:35px;height:35px;display:inline-block;opacity:1;float:left;font-size:32px;box-shadow:none;display:inline-block;font-size:16px;padding:0 4px;vertical-align:middle;background-repeat:repeat;overflow:hidden;padding:0;cursor:pointer;box-sizing:content-box\"><svg style=\"display:block;\" focusable=\"false\" aria-hidden=\"true\" xmlns=\"http:\/\/www.w3.org\/2000\/svg\" width=\"100%\" height=\"100%\" viewBox=\"-6 -5 40 40\"><path class=\"heateor_sss_svg_stroke heateor_sss_no_fill\" stroke=\"#fff\" stroke-width=\"2\" fill=\"none\" d=\"M 11.579798566743314 24.396926207859085 A 10 10 0 1 0 6.808479557110079 20.73576436351046\"><\/path><path d=\"M 7 19 l -1 6 l 6 -1\" class=\"heateor_sss_no_fill heateor_sss_svg_stroke\" stroke=\"#fff\" stroke-width=\"2\" fill=\"none\"><\/path><path d=\"M 10 10 q -1 8 8 11 c 5 -1 0 -6 -1 -3 q -4 -3 -5 -5 c 4 -2 -1 -5 -1 -4\" fill=\"#fff\"><\/path><\/svg><\/span><\/a><\/div><div class=\"heateorSssClear\"><\/div><\/div><div class='heateorSssClear'><\/div>","protected":false},"author":13,"featured_media":0,"comment_status":"open","ping_status":"open","sticky":false,"template":"","format":"standard","meta":{"jetpack_post_was_ever_published":false,"_jetpack_newsletter_access":"","_jetpack_dont_email_post_to_subs":false,"_jetpack_newsletter_tier_id":0,"_jetpack_memberships_contains_paywalled_content":false,"_jetpack_memberships_contains_paid_content":false,"footnotes":"","jetpack_publicize_message":"","jetpack_publicize_feature_enabled":true,"jetpack_social_post_already_shared":false,"jetpack_social_options":{"image_generator_settings":{"template":"highway","default_image_id":0,"enabled":false},"version":2}},"categories":[12],"tags":[471,1399,1175],"class_list":["post-8721","post","type-post","status-publish","format-standard","hentry","category-editoriale","tag-insindacabilita-parlamentare","tag-prerogative-parlamentari","tag-social-media"],"jetpack_publicize_connections":[],"jetpack_featured_media_url":"","jetpack_shortlink":"https:\/\/wp.me\/p84sDq-2gF","jetpack_likes_enabled":true,"jetpack_sharing_enabled":true,"_links":{"self":[{"href":"https:\/\/www.lacostituzione.info\/index.php\/wp-json\/wp\/v2\/posts\/8721","targetHints":{"allow":["GET"]}}],"collection":[{"href":"https:\/\/www.lacostituzione.info\/index.php\/wp-json\/wp\/v2\/posts"}],"about":[{"href":"https:\/\/www.lacostituzione.info\/index.php\/wp-json\/wp\/v2\/types\/post"}],"author":[{"embeddable":true,"href":"https:\/\/www.lacostituzione.info\/index.php\/wp-json\/wp\/v2\/users\/13"}],"replies":[{"embeddable":true,"href":"https:\/\/www.lacostituzione.info\/index.php\/wp-json\/wp\/v2\/comments?post=8721"}],"version-history":[{"count":0,"href":"https:\/\/www.lacostituzione.info\/index.php\/wp-json\/wp\/v2\/posts\/8721\/revisions"}],"wp:attachment":[{"href":"https:\/\/www.lacostituzione.info\/index.php\/wp-json\/wp\/v2\/media?parent=8721"}],"wp:term":[{"taxonomy":"category","embeddable":true,"href":"https:\/\/www.lacostituzione.info\/index.php\/wp-json\/wp\/v2\/categories?post=8721"},{"taxonomy":"post_tag","embeddable":true,"href":"https:\/\/www.lacostituzione.info\/index.php\/wp-json\/wp\/v2\/tags?post=8721"}],"curies":[{"name":"wp","href":"https:\/\/api.w.org\/{rel}","templated":true}]}}