{"id":8869,"date":"2023-11-11T10:05:00","date_gmt":"2023-11-11T09:05:00","guid":{"rendered":"http:\/\/www.lacostituzione.info\/?p=8869"},"modified":"2023-11-11T10:05:05","modified_gmt":"2023-11-11T09:05:05","slug":"premier-eletto-e-sovranita-popolare","status":"publish","type":"post","link":"https:\/\/www.lacostituzione.info\/index.php\/2023\/11\/11\/premier-eletto-e-sovranita-popolare\/","title":{"rendered":"Premier eletto e sovranit\u00e0 popolare"},"content":{"rendered":"\n<p style=\"text-align: center;\"><b><a href=\"http:\/\/www.lacostituzione.info\/wp-content\/uploads\/2022\/04\/altan-e1699693063525.jpg\"><img loading=\"lazy\" decoding=\"async\" data-attachment-id=\"8266\" data-permalink=\"https:\/\/www.lacostituzione.info\/index.php\/2022\/04\/28\/unassemblea-per-la-revisione-della-seconda-parte-della-costituzione-una-sveglia-per-una-legislatura-sulla-via-del-tramonto\/altan-3\/#main\" data-orig-file=\"https:\/\/www.lacostituzione.info\/wp-content\/uploads\/2022\/04\/altan-e1699693063525.jpg\" data-orig-size=\"203,248\" data-comments-opened=\"1\" data-image-meta=\"{&quot;aperture&quot;:&quot;0&quot;,&quot;credit&quot;:&quot;&quot;,&quot;camera&quot;:&quot;&quot;,&quot;caption&quot;:&quot;&quot;,&quot;created_timestamp&quot;:&quot;0&quot;,&quot;copyright&quot;:&quot;&quot;,&quot;focal_length&quot;:&quot;0&quot;,&quot;iso&quot;:&quot;0&quot;,&quot;shutter_speed&quot;:&quot;0&quot;,&quot;title&quot;:&quot;&quot;,&quot;orientation&quot;:&quot;0&quot;}\" data-image-title=\"altan\" data-image-description=\"\" data-image-caption=\"\" data-medium-file=\"https:\/\/www.lacostituzione.info\/wp-content\/uploads\/2022\/04\/altan-e1699693063525.jpg\" data-large-file=\"https:\/\/www.lacostituzione.info\/wp-content\/uploads\/2022\/04\/altan-e1699693063525.jpg\" class=\"aligncenter size-thumbnail wp-image-8266\" src=\"http:\/\/www.lacostituzione.info\/wp-content\/uploads\/2022\/04\/altan-150x150.jpg\" alt=\"\" width=\"150\" height=\"150\" \/><\/a>di Piero Cecchinato<\/b><\/p>\n<p>Non \u00e8 mai indifferente il modo in cui la sovranit\u00e0 popolare si atteggia in una carta costituzionale e in una legge elettorale.\u00a0Il modo di manifestarsi della sovranit\u00e0 incide sulla forma di governo e sulla struttura democratica dello Stato.<!--more--><\/p>\n<p>Ci\u00f2 riguarda anzitutto la scelta dei membri degli organi legislativi: la legge elettorale potrebbe infatti incentivare un sistema parlamentare di tipo maggioritario o di tipo compromissorio, a seconda del suo carattere pi\u00f9 o meno proporzionale o pi\u00f9 o meno maggioritario.<\/p>\n<p>\u00c8 noto che i costituenti, pur scegliendo di non dedicare alcuna disposizione alla legge elettorale (se si eccettuano i principi generali sanciti agli artt. 56, 57 e 58 Cost.), guardassero ad una legge di tipo proporzionale come la pi\u00f9 adatta a riflettere la complessit\u00e0 della societ\u00e0 italiana.<\/p>\n<p>\u00c8 altres\u00ec noto, per\u00f2, che gli stessi costituenti, consci dei difetti del parlamentarismo che avevano fiaccato fin l\u00ec l\u2019esperienza dell\u2019Italia unitaria, adottarono il 4 settembre 1946 l\u2019ordine del giorno proposto dall\u2019onorevole Perassi, che cos\u00ec recitava:\u00a0<em>\u00abLa Seconda Sottocommissione, udite le relazioni degli onorevoli Mortati e Conti, ritenuto che n\u00e9 il tipo del governo presidenziale, n\u00e9 quello del governo direttoriale risponderebbero alle condizioni della societ\u00e0 italiana, si pronuncia per l&#8217;adozione del sistema parlamentare da disciplinarsi, tuttavia, con dispositivi costituzionali idonei a tutelare le esigenze di stabilit\u00e0 dell&#8217;azione di Governo e ad evitare le degenerazioni del parlamentarismo\u00bb.\u00a0\u00a0\u00a0\u00a0\u00a0 <\/em><\/p>\n<p>Come sappiamo, questo ordine del giorno \u00e8 rimasto una inattuata petizione di principio.<\/p>\n<p>Fra le manifestazioni pi\u00f9 discutibili di un certo parlamentarismo vi \u00e8 sicuramente quella che la cronaca definisce \u201cribaltone\u201d (ai tempi di Depretis, Crispi e Giolitti, quando lo stesso linguaggio rimaneva pi\u00f9 elevato, si parlava di \u201ctrasformismo\u201d).\u00a0La Costituzione italiana non vieta, per\u00f2, i ribaltoni. Anzi, la mancanza di un vincolo di mandato e l\u2019interesse della Nazione scelto dall\u2019art. 67 Cost.\u00a0 come parametro esclusivo, legittima rimescolamenti delle maggioranze che sostengono il governo.<\/p>\n<p>Al contempo, possiamo dare per certo che il gran numero di crisi di governo e di cambi di maggioranza che ha caratterizzato l\u2019esperienza repubblicana non abbia giovato al rapporto fra istituzioni e corpo elettorale.<\/p>\n<p>Un possibile accorgimento per evitare quelle che l\u2019ordine del giorno Perassi definiva \u201cdegenerazioni del parlamentarismo\u201d \u00e8 la clausola <em>simul stabunt, simul cadent<\/em>, in forza della quale la cessazione dalla carica del Presidente del Consiglio comporta anche lo scioglimento delle Camere e l\u2019indizione di nuove elezioni.\u00a0Un chiaro deterrente per l\u2019assemblea parlamentare a non far cadere il governo.\u00a0\u00a0\u00a0\u00a0\u00a0\u00a0\u00a0<\/p>\n<p>Una clausola del genere pu\u00f2 avere diverse declinazioni, pu\u00f2 lasciare pi\u00f9 o meno spazio alla discrezionalit\u00e0 del Capo dello Stato (oggi unico titolare del potere di scioglimento) e, per contro, attribuire pi\u00f9 o meno forza al Presidente del Consiglio nell\u2019adozione di una simile decisione. Naturalmente, la maggiore deterrenza si ottiene rimettendo nelle mani del Presidente del Consiglio la titolarit\u00e0 sostanziale del potere di scioglimento, come faceva, ad esempio, la riforma costituzionale del Governo Berlusconi del 2005, poi bocciata dal referendum del 2006.\u00a0\u00a0<\/p>\n<p>Quale che sia l\u2019ampiezza della discrezionalit\u00e0 che si voglia attribuire al Presidente del Consiglio nello scioglimento delle Camere, \u00e8 certo che una sua investitura popolare non sia affatto necessaria.\u00a0<\/p>\n<p>La riforma costituzionale proposta dal Governo Meloni, invece, prende le mosse proprio dall\u2019elezione diretta a suffragio universale del primo ministro, che diventa il \u201cPresidente eletto\u201d.\u00a0<\/p>\n<p>Da tale premessa la riforma introduce una incerta clausola <em>simul stabunt, simul cadent<\/em>, declinandone l\u2019operativit\u00e0 in maniera diversa rispetto all\u2019atto di fiducia originario e rispetto alla fiducia che deve mantenersi nel corso della legislatura.\u00a0<\/p>\n<p>La norma prevede che qualora il Governo formato dal Presidente eletto non ottenga la fiducia, il Presidente della Repubblica rinnovi l\u2019incarico allo stesso Presidente di tentare la formazione di un altro Governo e che, qualora la fiducia non venga ottenuta nemmeno in questo secondo tentativo, il Capo dello Stato proceda allo scioglimento delle Camere.<\/p>\n<p>In caso di crisi di governo nel corso della legislatura, la riforma prevede, invece, che il Presidente della Repubblica possa conferire l\u2019incarico di formare un nuovo Governo al Presidente del Consiglio dimissionario o a un altro parlamentare gi\u00e0 candidato nelle liste collegate al Presidente eletto, che dovr\u00e0 mantenersi entro i confini programmatici su cui il Governo del Presidente eletto ottenne la fiducia originaria.\u00a0Qualora il Governo cos\u00ec nominato non ottenesse la fiducia e negli altri casi di cessazione dalla carica del Presidente del Consiglio subentrante, il Presidente della Repubblica proceder\u00e0 nuovamente allo scioglimento delle Camere.<\/p>\n<p>Tralasciamo qui di discutere dell\u2019opportunit\u00e0 di vincolare in tal modo l\u2019azione del Capo dello Stato e dell\u2019effetto paradossale di una norma che attribuisce una leva per forzare il voto di fiducia al Presidente subentrante non eletto, anzich\u00e9 a quello eletto.\u00a0Quello che ci interessa in questo momento \u00e8 proprio l\u2019elezione.<\/p>\n<p>Come dicevamo in apertura, non \u00e8 mai indifferente il modo in cui la sovranit\u00e0 popolare si manifesta in una carta costituzionale.<\/p>\n<p>L\u2019investitura popolare del Presidente del Consiglio si inserirebbe in maniera disomogenea in quello che \u00e8 un sistema dotato di circolarit\u00e0 perfetta, al quale la sovranit\u00e0 popolare d\u00e0 l\u2019innesco con il voto per il Parlamento: voto al Parlamento &gt; designazione da parte del Parlamento del Capo dello Stato &gt; incarico e nomina dei ministri da parte del Capo dello Stato &gt; fiducia del Governo cos\u00ec formato in Parlamento e chiusura del cerchio.<\/p>\n<p>La riforma attribuirebbe alla sovranit\u00e0 popolare un altro innesco (l\u2019elezione del Presidente del Consiglio) che per\u00f2 crea disomogeneit\u00e0 nella distribuzione dei poteri e toglie al Capo dello Stato una delle sue prerogative principali: l\u2019individuazione del soggetto che pi\u00f9 di altri risulti in grado, in base al voto popolare e alla formazione della maggioranza, di guidare il governo.\u00a0\u00a0\u00a0\u00a0\u00a0<\/p>\n<p>Nel voto per il Parlamento trova infatti rappresentanza (certo, pi\u00f9 o meno estesa in considerazione del tipo di legge elettorale) l\u2019intero corpo elettorale, mentre nel voto per il Presidente eletto solo parte del corpo elettorale darebbe impulso al processo di formazione dei pubblici poteri.\u00a0Per meglio dire, mentre nel voto al Parlamento la sovranit\u00e0 viene interamente filtrata e si distribuisce, nel voto per il Presidente eletto troverebbe affermazione netta una parte soltanto della sovranit\u00e0 popolare.<\/p>\n<p>Ebbene, che ragione c\u2019\u00e8, se l\u2019obiettivo \u00e8 quello di inserire una clausola <em>simul stabunt, simul cadent<\/em>, di mettere in contrasto due manifestazioni di sovranit\u00e0 popolare non omogenee?\u00a0Culturalmente &#8211; e costituzionalmente &#8211; un salto non da poco, che appare, per\u00f2, immotivato.\u00a0Si tratta infatti di un\u2019investitura popolare che toglie prerogative al Parlamento e al Capo dello Stato, senza attribuirne di nuove al protagonista del cambiamento (che non viene dotato di alcun nuovo potere, perch\u00e9 la stessa prerogativa dello scioglimento rimane nelle mani del capo dello Stato, seppur vincolandone discrezionalit\u00e0).<\/p>\n<p>Presidente eletto. Ma per fare cosa?<\/p>\n<pre><span style=\"color: #808080;\">La vignetta \u00e8 di Altan<\/span><\/pre>\n","protected":false},"excerpt":{"rendered":"<p>di Piero Cecchinato Non \u00e8 mai indifferente il modo in cui la sovranit\u00e0 popolare si atteggia in una carta costituzionale e in una legge elettorale.\u00a0Il modo di manifestarsi della sovranit\u00e0 incide sulla forma di governo e sulla struttura democratica dello Stato.<\/p>\n<div class='heateorSssClear'><\/div><div  class='heateor_sss_sharing_container heateor_sss_horizontal_sharing' data-heateor-sss-href='https:\/\/www.lacostituzione.info\/index.php\/2023\/11\/11\/premier-eletto-e-sovranita-popolare\/'><div class='heateor_sss_sharing_title' style=\"font-weight:bold\" >Condividi!<\/div><div class=\"heateor_sss_sharing_ul\"><a aria-label=\"Facebook\" class=\"heateor_sss_facebook\" href=\"https:\/\/www.facebook.com\/sharer\/sharer.php?u=https%3A%2F%2Fwww.lacostituzione.info%2Findex.php%2F2023%2F11%2F11%2Fpremier-eletto-e-sovranita-popolare%2F\" title=\"Facebook\" rel=\"nofollow noopener\" target=\"_blank\" style=\"font-size:32px!important;box-shadow:none;display:inline-block;vertical-align:middle\"><span class=\"heateor_sss_svg\" style=\"background-color:#0765FE;width:35px;height:35px;display:inline-block;opacity:1;float:left;font-size:32px;box-shadow:none;display:inline-block;font-size:16px;padding:0 4px;vertical-align:middle;background-repeat:repeat;overflow:hidden;padding:0;cursor:pointer;box-sizing:content-box\"><svg style=\"display:block;\" focusable=\"false\" aria-hidden=\"true\" xmlns=\"http:\/\/www.w3.org\/2000\/svg\" width=\"100%\" height=\"100%\" viewBox=\"0 0 32 32\"><path fill=\"#fff\" d=\"M28 16c0-6.627-5.373-12-12-12S4 9.373 4 16c0 5.628 3.875 10.35 9.101 11.647v-7.98h-2.474V16H13.1v-1.58c0-4.085 1.849-5.978 5.859-5.978.76 0 2.072.15 2.608.298v3.325c-.283-.03-.775-.045-1.386-.045-1.967 0-2.728.745-2.728 2.683V16h3.92l-.673 3.667h-3.247v8.245C23.395 27.195 28 22.135 28 16Z\"><\/path><\/svg><\/span><\/a><a aria-label=\"Twitter\" class=\"heateor_sss_button_twitter\" href=\"https:\/\/twitter.com\/intent\/tweet?text=Premier%20eletto%20e%20sovranit%C3%A0%20popolare&url=https%3A%2F%2Fwww.lacostituzione.info%2Findex.php%2F2023%2F11%2F11%2Fpremier-eletto-e-sovranita-popolare%2F\" title=\"Twitter\" rel=\"nofollow noopener\" target=\"_blank\" style=\"font-size:32px!important;box-shadow:none;display:inline-block;vertical-align:middle\"><span class=\"heateor_sss_svg heateor_sss_s__default heateor_sss_s_twitter\" style=\"background-color:#55acee;width:35px;height:35px;display:inline-block;opacity:1;float:left;font-size:32px;box-shadow:none;display:inline-block;font-size:16px;padding:0 4px;vertical-align:middle;background-repeat:repeat;overflow:hidden;padding:0;cursor:pointer;box-sizing:content-box\"><svg style=\"display:block;\" focusable=\"false\" aria-hidden=\"true\" xmlns=\"http:\/\/www.w3.org\/2000\/svg\" width=\"100%\" height=\"100%\" viewBox=\"-4 -4 39 39\"><path d=\"M28 8.557a9.913 9.913 0 0 1-2.828.775 4.93 4.93 0 0 0 2.166-2.725 9.738 9.738 0 0 1-3.13 1.194 4.92 4.92 0 0 0-3.593-1.55 4.924 4.924 0 0 0-4.794 6.049c-4.09-.21-7.72-2.17-10.15-5.15a4.942 4.942 0 0 0-.665 2.477c0 1.71.87 3.214 2.19 4.1a4.968 4.968 0 0 1-2.23-.616v.06c0 2.39 1.7 4.38 3.952 4.83-.414.115-.85.174-1.297.174-.318 0-.626-.03-.928-.086a4.935 4.935 0 0 0 4.6 3.42 9.893 9.893 0 0 1-6.114 2.107c-.398 0-.79-.023-1.175-.068a13.953 13.953 0 0 0 7.55 2.213c9.056 0 14.01-7.507 14.01-14.013 0-.213-.005-.426-.015-.637.96-.695 1.795-1.56 2.455-2.55z\" fill=\"#fff\"><\/path><\/svg><\/span><\/a><a aria-label=\"Reddit\" class=\"heateor_sss_button_reddit\" href=\"https:\/\/reddit.com\/submit?url=https%3A%2F%2Fwww.lacostituzione.info%2Findex.php%2F2023%2F11%2F11%2Fpremier-eletto-e-sovranita-popolare%2F&title=Premier%20eletto%20e%20sovranit%C3%A0%20popolare\" title=\"Reddit\" rel=\"nofollow noopener\" target=\"_blank\" style=\"font-size:32px!important;box-shadow:none;display:inline-block;vertical-align:middle\"><span class=\"heateor_sss_svg heateor_sss_s__default heateor_sss_s_reddit\" style=\"background-color:#ff5700;width:35px;height:35px;display:inline-block;opacity:1;float:left;font-size:32px;box-shadow:none;display:inline-block;font-size:16px;padding:0 4px;vertical-align:middle;background-repeat:repeat;overflow:hidden;padding:0;cursor:pointer;box-sizing:content-box\"><svg style=\"display:block;\" focusable=\"false\" aria-hidden=\"true\" xmlns=\"http:\/\/www.w3.org\/2000\/svg\" width=\"100%\" height=\"100%\" viewBox=\"-3.5 -3.5 39 39\"><path d=\"M28.543 15.774a2.953 2.953 0 0 0-2.951-2.949 2.882 2.882 0 0 0-1.9.713 14.075 14.075 0 0 0-6.85-2.044l1.38-4.349 3.768.884a2.452 2.452 0 1 0 .24-1.176l-4.274-1a.6.6 0 0 0-.709.4l-1.659 5.224a14.314 14.314 0 0 0-7.316 2.029 2.908 2.908 0 0 0-1.872-.681 2.942 2.942 0 0 0-1.618 5.4 5.109 5.109 0 0 0-.062.765c0 4.158 5.037 7.541 11.229 7.541s11.22-3.383 11.22-7.541a5.2 5.2 0 0 0-.053-.706 2.963 2.963 0 0 0 1.427-2.51zm-18.008 1.88a1.753 1.753 0 0 1 1.73-1.74 1.73 1.73 0 0 1 1.709 1.74 1.709 1.709 0 0 1-1.709 1.711 1.733 1.733 0 0 1-1.73-1.711zm9.565 4.968a5.573 5.573 0 0 1-4.081 1.272h-.032a5.576 5.576 0 0 1-4.087-1.272.6.6 0 0 1 .844-.854 4.5 4.5 0 0 0 3.238.927h.032a4.5 4.5 0 0 0 3.237-.927.6.6 0 1 1 .844.854zm-.331-3.256a1.726 1.726 0 1 1 1.709-1.712 1.717 1.717 0 0 1-1.712 1.712z\" fill=\"#fff\"\/><\/svg><\/span><\/a><a aria-label=\"Linkedin\" class=\"heateor_sss_button_linkedin\" href=\"https:\/\/www.linkedin.com\/sharing\/share-offsite\/?url=https%3A%2F%2Fwww.lacostituzione.info%2Findex.php%2F2023%2F11%2F11%2Fpremier-eletto-e-sovranita-popolare%2F\" title=\"Linkedin\" rel=\"nofollow noopener\" target=\"_blank\" style=\"font-size:32px!important;box-shadow:none;display:inline-block;vertical-align:middle\"><span class=\"heateor_sss_svg heateor_sss_s__default heateor_sss_s_linkedin\" style=\"background-color:#0077b5;width:35px;height:35px;display:inline-block;opacity:1;float:left;font-size:32px;box-shadow:none;display:inline-block;font-size:16px;padding:0 4px;vertical-align:middle;background-repeat:repeat;overflow:hidden;padding:0;cursor:pointer;box-sizing:content-box\"><svg style=\"display:block;\" focusable=\"false\" aria-hidden=\"true\" xmlns=\"http:\/\/www.w3.org\/2000\/svg\" width=\"100%\" height=\"100%\" viewBox=\"0 0 32 32\"><path d=\"M6.227 12.61h4.19v13.48h-4.19V12.61zm2.095-6.7a2.43 2.43 0 0 1 0 4.86c-1.344 0-2.428-1.09-2.428-2.43s1.084-2.43 2.428-2.43m4.72 6.7h4.02v1.84h.058c.56-1.058 1.927-2.176 3.965-2.176 4.238 0 5.02 2.792 5.02 6.42v7.395h-4.183v-6.56c0-1.564-.03-3.574-2.178-3.574-2.18 0-2.514 1.7-2.514 3.46v6.668h-4.187V12.61z\" fill=\"#fff\"><\/path><\/svg><\/span><\/a><a aria-label=\"Pinterest\" class=\"heateor_sss_button_pinterest\" href=\"https:\/\/www.lacostituzione.info\/index.php\/2023\/11\/11\/premier-eletto-e-sovranita-popolare\/\" onclick=\"event.preventDefault();javascript:void( (function() {var e=document.createElement('script' );e.setAttribute('type','text\/javascript' );e.setAttribute('charset','UTF-8' );e.setAttribute('src','\/\/assets.pinterest.com\/js\/pinmarklet.js?r='+Math.random()*99999999);document.body.appendChild(e)})());\" title=\"Pinterest\" rel=\"noopener\" style=\"font-size:32px!important;box-shadow:none;display:inline-block;vertical-align:middle\"><span class=\"heateor_sss_svg heateor_sss_s__default heateor_sss_s_pinterest\" style=\"background-color:#cc2329;width:35px;height:35px;display:inline-block;opacity:1;float:left;font-size:32px;box-shadow:none;display:inline-block;font-size:16px;padding:0 4px;vertical-align:middle;background-repeat:repeat;overflow:hidden;padding:0;cursor:pointer;box-sizing:content-box\"><svg style=\"display:block;\" focusable=\"false\" aria-hidden=\"true\" xmlns=\"http:\/\/www.w3.org\/2000\/svg\" width=\"100%\" height=\"100%\" viewBox=\"-2 -2 35 35\"><path fill=\"#fff\" d=\"M16.539 4.5c-6.277 0-9.442 4.5-9.442 8.253 0 2.272.86 4.293 2.705 5.046.303.125.574.005.662-.33.061-.231.205-.816.27-1.06.088-.331.053-.447-.191-.736-.532-.627-.873-1.439-.873-2.591 0-3.338 2.498-6.327 6.505-6.327 3.548 0 5.497 2.168 5.497 5.062 0 3.81-1.686 7.025-4.188 7.025-1.382 0-2.416-1.142-2.085-2.545.397-1.674 1.166-3.48 1.166-4.689 0-1.081-.581-1.983-1.782-1.983-1.413 0-2.548 1.462-2.548 3.419 0 1.247.421 2.091.421 2.091l-1.699 7.199c-.505 2.137-.076 4.755-.039 5.019.021.158.223.196.314.077.13-.17 1.813-2.247 2.384-4.324.162-.587.929-3.631.929-3.631.46.876 1.801 1.646 3.227 1.646 4.247 0 7.128-3.871 7.128-9.053.003-3.918-3.317-7.568-8.361-7.568z\"\/><\/svg><\/span><\/a><a aria-label=\"Whatsapp\" class=\"heateor_sss_whatsapp\" href=\"https:\/\/api.whatsapp.com\/send?text=Premier%20eletto%20e%20sovranit%C3%A0%20popolare%20https%3A%2F%2Fwww.lacostituzione.info%2Findex.php%2F2023%2F11%2F11%2Fpremier-eletto-e-sovranita-popolare%2F\" title=\"Whatsapp\" rel=\"nofollow noopener\" target=\"_blank\" style=\"font-size:32px!important;box-shadow:none;display:inline-block;vertical-align:middle\"><span class=\"heateor_sss_svg\" style=\"background-color:#55eb4c;width:35px;height:35px;display:inline-block;opacity:1;float:left;font-size:32px;box-shadow:none;display:inline-block;font-size:16px;padding:0 4px;vertical-align:middle;background-repeat:repeat;overflow:hidden;padding:0;cursor:pointer;box-sizing:content-box\"><svg style=\"display:block;\" focusable=\"false\" aria-hidden=\"true\" xmlns=\"http:\/\/www.w3.org\/2000\/svg\" width=\"100%\" height=\"100%\" viewBox=\"-6 -5 40 40\"><path class=\"heateor_sss_svg_stroke heateor_sss_no_fill\" stroke=\"#fff\" stroke-width=\"2\" fill=\"none\" d=\"M 11.579798566743314 24.396926207859085 A 10 10 0 1 0 6.808479557110079 20.73576436351046\"><\/path><path d=\"M 7 19 l -1 6 l 6 -1\" class=\"heateor_sss_no_fill heateor_sss_svg_stroke\" stroke=\"#fff\" stroke-width=\"2\" fill=\"none\"><\/path><path d=\"M 10 10 q -1 8 8 11 c 5 -1 0 -6 -1 -3 q -4 -3 -5 -5 c 4 -2 -1 -5 -1 -4\" fill=\"#fff\"><\/path><\/svg><\/span><\/a><\/div><div class=\"heateorSssClear\"><\/div><\/div><div class='heateorSssClear'><\/div>","protected":false},"author":1,"featured_media":0,"comment_status":"open","ping_status":"open","sticky":false,"template":"","format":"standard","meta":{"jetpack_post_was_ever_published":false,"_jetpack_newsletter_access":"","_jetpack_dont_email_post_to_subs":false,"_jetpack_newsletter_tier_id":0,"_jetpack_memberships_contains_paywalled_content":false,"_jetpack_memberships_contains_paid_content":false,"footnotes":"","jetpack_publicize_message":"","jetpack_publicize_feature_enabled":true,"jetpack_social_post_already_shared":false,"jetpack_social_options":{"image_generator_settings":{"template":"highway","default_image_id":0,"enabled":false},"version":2}},"categories":[5],"tags":[1680,1679,317,1653],"class_list":["post-8869","post","type-post","status-publish","format-standard","hentry","category-lavori-in-corso","tag-elezione-diretta-del-premier","tag-premierato","tag-riforma-costituzionale","tag-sfiducia-costruttiva"],"jetpack_publicize_connections":[],"jetpack_featured_media_url":"","jetpack_shortlink":"https:\/\/wp.me\/p84sDq-2j3","jetpack_likes_enabled":true,"jetpack_sharing_enabled":true,"_links":{"self":[{"href":"https:\/\/www.lacostituzione.info\/index.php\/wp-json\/wp\/v2\/posts\/8869","targetHints":{"allow":["GET"]}}],"collection":[{"href":"https:\/\/www.lacostituzione.info\/index.php\/wp-json\/wp\/v2\/posts"}],"about":[{"href":"https:\/\/www.lacostituzione.info\/index.php\/wp-json\/wp\/v2\/types\/post"}],"author":[{"embeddable":true,"href":"https:\/\/www.lacostituzione.info\/index.php\/wp-json\/wp\/v2\/users\/1"}],"replies":[{"embeddable":true,"href":"https:\/\/www.lacostituzione.info\/index.php\/wp-json\/wp\/v2\/comments?post=8869"}],"version-history":[{"count":0,"href":"https:\/\/www.lacostituzione.info\/index.php\/wp-json\/wp\/v2\/posts\/8869\/revisions"}],"wp:attachment":[{"href":"https:\/\/www.lacostituzione.info\/index.php\/wp-json\/wp\/v2\/media?parent=8869"}],"wp:term":[{"taxonomy":"category","embeddable":true,"href":"https:\/\/www.lacostituzione.info\/index.php\/wp-json\/wp\/v2\/categories?post=8869"},{"taxonomy":"post_tag","embeddable":true,"href":"https:\/\/www.lacostituzione.info\/index.php\/wp-json\/wp\/v2\/tags?post=8869"}],"curies":[{"name":"wp","href":"https:\/\/api.w.org\/{rel}","templated":true}]}}