{"id":8884,"date":"2023-11-16T11:07:11","date_gmt":"2023-11-16T10:07:11","guid":{"rendered":"http:\/\/www.lacostituzione.info\/?p=8884"},"modified":"2023-11-16T11:07:13","modified_gmt":"2023-11-16T10:07:13","slug":"diritto-di-asilo-e-paesi-sicuri-la-liberta-degli-altri-e-i-compiti-dellavvocatura-di-stato","status":"publish","type":"post","link":"https:\/\/www.lacostituzione.info\/index.php\/2023\/11\/16\/diritto-di-asilo-e-paesi-sicuri-la-liberta-degli-altri-e-i-compiti-dellavvocatura-di-stato\/","title":{"rendered":"Diritto di asilo e Paesi \u201csicuri\u201d: la libert\u00e0 degli altri e i compiti dell&#8217;Avvocatura di Stato"},"content":{"rendered":"\n<p><strong>\u00a0di Claudio Stefano Tani<a href=\"http:\/\/www.lacostituzione.info\/wp-content\/uploads\/2023\/11\/barconi2.jpeg\"><img loading=\"lazy\" decoding=\"async\" data-attachment-id=\"8885\" data-permalink=\"https:\/\/www.lacostituzione.info\/index.php\/2023\/11\/16\/diritto-di-asilo-e-paesi-sicuri-la-liberta-degli-altri-e-i-compiti-dellavvocatura-di-stato\/barconi2\/#main\" data-orig-file=\"https:\/\/www.lacostituzione.info\/wp-content\/uploads\/2023\/11\/barconi2.jpeg\" data-orig-size=\"310,162\" data-comments-opened=\"1\" data-image-meta=\"{&quot;aperture&quot;:&quot;0&quot;,&quot;credit&quot;:&quot;&quot;,&quot;camera&quot;:&quot;&quot;,&quot;caption&quot;:&quot;&quot;,&quot;created_timestamp&quot;:&quot;0&quot;,&quot;copyright&quot;:&quot;&quot;,&quot;focal_length&quot;:&quot;0&quot;,&quot;iso&quot;:&quot;0&quot;,&quot;shutter_speed&quot;:&quot;0&quot;,&quot;title&quot;:&quot;&quot;,&quot;orientation&quot;:&quot;0&quot;}\" data-image-title=\"barconi2\" data-image-description=\"\" data-image-caption=\"\" data-medium-file=\"https:\/\/www.lacostituzione.info\/wp-content\/uploads\/2023\/11\/barconi2-300x157.jpeg\" data-large-file=\"https:\/\/www.lacostituzione.info\/wp-content\/uploads\/2023\/11\/barconi2.jpeg\" class=\"alignright size-thumbnail wp-image-8885\" src=\"http:\/\/www.lacostituzione.info\/wp-content\/uploads\/2023\/11\/barconi2-150x150.jpeg\" alt=\"\" width=\"150\" height=\"150\" \/><\/a><\/strong><\/p>\n<p>Le questioni principali, nel sistema di asilo dell\u2019Unione Europea, a parte il regime dei termini e delle decadenze, riguardano il potere di rilevabilit\u00e0 d\u2019ufficio delle situazioni di anticomunitariet\u00e0 e di illegittimit\u00e0 costituzionale e la valutazione, gioco forza sommaria, della prova in una procedura \u201caccelerata\u201d.<!--more--><\/p>\n<p>1. Le autorit\u00e0 amministrative e i giudici devono scegliere se dare prevalenza <em>ex<\/em> <em>ante<\/em> alla nozione classificatoria di Paese di origine sicura, in sostanza a una presunzione, o se far prevalere una nozione del diritto di asilo fondata sulla valutazione <em>ex post <\/em>di concrete e specifiche situazioni di fatto, indipendentemente dalla posizione nella classifica dei Paesi \u201csicuri\u201d.<\/p>\n<p>La procedura \u201c<em>accelerata\u201d<\/em> in frontiera disciplinata dal d.l. 20\/2023 drammatizza l\u2019antitesi tra i due estremi (rinvio a Martina Flamini, <em>La protezione dei cittadini stranieri provenienti da cd. \u201cPaesi sicuri\u201d in seguito alle modifiche introdotte dal dl n.20 del 2023<\/em>, in Questione Giustizia 3\/2023, 101). \u00a0<\/p>\n<p>Se la privazione della libert\u00e0 personale deve essere sempre l<em>\u2019extrema ratio,<\/em> non \u00e8 legittimo alcun automatismo del trattenimento, in contrasto con l\u2019interpretazione restrittiva che esige l\u2019art. 13 della Costituzione.<\/p>\n<p>Il nodo \u00e8 quello delle garanzie che presidiano il diritto dei richiedenti protezione, anche se provenienti da \u201cPaesi sicuri\u201d <em>\u201calla luce di informazioni precise e aggiornate circa la situazione generale del paese di origine dei richiedenti asilo\u201d<\/em> e dei Paesi di transito (art.8, III comma, D.lgs.25\/2008). Tali informazioni nella prassi chiamate COI <em>(country of origin information)<\/em> sono agevolmente a disposizione delle commissioni territoriali e dell\u2019Autorit\u00e0 giudiziaria e si avvalgono di fonti sovranazionali, governative, di banche dati legislative e giurisprudenziali, di fonti non-governative, di media e di agenzie di stampa e altri siti di interesse.<\/p>\n<p>Non regge all\u2019esame finalizzato alla convalida un provvedimento amministrativo restrittivo della libert\u00e0 personale, anche se \u00e8 disposto soltanto per il tempo istruttorio di esame della domanda, ma in assenza di elementi neppure indiziari che potrebbero far presumere che la libert\u00e0 del richiedente la protezione rappresenti un pericolo (art. 26 Dir. Procedure 2013\/32\/UE e art. 8 Dir. Accoglienza 2013\/33\/UE).<\/p>\n<p>2<strong> \u2013<\/strong> L\u2019alternativa \u00e8 tra una decisione <em>inter partes<\/em> immediatamente efficace e la sospensione del giudizio in attesa della pronuncia con efficacia <em>erga omnes <\/em>della Corte costituzionale.\u00a0Il Governo sostiene che i giudici hanno violato il confine, superato il quale si entra nella valutazione politica che non spetta all\u2019Autorit\u00e0 giudiziaria. Non sono d\u2019accordo.<\/p>\n<p>Secondo il Governo se i giudici avessero ritenuto che i giudizi di convalida non avrebbero potuto essere definiti senza fare ricorso all\u2019art. 23, II co. l.87\/1953, avrebbero dovuto sollevare d\u2019ufficio le questioni di legittimit\u00e0 costituzionale, trasmettere gli atti alla Corte costituzionale e sospendere il giudizio.<\/p>\n<p>La proposizione di una questione di legittimit\u00e0 costituzionale, in via incidentale, nell\u2019ambito di una procedura in Camera di Consiglio, come quella ex art 737 c.p.c., pone tuttavia alcuni problemi.<\/p>\n<p>Se i Tribunali avessero disposto il rinvio alla Corte costituzionale, senza decidere sulla convalida, sarebbero stati sospesi i giudizi, ma non il D.M.17\/03\/2023 e i provvedimenti di diniego della protezione internazionale su quello fondati e in attesa della pronuncia della Corte sarebbe stata sacrificata la tutela invocata con le domande di protezione internazionale. \u00a0<\/p>\n<p>Esaurendo, nei limiti assegnati dalla legge al giudice ordinario, i propri poteri decisori, i Tribunali hanno optato per la tutela prioritaria del diritto dei richiedenti asilo, scegliendo la via della disapplicazione efficace soltanto <em>inter partes<\/em>, ma che se regger\u00e0 alle impugnazioni governative spiegher\u00e0 effetti oltre i singoli provvedimenti, nella misura in cui potranno essere risolte le difficolt\u00e0 interpretative di una questione suscettibile di porsi anche in altri numerosi giudizi, secondo i requisiti e con gli effetti previsti dall\u2019art.363 bis c.p.c.<\/p>\n<p>3. L\u2019imparzialit\u00e0 e il buon andamento prescritti dall\u2019art. 97 della Costituzione sono sempre messi alla prova da situazioni che possono influenzare i funzionari preposti all\u2019esame delle domande.<\/p>\n<p>La postura mentale, l\u2019ideologia politica, la pressione governativa, lo scetticismo nella valutazione delle prove e delle dichiarazioni del richiedente la protezione, possono oggettivamente orientare chi \u00e8 chiamato ad applicare o no una misura coercitiva come il trattenimento, con conseguente respingimento.<\/p>\n<p>Se nella fase amministrativa le garanzie non sono rispettate si impone il recupero, dal punto di vista istruttorio e dell\u2019interpretazione applicativa, nella fase giurisdizionale.\u00a0 Si pone quindi il problema della valutazione della sussistenza dei presupposti per l\u2019applicazione del beneficio del dubbio nei sistemi di protezione internazionale.<\/p>\n<p>Trattiamo di soggetti con alle spalle biografie individuali e collettive complesse, spesso drammatiche, che non si esauriscono nella \u00a0classifica provvisoria, e di convenienza politica, del Paese di origine tra quelli sicuri. Non basta l\u2019assenza di situazioni di guerra o rischi di tortura, persecuzioni o maltrattamenti, ma devono esserci tutte le garanzie di accesso ai rimedi effettivi di uno Stato di diritto, la possibilit\u00e0 di accesso effettivo alla giustizia e l\u2019assenza di violazioni sistemiche di diritti e garanzie fondamentali.<\/p>\n<p>L\u2019art. 4 della Direttiva UE sulle qualifiche (Direttiva 2011\/95\/UE) dice che <em>\u201clo Stato membro \u00e8 tenuto, in cooperazione con il richiedente, a esaminare tutti gli elementi significativi della domanda\u201d. <\/em>Quindi tutte le autorit\u00e0 amministrative e giudiziarie devono garantire al richiedente informazioni e orientamento e la possibilit\u00e0 di fornire a sua volta spiegazioni in presenza di elementi dubitativi.<\/p>\n<p>Non vi sono metodi infallibili per accertare la veridicit\u00e0 delle affermazioni del richiedente. Nella materia vi sono i cosiddetti \u201c<em>indicatori di credibilit\u00e0<\/em>\u201d elaborati nel rapporto \u201c<em>Beyond Proof Credibility Assessment in EU Asylum System\u201d<\/em> (reperibile in <a href=\"http:\/\/www.unhcr.org\/51a8a08a9.html\">http:\/\/www.unhcr.org\/51a8a08a9.html<\/a>).<\/p>\n<p>E\u2019 un contesto in cui entrano in campo molti elementi che esigono una valutazione caso per caso, incompatibile con la c.d. \u201c<em>procedura accelerata<\/em>\u201d.<\/p>\n<p>La valutazione della credibilit\u00e0 (plausibilit\u00e0, verosimiglianza, ragionevolezza, probabilit\u00e0, senso comune, comportamento del richiedente) non impone che i fatti debbano essere necessariamente provati \u201c<em>al di l\u00e0 di ogni ragionevole dubbio<\/em>\u201d. L\u2019art. 4 della Direttiva qualifiche 2011\/95\/UE stabilisce non per caso la \u201c<em>cooperazione<\/em>\u201d della p.a. con il richiedente. Entrano in gioco approcci fondati sia sulle tradizioni giuridiche nazionali in tema di valutazione delle prove, sia sulle regole e i principi del diritto internazionale.<\/p>\n<p>Le autorit\u00e0 amministrative non danno una motivazione sufficiente, si limitano a formule stereotipate; il che gi\u00e0 di per s\u00e9 integra un vizio di legittimit\u00e0 dei provvedimenti, cui il giudice della convalida deve porre rimedio. \u00a0\u00a0<\/p>\n<p>Il rapporto \u201c<em>Beyond Proof Credibility Assessment in EU Asylum System\u201d<\/em> citato ci dice, in pratica, quello che tutti gli avvocati e tutti i giudici sanno: cio\u00e8 che il beneficio del dubbio riflette le difficolt\u00e0, tanto pi\u00f9 considerevoli date le condizioni dei richiedenti protezione internazionale, per ottenere o fornire prove e che occorre grande attenzione, a partire dalla fase amministrativa, alle gravi conseguenze derivanti da un diniego errato di protezione internazionale.<\/p>\n<p>La fase giurisdizionale assume quindi particolare importanza di fronte a una situazione dubitativa sul fatto e contemporaneamente a un dubbio sulla costituzionalit\u00e0 della norma. Il giudice della convalida, fermi i presupposti di non manifesta infondatezza e di rilevanza della questione, si trover\u00e0 sempre nella condizione di dover decidere se sollevare l\u2019incidente di costituzionalit\u00e0, sospendendo il processo ma non il provvedimento amministrativo di diniego, oppure assumere una postura garantista, ricorrendo all\u2019istituto della disapplicazione e salvaguardare provvisoriamente il diritto del richiedente.<\/p>\n<p>3. Le Amministrazioni dello Stato e i Ministri che ne sono responsabili ai sensi dell\u2019art.95 della Costituzione non dovrebbero essere contrariati, quando un giudice tenta di ricondurre la loro azione a correttezza costituzionale dalla quale potrebbero essersi allontanati.<\/p>\n<p>A tal fine, forse, \u00e8 utile una breve considerazione sul ruolo dell\u2019Avvocatura dello Stato che svolge, al massimo livello, una funzione di equilibrio insita nel ruolo di intermediazione processuale. La legge assicura piena autonomia e indipendenza all\u2019Avvocatura dello Stato rispetto alle Amministrazioni che fruiscono della sua attivit\u00e0. E questo perch\u00e9 essa non \u00e8 relegata alla funzione meramente consultiva antecedente al 1876, ma \u00e8 posta a presidio dei valori giuridici dell\u2019ordinamento statuale nella sua unitariet\u00e0, che oggi sono quelli sanciti dalla Costituzione.<\/p>\n<p>La dipendenza dell\u2019Avvocatura dello Stato dalla Presidenza del Consiglio dei Ministri proprio per questa ragione \u00e8 una forma di gerarchia c.d. \u201cesterna\u201d, nel senso che il Governo non pu\u00f2 e non deve interferire sull\u2019autonomia dell\u2019Avvocatura per quanto concerne la valutazione non politica, ma giuridica oggettiva dell\u2019interesse protetto e rilevante dello Stato (il bene della vita uguale e contrario a quello fatto valere dai singoli persone fisiche o giuridiche) ad agire o a resistere in giudizio, a promuovere o ad abbandonare giudizi.<\/p>\n<p>L\u2019art. 12 l. 3 aprile 1979 n.103 recante <em>\u201cModifiche dell\u2019ordinamento dell\u2019Avvocatura dello Stato\u201d<\/em> ha sentito l\u2019esigenza di stabilire espressamente che \u201c<em>Le divergenze che insorgono tra il competente ufficio dell\u2019Avvocatura dello Stato e le amministrazioni interessate circa la instaurazione<\/em> <em>di un giudizio o la resistenza nel medesimo <\/em>(l\u2019interesse di cui all\u2019endiadi dell\u2019art.100 c.p.c.)<em> sono risolte dal Ministro competente con determinazione non delegabile\u201d.<\/em><\/p>\n<p>Si \u00e8 inteso ribadire l\u2019ovvio e cio\u00e8 che il \u201c<em>Ministero che litiga<\/em>\u201d non \u00e8 l\u2019Avvocatura, perch\u00e9 la disponibilit\u00e0 della situazione soggettiva che forma l\u2019oggetto di una controversia appartiene alle amministrazioni. Ma con ci\u00f2 non \u00e8 sancito l\u2019obbligo di sottomissione alle mutanti variabili della politica, men che meno quando sono in gioco principi costituzionali, perch\u00e9 si tradirebbe il senso dello stesso istituto del mandato <em>ex lege<\/em> inventato nel 1876 da Marco Minghetti e Giuseppe Mantellini, vero e proprio atto di nascita dell\u2019Avvocatura.\u00a0<\/p>\n<p>Nelle materie caratterizzate da forti implicazioni ideologiche e politiche, vi \u00e8 sempre il rischio che politica e tutela di diritti soggettivi si affrontino con il massimo di tensione, aprendo a inconciliabili prospettive interpretative del complesso normativo, gi\u00e0 dalla fase amministrativa.\u00a0\u00a0<\/p>\n<p>Nel caso di persone provenienti da Paesi definiti \u201csicuri\u201d sulla base di standard soggetti a revisione, l\u2019Avvocatura dello Stato, proprio a tutela dei valori dell\u2019ordinamento, affermando la propria autonomia e indipendenza, non dovrebbe esimersi, una volta che la questione si \u00e8 riversata nella fase giurisdizionale, dal valutare oggettivamente se il diritto alla protezione internazionale ha subito dalla legge limitazioni tali da far dubitare del rispetto dei principi sovranazionali e costituzionali, come interpretati dalle Corti.<\/p>\n<p>Non \u00e8 improprio che un giudice si chieda se la norma applicata dall\u2019autorit\u00e0 amministrativa abbia di mira un risultato soltanto politico, e se tale risultato corrisponda alle condizioni di garanzia delle libert\u00e0 individuali.<\/p>\n<p>Nelle controversie in cui sono in gioco i diritti fondamentali garantiti dalla Costituzione e dalla Convenzione per la salvaguardia dei diritti dell\u2019uomo e delle libert\u00e0 fondamentali e dai suoi protocolli, o in altri ambiti del diritto internazionale e comunitario, \u00e8 dovuto uno speciale riguardo al concreto bene della vita in gioco, di fronte al quale pregiudiziali ideologiche o interessi politici <em>tout court<\/em> sono recessivi.<\/p>\n<p>L\u2019autonomia e l\u2019indipendenza dell\u2019Avvocatura dello Stato sono preziose perch\u00e9 ostano a che essa sia pi\u00f9 attenta agli interessi della gerarchia politica che ai diritti soggettivi fondamentali costituzionalmente e convenzionalmente garantiti.<\/p>\n<p>E\u2019 convincimento di chi scrive che l\u2019Avvocatura non si presta ai tentativi di un uso politico della sua funzione. Forzare l\u2019Avvocatura a piegarsi alle contingenti esigenze politiche del Governo, o della politica <em>tout court<\/em>, che vorrebbero trasformarla in un corpo di obbedienti burocrati in toga sarebbe un grave errore perch\u00e9 indebolirebbe il ruolo di uno dei pi\u00f9 prestigiosi organi dello Stato.<\/p>\n<p>Per uno sguardo completo anche storico, sul ruolo dell\u2019Avvocatura dello Stato rinvio alla preziosa voce di Emilio Zecca, (<em>Rappresentanza e difesa in giudizio della pubblica amministrazione<\/em> in <em>Enciclopedia del<\/em> <em>diritto<\/em>, Milano Giuffr\u00e9, 1989, 522 ss.).<\/p>\n<p>Tuttavia, anche in casi con forte implicazione politica, nell\u2019Avvocatura dello Stato \u00e8 sempre forte la tendenza, forse effetto antico di una visione conservatrice del proprio ruolo, a ergersi a organo preposto a difesa della legge, anche quando sospettata di incostituzionalit\u00e0.<\/p>\n<p>Gli effetti negativi generali di questa tendenza vennero criticati da Alessandro Pizzorusso nel 1981(<em>Commento all\u2019art. 137<\/em>, in <em>Commentario alla Costituzione<\/em> a cura di Giuseppe Branca, 1981, 278 ss.) allorch\u00e9 ebbe a scrivere sul ruolo del Governo quando si oppone all\u2019eventualit\u00e0 che una legge sia dichiarata costituzionalmente illegittima.<\/p>\n<p><em>\u201cSalvo rare eccezioni, infatti, l\u2019Avvocatura dello Stato si \u00e8 schierata sempre a favore della legge impugnata, anche quando il Governo (o i partiti che lo sostenevano) avevano dichiarato di considerare superate, tanto da avanzare o accettare proposte di modificazione legislativa di esse. Non \u00e8 dato sapere se ci\u00f2 sia dovuto ad un male inteso rispetto dell\u2019organo politico per l\u2019autonomia \u201ctecnica\u201d dell\u2019Avvocatura, oppure a qualche altra sia pur discutibile motivazione.<\/em><\/p>\n<p><em>\u00a0\u00a0\u00a0 \u201cDel pari, difficilmente spiegabile appare lo zelo \u2013 veramente degno di miglior causa \u2013 che l\u2019Avvocatura costantemente pone nell\u2019avanzare eccezioni di inammissibilit\u00e0 delle questioni di costituzionalit\u00e0, quasi che sussistesse un interesse pubblico ad evitare comunque ed in ogni caso che tali questioni vengano esaminate nel merito dalla Corte costituzionale: e poich\u00e9 certamente l\u2019interesse pubblico \u00e8 invece nel senso opposto, dato che le decisioni di inammissibilit\u00e0 comportano uno spreco di energie e inutili ritardi nella decisione di processi sui quali le questioni di incostituzionalit\u00e0 influiscono non resta altro che supporre che tale zelo sia frutto della volont\u00e0 dei singoli avvocati erariali di ben figurare professionalmente, anche a costo di provocare decisioni di inammissibilit\u00e0 che dal punto di vista sociale rappresentano per di pi\u00f9 una pura perdita.\u201d<\/em><\/p>\n<p>5. La notizia \u00e8 gi\u00e0 dimenticata di fronte a quelle terrificanti provenienti dai fronti di guerra sulle quali si fatica a pensare e tanto pi\u00f9 a scrivere, salvo per i partecipanti all\u2019osceno caravanserraglio televisivo. Ma per qualche giorno \u00e8 stata alla ribalta del variet\u00e0.<\/p>\n<p>Il sarcasmo sulle difficolt\u00e0 logistiche, sui rischi di inefficienza, sui tempi e sui costi di organizzazione del sistema con cui \u00e8 stata accolto l\u2019annuncio dell\u2019accordo con l\u2019Albania, sono lontani dal centro della questione politica.<\/p>\n<p>Si \u00e8 sottovalutato che si \u00e8 varcato il confine, al di l\u00e0 del quale diritti come quello all\u2019esame imparziale delle domande, all\u2019accesso effettivo e senza ostacoli alla giustizia, il diritto di difesa (art.24 Cost.) non sono pi\u00f9 garantiti con danno grave per lo Stato di diritto e soprattutto per le persone.<\/p>\n<p>Non si vuole vedere la sostanza ideologica, politica e culturale, che l\u2019\u201daccordo\u201d esprime. Nessuno si interroga sull\u2019ideologia che \u00e8 al fondo della scelta di trasferire in massa le persone in <em>enclaves<\/em> nel territorio di un altro Stato.<\/p>\n<p>La dimensione del fenomeno migratorio \u2013 ben diversa dai tempi in cui si cominci\u00f2 a interrogarsi se il c.d. asilo collettivo o di massa potesse trovare riconoscimento nell\u2019art. 10 della Costituzione &#8211; \u00e8 sicuramente un problema tanto pi\u00f9 drammatico, quanto sono pi\u00f9 deboli, dal punto di vista demografico e oggi anche economico, le societ\u00e0 europee, meta delle nuove migrazioni.<\/p>\n<p>Il fatto \u00e8 che l\u2019accordo dimostra che l\u2019ideologia della separazione, questo <em>camouflage<\/em> della paura e dell\u2019odio che produce soltanto danni, \u00e8 ancora parte della morale pubblica. E il danno sociale \u00e8 destinato prima o poi a esplodere, quando la politica approfitta della paura, o la suscita, utilizza il risentimento del ceto medio proletarizzato, fa leva sul bisogno di lavoro soltanto per italiani ed assimilati, fa uso manipolativo della paura dell\u2019<em>\u201dinvasione<\/em>\u201d migratoria e della <em>\u201ccontaminazione<\/em>\u201d culturale, abusa delle norme penali e ne inventa di nuove per esprimere concetti che prendono il posto delle persone.<\/p>\n<p>L\u2019idea reazionaria di fondo, \u00e8 sempre la stessa: le vite degli altri non valgono le nostre e le libert\u00e0 degli altri sono diverse dalle nostre.<\/p>\n","protected":false},"excerpt":{"rendered":"<p>\u00a0di Claudio Stefano Tani Le questioni principali, nel sistema di asilo dell\u2019Unione Europea, a parte il regime dei termini e delle decadenze, riguardano il potere di rilevabilit\u00e0 d\u2019ufficio delle situazioni di anticomunitariet\u00e0 e di illegittimit\u00e0 costituzionale e la valutazione, gioco forza sommaria, della prova in una procedura \u201caccelerata\u201d.<\/p>\n<div class='heateorSssClear'><\/div><div  class='heateor_sss_sharing_container heateor_sss_horizontal_sharing' data-heateor-sss-href='https:\/\/www.lacostituzione.info\/index.php\/2023\/11\/16\/diritto-di-asilo-e-paesi-sicuri-la-liberta-degli-altri-e-i-compiti-dellavvocatura-di-stato\/'><div class='heateor_sss_sharing_title' style=\"font-weight:bold\" >Condividi!<\/div><div class=\"heateor_sss_sharing_ul\"><a aria-label=\"Facebook\" class=\"heateor_sss_facebook\" href=\"https:\/\/www.facebook.com\/sharer\/sharer.php?u=https%3A%2F%2Fwww.lacostituzione.info%2Findex.php%2F2023%2F11%2F16%2Fdiritto-di-asilo-e-paesi-sicuri-la-liberta-degli-altri-e-i-compiti-dellavvocatura-di-stato%2F\" title=\"Facebook\" rel=\"nofollow noopener\" target=\"_blank\" style=\"font-size:32px!important;box-shadow:none;display:inline-block;vertical-align:middle\"><span class=\"heateor_sss_svg\" style=\"background-color:#0765FE;width:35px;height:35px;display:inline-block;opacity:1;float:left;font-size:32px;box-shadow:none;display:inline-block;font-size:16px;padding:0 4px;vertical-align:middle;background-repeat:repeat;overflow:hidden;padding:0;cursor:pointer;box-sizing:content-box\"><svg style=\"display:block;\" focusable=\"false\" aria-hidden=\"true\" xmlns=\"http:\/\/www.w3.org\/2000\/svg\" width=\"100%\" height=\"100%\" viewBox=\"0 0 32 32\"><path fill=\"#fff\" d=\"M28 16c0-6.627-5.373-12-12-12S4 9.373 4 16c0 5.628 3.875 10.35 9.101 11.647v-7.98h-2.474V16H13.1v-1.58c0-4.085 1.849-5.978 5.859-5.978.76 0 2.072.15 2.608.298v3.325c-.283-.03-.775-.045-1.386-.045-1.967 0-2.728.745-2.728 2.683V16h3.92l-.673 3.667h-3.247v8.245C23.395 27.195 28 22.135 28 16Z\"><\/path><\/svg><\/span><\/a><a aria-label=\"Twitter\" class=\"heateor_sss_button_twitter\" href=\"https:\/\/twitter.com\/intent\/tweet?text=Diritto%20di%20asilo%20e%20Paesi%20%E2%80%9Csicuri%E2%80%9D%3A%20la%20libert%C3%A0%20degli%20altri%20e%20i%20compiti%20dell%27Avvocatura%20di%20Stato&url=https%3A%2F%2Fwww.lacostituzione.info%2Findex.php%2F2023%2F11%2F16%2Fdiritto-di-asilo-e-paesi-sicuri-la-liberta-degli-altri-e-i-compiti-dellavvocatura-di-stato%2F\" title=\"Twitter\" rel=\"nofollow noopener\" target=\"_blank\" style=\"font-size:32px!important;box-shadow:none;display:inline-block;vertical-align:middle\"><span class=\"heateor_sss_svg heateor_sss_s__default heateor_sss_s_twitter\" style=\"background-color:#55acee;width:35px;height:35px;display:inline-block;opacity:1;float:left;font-size:32px;box-shadow:none;display:inline-block;font-size:16px;padding:0 4px;vertical-align:middle;background-repeat:repeat;overflow:hidden;padding:0;cursor:pointer;box-sizing:content-box\"><svg style=\"display:block;\" focusable=\"false\" aria-hidden=\"true\" xmlns=\"http:\/\/www.w3.org\/2000\/svg\" width=\"100%\" height=\"100%\" viewBox=\"-4 -4 39 39\"><path d=\"M28 8.557a9.913 9.913 0 0 1-2.828.775 4.93 4.93 0 0 0 2.166-2.725 9.738 9.738 0 0 1-3.13 1.194 4.92 4.92 0 0 0-3.593-1.55 4.924 4.924 0 0 0-4.794 6.049c-4.09-.21-7.72-2.17-10.15-5.15a4.942 4.942 0 0 0-.665 2.477c0 1.71.87 3.214 2.19 4.1a4.968 4.968 0 0 1-2.23-.616v.06c0 2.39 1.7 4.38 3.952 4.83-.414.115-.85.174-1.297.174-.318 0-.626-.03-.928-.086a4.935 4.935 0 0 0 4.6 3.42 9.893 9.893 0 0 1-6.114 2.107c-.398 0-.79-.023-1.175-.068a13.953 13.953 0 0 0 7.55 2.213c9.056 0 14.01-7.507 14.01-14.013 0-.213-.005-.426-.015-.637.96-.695 1.795-1.56 2.455-2.55z\" fill=\"#fff\"><\/path><\/svg><\/span><\/a><a aria-label=\"Reddit\" class=\"heateor_sss_button_reddit\" href=\"https:\/\/reddit.com\/submit?url=https%3A%2F%2Fwww.lacostituzione.info%2Findex.php%2F2023%2F11%2F16%2Fdiritto-di-asilo-e-paesi-sicuri-la-liberta-degli-altri-e-i-compiti-dellavvocatura-di-stato%2F&title=Diritto%20di%20asilo%20e%20Paesi%20%E2%80%9Csicuri%E2%80%9D%3A%20la%20libert%C3%A0%20degli%20altri%20e%20i%20compiti%20dell%27Avvocatura%20di%20Stato\" title=\"Reddit\" rel=\"nofollow noopener\" target=\"_blank\" style=\"font-size:32px!important;box-shadow:none;display:inline-block;vertical-align:middle\"><span class=\"heateor_sss_svg heateor_sss_s__default heateor_sss_s_reddit\" style=\"background-color:#ff5700;width:35px;height:35px;display:inline-block;opacity:1;float:left;font-size:32px;box-shadow:none;display:inline-block;font-size:16px;padding:0 4px;vertical-align:middle;background-repeat:repeat;overflow:hidden;padding:0;cursor:pointer;box-sizing:content-box\"><svg style=\"display:block;\" focusable=\"false\" aria-hidden=\"true\" xmlns=\"http:\/\/www.w3.org\/2000\/svg\" width=\"100%\" height=\"100%\" viewBox=\"-3.5 -3.5 39 39\"><path d=\"M28.543 15.774a2.953 2.953 0 0 0-2.951-2.949 2.882 2.882 0 0 0-1.9.713 14.075 14.075 0 0 0-6.85-2.044l1.38-4.349 3.768.884a2.452 2.452 0 1 0 .24-1.176l-4.274-1a.6.6 0 0 0-.709.4l-1.659 5.224a14.314 14.314 0 0 0-7.316 2.029 2.908 2.908 0 0 0-1.872-.681 2.942 2.942 0 0 0-1.618 5.4 5.109 5.109 0 0 0-.062.765c0 4.158 5.037 7.541 11.229 7.541s11.22-3.383 11.22-7.541a5.2 5.2 0 0 0-.053-.706 2.963 2.963 0 0 0 1.427-2.51zm-18.008 1.88a1.753 1.753 0 0 1 1.73-1.74 1.73 1.73 0 0 1 1.709 1.74 1.709 1.709 0 0 1-1.709 1.711 1.733 1.733 0 0 1-1.73-1.711zm9.565 4.968a5.573 5.573 0 0 1-4.081 1.272h-.032a5.576 5.576 0 0 1-4.087-1.272.6.6 0 0 1 .844-.854 4.5 4.5 0 0 0 3.238.927h.032a4.5 4.5 0 0 0 3.237-.927.6.6 0 1 1 .844.854zm-.331-3.256a1.726 1.726 0 1 1 1.709-1.712 1.717 1.717 0 0 1-1.712 1.712z\" fill=\"#fff\"\/><\/svg><\/span><\/a><a aria-label=\"Linkedin\" class=\"heateor_sss_button_linkedin\" href=\"https:\/\/www.linkedin.com\/sharing\/share-offsite\/?url=https%3A%2F%2Fwww.lacostituzione.info%2Findex.php%2F2023%2F11%2F16%2Fdiritto-di-asilo-e-paesi-sicuri-la-liberta-degli-altri-e-i-compiti-dellavvocatura-di-stato%2F\" title=\"Linkedin\" rel=\"nofollow noopener\" target=\"_blank\" style=\"font-size:32px!important;box-shadow:none;display:inline-block;vertical-align:middle\"><span class=\"heateor_sss_svg heateor_sss_s__default heateor_sss_s_linkedin\" style=\"background-color:#0077b5;width:35px;height:35px;display:inline-block;opacity:1;float:left;font-size:32px;box-shadow:none;display:inline-block;font-size:16px;padding:0 4px;vertical-align:middle;background-repeat:repeat;overflow:hidden;padding:0;cursor:pointer;box-sizing:content-box\"><svg style=\"display:block;\" focusable=\"false\" aria-hidden=\"true\" xmlns=\"http:\/\/www.w3.org\/2000\/svg\" width=\"100%\" height=\"100%\" viewBox=\"0 0 32 32\"><path d=\"M6.227 12.61h4.19v13.48h-4.19V12.61zm2.095-6.7a2.43 2.43 0 0 1 0 4.86c-1.344 0-2.428-1.09-2.428-2.43s1.084-2.43 2.428-2.43m4.72 6.7h4.02v1.84h.058c.56-1.058 1.927-2.176 3.965-2.176 4.238 0 5.02 2.792 5.02 6.42v7.395h-4.183v-6.56c0-1.564-.03-3.574-2.178-3.574-2.18 0-2.514 1.7-2.514 3.46v6.668h-4.187V12.61z\" fill=\"#fff\"><\/path><\/svg><\/span><\/a><a aria-label=\"Pinterest\" class=\"heateor_sss_button_pinterest\" href=\"https:\/\/www.lacostituzione.info\/index.php\/2023\/11\/16\/diritto-di-asilo-e-paesi-sicuri-la-liberta-degli-altri-e-i-compiti-dellavvocatura-di-stato\/\" onclick=\"event.preventDefault();javascript:void( (function() {var e=document.createElement('script' );e.setAttribute('type','text\/javascript' );e.setAttribute('charset','UTF-8' );e.setAttribute('src','\/\/assets.pinterest.com\/js\/pinmarklet.js?r='+Math.random()*99999999);document.body.appendChild(e)})());\" title=\"Pinterest\" rel=\"noopener\" style=\"font-size:32px!important;box-shadow:none;display:inline-block;vertical-align:middle\"><span class=\"heateor_sss_svg heateor_sss_s__default heateor_sss_s_pinterest\" style=\"background-color:#cc2329;width:35px;height:35px;display:inline-block;opacity:1;float:left;font-size:32px;box-shadow:none;display:inline-block;font-size:16px;padding:0 4px;vertical-align:middle;background-repeat:repeat;overflow:hidden;padding:0;cursor:pointer;box-sizing:content-box\"><svg style=\"display:block;\" focusable=\"false\" aria-hidden=\"true\" xmlns=\"http:\/\/www.w3.org\/2000\/svg\" width=\"100%\" height=\"100%\" viewBox=\"-2 -2 35 35\"><path fill=\"#fff\" d=\"M16.539 4.5c-6.277 0-9.442 4.5-9.442 8.253 0 2.272.86 4.293 2.705 5.046.303.125.574.005.662-.33.061-.231.205-.816.27-1.06.088-.331.053-.447-.191-.736-.532-.627-.873-1.439-.873-2.591 0-3.338 2.498-6.327 6.505-6.327 3.548 0 5.497 2.168 5.497 5.062 0 3.81-1.686 7.025-4.188 7.025-1.382 0-2.416-1.142-2.085-2.545.397-1.674 1.166-3.48 1.166-4.689 0-1.081-.581-1.983-1.782-1.983-1.413 0-2.548 1.462-2.548 3.419 0 1.247.421 2.091.421 2.091l-1.699 7.199c-.505 2.137-.076 4.755-.039 5.019.021.158.223.196.314.077.13-.17 1.813-2.247 2.384-4.324.162-.587.929-3.631.929-3.631.46.876 1.801 1.646 3.227 1.646 4.247 0 7.128-3.871 7.128-9.053.003-3.918-3.317-7.568-8.361-7.568z\"\/><\/svg><\/span><\/a><a aria-label=\"Whatsapp\" class=\"heateor_sss_whatsapp\" href=\"https:\/\/api.whatsapp.com\/send?text=Diritto%20di%20asilo%20e%20Paesi%20%E2%80%9Csicuri%E2%80%9D%3A%20la%20libert%C3%A0%20degli%20altri%20e%20i%20compiti%20dell%27Avvocatura%20di%20Stato%20https%3A%2F%2Fwww.lacostituzione.info%2Findex.php%2F2023%2F11%2F16%2Fdiritto-di-asilo-e-paesi-sicuri-la-liberta-degli-altri-e-i-compiti-dellavvocatura-di-stato%2F\" title=\"Whatsapp\" rel=\"nofollow noopener\" target=\"_blank\" style=\"font-size:32px!important;box-shadow:none;display:inline-block;vertical-align:middle\"><span class=\"heateor_sss_svg\" style=\"background-color:#55eb4c;width:35px;height:35px;display:inline-block;opacity:1;float:left;font-size:32px;box-shadow:none;display:inline-block;font-size:16px;padding:0 4px;vertical-align:middle;background-repeat:repeat;overflow:hidden;padding:0;cursor:pointer;box-sizing:content-box\"><svg style=\"display:block;\" focusable=\"false\" aria-hidden=\"true\" xmlns=\"http:\/\/www.w3.org\/2000\/svg\" width=\"100%\" height=\"100%\" viewBox=\"-6 -5 40 40\"><path class=\"heateor_sss_svg_stroke heateor_sss_no_fill\" stroke=\"#fff\" stroke-width=\"2\" fill=\"none\" d=\"M 11.579798566743314 24.396926207859085 A 10 10 0 1 0 6.808479557110079 20.73576436351046\"><\/path><path d=\"M 7 19 l -1 6 l 6 -1\" class=\"heateor_sss_no_fill heateor_sss_svg_stroke\" stroke=\"#fff\" stroke-width=\"2\" fill=\"none\"><\/path><path d=\"M 10 10 q -1 8 8 11 c 5 -1 0 -6 -1 -3 q -4 -3 -5 -5 c 4 -2 -1 -5 -1 -4\" fill=\"#fff\"><\/path><\/svg><\/span><\/a><\/div><div class=\"heateorSssClear\"><\/div><\/div><div class='heateorSssClear'><\/div>","protected":false},"author":1,"featured_media":0,"comment_status":"open","ping_status":"open","sticky":false,"template":"","format":"standard","meta":{"jetpack_post_was_ever_published":false,"_jetpack_newsletter_access":"","_jetpack_dont_email_post_to_subs":false,"_jetpack_newsletter_tier_id":0,"_jetpack_memberships_contains_paywalled_content":false,"_jetpack_memberships_contains_paid_content":false,"footnotes":"","jetpack_publicize_message":"","jetpack_publicize_feature_enabled":true,"jetpack_social_post_already_shared":false,"jetpack_social_options":{"image_generator_settings":{"template":"highway","default_image_id":0,"enabled":false},"version":2}},"categories":[4],"tags":[1682,653,371,1258],"class_list":["post-8884","post","type-post","status-publish","format-standard","hentry","category-attualita","tag-albania","tag-avvocatura-dello-stato","tag-immigrazione","tag-soccorso-in-mare"],"jetpack_publicize_connections":[],"jetpack_featured_media_url":"","jetpack_shortlink":"https:\/\/wp.me\/p84sDq-2ji","jetpack_likes_enabled":true,"jetpack_sharing_enabled":true,"_links":{"self":[{"href":"https:\/\/www.lacostituzione.info\/index.php\/wp-json\/wp\/v2\/posts\/8884","targetHints":{"allow":["GET"]}}],"collection":[{"href":"https:\/\/www.lacostituzione.info\/index.php\/wp-json\/wp\/v2\/posts"}],"about":[{"href":"https:\/\/www.lacostituzione.info\/index.php\/wp-json\/wp\/v2\/types\/post"}],"author":[{"embeddable":true,"href":"https:\/\/www.lacostituzione.info\/index.php\/wp-json\/wp\/v2\/users\/1"}],"replies":[{"embeddable":true,"href":"https:\/\/www.lacostituzione.info\/index.php\/wp-json\/wp\/v2\/comments?post=8884"}],"version-history":[{"count":0,"href":"https:\/\/www.lacostituzione.info\/index.php\/wp-json\/wp\/v2\/posts\/8884\/revisions"}],"wp:attachment":[{"href":"https:\/\/www.lacostituzione.info\/index.php\/wp-json\/wp\/v2\/media?parent=8884"}],"wp:term":[{"taxonomy":"category","embeddable":true,"href":"https:\/\/www.lacostituzione.info\/index.php\/wp-json\/wp\/v2\/categories?post=8884"},{"taxonomy":"post_tag","embeddable":true,"href":"https:\/\/www.lacostituzione.info\/index.php\/wp-json\/wp\/v2\/tags?post=8884"}],"curies":[{"name":"wp","href":"https:\/\/api.w.org\/{rel}","templated":true}]}}