{"id":8914,"date":"2023-12-04T10:20:01","date_gmt":"2023-12-04T09:20:01","guid":{"rendered":"http:\/\/www.lacostituzione.info\/?p=8914"},"modified":"2023-12-04T10:20:03","modified_gmt":"2023-12-04T09:20:03","slug":"sulla-misteriosa-sparizione-della-scheda-unica-dal-ddl-costituzionale-sul-premierato","status":"publish","type":"post","link":"https:\/\/www.lacostituzione.info\/index.php\/2023\/12\/04\/sulla-misteriosa-sparizione-della-scheda-unica-dal-ddl-costituzionale-sul-premierato\/","title":{"rendered":"Sulla misteriosa sparizione della \u201cscheda unica\u201d dal ddl costituzionale sul \u201cpremierato\u201d"},"content":{"rendered":"\n<p style=\"text-align: center;\"><a href=\"http:\/\/www.lacostituzione.info\/wp-content\/uploads\/2023\/12\/ddl.jpeg\"><img loading=\"lazy\" decoding=\"async\" data-attachment-id=\"8915\" data-permalink=\"https:\/\/www.lacostituzione.info\/index.php\/2023\/12\/04\/sulla-misteriosa-sparizione-della-scheda-unica-dal-ddl-costituzionale-sul-premierato\/ddl\/#main\" data-orig-file=\"https:\/\/www.lacostituzione.info\/wp-content\/uploads\/2023\/12\/ddl.jpeg\" data-orig-size=\"300,168\" data-comments-opened=\"1\" data-image-meta=\"{&quot;aperture&quot;:&quot;0&quot;,&quot;credit&quot;:&quot;&quot;,&quot;camera&quot;:&quot;&quot;,&quot;caption&quot;:&quot;&quot;,&quot;created_timestamp&quot;:&quot;0&quot;,&quot;copyright&quot;:&quot;&quot;,&quot;focal_length&quot;:&quot;0&quot;,&quot;iso&quot;:&quot;0&quot;,&quot;shutter_speed&quot;:&quot;0&quot;,&quot;title&quot;:&quot;&quot;,&quot;orientation&quot;:&quot;0&quot;}\" data-image-title=\"ddl\" data-image-description=\"\" data-image-caption=\"\" data-medium-file=\"https:\/\/www.lacostituzione.info\/wp-content\/uploads\/2023\/12\/ddl-300x168.jpeg\" data-large-file=\"https:\/\/www.lacostituzione.info\/wp-content\/uploads\/2023\/12\/ddl.jpeg\" class=\"aligncenter size-thumbnail wp-image-8915\" src=\"http:\/\/www.lacostituzione.info\/wp-content\/uploads\/2023\/12\/ddl-150x150.jpeg\" alt=\"\" width=\"150\" height=\"150\" \/><\/a>di <strong>Edoardo Caterina<\/strong><\/p>\n<p>Nel <a href=\"https:\/\/www.governo.it\/it\/articolo\/comunicato-stampa-del-consiglio-dei-ministri-n-57\/24163\">comunicato-stampa del Consiglio dei ministri del 3 novembre 2023<\/a> si legge che il ddl governativo approvato \u201cintroduce un meccanismo di legittimazione democratica diretta del Presidente del Consiglio dei ministri, eletto a suffragio universale con apposita votazione popolare che si svolge contestualmente alle elezioni per le Camere, <em>mediante una medesima scheda<\/em>\u201d (corsivo aggiunto). <!--more-->Nella <a href=\"https:\/\/www.ilfoglio.it\/politica\/2023\/10\/31\/news\/la-riforma-costituzionale-proposta-dal-governo-ecco-la-bozza-di-premierato--5853204\/\">bozza ufficiosa<\/a> (ma su carta intestata del Ministero delle riforme) circolata in quei giorni si leggeva: \u201cLe votazioni per l\u2019elezione del Presidente del Consiglio e delle Camere avvengono tramite un\u2019unica scheda elettorale\u201d (art. 3). Nel <a href=\"https:\/\/www.senato.it\/service\/PDF\/PDFServer\/DF\/428967.pdf\">ddl autorizzato dal Presidente della Repubblica e trasmesso alle Camere il 15 novembre<\/a> la previsione della \u201cscheda unica\u201d \u00e8 semplicemente sparita. Ora si prevede soltanto che le Camere e il Presidente del Consiglio siano eletti \u201ccontestualmente\u201d. Nessuno ne sentir\u00e0 la mancanza: la disposizione suscitava notevoli perplessit\u00e0 (si veda ad es. <a href=\"https:\/\/www.radioradicale.it\/scheda\/712698\/il-disegno-di-legge-di-riforma-costituzionale-sul-premierato-intervista-a-giovanni\">G. Tarli Barbieri<\/a>), anche perch\u00e9 sembrava adombrare una sorta di votazione \u201cin blocco\u201d (\u201cvoto fuso\u201d) di Presidente del Consiglio, Camera e Senato, escludendo ogni possibilit\u00e0 di voto \u201cdisgiunto\u201d (e cio\u00e8 distinto tra i tre organi da eleggere), in palese contrasto tra l\u2019altro con quanto affermato dalla Corte costituzionale nella sentenza 1\/2014 (mi riferisco alla parte della sentenza che censura le liste lunghe e bloccate nella misura in cui \u201ccoartano la libert\u00e0 di scelta degli elettori nell\u2019elezione dei propri rappresentanti in Parlamento, che costituisce una delle principali espressioni della sovranit\u00e0 popolare, e pertanto contraddicono il principio democratico\u201d \u2013 cons. in diritto 5.1).<\/p>\n<p>D\u2019altra parte, questa non \u00e8 neppure l\u2019unica differenza tra bozza e testo ufficiale, <a href=\"https:\/\/www.lastampa.it\/politica\/2023\/11\/20\/news\/le_rettifiche_del_presidenzialismo-13874795\/\">Alfonso Celotto<\/a> ne ha notate altre tre, tra cui anche l\u2019aggiunta di un intero lungo periodo alla proposta di revisione dell\u2019art. 94 (\u201cQualora il Governo cosi\u0300 nominato non ottenga la fiducia e negli altri casi di cessazione dalla carica del Presidente del Consiglio subentrante, il Presidente della Repubblica procede allo scioglimento delle Camere\u201d). Vale tuttavia la pena notare che la soppressione della scheda unica, a differenza delle altre modifiche, ha un impatto qualitativo molto forte: \u00e8 un vero e proprio <em>revirement <\/em>rispetto a un punto non secondario dell\u2019impianto del ddl, laddove le altre o sono revisioni stilistiche o, come nel caso del periodo aggiunto, chiarimenti su ambiguit\u00e0 lasciate aperte dal testo originario (lo stesso comunicato-stampa specificava che \u201cL\u2019eventuale cessazione del mandato del sostituto cos\u00ec individuato determina lo scioglimento delle Camere\u201d). Tant\u2019\u00e8 vero che la cosa non \u00e8 passata inosservata da parte di alcuni <a href=\"https:\/\/www.repubblica.it\/politica\/2023\/11\/20\/news\/premierato_meloni_dubbi_destra-420822046\/\">esponenti della maggioranza di governo che non hanno risparmiato critiche<\/a>.<\/p>\n<p>Cosa sia successo possiamo solo immaginarlo, visto che nulla trapela da Palazzo Chigi o dal Quirinale, n\u00e9 ovviamente \u00e8 possibile leggere la delibera del CdM. <em>Se<\/em> dobbiamo prestar fede al comunicato-stampa, le possibilit\u00e0 sono due: o il Governo ha avuto un ripensamento, o la modifica \u00e8 avvenuta su pressione del Presidente della Repubblica. In entrambi i casi si sarebbe comunque in presenza di un testo deliberato dal CdM sostanzialmente diverso da quello trasmesso alle Camere. La cosa non ci sorprende pi\u00f9 di tanto alla luce della problematica prassi delle approvazioni di DL \u201csalvo intese\u201d. Ma qui il problema \u00e8 ancora pi\u00f9 serio, sia perch\u00e9 l\u2019opzione del \u201csalvo intese\u201d non risulta essere stata esercitata (e quindi eventuali modifiche e integrazioni non sarebbero state autorizzate dal CdM stesso), sia perch\u00e9 si tratta di un importante progetto di riforma costituzionale. Desta preoccupazione che un testo del genere sia stato redatto con cos\u00ec poca cura da richiedere simili aggiustamenti. Ma soprattutto non \u00e8 ammissibile che su queste vicende regni la pi\u00f9 totale opacit\u00e0 e si sottraggano cos\u00ec preziosi elementi per un dibattito pubblico essenziale alla vita democratica del Paese. Non si possono allora sottacere le eventuali responsabilit\u00e0 del Governo e del Presidente della Repubblica, se l\u2019ipotesi della difformit\u00e0 fosse veritiera. Il Governo avrebbe dovuto senz\u2019altro riconvocare un nuovo CdM e deliberare il nuovo testo. Il Presidente non avrebbe dovuto autorizzare la trasmissione di un testo sensibilmente diverso da quello approvato dal CdM.<\/p>\n<p>Quali rimedi giuridici? Una reazione dovrebbe avere luogo in Parlamento, che \u00e8 il soggetto tenuto fuori da queste dinamiche presidenzial-governative, e che ha tutto il diritto di discutere un testo formatosi in modo corretto. Non sarebbe innanzitutto fuori luogo una interrogazione parlamentare per appurare se e in cosa il testo approvato in CdM differisca da quello del ddl. Se il sospetto venisse confermato sarebbe allora da considerare la strada del conflitto di attribuzione, anche se si tratterebbe di una strada molto stretta e impervia. Si potrebbe infatti innanzitutto sostenere che le Camere, essendo comunque libere di emendare, non sono state in concreto lese nelle proprie attribuzioni. E per\u00f2 \u00e8 evidente che un conto \u00e8 partire da un testo A, un altro da un testo B: il dibattito assume una piega differente per forza di cose e risulta in qualche modo compromesso in partenza. A ben vedere la maggiore difficolt\u00e0 \u00e8 data dal fatto che \u00e8 pressoch\u00e9 impossibile che una Camera in quanto tale promuova il conflitto, dato che equivarrebbe in sostanza alla votazione di una questione pregiudiziale.<\/p>\n<p>Occorre quindi domandarsi seriamente se non sia praticabile il ricorso del singolo parlamentare. Nell\u2019ordinanza della Corte costituzionale 17\/2019 si afferma che il singolo parlamentare pu\u00f2 promuovere un conflitto ove venga in rilievo il \u201ccomplesso di attribuzioni inerenti al diritto di parola, di proposta e di voto che gli spettano\u201d. \u00c8 indubbio che la presentazione di un testo diverso da quello deliberato leda di riflesso anche le prerogative del singolo parlamentare, che \u00e8 costretto a partecipare a un procedimento legislativo \u201cfalsato\u201d da un esercizio scorretto del potere di iniziativa legislativa. E tuttavia la Corte ha anche posto una soglia molto elevata ai fini dell\u2019ammissibilit\u00e0 del conflitto, esigendo \u201cuna sostanziale negazione o un\u2019evidente menomazione della funzione costituzionalmente attribuita al ricorrente\u201d. La questione rimane quindi di difficile risoluzione. Due elementi per\u00f2 in questo caso giocano in favore dell\u2019ammissibilit\u00e0 del conflitto promosso dal parlamentare <em>uti singulus<\/em>: 1) in questa menomazione delle prerogative del parlamentare non sembra avere alcun ruolo l\u2019autonomia delle Camere, che invece nell\u2019ord. 17\/2019 ha rappresentato l\u2019argomento cruciale per negare il raggiungimento della \u201csoglia di evidenza\u201d; 2) non sarebbe fuori luogo argomentare nel senso di una sussidiariet\u00e0 del ricorso del singolo rispetto a quello dell\u2019intera Camera, dove il primo deve essere tendenzialmente ammesso ove il secondo sia nei fatti impraticabile (come nel caso in cui implichi un voto che incida sullo stesso rapporto di fiducia tra Parlamento e Governo).<\/p>\n<p>Da ultimo, oltre al piano strettamente giuridico rimane quello, non meno importante, del dibattito pubblico: qui il ruolo degli studiosi \u00e8 essenziale e da loro ci si deve attendere particolare rigore nella valutazione di simili vicende.<\/p>\n","protected":false},"excerpt":{"rendered":"<p>di Edoardo Caterina Nel comunicato-stampa del Consiglio dei ministri del 3 novembre 2023 si legge che il ddl governativo approvato \u201cintroduce un meccanismo di legittimazione democratica diretta del Presidente del Consiglio dei ministri, eletto a suffragio universale con apposita votazione popolare che si svolge contestualmente alle elezioni per le Camere, mediante una medesima scheda\u201d (corsivo &#8230; <a title=\"Sulla misteriosa sparizione della \u201cscheda unica\u201d dal ddl costituzionale sul \u201cpremierato\u201d\" class=\"read-more\" href=\"https:\/\/www.lacostituzione.info\/index.php\/2023\/12\/04\/sulla-misteriosa-sparizione-della-scheda-unica-dal-ddl-costituzionale-sul-premierato\/\">Leggi tutto<\/a><\/p>\n<div class='heateorSssClear'><\/div><div  class='heateor_sss_sharing_container heateor_sss_horizontal_sharing' data-heateor-sss-href='https:\/\/www.lacostituzione.info\/index.php\/2023\/12\/04\/sulla-misteriosa-sparizione-della-scheda-unica-dal-ddl-costituzionale-sul-premierato\/'><div class='heateor_sss_sharing_title' style=\"font-weight:bold\" >Condividi!<\/div><div class=\"heateor_sss_sharing_ul\"><a aria-label=\"Facebook\" class=\"heateor_sss_facebook\" href=\"https:\/\/www.facebook.com\/sharer\/sharer.php?u=https%3A%2F%2Fwww.lacostituzione.info%2Findex.php%2F2023%2F12%2F04%2Fsulla-misteriosa-sparizione-della-scheda-unica-dal-ddl-costituzionale-sul-premierato%2F\" title=\"Facebook\" rel=\"nofollow noopener\" target=\"_blank\" style=\"font-size:32px!important;box-shadow:none;display:inline-block;vertical-align:middle\"><span class=\"heateor_sss_svg\" style=\"background-color:#0765FE;width:35px;height:35px;display:inline-block;opacity:1;float:left;font-size:32px;box-shadow:none;display:inline-block;font-size:16px;padding:0 4px;vertical-align:middle;background-repeat:repeat;overflow:hidden;padding:0;cursor:pointer;box-sizing:content-box\"><svg style=\"display:block;\" focusable=\"false\" aria-hidden=\"true\" xmlns=\"http:\/\/www.w3.org\/2000\/svg\" width=\"100%\" height=\"100%\" viewBox=\"0 0 32 32\"><path fill=\"#fff\" d=\"M28 16c0-6.627-5.373-12-12-12S4 9.373 4 16c0 5.628 3.875 10.35 9.101 11.647v-7.98h-2.474V16H13.1v-1.58c0-4.085 1.849-5.978 5.859-5.978.76 0 2.072.15 2.608.298v3.325c-.283-.03-.775-.045-1.386-.045-1.967 0-2.728.745-2.728 2.683V16h3.92l-.673 3.667h-3.247v8.245C23.395 27.195 28 22.135 28 16Z\"><\/path><\/svg><\/span><\/a><a aria-label=\"Twitter\" class=\"heateor_sss_button_twitter\" href=\"https:\/\/twitter.com\/intent\/tweet?text=Sulla%20misteriosa%20sparizione%20della%20%E2%80%9Cscheda%20unica%E2%80%9D%20dal%20ddl%20costituzionale%20sul%20%E2%80%9Cpremierato%E2%80%9D&url=https%3A%2F%2Fwww.lacostituzione.info%2Findex.php%2F2023%2F12%2F04%2Fsulla-misteriosa-sparizione-della-scheda-unica-dal-ddl-costituzionale-sul-premierato%2F\" title=\"Twitter\" rel=\"nofollow noopener\" target=\"_blank\" style=\"font-size:32px!important;box-shadow:none;display:inline-block;vertical-align:middle\"><span class=\"heateor_sss_svg heateor_sss_s__default heateor_sss_s_twitter\" style=\"background-color:#55acee;width:35px;height:35px;display:inline-block;opacity:1;float:left;font-size:32px;box-shadow:none;display:inline-block;font-size:16px;padding:0 4px;vertical-align:middle;background-repeat:repeat;overflow:hidden;padding:0;cursor:pointer;box-sizing:content-box\"><svg style=\"display:block;\" focusable=\"false\" aria-hidden=\"true\" xmlns=\"http:\/\/www.w3.org\/2000\/svg\" width=\"100%\" height=\"100%\" viewBox=\"-4 -4 39 39\"><path d=\"M28 8.557a9.913 9.913 0 0 1-2.828.775 4.93 4.93 0 0 0 2.166-2.725 9.738 9.738 0 0 1-3.13 1.194 4.92 4.92 0 0 0-3.593-1.55 4.924 4.924 0 0 0-4.794 6.049c-4.09-.21-7.72-2.17-10.15-5.15a4.942 4.942 0 0 0-.665 2.477c0 1.71.87 3.214 2.19 4.1a4.968 4.968 0 0 1-2.23-.616v.06c0 2.39 1.7 4.38 3.952 4.83-.414.115-.85.174-1.297.174-.318 0-.626-.03-.928-.086a4.935 4.935 0 0 0 4.6 3.42 9.893 9.893 0 0 1-6.114 2.107c-.398 0-.79-.023-1.175-.068a13.953 13.953 0 0 0 7.55 2.213c9.056 0 14.01-7.507 14.01-14.013 0-.213-.005-.426-.015-.637.96-.695 1.795-1.56 2.455-2.55z\" fill=\"#fff\"><\/path><\/svg><\/span><\/a><a aria-label=\"Reddit\" class=\"heateor_sss_button_reddit\" href=\"https:\/\/reddit.com\/submit?url=https%3A%2F%2Fwww.lacostituzione.info%2Findex.php%2F2023%2F12%2F04%2Fsulla-misteriosa-sparizione-della-scheda-unica-dal-ddl-costituzionale-sul-premierato%2F&title=Sulla%20misteriosa%20sparizione%20della%20%E2%80%9Cscheda%20unica%E2%80%9D%20dal%20ddl%20costituzionale%20sul%20%E2%80%9Cpremierato%E2%80%9D\" title=\"Reddit\" rel=\"nofollow noopener\" target=\"_blank\" style=\"font-size:32px!important;box-shadow:none;display:inline-block;vertical-align:middle\"><span class=\"heateor_sss_svg heateor_sss_s__default heateor_sss_s_reddit\" style=\"background-color:#ff5700;width:35px;height:35px;display:inline-block;opacity:1;float:left;font-size:32px;box-shadow:none;display:inline-block;font-size:16px;padding:0 4px;vertical-align:middle;background-repeat:repeat;overflow:hidden;padding:0;cursor:pointer;box-sizing:content-box\"><svg style=\"display:block;\" focusable=\"false\" aria-hidden=\"true\" xmlns=\"http:\/\/www.w3.org\/2000\/svg\" width=\"100%\" height=\"100%\" viewBox=\"-3.5 -3.5 39 39\"><path d=\"M28.543 15.774a2.953 2.953 0 0 0-2.951-2.949 2.882 2.882 0 0 0-1.9.713 14.075 14.075 0 0 0-6.85-2.044l1.38-4.349 3.768.884a2.452 2.452 0 1 0 .24-1.176l-4.274-1a.6.6 0 0 0-.709.4l-1.659 5.224a14.314 14.314 0 0 0-7.316 2.029 2.908 2.908 0 0 0-1.872-.681 2.942 2.942 0 0 0-1.618 5.4 5.109 5.109 0 0 0-.062.765c0 4.158 5.037 7.541 11.229 7.541s11.22-3.383 11.22-7.541a5.2 5.2 0 0 0-.053-.706 2.963 2.963 0 0 0 1.427-2.51zm-18.008 1.88a1.753 1.753 0 0 1 1.73-1.74 1.73 1.73 0 0 1 1.709 1.74 1.709 1.709 0 0 1-1.709 1.711 1.733 1.733 0 0 1-1.73-1.711zm9.565 4.968a5.573 5.573 0 0 1-4.081 1.272h-.032a5.576 5.576 0 0 1-4.087-1.272.6.6 0 0 1 .844-.854 4.5 4.5 0 0 0 3.238.927h.032a4.5 4.5 0 0 0 3.237-.927.6.6 0 1 1 .844.854zm-.331-3.256a1.726 1.726 0 1 1 1.709-1.712 1.717 1.717 0 0 1-1.712 1.712z\" fill=\"#fff\"\/><\/svg><\/span><\/a><a aria-label=\"Linkedin\" class=\"heateor_sss_button_linkedin\" href=\"https:\/\/www.linkedin.com\/sharing\/share-offsite\/?url=https%3A%2F%2Fwww.lacostituzione.info%2Findex.php%2F2023%2F12%2F04%2Fsulla-misteriosa-sparizione-della-scheda-unica-dal-ddl-costituzionale-sul-premierato%2F\" title=\"Linkedin\" rel=\"nofollow noopener\" target=\"_blank\" style=\"font-size:32px!important;box-shadow:none;display:inline-block;vertical-align:middle\"><span class=\"heateor_sss_svg heateor_sss_s__default heateor_sss_s_linkedin\" style=\"background-color:#0077b5;width:35px;height:35px;display:inline-block;opacity:1;float:left;font-size:32px;box-shadow:none;display:inline-block;font-size:16px;padding:0 4px;vertical-align:middle;background-repeat:repeat;overflow:hidden;padding:0;cursor:pointer;box-sizing:content-box\"><svg style=\"display:block;\" focusable=\"false\" aria-hidden=\"true\" xmlns=\"http:\/\/www.w3.org\/2000\/svg\" width=\"100%\" height=\"100%\" viewBox=\"0 0 32 32\"><path d=\"M6.227 12.61h4.19v13.48h-4.19V12.61zm2.095-6.7a2.43 2.43 0 0 1 0 4.86c-1.344 0-2.428-1.09-2.428-2.43s1.084-2.43 2.428-2.43m4.72 6.7h4.02v1.84h.058c.56-1.058 1.927-2.176 3.965-2.176 4.238 0 5.02 2.792 5.02 6.42v7.395h-4.183v-6.56c0-1.564-.03-3.574-2.178-3.574-2.18 0-2.514 1.7-2.514 3.46v6.668h-4.187V12.61z\" fill=\"#fff\"><\/path><\/svg><\/span><\/a><a aria-label=\"Pinterest\" class=\"heateor_sss_button_pinterest\" href=\"https:\/\/www.lacostituzione.info\/index.php\/2023\/12\/04\/sulla-misteriosa-sparizione-della-scheda-unica-dal-ddl-costituzionale-sul-premierato\/\" onclick=\"event.preventDefault();javascript:void( (function() {var e=document.createElement('script' );e.setAttribute('type','text\/javascript' );e.setAttribute('charset','UTF-8' );e.setAttribute('src','\/\/assets.pinterest.com\/js\/pinmarklet.js?r='+Math.random()*99999999);document.body.appendChild(e)})());\" title=\"Pinterest\" rel=\"noopener\" style=\"font-size:32px!important;box-shadow:none;display:inline-block;vertical-align:middle\"><span class=\"heateor_sss_svg heateor_sss_s__default heateor_sss_s_pinterest\" style=\"background-color:#cc2329;width:35px;height:35px;display:inline-block;opacity:1;float:left;font-size:32px;box-shadow:none;display:inline-block;font-size:16px;padding:0 4px;vertical-align:middle;background-repeat:repeat;overflow:hidden;padding:0;cursor:pointer;box-sizing:content-box\"><svg style=\"display:block;\" focusable=\"false\" aria-hidden=\"true\" xmlns=\"http:\/\/www.w3.org\/2000\/svg\" width=\"100%\" height=\"100%\" viewBox=\"-2 -2 35 35\"><path fill=\"#fff\" d=\"M16.539 4.5c-6.277 0-9.442 4.5-9.442 8.253 0 2.272.86 4.293 2.705 5.046.303.125.574.005.662-.33.061-.231.205-.816.27-1.06.088-.331.053-.447-.191-.736-.532-.627-.873-1.439-.873-2.591 0-3.338 2.498-6.327 6.505-6.327 3.548 0 5.497 2.168 5.497 5.062 0 3.81-1.686 7.025-4.188 7.025-1.382 0-2.416-1.142-2.085-2.545.397-1.674 1.166-3.48 1.166-4.689 0-1.081-.581-1.983-1.782-1.983-1.413 0-2.548 1.462-2.548 3.419 0 1.247.421 2.091.421 2.091l-1.699 7.199c-.505 2.137-.076 4.755-.039 5.019.021.158.223.196.314.077.13-.17 1.813-2.247 2.384-4.324.162-.587.929-3.631.929-3.631.46.876 1.801 1.646 3.227 1.646 4.247 0 7.128-3.871 7.128-9.053.003-3.918-3.317-7.568-8.361-7.568z\"\/><\/svg><\/span><\/a><a aria-label=\"Whatsapp\" class=\"heateor_sss_whatsapp\" href=\"https:\/\/api.whatsapp.com\/send?text=Sulla%20misteriosa%20sparizione%20della%20%E2%80%9Cscheda%20unica%E2%80%9D%20dal%20ddl%20costituzionale%20sul%20%E2%80%9Cpremierato%E2%80%9D%20https%3A%2F%2Fwww.lacostituzione.info%2Findex.php%2F2023%2F12%2F04%2Fsulla-misteriosa-sparizione-della-scheda-unica-dal-ddl-costituzionale-sul-premierato%2F\" title=\"Whatsapp\" rel=\"nofollow noopener\" target=\"_blank\" style=\"font-size:32px!important;box-shadow:none;display:inline-block;vertical-align:middle\"><span class=\"heateor_sss_svg\" style=\"background-color:#55eb4c;width:35px;height:35px;display:inline-block;opacity:1;float:left;font-size:32px;box-shadow:none;display:inline-block;font-size:16px;padding:0 4px;vertical-align:middle;background-repeat:repeat;overflow:hidden;padding:0;cursor:pointer;box-sizing:content-box\"><svg style=\"display:block;\" focusable=\"false\" aria-hidden=\"true\" xmlns=\"http:\/\/www.w3.org\/2000\/svg\" width=\"100%\" height=\"100%\" viewBox=\"-6 -5 40 40\"><path class=\"heateor_sss_svg_stroke heateor_sss_no_fill\" stroke=\"#fff\" stroke-width=\"2\" fill=\"none\" d=\"M 11.579798566743314 24.396926207859085 A 10 10 0 1 0 6.808479557110079 20.73576436351046\"><\/path><path d=\"M 7 19 l -1 6 l 6 -1\" class=\"heateor_sss_no_fill heateor_sss_svg_stroke\" stroke=\"#fff\" stroke-width=\"2\" fill=\"none\"><\/path><path d=\"M 10 10 q -1 8 8 11 c 5 -1 0 -6 -1 -3 q -4 -3 -5 -5 c 4 -2 -1 -5 -1 -4\" fill=\"#fff\"><\/path><\/svg><\/span><\/a><\/div><div class=\"heateorSssClear\"><\/div><\/div><div class='heateorSssClear'><\/div>","protected":false},"author":1,"featured_media":0,"comment_status":"open","ping_status":"open","sticky":false,"template":"","format":"standard","meta":{"jetpack_post_was_ever_published":false,"_jetpack_newsletter_access":"","_jetpack_dont_email_post_to_subs":false,"_jetpack_newsletter_tier_id":0,"_jetpack_memberships_contains_paywalled_content":false,"_jetpack_memberships_contains_paid_content":false,"footnotes":"","jetpack_publicize_message":"","jetpack_publicize_feature_enabled":true,"jetpack_social_post_already_shared":false,"jetpack_social_options":{"image_generator_settings":{"template":"highway","default_image_id":0,"enabled":false},"version":2}},"categories":[5],"tags":[1685,1679,82,317],"class_list":["post-8914","post","type-post","status-publish","format-standard","hentry","category-lavori-in-corso","tag-disegno-di-legge","tag-premierato","tag-procedimento-legislativo","tag-riforma-costituzionale"],"jetpack_publicize_connections":[],"jetpack_featured_media_url":"","jetpack_shortlink":"https:\/\/wp.me\/p84sDq-2jM","jetpack_likes_enabled":true,"jetpack_sharing_enabled":true,"_links":{"self":[{"href":"https:\/\/www.lacostituzione.info\/index.php\/wp-json\/wp\/v2\/posts\/8914","targetHints":{"allow":["GET"]}}],"collection":[{"href":"https:\/\/www.lacostituzione.info\/index.php\/wp-json\/wp\/v2\/posts"}],"about":[{"href":"https:\/\/www.lacostituzione.info\/index.php\/wp-json\/wp\/v2\/types\/post"}],"author":[{"embeddable":true,"href":"https:\/\/www.lacostituzione.info\/index.php\/wp-json\/wp\/v2\/users\/1"}],"replies":[{"embeddable":true,"href":"https:\/\/www.lacostituzione.info\/index.php\/wp-json\/wp\/v2\/comments?post=8914"}],"version-history":[{"count":0,"href":"https:\/\/www.lacostituzione.info\/index.php\/wp-json\/wp\/v2\/posts\/8914\/revisions"}],"wp:attachment":[{"href":"https:\/\/www.lacostituzione.info\/index.php\/wp-json\/wp\/v2\/media?parent=8914"}],"wp:term":[{"taxonomy":"category","embeddable":true,"href":"https:\/\/www.lacostituzione.info\/index.php\/wp-json\/wp\/v2\/categories?post=8914"},{"taxonomy":"post_tag","embeddable":true,"href":"https:\/\/www.lacostituzione.info\/index.php\/wp-json\/wp\/v2\/tags?post=8914"}],"curies":[{"name":"wp","href":"https:\/\/api.w.org\/{rel}","templated":true}]}}