{"id":8944,"date":"2023-12-16T18:43:42","date_gmt":"2023-12-16T17:43:42","guid":{"rendered":"http:\/\/www.lacostituzione.info\/?p=8944"},"modified":"2023-12-16T18:43:52","modified_gmt":"2023-12-16T17:43:52","slug":"i-sonnambuli-degli-stati-uniti-deuropa","status":"publish","type":"post","link":"https:\/\/www.lacostituzione.info\/index.php\/2023\/12\/16\/i-sonnambuli-degli-stati-uniti-deuropa\/","title":{"rendered":"I sonnambuli degli Stati Uniti d\u2019Europa"},"content":{"rendered":"\n<p style=\"text-align: center;\"><a href=\"http:\/\/www.lacostituzione.info\/wp-content\/uploads\/2023\/12\/sonnambulismo.jpg\"><img loading=\"lazy\" decoding=\"async\" data-attachment-id=\"8945\" data-permalink=\"https:\/\/www.lacostituzione.info\/index.php\/2023\/12\/16\/i-sonnambuli-degli-stati-uniti-deuropa\/sonnambulismo\/#main\" data-orig-file=\"https:\/\/www.lacostituzione.info\/wp-content\/uploads\/2023\/12\/sonnambulismo.jpg\" data-orig-size=\"240,240\" data-comments-opened=\"1\" data-image-meta=\"{&quot;aperture&quot;:&quot;0&quot;,&quot;credit&quot;:&quot;&quot;,&quot;camera&quot;:&quot;&quot;,&quot;caption&quot;:&quot;&quot;,&quot;created_timestamp&quot;:&quot;0&quot;,&quot;copyright&quot;:&quot;&quot;,&quot;focal_length&quot;:&quot;0&quot;,&quot;iso&quot;:&quot;0&quot;,&quot;shutter_speed&quot;:&quot;0&quot;,&quot;title&quot;:&quot;&quot;,&quot;orientation&quot;:&quot;0&quot;}\" data-image-title=\"sonnambulismo\" data-image-description=\"\" data-image-caption=\"\" data-medium-file=\"https:\/\/www.lacostituzione.info\/wp-content\/uploads\/2023\/12\/sonnambulismo.jpg\" data-large-file=\"https:\/\/www.lacostituzione.info\/wp-content\/uploads\/2023\/12\/sonnambulismo.jpg\" class=\"aligncenter size-thumbnail wp-image-8945\" src=\"http:\/\/www.lacostituzione.info\/wp-content\/uploads\/2023\/12\/sonnambulismo-150x150.jpg\" alt=\"\" width=\"150\" height=\"150\" srcset=\"https:\/\/www.lacostituzione.info\/wp-content\/uploads\/2023\/12\/sonnambulismo-150x150.jpg 150w, https:\/\/www.lacostituzione.info\/wp-content\/uploads\/2023\/12\/sonnambulismo.jpg 240w\" sizes=\"auto, (max-width: 150px) 100vw, 150px\" \/><\/a>di <strong>Andrea Guazzarotti<\/strong><\/p>\n<p>Le istituzioni e i governi dell\u2019UE, come sonnambuli, stanno incamminandosi sul baratro degli \u2018Stati Uniti d\u2019Europa\u2019. L\u2019invocazione del superstato europeo \u00e8 stata fatta di recente dall\u2019eterno Mario Draghi e dal Parlamento europeo (<a href=\"https:\/\/comedonchisciotte.org\/stati-uniti-deuropa-se-li-conosci-li-eviti-se-li-eviti-ti-salvi\/\">Lanzalaco<\/a>); contemporaneamente, Commissione e Consiglio europeo aprono all\u2019adesione di Ucraina e Moldavia nell\u2019UE, progettando di includere anche la Georgia. Le conseguenze geopolitiche di ammettere Paesi in guerra con (o parzialmente occupati dal)la Russia sono inaudite, ma tutto ci\u00f2 sembra non spaventare troppo i sonnambuli.<!--more--><\/p>\n<p>Che si tratti di percorsi erratici \u00e8 testimoniato dal parallelo andamento delle trattative sul nuovo Patto di stabilit\u00e0 e (de)crescita, in cui la visione dei governi frugali rischia di perpetuare, aggravandola, la logica pro-ciclica dell\u2019austerity (<a href=\"https:\/\/www.micromega.net\/i-silenzi-della-sinistra-sul-patto-di-stabilita\/\">Cesaratto<\/a>; <a href=\"https:\/\/www.micromega.net\/il-rigore-ideologico-dei-tedeschi-sul-patto-di-stabilita\/\">Clericetti<\/a>). Ma l\u2019austerity sottesa alle regole sul rientro dal debito \u00e8 solo l\u2019epifenomeno di una contraddizione pi\u00f9 radicale. La visione sottesa alla proposta della Commissione e, ancor di pi\u00f9, alle contro-proposte di Germania e \u2018frugali\u2019, \u00e8 quella di chi ignora le interdipendenze economiche tra Stati dell\u2019UE: le implicazioni macroeconomiche negative che la depressione della domanda negli Stati pi\u00f9 indebitati pu\u00f2 avere sul resto dell\u2019economia europea sono ignorate, al pari del danno che produce il contenimento della domanda in Stati meno indebitati (<a href=\"https:\/\/www.socialeurope.eu\/eu-fiscal-rules-time-to-face-the-contradictions\">Guarascio, F. Zezza<\/a>). Si progettano, dunque, allargamenti dell\u2019UE contrabbandati per afflato solidaristico, mentre con la mano sinistra si predispongono dispositivi di de-crescita economica collettiva che pervicacemente ignorano proprio le interdipendenze degli Stati membri, ossia la dimensione complessiva dell\u2019UE.<\/p>\n<p>Per molto tempo l\u2019integrazione europea (passando dalla CEE all\u2019UE) ha danzato sul vuoto funzionalista dell\u2019<em>unione sempre pi\u00f9 stretta tra i popoli europei<\/em> (<a href=\"https:\/\/academic.oup.com\/book\/45655\/chapter\/398020866\" class=\"broken_link\">Somek, Rendl<\/a>), per cui non \u00e8 importante decidere assieme dove si sta andando, ma solo che si vada da qualche parte assieme (<a href=\"https:\/\/www.jstor.org\/stable\/20026886\" class=\"broken_link\">Hoffmann<\/a>, cui debbo l\u2019immagine del sonnambulismo europeo). Da alcuni anni quel vuoto ha assunto la dimensione geopolitica dell\u2019<em>unione sempre pi\u00f9 larga<\/em>, quasi a voler compensare l\u2019inesistente avanzamento dell\u2019integrazione politica, ossia della costruzione di un <em>demos<\/em> europeo. Se, tuttavia, un tempo ci si poteva anche beare del <em>moto incessante senza direzione<\/em> del funzionalismo, data l\u2019irresponsabilit\u00e0 geopolitica dell\u2019Europa stretta tra i due blocchi, dopo la sbornia unipolare degli anni Novanta e inizio Duemila e l\u2019avviarsi del conflitto con la Russia, il <em>moto incessante dell\u2019allargamento ad Est<\/em> \u00e8 oggi una tecnica d\u2019ipnosi molto pi\u00f9 pericolosa. Con quali risorse politiche potr\u00e0 gestirsi un allargamento che imporr\u00e0 all\u2019attuale UE un drastico ri-orientamento dei fondi di coesione, similmente a (ma pi\u00f9 drammaticamente di) quanto prodottosi con l\u2019allargamento ad Est del 2004-2007 a danno delle aree mediterranee? Possono ancora i sonnambuli cullarsi nell\u2019eterno sogno di un mercato capace \u2013 nel lungo periodo \u2013 di rimediare a ogni carenza dell\u2019intervento pubblico? Possiamo ancora illuderci che, abbandonata l\u2019economia <em>politica<\/em>, il costituzionalismo potr\u00e0 salvarsi l\u2019anima scommettendo sull\u2019esportazione di valori liberali, quali Stato di diritto e tutela dei diritti individuali e proprietari affidati all\u2019indipendenza del potere giudiziario, oltre all\u2019immancabile indipendenza delle banche centrali (<a href=\"https:\/\/www.francoangeli.it\/libro?id=28632\">Guazzarotti<\/a>)? Non abbiamo piuttosto assistito a un moto inverso dei vasi comunicanti, per cui a essere influenzati dalle dinamiche socio-economiche, politiche e valoriali \u2018esterne\u2019 sono stati proprio i Paesi dell\u2019Europa occidentale? Azzeramento dell\u2019identit\u00e0 di classe dei lavoratori e competitivit\u00e0 neoliberale \u00e8 transitata dall\u2019Est all\u2019Ovest, piuttosto che l\u2019inverso, cos\u00ec come il fascino esercitato da flat-tax e da forme di leaderismo populista. Per non parlare della rimessa in discussione dell\u2019antifascismo alla base di costituzioni come la nostra, annacquato nella discutibilissima equiparazione con il comunismo che il Parlamento europeo ha avuto l\u2019incoscienza di proclamare nella <a href=\"https:\/\/www.europarl.europa.eu\/doceo\/document\/TA-9-2019-0021_IT.html\">Risoluzione<\/a> del 19 settembre 2019. Dalla lettura di quest\u2019ultimo documento traspare tutta l\u2019incapacit\u00e0 dell\u2019Europa occidentale (che avrebbe dovuto essere consapevole del ruolo svolto dal compromesso tra capitale e lavoro, tra visioni liberali e socialiste) di indurre l\u2019altra parte al duro lavoro della rielaborazione del proprio passato e della propria identit\u00e0 (<a href=\"https:\/\/papers.ssrn.com\/sol3\/papers.cfm?abstract_id=2348629\" class=\"broken_link\">Dani<\/a>). Con l\u2019appiattirsi sulle posizioni anti-sovietiche e anti-comuniste degli Stati europei centrorientali, invece, si \u00e8 finito per legittimare le posizioni vittimistiche e auto-assolutorie di questi Paesi, sollevandoli da qualsiasi responsabilit\u00e0 per le scelte autoritarie e liberticide compiute tra le due Guerre. Di quale forza maieutica sar\u00e0 capace l\u2019attuale UE nei confronti di Stati dal passato cos\u00ec ambiguo come l\u2019Ucraina?<\/p>\n","protected":false},"excerpt":{"rendered":"<p>di Andrea Guazzarotti Le istituzioni e i governi dell\u2019UE, come sonnambuli, stanno incamminandosi sul baratro degli \u2018Stati Uniti d\u2019Europa\u2019. L\u2019invocazione del superstato europeo \u00e8 stata fatta di recente dall\u2019eterno Mario Draghi e dal Parlamento europeo (Lanzalaco); contemporaneamente, Commissione e Consiglio europeo aprono all\u2019adesione di Ucraina e Moldavia nell\u2019UE, progettando di includere anche la Georgia. Le &#8230; <a title=\"I sonnambuli degli Stati Uniti d\u2019Europa\" class=\"read-more\" href=\"https:\/\/www.lacostituzione.info\/index.php\/2023\/12\/16\/i-sonnambuli-degli-stati-uniti-deuropa\/\">Leggi tutto<\/a><\/p>\n<div class='heateorSssClear'><\/div><div  class='heateor_sss_sharing_container heateor_sss_horizontal_sharing' data-heateor-sss-href='https:\/\/www.lacostituzione.info\/index.php\/2023\/12\/16\/i-sonnambuli-degli-stati-uniti-deuropa\/'><div class='heateor_sss_sharing_title' style=\"font-weight:bold\" >Condividi!<\/div><div class=\"heateor_sss_sharing_ul\"><a aria-label=\"Facebook\" class=\"heateor_sss_facebook\" href=\"https:\/\/www.facebook.com\/sharer\/sharer.php?u=https%3A%2F%2Fwww.lacostituzione.info%2Findex.php%2F2023%2F12%2F16%2Fi-sonnambuli-degli-stati-uniti-deuropa%2F\" title=\"Facebook\" rel=\"nofollow noopener\" target=\"_blank\" style=\"font-size:32px!important;box-shadow:none;display:inline-block;vertical-align:middle\"><span class=\"heateor_sss_svg\" style=\"background-color:#0765FE;width:35px;height:35px;display:inline-block;opacity:1;float:left;font-size:32px;box-shadow:none;display:inline-block;font-size:16px;padding:0 4px;vertical-align:middle;background-repeat:repeat;overflow:hidden;padding:0;cursor:pointer;box-sizing:content-box\"><svg style=\"display:block;\" focusable=\"false\" aria-hidden=\"true\" xmlns=\"http:\/\/www.w3.org\/2000\/svg\" width=\"100%\" height=\"100%\" viewBox=\"0 0 32 32\"><path fill=\"#fff\" d=\"M28 16c0-6.627-5.373-12-12-12S4 9.373 4 16c0 5.628 3.875 10.35 9.101 11.647v-7.98h-2.474V16H13.1v-1.58c0-4.085 1.849-5.978 5.859-5.978.76 0 2.072.15 2.608.298v3.325c-.283-.03-.775-.045-1.386-.045-1.967 0-2.728.745-2.728 2.683V16h3.92l-.673 3.667h-3.247v8.245C23.395 27.195 28 22.135 28 16Z\"><\/path><\/svg><\/span><\/a><a aria-label=\"Twitter\" class=\"heateor_sss_button_twitter\" href=\"https:\/\/twitter.com\/intent\/tweet?text=I%20sonnambuli%20degli%20Stati%20Uniti%20d%E2%80%99Europa&url=https%3A%2F%2Fwww.lacostituzione.info%2Findex.php%2F2023%2F12%2F16%2Fi-sonnambuli-degli-stati-uniti-deuropa%2F\" title=\"Twitter\" rel=\"nofollow noopener\" target=\"_blank\" style=\"font-size:32px!important;box-shadow:none;display:inline-block;vertical-align:middle\"><span class=\"heateor_sss_svg heateor_sss_s__default heateor_sss_s_twitter\" style=\"background-color:#55acee;width:35px;height:35px;display:inline-block;opacity:1;float:left;font-size:32px;box-shadow:none;display:inline-block;font-size:16px;padding:0 4px;vertical-align:middle;background-repeat:repeat;overflow:hidden;padding:0;cursor:pointer;box-sizing:content-box\"><svg style=\"display:block;\" focusable=\"false\" aria-hidden=\"true\" xmlns=\"http:\/\/www.w3.org\/2000\/svg\" width=\"100%\" height=\"100%\" viewBox=\"-4 -4 39 39\"><path d=\"M28 8.557a9.913 9.913 0 0 1-2.828.775 4.93 4.93 0 0 0 2.166-2.725 9.738 9.738 0 0 1-3.13 1.194 4.92 4.92 0 0 0-3.593-1.55 4.924 4.924 0 0 0-4.794 6.049c-4.09-.21-7.72-2.17-10.15-5.15a4.942 4.942 0 0 0-.665 2.477c0 1.71.87 3.214 2.19 4.1a4.968 4.968 0 0 1-2.23-.616v.06c0 2.39 1.7 4.38 3.952 4.83-.414.115-.85.174-1.297.174-.318 0-.626-.03-.928-.086a4.935 4.935 0 0 0 4.6 3.42 9.893 9.893 0 0 1-6.114 2.107c-.398 0-.79-.023-1.175-.068a13.953 13.953 0 0 0 7.55 2.213c9.056 0 14.01-7.507 14.01-14.013 0-.213-.005-.426-.015-.637.96-.695 1.795-1.56 2.455-2.55z\" fill=\"#fff\"><\/path><\/svg><\/span><\/a><a aria-label=\"Reddit\" class=\"heateor_sss_button_reddit\" href=\"https:\/\/reddit.com\/submit?url=https%3A%2F%2Fwww.lacostituzione.info%2Findex.php%2F2023%2F12%2F16%2Fi-sonnambuli-degli-stati-uniti-deuropa%2F&title=I%20sonnambuli%20degli%20Stati%20Uniti%20d%E2%80%99Europa\" title=\"Reddit\" rel=\"nofollow noopener\" target=\"_blank\" style=\"font-size:32px!important;box-shadow:none;display:inline-block;vertical-align:middle\"><span class=\"heateor_sss_svg heateor_sss_s__default heateor_sss_s_reddit\" style=\"background-color:#ff5700;width:35px;height:35px;display:inline-block;opacity:1;float:left;font-size:32px;box-shadow:none;display:inline-block;font-size:16px;padding:0 4px;vertical-align:middle;background-repeat:repeat;overflow:hidden;padding:0;cursor:pointer;box-sizing:content-box\"><svg style=\"display:block;\" focusable=\"false\" aria-hidden=\"true\" xmlns=\"http:\/\/www.w3.org\/2000\/svg\" width=\"100%\" height=\"100%\" viewBox=\"-3.5 -3.5 39 39\"><path d=\"M28.543 15.774a2.953 2.953 0 0 0-2.951-2.949 2.882 2.882 0 0 0-1.9.713 14.075 14.075 0 0 0-6.85-2.044l1.38-4.349 3.768.884a2.452 2.452 0 1 0 .24-1.176l-4.274-1a.6.6 0 0 0-.709.4l-1.659 5.224a14.314 14.314 0 0 0-7.316 2.029 2.908 2.908 0 0 0-1.872-.681 2.942 2.942 0 0 0-1.618 5.4 5.109 5.109 0 0 0-.062.765c0 4.158 5.037 7.541 11.229 7.541s11.22-3.383 11.22-7.541a5.2 5.2 0 0 0-.053-.706 2.963 2.963 0 0 0 1.427-2.51zm-18.008 1.88a1.753 1.753 0 0 1 1.73-1.74 1.73 1.73 0 0 1 1.709 1.74 1.709 1.709 0 0 1-1.709 1.711 1.733 1.733 0 0 1-1.73-1.711zm9.565 4.968a5.573 5.573 0 0 1-4.081 1.272h-.032a5.576 5.576 0 0 1-4.087-1.272.6.6 0 0 1 .844-.854 4.5 4.5 0 0 0 3.238.927h.032a4.5 4.5 0 0 0 3.237-.927.6.6 0 1 1 .844.854zm-.331-3.256a1.726 1.726 0 1 1 1.709-1.712 1.717 1.717 0 0 1-1.712 1.712z\" fill=\"#fff\"\/><\/svg><\/span><\/a><a aria-label=\"Linkedin\" class=\"heateor_sss_button_linkedin\" href=\"https:\/\/www.linkedin.com\/sharing\/share-offsite\/?url=https%3A%2F%2Fwww.lacostituzione.info%2Findex.php%2F2023%2F12%2F16%2Fi-sonnambuli-degli-stati-uniti-deuropa%2F\" title=\"Linkedin\" rel=\"nofollow noopener\" target=\"_blank\" style=\"font-size:32px!important;box-shadow:none;display:inline-block;vertical-align:middle\"><span class=\"heateor_sss_svg heateor_sss_s__default heateor_sss_s_linkedin\" style=\"background-color:#0077b5;width:35px;height:35px;display:inline-block;opacity:1;float:left;font-size:32px;box-shadow:none;display:inline-block;font-size:16px;padding:0 4px;vertical-align:middle;background-repeat:repeat;overflow:hidden;padding:0;cursor:pointer;box-sizing:content-box\"><svg style=\"display:block;\" focusable=\"false\" aria-hidden=\"true\" xmlns=\"http:\/\/www.w3.org\/2000\/svg\" width=\"100%\" height=\"100%\" viewBox=\"0 0 32 32\"><path d=\"M6.227 12.61h4.19v13.48h-4.19V12.61zm2.095-6.7a2.43 2.43 0 0 1 0 4.86c-1.344 0-2.428-1.09-2.428-2.43s1.084-2.43 2.428-2.43m4.72 6.7h4.02v1.84h.058c.56-1.058 1.927-2.176 3.965-2.176 4.238 0 5.02 2.792 5.02 6.42v7.395h-4.183v-6.56c0-1.564-.03-3.574-2.178-3.574-2.18 0-2.514 1.7-2.514 3.46v6.668h-4.187V12.61z\" fill=\"#fff\"><\/path><\/svg><\/span><\/a><a aria-label=\"Pinterest\" class=\"heateor_sss_button_pinterest\" href=\"https:\/\/www.lacostituzione.info\/index.php\/2023\/12\/16\/i-sonnambuli-degli-stati-uniti-deuropa\/\" onclick=\"event.preventDefault();javascript:void( (function() {var e=document.createElement('script' );e.setAttribute('type','text\/javascript' );e.setAttribute('charset','UTF-8' );e.setAttribute('src','\/\/assets.pinterest.com\/js\/pinmarklet.js?r='+Math.random()*99999999);document.body.appendChild(e)})());\" title=\"Pinterest\" rel=\"noopener\" style=\"font-size:32px!important;box-shadow:none;display:inline-block;vertical-align:middle\"><span class=\"heateor_sss_svg heateor_sss_s__default heateor_sss_s_pinterest\" style=\"background-color:#cc2329;width:35px;height:35px;display:inline-block;opacity:1;float:left;font-size:32px;box-shadow:none;display:inline-block;font-size:16px;padding:0 4px;vertical-align:middle;background-repeat:repeat;overflow:hidden;padding:0;cursor:pointer;box-sizing:content-box\"><svg style=\"display:block;\" focusable=\"false\" aria-hidden=\"true\" xmlns=\"http:\/\/www.w3.org\/2000\/svg\" width=\"100%\" height=\"100%\" viewBox=\"-2 -2 35 35\"><path fill=\"#fff\" d=\"M16.539 4.5c-6.277 0-9.442 4.5-9.442 8.253 0 2.272.86 4.293 2.705 5.046.303.125.574.005.662-.33.061-.231.205-.816.27-1.06.088-.331.053-.447-.191-.736-.532-.627-.873-1.439-.873-2.591 0-3.338 2.498-6.327 6.505-6.327 3.548 0 5.497 2.168 5.497 5.062 0 3.81-1.686 7.025-4.188 7.025-1.382 0-2.416-1.142-2.085-2.545.397-1.674 1.166-3.48 1.166-4.689 0-1.081-.581-1.983-1.782-1.983-1.413 0-2.548 1.462-2.548 3.419 0 1.247.421 2.091.421 2.091l-1.699 7.199c-.505 2.137-.076 4.755-.039 5.019.021.158.223.196.314.077.13-.17 1.813-2.247 2.384-4.324.162-.587.929-3.631.929-3.631.46.876 1.801 1.646 3.227 1.646 4.247 0 7.128-3.871 7.128-9.053.003-3.918-3.317-7.568-8.361-7.568z\"\/><\/svg><\/span><\/a><a aria-label=\"Whatsapp\" class=\"heateor_sss_whatsapp\" href=\"https:\/\/api.whatsapp.com\/send?text=I%20sonnambuli%20degli%20Stati%20Uniti%20d%E2%80%99Europa%20https%3A%2F%2Fwww.lacostituzione.info%2Findex.php%2F2023%2F12%2F16%2Fi-sonnambuli-degli-stati-uniti-deuropa%2F\" title=\"Whatsapp\" rel=\"nofollow noopener\" target=\"_blank\" style=\"font-size:32px!important;box-shadow:none;display:inline-block;vertical-align:middle\"><span class=\"heateor_sss_svg\" style=\"background-color:#55eb4c;width:35px;height:35px;display:inline-block;opacity:1;float:left;font-size:32px;box-shadow:none;display:inline-block;font-size:16px;padding:0 4px;vertical-align:middle;background-repeat:repeat;overflow:hidden;padding:0;cursor:pointer;box-sizing:content-box\"><svg style=\"display:block;\" focusable=\"false\" aria-hidden=\"true\" xmlns=\"http:\/\/www.w3.org\/2000\/svg\" width=\"100%\" height=\"100%\" viewBox=\"-6 -5 40 40\"><path class=\"heateor_sss_svg_stroke heateor_sss_no_fill\" stroke=\"#fff\" stroke-width=\"2\" fill=\"none\" d=\"M 11.579798566743314 24.396926207859085 A 10 10 0 1 0 6.808479557110079 20.73576436351046\"><\/path><path d=\"M 7 19 l -1 6 l 6 -1\" class=\"heateor_sss_no_fill heateor_sss_svg_stroke\" stroke=\"#fff\" stroke-width=\"2\" fill=\"none\"><\/path><path d=\"M 10 10 q -1 8 8 11 c 5 -1 0 -6 -1 -3 q -4 -3 -5 -5 c 4 -2 -1 -5 -1 -4\" fill=\"#fff\"><\/path><\/svg><\/span><\/a><\/div><div class=\"heateorSssClear\"><\/div><\/div><div class='heateorSssClear'><\/div>","protected":false},"author":22,"featured_media":0,"comment_status":"open","ping_status":"open","sticky":false,"template":"","format":"standard","meta":{"jetpack_post_was_ever_published":false,"_jetpack_newsletter_access":"","_jetpack_dont_email_post_to_subs":false,"_jetpack_newsletter_tier_id":0,"_jetpack_memberships_contains_paywalled_content":false,"_jetpack_memberships_contains_paid_content":false,"footnotes":"","jetpack_publicize_message":"","jetpack_publicize_feature_enabled":true,"jetpack_social_post_already_shared":false,"jetpack_social_options":{"image_generator_settings":{"template":"highway","default_image_id":0,"enabled":false},"version":2}},"categories":[12],"tags":[1692,486,94],"class_list":["post-8944","post","type-post","status-publish","format-standard","hentry","category-editoriale","tag-allargamento","tag-ucraina","tag-unione-europea"],"jetpack_publicize_connections":[],"jetpack_featured_media_url":"","jetpack_shortlink":"https:\/\/wp.me\/p84sDq-2kg","jetpack_likes_enabled":true,"jetpack_sharing_enabled":true,"_links":{"self":[{"href":"https:\/\/www.lacostituzione.info\/index.php\/wp-json\/wp\/v2\/posts\/8944","targetHints":{"allow":["GET"]}}],"collection":[{"href":"https:\/\/www.lacostituzione.info\/index.php\/wp-json\/wp\/v2\/posts"}],"about":[{"href":"https:\/\/www.lacostituzione.info\/index.php\/wp-json\/wp\/v2\/types\/post"}],"author":[{"embeddable":true,"href":"https:\/\/www.lacostituzione.info\/index.php\/wp-json\/wp\/v2\/users\/22"}],"replies":[{"embeddable":true,"href":"https:\/\/www.lacostituzione.info\/index.php\/wp-json\/wp\/v2\/comments?post=8944"}],"version-history":[{"count":0,"href":"https:\/\/www.lacostituzione.info\/index.php\/wp-json\/wp\/v2\/posts\/8944\/revisions"}],"wp:attachment":[{"href":"https:\/\/www.lacostituzione.info\/index.php\/wp-json\/wp\/v2\/media?parent=8944"}],"wp:term":[{"taxonomy":"category","embeddable":true,"href":"https:\/\/www.lacostituzione.info\/index.php\/wp-json\/wp\/v2\/categories?post=8944"},{"taxonomy":"post_tag","embeddable":true,"href":"https:\/\/www.lacostituzione.info\/index.php\/wp-json\/wp\/v2\/tags?post=8944"}],"curies":[{"name":"wp","href":"https:\/\/api.w.org\/{rel}","templated":true}]}}