{"id":8948,"date":"2023-12-17T15:10:54","date_gmt":"2023-12-17T14:10:54","guid":{"rendered":"http:\/\/www.lacostituzione.info\/?p=8948"},"modified":"2023-12-17T15:10:56","modified_gmt":"2023-12-17T14:10:56","slug":"le-novita-della-cop28-tra-uso-delle-parole-e-costituzione","status":"publish","type":"post","link":"https:\/\/www.lacostituzione.info\/index.php\/2023\/12\/17\/le-novita-della-cop28-tra-uso-delle-parole-e-costituzione\/","title":{"rendered":"Le novit\u00e0 della COP28 tra uso delle parole e Costituzione"},"content":{"rendered":"\n<p style=\"text-align: center;\"><a href=\"http:\/\/www.lacostituzione.info\/wp-content\/uploads\/2023\/12\/cop28.jpg\"><img loading=\"lazy\" decoding=\"async\" data-attachment-id=\"8949\" data-permalink=\"https:\/\/www.lacostituzione.info\/index.php\/2023\/12\/17\/le-novita-della-cop28-tra-uso-delle-parole-e-costituzione\/cop28\/#main\" data-orig-file=\"https:\/\/www.lacostituzione.info\/wp-content\/uploads\/2023\/12\/cop28.jpg\" data-orig-size=\"200,200\" data-comments-opened=\"1\" data-image-meta=\"{&quot;aperture&quot;:&quot;0&quot;,&quot;credit&quot;:&quot;&quot;,&quot;camera&quot;:&quot;&quot;,&quot;caption&quot;:&quot;&quot;,&quot;created_timestamp&quot;:&quot;0&quot;,&quot;copyright&quot;:&quot;&quot;,&quot;focal_length&quot;:&quot;0&quot;,&quot;iso&quot;:&quot;0&quot;,&quot;shutter_speed&quot;:&quot;0&quot;,&quot;title&quot;:&quot;&quot;,&quot;orientation&quot;:&quot;0&quot;}\" data-image-title=\"cop28\" data-image-description=\"\" data-image-caption=\"\" data-medium-file=\"https:\/\/www.lacostituzione.info\/wp-content\/uploads\/2023\/12\/cop28.jpg\" data-large-file=\"https:\/\/www.lacostituzione.info\/wp-content\/uploads\/2023\/12\/cop28.jpg\" class=\"aligncenter size-thumbnail wp-image-8949\" src=\"http:\/\/www.lacostituzione.info\/wp-content\/uploads\/2023\/12\/cop28-150x150.jpg\" alt=\"\" width=\"150\" height=\"150\" srcset=\"https:\/\/www.lacostituzione.info\/wp-content\/uploads\/2023\/12\/cop28-150x150.jpg 150w, https:\/\/www.lacostituzione.info\/wp-content\/uploads\/2023\/12\/cop28.jpg 200w\" sizes=\"auto, (max-width: 150px) 100vw, 150px\" \/><\/a>di<strong> Michele Carducci<\/strong><\/p>\n<p><strong>\u00a0<\/strong>Qualche giorno fa si \u00e8 chiusa la <a href=\"https:\/\/www.cop28.com\/\">COP28<\/a>, la Conferenza delle Parti sul clima, prevista come riunione annuale degli Stati che aderiscono alla Convenzione Quadro delle Nazioni Unite sul cambiamento climatico (<a href=\"https:\/\/unfccc.int\/resource\/docs\/convkp\/conveng.pdf\">UNFCCC<\/a>) e riconvertita, dall\u2019art. 4 dell\u2019<a href=\"https:\/\/unfccc.int\/process-and-meetings\/the-paris-agreement\">Accordo di Parigi<\/a> del 2015, in \u00ab<em>decisione pertinente<\/em>\u00bb alla definizione degli obblighi indicati dall\u2019accordo stesso (c.d. <a href=\"https:\/\/unfccc.int\/process\/bodies\/supreme-bodies\/conference-of-the-parties-serving-as-the-meeting-of-the-parties-to-the-paris-agreement-cma\">CMA<\/a>), che funge, a sua volta, da \u00ab<em>strumento giuridico<\/em>\u00bb dell\u2019UNFCCC, ai sensi dell\u2019art. 2 di quest\u2019ultima.<!--more--><\/p>\n<p>Si \u00e8 trattato di un evento molto controverso per varie ragioni, in particolar modo perch\u00e9 celebrato a Dubai sotto la presidenza del Sultan Al-Jaber, amministrazione delegato della compagnia petrolifera nazionale <a href=\"https:\/\/www.adnoc.ae\/\">Adnoc<\/a>, e per il fatto di aver coinvolto ai tavoli di discussione una quantit\u00e0 mai registrata prima di multinazionali dell\u2019energia fossile (oltre 2000 rispetto ai poco meno 200 Stati ufficialmente Parti della Conferenza: cfr. <a href=\"https:\/\/www.npr.org\/2023\/12\/07\/1217504214\/a-record-number-of-fossil-fuel-reps-at-cop28-climate-talks\"><em>A record number of fossil fuel representatives are at this year\u2019s COP28 climate talks<\/em><\/a>).<\/p>\n<p>Il documento finale, tuttavia, \u00e8 stato il frutto del consenso formalizzato esclusivamente dagli Stati parte dell\u2019Accordo di Parigi.\u00a0Esso, in altre parole, acquisisce uno specifico valore giuridico proprio in forza dell\u2019art. 4 di quell\u2019accordo, che lo ha legittimato come \u00ab<em>decisione pertinente<\/em>\u00bb ai suoi contenuti ma anche in derivazione dall\u2019art. 2 dell\u2019UNFCCC: una sorta di integrazione normativa tra COP28, Accordo di Parigi e UNFCCC.<\/p>\n<p>Pertanto, quel documento finale, denominato <a href=\"https:\/\/unfccc.int\/documents\/636608\"><em>Decision -\/CMA.5 Outcome of the first global stocktake<\/em><\/a>, merita attenzione per una serie di inediti contenuti, da leggere e interpretare su due fronti:<\/p>\n<p>&#8211; secondo la buona fede oggettiva, richiesta dagli artt. 26, 31 e 32 della <a href=\"https:\/\/www.studiperlapace.it\/view_news_html?news_id=20041101120858\">Convenzione di Vienna sul diritto dei trattati del 1969<\/a>;<\/p>\n<p>&#8211; nella collocazione di UNFCCC e Accordo di Parigi nel sistema delle fonti dei singoli ordinamenti giuridici.<\/p>\n<p>Dal punto di vista della Convenzione di Vienna, la <em>Decision -\/CMA.5<\/em> identifica (ai sensi dell\u2019art. 31 n. 3 <em>lett. a<\/em> della suddetta Convenzione) un accordo \u00ab<em>ulteriormente intervenuto tra le parti circa l\u2019interpretazione del trattato<\/em>\u00bb [ovvero l\u2019Accordo di Parigi] e \u00ab<em>l\u2019attuazione delle disposizioni in esso contenute<\/em>\u00bb [ovvero l\u2019art. 4 dello stesso in funzione degli obiettivi dell\u2019UNFCCC]\u00bb, sicch\u00e9 le parole, in essa enunciate, non possono assumere (per esplicita proibizione dell\u2019art. 32 della cit. Convenzione) significati \u00ab<em>ambigui od oscuri<\/em>\u00bb o che conducano a \u00ab<em>un risultato chiaramente assurdo o non ragionevole<\/em>\u00bb sui contenuti dell\u2019accordo di origine [quello di Parigi e, a monte, l\u2019UNFCCC].<\/p>\n<p>\u00c8 una constatazione importante, dato che proprio sull\u2019uso delle parole le Parti della Conferenza hanno lungamente e faticosamente discusso (si v., per tutti, le cronache curate da <a href=\"https:\/\/www.italiaclima.org\/\"><em>Italian Climate Network<\/em><\/a> e da <a href=\"https:\/\/asvis.it\/Cop-28-una-finestra-quotidiana-grande-incontro-sul-clima\/\"><em>ASviS<\/em><\/a>), giungendo alla stesura di sintagmi ed enunciati che, considerati isolatamente dai canoni integrativi appunto della Convenzione di Vienna, non potrebbero che permanere ambigui e non ragionevoli.<\/p>\n<p>Ci si riferisce, in particolare, all\u2019espressione \u00ab<em>transitioning away<\/em>\u00bb (transizione), utilizzata con riguardo all\u2019uso delle fonti fossili, rispetto ai termini, originariamente proposti, di \u00ab<em>phase out<\/em>\u00bb (eliminazione graduale) e \u00ab<em>phase down<\/em>\u00bb (riduzione graduale).<\/p>\n<p>Che cosa significa \u201ctransizione\u201d?<\/p>\n<p>Per rispondere, si deve leggere il Paragrafo 28 della <em>Decision<\/em>: le Parti, riconosciuta \u00ab<em>the need for deep, rapid and sustained reductions in greenhouse gas emissions in line with 1.5\u00b0C pathways \u2026 taking into account the Paris Agreement\u2026<\/em>\u00bb, si impegnano singolarmente a \u00ab<em>transitioning away from fossil fuels in energy systems, in a just, orderly and equitable manner, accelerating action in this critical decade, so as to achieve net zero by 2050 in keeping with the science<\/em>\u00bb.<\/p>\n<p>Ecco individuata la risposta corretta: le Parti si impegnano ad \u201cabbandonare\u201d (<em>transitioning away from<\/em>) le fonti fossili nei loro sistemi energetici, dentro il quadro dell\u2019Accordo di Parigi (dunque nella sua funzionalit\u00e0 agli obiettivi dell\u2019UNFCCC) e nel triplice vincolo di farlo:<\/p>\n<p><em>a) <\/em>\u00ab<em>in line with 1.5\u00b0C pathways<\/em>\u00bb;<\/p>\n<p><em>b)<\/em> \u00ab<em>accelerating action in this critical decade<\/em>\u00bb;<\/p>\n<p><em>c)<\/em> \u00ab<em>in keeping with the science<\/em>\u00bb.<\/p>\n<p>Si tratta di una novit\u00e0 assoluta e inaspettata, date le criticabili premesse della Conferenza.<\/p>\n<p>Per la prima volta nella storia del diritto climatico, un documento internazionale, da interpretare nella buona fede oggettiva della Convenzione di Vienna, non parla pi\u00f9 soltanto di \u00ab<em>greenhouse gas emissions<\/em>\u00bb, bens\u00ec di \u00ab<em>fossil fuels in energy systems<\/em>\u00bb ossia di combustione fossile a base dell\u2019intero sistema energetico umano contemporaneo, richiedendone l\u2019abbandono (\u00ab<em>transitioning away from<\/em>\u00bb).<\/p>\n<p>Qual \u00e8 lo scopo di questo nuovo vincolo?<\/p>\n<p>A questa seconda domanda, i primi commenti hanno stentato a individuare la risposta giuridicamente corretta, limitandosi a collegare la formula \u00ab<em>transitioning away from<\/em>\u00bb con l\u2019espressione \u00ab<em>so as to achieve net zero by 2050<\/em>\u00bb. Hanno cos\u00ec concluso che l\u2019abbandono della combustione fossile opererebbe solo ed esclusivamente in funzione della neutralit\u00e0 climatica al 2050 (si v., per esempio, l\u2019editoriale ASviS <a href=\"https:\/\/asvis.it\/editoriali\/1288-19130\/i-prossimi-passi-per-litalia-dopo-le-decisioni-della-cop-28\"><em>I prossimi passi per l\u2019Italia dopo le decisioni della Cop 28<\/em><\/a>).<\/p>\n<p>Non \u00e8 cos\u00ec.\u00a0Come gi\u00e0 accennato, il vincolo concordato dagli Stati nella <em>Decision -\/CMA.5<\/em> non \u00e8 affatto temporale (\u00ab<em>by 2050\u00bb<\/em>), ma quali-quantitativo (\u00ab<em>in line with 1.5\u00b0C pathways<\/em>\u00bb).\u00a0La differenza \u00e8 enorme ed \u00e8 spiegata proprio dalla medesima <em>Decision<\/em>, espressiva di ulteriori novit\u00e0, mai riscontrate prima nei documenti di diritto climatico internazionale.<\/p>\n<p>Con essa, infatti, gli Stati:<\/p>\n<p>a) riconoscono esplicitamente l\u2019esistenza della \u201ccrisi climatica\u201d (\u00ab<em>climate crisis<\/em>\u00bb), ovvero una situazione di pericolo produttiva di impatti che stanno rapidamente accelerando (\u00ab<em>are rapidly<\/em> <em>accelerating<\/em>\u00bb),<\/p>\n<p>b) per cui si impegnano a rispondere ad essa urgentemente (\u00ab<em>urgency of responding to the climate crisis<\/em>\u00bb) in questo decennio critico (\u00ab<em>to address the climate crisis in this critical decade<\/em>\u00bb),<\/p>\n<p><em>c)<\/em> in modo da mantenere l\u2019obiettivo di 1,5\u00b0C a portata di mano (\u00ab<em>to keep the 1.5 \u00b0C goal<\/em>\u00bb),<\/p>\n<p><em>d)<\/em> allo scopo di ridurre significativamente i rischi e gli impatti dei cambiamenti climatici (\u00ab<em>significantly reduce the risks and impacts of climate change<\/em>\u00bb),<\/p>\n<p><em>e)<\/em> molto pi\u00f9 bassi con un aumento della temperatura di 1,5\u00b0C rispetto a 2\u00b0C (\u00ab<em>much lower at the temperature increase of 1.5\u00b0C compared with 2\u00b0C<\/em>\u00bb).<\/p>\n<p>Il \u00ab<em>transitioning away from <\/em><em>fossil fuels in energy <\/em><em>systems<\/em>\u00bb serve a tutto questo: a evitare il peggio, non a rispettare una scadenza (il 2050), di per s\u00e9 compatibile con qualsiasi aumento della temperatura media globale nella neutralit\u00e0 climatica pur conseguita.<\/p>\n<p>Del resto, un limite esclusivamente temporale \u00e8 contemplato solo per il metano, da ridurre sostanzialmente entro il 2030 (\u00ab<em>accelerating and substantially reducing non-carbon-dioxide emissions globally, including in particular methane emissions by 20<\/em><em>30<\/em>\u00bb): e questo si spiega col fatto che il metano, originariamente inteso come \u201csoluzione ponte\u201d all\u2019emergenza climatica, in realt\u00e0 peggiora il pericolo, avendo una forza climalterante di breve periodo (25 anni) ben ottanta volte superiore alla CO<sub>2<\/sub>.<\/p>\n<p>Se questo \u00e8 il quadro letterale della <em>Decision<\/em> di COP28, le sue novit\u00e0 non si fermano qui.\u00a0Va detto, infatti, che la COP28 \u00e8 stata intitolata <em>Outcome of the first global stocktake<\/em>, perch\u00e9 funge anche da certificazione definitiva del primo \u201cbilancio globale\u201d (<em>Global Stocktake<\/em>) degli adempimenti climatici statali, nei termini richiesti dall\u2019art. 14 dell\u2019Accordo di Parigi (in merito, si v. Cardelli, <a href=\"https:\/\/www.lacostituzione.info\/index.php\/2023\/09\/18\/se-gli-stati-riconoscono-di-sbagliare-sul-clima\/\"><em>Se gli Stati riconoscono di sbagliare sul clima<\/em><\/a>).<\/p>\n<p>Nella <em>Decision<\/em>, la certificazione \u00e8 dichiarata negativa, sia sul piano formale che su quello sostanziale:<\/p>\n<p>&#8211; sul piano formale, perch\u00e9 gli Stati prendono atto di non essere ancora sulla buona strada per raggiungere l\u2019obiettivo di temperatura dell\u2019Accordo di Parigi (\u00ab<em>not yet collectively on track towards achieving the purpose of the Paris<\/em>\u00bb);<\/p>\n<p>&#8211; sul piano sostanziale, dato che la riscontrata inadeguatezza \u00e8 connessa alla \u201cpreoccupazione\u201d in merito non solo all\u2019esaurimento del c.d. \u201c<em>Carbon Budget<\/em>\u201d residuo (ovvero i gas serra antropogenici ancora emettibili per rispettare gli obiettivi di Parigi: cfr. Cardelli, <a href=\"https:\/\/www.lacostituzione.info\/index.php\/2023\/11\/25\/bilancio-di-carbonio-e-diritti-costituzionali\/\"><em>\u00abBilancio di carbonio\u00bb e diritti costituzionali<\/em><\/a>; e Trivi, <a href=\"https:\/\/www.lacostituzione.info\/index.php\/2023\/11\/28\/il-salvavita-del-bilancio-di-carbonio-e-il-caso-giudizio-universale\/\"><em>Il salvavita del \u201cbilancio di carbonio\u201d e il caso \u201cGiudizio Universale<\/em><\/a>\u201d), ma anche all\u2019incidenza negativa della quantit\u00e0 gi\u00e0 emessa sulla probabilit\u00e0, almeno al 50%, di limitare il riscaldamento globale a 1,5\u00b0C (\u00ab<em>concern <\/em><em>that the carbon budget consistent with achieving the Paris Agreement temperature goal is now small and being rapidly depleted and acknowledges that historical cumulative net carbon dioxide emissions already account for about four fifths of the total carbon budget for a 50 per cent probability of limiting global warming to 1.5 \u00b0C<\/em>\u00bb).<\/p>\n<p>Sempre per la prima volta, sono concordati parametri di probabilit\u00e0 (\u00ab<em>50 per cent probability<\/em>\u00bb) nella valutazione delle azioni statali dentro il \u201c<em>Carbon Budget<\/em>\u201d residuo \u00ab<em>in line with 1.5\u00b0C pathways<\/em>\u00bb.<\/p>\n<p>Come si vede, il 2050 non c\u2019entra nulla.\u00a0La cornice dei vincoli valutativi dell\u2019azione (non a caso intitolata \u201c<em>Context and cross-cutting considerations<\/em>\u201d nei termini dell\u2019art. 31 n.1 della cit. Convenzione di Vienna) \u00e8 data da altro:<\/p>\n<p>&#8211; dall\u2019opzione preferenziale per l\u2019obiettivo del contenimento dell\u2019aumento della temperatura media globale a non oltre 1,5\u00b0C (invero gi\u00e0 affermato dal <a href=\"https:\/\/unfccc.int\/process-and-meetings\/the-paris-agreement\/the-glasgow-climate-pact-key-outcomes-from-cop26\"><em>Glasgow Climate Pact<\/em><\/a> del 2021);<\/p>\n<p>&#8211; dall\u2019urgenza di agire nel decennio critico;<\/p>\n<p>&#8211; dal rispetto del \u201c<em>Carbon Budget<\/em>\u201d residuo;<\/p>\n<p>&#8211; dall\u2019assunzione del parametro della probabilit\u00e0 del 50% nella valutazione delle azioni.<\/p>\n<p>Dentro questa cornice si colloca il \u00ab<em>transitioning away from <\/em><em>fossil fuels in energy <\/em><em>systems<\/em>\u00bb.\u00a0Qualsiasi ipotesi differente contrasterebbe con la lettera della <em>Decision -\/CMA.5 <\/em>e, di riflesso, con i canoni della Convenzione di Vienna sugli accordi di \u00ab<em>attuazione delle disposizioni<\/em>\u00bb di Parigi.<\/p>\n<p>Non sarebbe in buona fede.\u00a0Ma non sarebbe neppure \u00ab<em>ragionevole<\/em>\u00bb ai sensi dell\u2019art. 32 sempre della Convenzione di Vienna, dato che implicherebbe, di fatto, la volont\u00e0 di produrre impatti peggiori nel superamento del \u201c<em>Carbon Budget<\/em>\u201d residuo, consumando cos\u00ec un atto doloso sul <em>neminem laedere<\/em> nella conclamata situazione di pericolo della \u00ab<em>climate crisis<\/em>\u00bb e nonostante il dichiarato (nella medesima <em>Decision<\/em>) sforzo di evitare, minimizzare e affrontare le perdite e i danni associati agli impatti dei cambiamenti climatici (\u00ab<em>to avert, minimize and address loss and damage associated with climate change impacts<\/em>\u00bb).<\/p>\n<p>Sarebbe, infine, anche antiscientifica. Difatti, \u00ab<em>in keeping with the science<\/em>\u00bb, \u00e8 noto che la salute umana passa dall\u2019abbandono dei combustibili fossili: prima si abbandonano, meglio \u00e8 per tutti e per tutto, con benefici e co-benefici comunque sempre superiori ai costi (cfr. l\u2019annuale <a href=\"https:\/\/www.thelancet.com\/countdown-health-climate\" class=\"broken_link\"><em>The\u00a0Lancet\u00a0Countdown on health and climate change<\/em><\/a>).<\/p>\n<p>Da questo punto di vista, la COP28 sembra aver implicitamente accolto il c.d. \u201cschema di Williams\u201d (cfr. Williams, <a href=\"https:\/\/www.tandfonline.com\/doi\/pdf\/10.4155\/cmt.12.49\" class=\"broken_link\"><em>Tackling Climate Change: what is the Impact on Air Pollution<\/em><em>?<\/em><\/a>), secondo cui la soluzione migliore per la protezione di tutti gli esseri umani, sia nella loro dimensione esistenziale (minima) di sopravvivenza che in quella qualitativa (espansiva) di accesso alle condizioni di benessere, nella proiezione intertemporale dei beni vitali a sostegno di entrambi (aria pulita, cibo, salute, abitabilit\u00e0, servizi ecosistemici accessibili a tutti ecc.) consista nella definitiva eliminazione dei combustibili fossili, in ragione del \u201cdoppio effetto\u201d di non sforare il \u201c<em>Carbon Budget<\/em>\u201d per il controllo dell\u2019aumento della temperatura e di ridurre al minimo l\u2019inquinamento da polveri sottili.<\/p>\n<p>Insomma, \u00ab<em>transitioning away from <\/em><em>fossil fuels in energy <\/em><em>systems<\/em>\u00bb opera anche <em>pro rights<\/em> (<em>pro vita<\/em>): il che \u00e8 del tutto coerente, ancora una volta, con la cit. Convenzione di Vienna, l\u00ec dove, all\u2019art. 31 n. 3 <em>lett. c<\/em>, essa abilita a prendere in considerazione \u00ab<em>ogni norma pertinente di diritto internazionale<\/em>\u00bb, incluse evidentemente pure quelle sui diritti umani.<\/p>\n<p>Ecco perch\u00e9 le novit\u00e0 della COP28 sono importanti: rafforzano l\u2019apertura del diritto climatico alla tutela effettiva dei diritti umani rispetto alla soglia di pericolo preferita (\u00ab<em>in line with 1.5\u00b0C pathways<\/em>\u00bb).<\/p>\n<p>Qui si inserisce il secondo fronte di lettura della <em>Decision<\/em> di COP28, relativo alla sua collocazione, insieme a UNFCCC e Accordo di Parigi, nel sistema delle fonti dei singoli ordinamenti giuridici.<\/p>\n<p>Il tema pu\u00f2 essere riassunto dai seguenti ultimi interrogativi: si potr\u00e0 continuare a interpretare e applicare le fonti del diritto climatico ignorando tutte le descritte implicazioni del \u00ab<em>transitioning away from <\/em><em>fossil fuels in energy <\/em><em>systems<\/em>\u00bb deciso a Dubai? Lo si potr\u00e0 fare senza intravedere connessioni con le Costituzioni dei singoli paesi?<\/p>\n<p>Sembra proprio di no, almeno per l\u2019Unione Europea e per l\u2019Italia, entrambe \u2013 com\u2019\u00e8 noto \u2013 aperte al diritto internazionale, generale e pattizio, e alla tutela dei diritti fondamentali.<\/p>\n<p>Valgano, per sintesi, almeno tre spunti di analisi:<\/p>\n<p>&#8211; l\u2019applicazione del \u00ab<em>principio della correzione, in via prioritaria alla fonte, dei danni causati all\u2019ambiente<\/em>\u00bb, contemplato dall\u2019art. 191 n. 2 TFUE e dalla Corte di giustizia interpretato nel senso di imporre interventi risolutivi sulle fonti originarie di produzione della catena causale dei danni (cfr. causa C-653\/13), appare destinato a coniugarsi con il \u00ab<em>transitioning away from<\/em>\u00bb per evitare ulteriori danni sul sistema climatico e, di conseguenza, sulla salute umana;<\/p>\n<p>&#8211; l\u2019altro principio europeo <em>DNSH <\/em>(<em>Do No Significant Harm<\/em>), inserito dal Regolamento UE n. 2020\/852 proprio per non compromettere la mitigazione climatica, non potr\u00e0 non valutare il contenuto \u201csignificativo\u201d del danno a questo obiettivo climatico, alla luce del parametro quantitativo del 50% di probabilit\u00e0 sul rispetto del \u201c<em>Carbon Budget<\/em>\u201d residuo;<\/p>\n<p>&#8211; infine, il concetto italiano di \u00ab<em>preminente rilievo del principio della massima diffusione delle energie rinnovabili<\/em>\u00bb, consolidato dalla giurisprudenza di legittimit\u00e0 (cfr. Cons. Stato Sez.\u00a0IV nn. 8235\/ 2023 e 8258\/2023) e costituzionale (cfr. Corte cost. sentt. nn. 121\/2022 e 216\/2022), non potr\u00e0 non conoscere ulteriore enfasi applicativa nella prospettiva di contribuire anche alla tutela dei diritti, altrimenti minacciati dalla persistenza della combustione fossile.<\/p>\n<p>Il diritto climatico sta sempre pi\u00f9 maturando come diritto di contenuto costituzionale. \u00c8 un bene non solo per i diritti, ma per il Pianeta.<\/p>\n","protected":false},"excerpt":{"rendered":"<p>di Michele Carducci \u00a0Qualche giorno fa si \u00e8 chiusa la COP28, la Conferenza delle Parti sul clima, prevista come riunione annuale degli Stati che aderiscono alla Convenzione Quadro delle Nazioni Unite sul cambiamento climatico (UNFCCC) e riconvertita, dall\u2019art. 4 dell\u2019Accordo di Parigi del 2015, in \u00abdecisione pertinente\u00bb alla definizione degli obblighi indicati dall\u2019accordo stesso (c.d. &#8230; <a title=\"Le novit\u00e0 della COP28 tra uso delle parole e Costituzione\" class=\"read-more\" href=\"https:\/\/www.lacostituzione.info\/index.php\/2023\/12\/17\/le-novita-della-cop28-tra-uso-delle-parole-e-costituzione\/\">Leggi tutto<\/a><\/p>\n<div class='heateorSssClear'><\/div><div  class='heateor_sss_sharing_container heateor_sss_horizontal_sharing' data-heateor-sss-href='https:\/\/www.lacostituzione.info\/index.php\/2023\/12\/17\/le-novita-della-cop28-tra-uso-delle-parole-e-costituzione\/'><div class='heateor_sss_sharing_title' style=\"font-weight:bold\" >Condividi!<\/div><div class=\"heateor_sss_sharing_ul\"><a aria-label=\"Facebook\" class=\"heateor_sss_facebook\" href=\"https:\/\/www.facebook.com\/sharer\/sharer.php?u=https%3A%2F%2Fwww.lacostituzione.info%2Findex.php%2F2023%2F12%2F17%2Fle-novita-della-cop28-tra-uso-delle-parole-e-costituzione%2F\" title=\"Facebook\" rel=\"nofollow noopener\" target=\"_blank\" style=\"font-size:32px!important;box-shadow:none;display:inline-block;vertical-align:middle\"><span class=\"heateor_sss_svg\" style=\"background-color:#0765FE;width:35px;height:35px;display:inline-block;opacity:1;float:left;font-size:32px;box-shadow:none;display:inline-block;font-size:16px;padding:0 4px;vertical-align:middle;background-repeat:repeat;overflow:hidden;padding:0;cursor:pointer;box-sizing:content-box\"><svg style=\"display:block;\" focusable=\"false\" aria-hidden=\"true\" xmlns=\"http:\/\/www.w3.org\/2000\/svg\" width=\"100%\" height=\"100%\" viewBox=\"0 0 32 32\"><path fill=\"#fff\" d=\"M28 16c0-6.627-5.373-12-12-12S4 9.373 4 16c0 5.628 3.875 10.35 9.101 11.647v-7.98h-2.474V16H13.1v-1.58c0-4.085 1.849-5.978 5.859-5.978.76 0 2.072.15 2.608.298v3.325c-.283-.03-.775-.045-1.386-.045-1.967 0-2.728.745-2.728 2.683V16h3.92l-.673 3.667h-3.247v8.245C23.395 27.195 28 22.135 28 16Z\"><\/path><\/svg><\/span><\/a><a aria-label=\"Twitter\" class=\"heateor_sss_button_twitter\" href=\"https:\/\/twitter.com\/intent\/tweet?text=Le%20novit%C3%A0%20della%20COP28%20tra%20uso%20delle%20parole%20e%20Costituzione&url=https%3A%2F%2Fwww.lacostituzione.info%2Findex.php%2F2023%2F12%2F17%2Fle-novita-della-cop28-tra-uso-delle-parole-e-costituzione%2F\" title=\"Twitter\" rel=\"nofollow noopener\" target=\"_blank\" style=\"font-size:32px!important;box-shadow:none;display:inline-block;vertical-align:middle\"><span class=\"heateor_sss_svg heateor_sss_s__default heateor_sss_s_twitter\" style=\"background-color:#55acee;width:35px;height:35px;display:inline-block;opacity:1;float:left;font-size:32px;box-shadow:none;display:inline-block;font-size:16px;padding:0 4px;vertical-align:middle;background-repeat:repeat;overflow:hidden;padding:0;cursor:pointer;box-sizing:content-box\"><svg style=\"display:block;\" focusable=\"false\" aria-hidden=\"true\" xmlns=\"http:\/\/www.w3.org\/2000\/svg\" width=\"100%\" height=\"100%\" viewBox=\"-4 -4 39 39\"><path d=\"M28 8.557a9.913 9.913 0 0 1-2.828.775 4.93 4.93 0 0 0 2.166-2.725 9.738 9.738 0 0 1-3.13 1.194 4.92 4.92 0 0 0-3.593-1.55 4.924 4.924 0 0 0-4.794 6.049c-4.09-.21-7.72-2.17-10.15-5.15a4.942 4.942 0 0 0-.665 2.477c0 1.71.87 3.214 2.19 4.1a4.968 4.968 0 0 1-2.23-.616v.06c0 2.39 1.7 4.38 3.952 4.83-.414.115-.85.174-1.297.174-.318 0-.626-.03-.928-.086a4.935 4.935 0 0 0 4.6 3.42 9.893 9.893 0 0 1-6.114 2.107c-.398 0-.79-.023-1.175-.068a13.953 13.953 0 0 0 7.55 2.213c9.056 0 14.01-7.507 14.01-14.013 0-.213-.005-.426-.015-.637.96-.695 1.795-1.56 2.455-2.55z\" fill=\"#fff\"><\/path><\/svg><\/span><\/a><a aria-label=\"Reddit\" class=\"heateor_sss_button_reddit\" href=\"https:\/\/reddit.com\/submit?url=https%3A%2F%2Fwww.lacostituzione.info%2Findex.php%2F2023%2F12%2F17%2Fle-novita-della-cop28-tra-uso-delle-parole-e-costituzione%2F&title=Le%20novit%C3%A0%20della%20COP28%20tra%20uso%20delle%20parole%20e%20Costituzione\" title=\"Reddit\" rel=\"nofollow noopener\" target=\"_blank\" style=\"font-size:32px!important;box-shadow:none;display:inline-block;vertical-align:middle\"><span class=\"heateor_sss_svg heateor_sss_s__default heateor_sss_s_reddit\" style=\"background-color:#ff5700;width:35px;height:35px;display:inline-block;opacity:1;float:left;font-size:32px;box-shadow:none;display:inline-block;font-size:16px;padding:0 4px;vertical-align:middle;background-repeat:repeat;overflow:hidden;padding:0;cursor:pointer;box-sizing:content-box\"><svg style=\"display:block;\" focusable=\"false\" aria-hidden=\"true\" xmlns=\"http:\/\/www.w3.org\/2000\/svg\" width=\"100%\" height=\"100%\" viewBox=\"-3.5 -3.5 39 39\"><path d=\"M28.543 15.774a2.953 2.953 0 0 0-2.951-2.949 2.882 2.882 0 0 0-1.9.713 14.075 14.075 0 0 0-6.85-2.044l1.38-4.349 3.768.884a2.452 2.452 0 1 0 .24-1.176l-4.274-1a.6.6 0 0 0-.709.4l-1.659 5.224a14.314 14.314 0 0 0-7.316 2.029 2.908 2.908 0 0 0-1.872-.681 2.942 2.942 0 0 0-1.618 5.4 5.109 5.109 0 0 0-.062.765c0 4.158 5.037 7.541 11.229 7.541s11.22-3.383 11.22-7.541a5.2 5.2 0 0 0-.053-.706 2.963 2.963 0 0 0 1.427-2.51zm-18.008 1.88a1.753 1.753 0 0 1 1.73-1.74 1.73 1.73 0 0 1 1.709 1.74 1.709 1.709 0 0 1-1.709 1.711 1.733 1.733 0 0 1-1.73-1.711zm9.565 4.968a5.573 5.573 0 0 1-4.081 1.272h-.032a5.576 5.576 0 0 1-4.087-1.272.6.6 0 0 1 .844-.854 4.5 4.5 0 0 0 3.238.927h.032a4.5 4.5 0 0 0 3.237-.927.6.6 0 1 1 .844.854zm-.331-3.256a1.726 1.726 0 1 1 1.709-1.712 1.717 1.717 0 0 1-1.712 1.712z\" fill=\"#fff\"\/><\/svg><\/span><\/a><a aria-label=\"Linkedin\" class=\"heateor_sss_button_linkedin\" href=\"https:\/\/www.linkedin.com\/sharing\/share-offsite\/?url=https%3A%2F%2Fwww.lacostituzione.info%2Findex.php%2F2023%2F12%2F17%2Fle-novita-della-cop28-tra-uso-delle-parole-e-costituzione%2F\" title=\"Linkedin\" rel=\"nofollow noopener\" target=\"_blank\" style=\"font-size:32px!important;box-shadow:none;display:inline-block;vertical-align:middle\"><span class=\"heateor_sss_svg heateor_sss_s__default heateor_sss_s_linkedin\" style=\"background-color:#0077b5;width:35px;height:35px;display:inline-block;opacity:1;float:left;font-size:32px;box-shadow:none;display:inline-block;font-size:16px;padding:0 4px;vertical-align:middle;background-repeat:repeat;overflow:hidden;padding:0;cursor:pointer;box-sizing:content-box\"><svg style=\"display:block;\" focusable=\"false\" aria-hidden=\"true\" xmlns=\"http:\/\/www.w3.org\/2000\/svg\" width=\"100%\" height=\"100%\" viewBox=\"0 0 32 32\"><path d=\"M6.227 12.61h4.19v13.48h-4.19V12.61zm2.095-6.7a2.43 2.43 0 0 1 0 4.86c-1.344 0-2.428-1.09-2.428-2.43s1.084-2.43 2.428-2.43m4.72 6.7h4.02v1.84h.058c.56-1.058 1.927-2.176 3.965-2.176 4.238 0 5.02 2.792 5.02 6.42v7.395h-4.183v-6.56c0-1.564-.03-3.574-2.178-3.574-2.18 0-2.514 1.7-2.514 3.46v6.668h-4.187V12.61z\" fill=\"#fff\"><\/path><\/svg><\/span><\/a><a aria-label=\"Pinterest\" class=\"heateor_sss_button_pinterest\" href=\"https:\/\/www.lacostituzione.info\/index.php\/2023\/12\/17\/le-novita-della-cop28-tra-uso-delle-parole-e-costituzione\/\" onclick=\"event.preventDefault();javascript:void( (function() {var e=document.createElement('script' );e.setAttribute('type','text\/javascript' );e.setAttribute('charset','UTF-8' );e.setAttribute('src','\/\/assets.pinterest.com\/js\/pinmarklet.js?r='+Math.random()*99999999);document.body.appendChild(e)})());\" title=\"Pinterest\" rel=\"noopener\" style=\"font-size:32px!important;box-shadow:none;display:inline-block;vertical-align:middle\"><span class=\"heateor_sss_svg heateor_sss_s__default heateor_sss_s_pinterest\" style=\"background-color:#cc2329;width:35px;height:35px;display:inline-block;opacity:1;float:left;font-size:32px;box-shadow:none;display:inline-block;font-size:16px;padding:0 4px;vertical-align:middle;background-repeat:repeat;overflow:hidden;padding:0;cursor:pointer;box-sizing:content-box\"><svg style=\"display:block;\" focusable=\"false\" aria-hidden=\"true\" xmlns=\"http:\/\/www.w3.org\/2000\/svg\" width=\"100%\" height=\"100%\" viewBox=\"-2 -2 35 35\"><path fill=\"#fff\" d=\"M16.539 4.5c-6.277 0-9.442 4.5-9.442 8.253 0 2.272.86 4.293 2.705 5.046.303.125.574.005.662-.33.061-.231.205-.816.27-1.06.088-.331.053-.447-.191-.736-.532-.627-.873-1.439-.873-2.591 0-3.338 2.498-6.327 6.505-6.327 3.548 0 5.497 2.168 5.497 5.062 0 3.81-1.686 7.025-4.188 7.025-1.382 0-2.416-1.142-2.085-2.545.397-1.674 1.166-3.48 1.166-4.689 0-1.081-.581-1.983-1.782-1.983-1.413 0-2.548 1.462-2.548 3.419 0 1.247.421 2.091.421 2.091l-1.699 7.199c-.505 2.137-.076 4.755-.039 5.019.021.158.223.196.314.077.13-.17 1.813-2.247 2.384-4.324.162-.587.929-3.631.929-3.631.46.876 1.801 1.646 3.227 1.646 4.247 0 7.128-3.871 7.128-9.053.003-3.918-3.317-7.568-8.361-7.568z\"\/><\/svg><\/span><\/a><a aria-label=\"Whatsapp\" class=\"heateor_sss_whatsapp\" href=\"https:\/\/api.whatsapp.com\/send?text=Le%20novit%C3%A0%20della%20COP28%20tra%20uso%20delle%20parole%20e%20Costituzione%20https%3A%2F%2Fwww.lacostituzione.info%2Findex.php%2F2023%2F12%2F17%2Fle-novita-della-cop28-tra-uso-delle-parole-e-costituzione%2F\" title=\"Whatsapp\" rel=\"nofollow noopener\" target=\"_blank\" style=\"font-size:32px!important;box-shadow:none;display:inline-block;vertical-align:middle\"><span class=\"heateor_sss_svg\" style=\"background-color:#55eb4c;width:35px;height:35px;display:inline-block;opacity:1;float:left;font-size:32px;box-shadow:none;display:inline-block;font-size:16px;padding:0 4px;vertical-align:middle;background-repeat:repeat;overflow:hidden;padding:0;cursor:pointer;box-sizing:content-box\"><svg style=\"display:block;\" focusable=\"false\" aria-hidden=\"true\" xmlns=\"http:\/\/www.w3.org\/2000\/svg\" width=\"100%\" height=\"100%\" viewBox=\"-6 -5 40 40\"><path class=\"heateor_sss_svg_stroke heateor_sss_no_fill\" stroke=\"#fff\" stroke-width=\"2\" fill=\"none\" d=\"M 11.579798566743314 24.396926207859085 A 10 10 0 1 0 6.808479557110079 20.73576436351046\"><\/path><path d=\"M 7 19 l -1 6 l 6 -1\" class=\"heateor_sss_no_fill heateor_sss_svg_stroke\" stroke=\"#fff\" stroke-width=\"2\" fill=\"none\"><\/path><path d=\"M 10 10 q -1 8 8 11 c 5 -1 0 -6 -1 -3 q -4 -3 -5 -5 c 4 -2 -1 -5 -1 -4\" fill=\"#fff\"><\/path><\/svg><\/span><\/a><\/div><div class=\"heateorSssClear\"><\/div><\/div><div class='heateorSssClear'><\/div>","protected":false},"author":1,"featured_media":0,"comment_status":"open","ping_status":"open","sticky":false,"template":"","format":"standard","meta":{"jetpack_post_was_ever_published":false,"_jetpack_newsletter_access":"","_jetpack_dont_email_post_to_subs":false,"_jetpack_newsletter_tier_id":0,"_jetpack_memberships_contains_paywalled_content":false,"_jetpack_memberships_contains_paid_content":false,"footnotes":"","jetpack_publicize_message":"","jetpack_publicize_feature_enabled":true,"jetpack_social_post_already_shared":false,"jetpack_social_options":{"image_generator_settings":{"template":"highway","default_image_id":0,"enabled":false},"version":2}},"categories":[5],"tags":[242,1441,240,1693],"class_list":["post-8948","post","type-post","status-publish","format-standard","hentry","category-lavori-in-corso","tag-accordo-di-parigi","tag-catastrofe-climatica","tag-clima","tag-cop28"],"jetpack_publicize_connections":[],"jetpack_featured_media_url":"","jetpack_shortlink":"https:\/\/wp.me\/p84sDq-2kk","jetpack_likes_enabled":true,"jetpack_sharing_enabled":true,"_links":{"self":[{"href":"https:\/\/www.lacostituzione.info\/index.php\/wp-json\/wp\/v2\/posts\/8948","targetHints":{"allow":["GET"]}}],"collection":[{"href":"https:\/\/www.lacostituzione.info\/index.php\/wp-json\/wp\/v2\/posts"}],"about":[{"href":"https:\/\/www.lacostituzione.info\/index.php\/wp-json\/wp\/v2\/types\/post"}],"author":[{"embeddable":true,"href":"https:\/\/www.lacostituzione.info\/index.php\/wp-json\/wp\/v2\/users\/1"}],"replies":[{"embeddable":true,"href":"https:\/\/www.lacostituzione.info\/index.php\/wp-json\/wp\/v2\/comments?post=8948"}],"version-history":[{"count":0,"href":"https:\/\/www.lacostituzione.info\/index.php\/wp-json\/wp\/v2\/posts\/8948\/revisions"}],"wp:attachment":[{"href":"https:\/\/www.lacostituzione.info\/index.php\/wp-json\/wp\/v2\/media?parent=8948"}],"wp:term":[{"taxonomy":"category","embeddable":true,"href":"https:\/\/www.lacostituzione.info\/index.php\/wp-json\/wp\/v2\/categories?post=8948"},{"taxonomy":"post_tag","embeddable":true,"href":"https:\/\/www.lacostituzione.info\/index.php\/wp-json\/wp\/v2\/tags?post=8948"}],"curies":[{"name":"wp","href":"https:\/\/api.w.org\/{rel}","templated":true}]}}