{"id":8966,"date":"2023-12-30T18:23:26","date_gmt":"2023-12-30T17:23:26","guid":{"rendered":"http:\/\/www.lacostituzione.info\/?p=8966"},"modified":"2023-12-30T18:48:06","modified_gmt":"2023-12-30T17:48:06","slug":"elezione-diretta-del-premier-e-indiretta-delle-camere-il-problema-del-voto-degli-italiani-allestero","status":"publish","type":"post","link":"https:\/\/www.lacostituzione.info\/index.php\/2023\/12\/30\/elezione-diretta-del-premier-e-indiretta-delle-camere-il-problema-del-voto-degli-italiani-allestero\/","title":{"rendered":"Elezione diretta del premier e indiretta delle Camere. Il problema del voto degli italiani all&#8217;estero"},"content":{"rendered":"\n<p style=\"text-align: left;\">di <strong>Roberta Calvano<\/strong> e <strong>Lorenzo Spadacini<a href=\"http:\/\/www.lacostituzione.info\/wp-content\/uploads\/2023\/12\/output_immagine.jpeg\"><img loading=\"lazy\" decoding=\"async\" data-attachment-id=\"8967\" data-permalink=\"https:\/\/www.lacostituzione.info\/index.php\/2023\/12\/30\/elezione-diretta-del-premier-e-indiretta-delle-camere-il-problema-del-voto-degli-italiani-allestero\/output_immagine\/#main\" data-orig-file=\"https:\/\/www.lacostituzione.info\/wp-content\/uploads\/2023\/12\/output_immagine.jpeg\" data-orig-size=\"780,405\" data-comments-opened=\"1\" data-image-meta=\"{&quot;aperture&quot;:&quot;0&quot;,&quot;credit&quot;:&quot;&quot;,&quot;camera&quot;:&quot;&quot;,&quot;caption&quot;:&quot;&quot;,&quot;created_timestamp&quot;:&quot;0&quot;,&quot;copyright&quot;:&quot;&quot;,&quot;focal_length&quot;:&quot;0&quot;,&quot;iso&quot;:&quot;0&quot;,&quot;shutter_speed&quot;:&quot;0&quot;,&quot;title&quot;:&quot;&quot;,&quot;orientation&quot;:&quot;0&quot;}\" data-image-title=\"output_immagine\" data-image-description=\"\" data-image-caption=\"\" data-medium-file=\"https:\/\/www.lacostituzione.info\/wp-content\/uploads\/2023\/12\/output_immagine-300x156.jpeg\" data-large-file=\"https:\/\/www.lacostituzione.info\/wp-content\/uploads\/2023\/12\/output_immagine.jpeg\" class=\"alignright size-thumbnail wp-image-8967\" src=\"http:\/\/www.lacostituzione.info\/wp-content\/uploads\/2023\/12\/output_immagine-150x150.jpeg\" alt=\"\" width=\"150\" height=\"150\" \/><\/a><\/strong><\/p>\n<p>Pi\u00f9 ci si pensa pi\u00f9 si disvela l\u2019impatto potenzialmente devastante che la riforma del cd. Premierato (<a href=\"https:\/\/www.senato.it\/leg\/19\/BGT\/Schede\/Ddliter\/57694.htm\">disegnata nel ddl AS 935 in discussione al Senato<\/a>) \u00e8 suscettibile di produrre sulla democrazia costituzionale. <!--more-->Si \u00e8 discusso molto del suo svuotare tacitamente il ruolo di garanzia del Capo dello Stato. Un po&#8217; meno attenzione \u00e8 stata tributata a ci\u00f2 che essa comporta per il Parlamento, e in definitiva se essa non sia qualitativamente diversa dalla mera revisione costituzionale di quattro articoli della Costituzione.<\/p>\n<p>Ci\u00f2 che a una riflessione pi\u00f9 attenta appare evidente \u00e8 che il nostro Parlamento, gi\u00e0 in crisi da tempo per tanti motivi, diverrebbe organo eletto in via indiretta, la cui composizione sarebbe la risultante del voto per l\u2019elezione diretta del Premier, che trascinerebbe con s\u00e9 il riparto dei seggi tra le liste candidate nelle due Camere. Non si tratta solo di dinamiche politiche, ossia del fatto che la natura plebiscitaria del voto per una carica monocratica trascina con s\u00e9 il consenso necessario alla lista che la sostiene. Ma della previsione per cui la lista del Premier (o la sua coalizione), in ragione di tale sostegno, godrebbe di un premio potenzialmente cos\u00ec significativo, da comportare l&#8217;attribuzione di un numero di seggi abnorme, prevedendo la riforma il risultato obbligato del 55% dei parlamentari per la lista che ottiene pi\u00f9 voti (magari il 25%, come nelle ultime politiche).<\/p>\n<p>Portare una lista ad ottenere pi\u00f9 del doppio dei seggi rispetto a quanto le spetterebbe in forza del risultato elettorale sarebbe non solo lesivo (degli artt. 3 e 48) della Costituzione, come la Corte costituzionale ha gi\u00e0 chiarito in passato, ma, ancor pi\u00f9 grave, renderebbe il Parlamento organo ad elezione indiretta. Un numero decisivo di seggi sarebbe insomma il frutto non del voto popolare per la selezione dei parlamentari, ma dal meccanismo imposto dalla norma di revisione costituzionale dell\u2019art. 92 Cost., che non a caso costituzionalizza il principio della <em>governabilit\u00e0<\/em> ponendolo sullo stesso piano di quello supremo della <em>rappresentativit\u00e0<\/em>, con effetti assolutamente dirompenti. La sovranit\u00e0 non apparterrebbe pi\u00f9 al popolo, nelle forme e nei limiti della Costituzione, e cio\u00e8 quelle della rappresentanza politica. La sovranit\u00e0 sarebbe del \u201cCapo\u201d, il Presidente del Consiglio, che ancor pi\u00f9 di oggi sceglierebbe chi candidare all&#8217;elezione entro Camera e Senato, distribuendo seggi garantiti da un premio che prescinder\u00e0 dal voto per eleggere deputati e senatori, che non sarebbe pi\u00f9 personale, diretto, uguale e libero. Come ci\u00f2 potrebbe esattamente prodursi naturalmente dipender\u00e0 dai dettagli del sistema elettorale. Ma dal punto di vista del possibile impatto della riforma, un baco nel progetto del governo sembra possa derivare dal voto degli italiani all\u2019estero.<\/p>\n<p>A dicembre 2023 i dati del Ministero dell\u2019Interno dicono che gli italiani all\u2019estero iscritti all\u2019AIRE, quindi potenziali elettori, sono arrivati a toccare quasi i sei milioni, e risultano in costante crescita negli ultimi anni. Ma come incide il voto degli italiani all\u2019estero sulla riforma proposta dal Governo Meloni? \u00c8 possibile distinguere le due elezioni \u201ccontestuali\u201d che la riforma prefigura: l\u2019elezione del Presidente del Consiglio e quella delle Camere.<\/p>\n<p>Nella prima, il <em>Premier<\/em> sar\u00e0 eletto da tutti i cittadini maggiorenni che godono dei diritti politici, che siano residenti in Italia o all\u2019estero e ovviamente sar\u00e0 eletto chi ottiene pi\u00f9 voti. La seconda elezione prevista, che consideriamo tale perch\u00e9 determinata dal voto nella prima, \u00e8 quella per il Parlamento. La legge elettorale per le due Camere potr\u00e0 essere diversamente configurata dal legislatore ma, in ogni caso, dovr\u00e0 prevedere \u201cche un premio, assegnato su base nazionale, garantisca il 55% dei seggi in ciascuna delle due Camere alle liste e ai candidati collegati al Presidente del Consiglio\u201d. In particolare, la legge elettorale per la Camera dei deputati dovr\u00e0 fare in modo che il 55% dei 400 seggi della Camera &#8211; quindi ben 220 &#8211; siano assegnati alla lista o alle liste collegate al Presidente del Consiglio. Lo stesso dovr\u00e0 prevedere la legge elettorale per il Senato, che dovr\u00e0 garantire sempre alle liste collegate al Presidente vincente almeno 110 seggi su 200. Per garantire questo risultato, la rappresentanza complessiva e quella espressa da ciascuna delle circoscrizioni elettorali deve essere alterata in modo potenzialmente molto consistente, cos\u00ec da assegnare molti pi\u00f9 seggi (rispetto ai voti conseguiti) a chi abbia ottenuto il premio a livello nazionale, a discapito di chi sia risultato soccombente.<\/p>\n<p>La combinazione delle due elezioni fa s\u00ec che l\u2019esito che conta davvero \u00e8 ovviamente quello per l\u2019elezione del Presidente del Consiglio, perch\u00e9 questa elezione non determina solo l\u2019individuazione del vertice del Governo, ma anche l&#8217;assegnazione alla sua coalizione del 55% dei seggi in ciascuna delle due Camere, a prescindere dai voti che tale coalizione abbia ottenuto.<\/p>\n<p>Si consideri, a questo punto, il seguente scenario: che sia eletto <em>Premier<\/em> un candidato risultato minoritario tra gli elettori residenti in Italia, ma vittorioso nel complesso dei votanti in ragione del suo vantaggio di voti all\u2019estero. In tal caso, la legge elettorale dovr\u00e0 necessariamente prevedere che alla sua coalizione sia assegnato il 55% dei seggi in entrambe le Camere. La maggioranza dei deputati e senatori, dunque, sar\u00e0 individuata sulla base del voto decisivo degli italiani all\u2019estero. Ne consegue che in ogni circoscrizione italiana i seggi da assegnare alla coalizione del Presidente del Consiglio eletto, minoritaria in Italia, dovranno essere \u201cgonfiati\u201d, in modo da raggiungere un numero tale da costituire, nel complesso delle circoscrizioni, il 55% dei parlamentari. Corrispondentemente, in ogni circoscrizione italiana, la coalizione maggioritaria in Italia (e le altre coalizioni minoritarie) dovranno cedere seggi a quella vittoriosa nel complesso, in quanto maggioritaria all\u2019estero.<\/p>\n<p>Si tenga conto, peraltro, che il grado di questa \u201calterazione\u201d dei risultati elettorali a seguito dell\u2019attribuzione del premio all\u2019una o all\u2019altra coalizione, pu\u00f2 essere molto elevato. Nelle elezioni del 2013, regolate dal c.d. porcellum, con analogo premio del 55%, circa un terzo dei seggi della Camera \u00e8 dipeso dall\u2019attribuzione del premio. Ci\u00f2 significa che anche in ciascuna delle 27 circoscrizioni in cui \u00e8 suddiviso il territorio nazionale, circa un terzo dei seggi potranno essere attribuiti non tanto in funzione dei voti espressi dagli elettori di quella circoscrizione ma a causa del voto espresso dagli italiani residenti all\u2019estero.<\/p>\n<p>Non si tratta nemmeno di ipotesi del tutto improbabili. Nel 2013, per esempio, il divario tra il centrosinistra e il centrodestra fu di soli 125 mila voti circa e nel 2006 di soli 24 mila, scarti facilmente ribaltabili dal voto degli italiani all&#8217;estero, che alle ultime elezioni hanno votato in circa un milione e 250 mila. Peraltro, il Maie da solo, un partito degli italiani all&#8217;estero radicato in Sud Amer,ica, che ha votato la fiducia sia a governi di centrodestra, che di centrosinistra e anche al governo c.d. giallo-verde, nelle ultime elezioni ha ottenuto 146 mila voti, sufficienti cio\u00e8 a ribaltare, con appositi accordi, l\u2019esito delle elezioni in Italia almeno nei due casi indicati.<\/p>\n<p>Con l\u2019elezione diretta del <em>Premier<\/em>, il voto degli italiani all\u2019Estero potrebbe dunque diventare decisivo non solo per tale scelta, ma anche per l&#8217;elezione di un numero potenzialmente molto elevato di parlamentari delle circoscrizioni in Italia. Ci\u00f2 avverrebbe nonostante il fatto che gli italiani della Circoscrizione Estero dovrebbero eleggere solo 4 senatori e 8 deputati (numeri limati dalla riduzione del numero dei parlamentari). Il voto degli italiani all\u2019estero verrebbe invece usato due volte, per eleggere i 12 parlamentari spettanti alla Circoscrizione estero, ai sensi degli articoli 56 e 57 Cost., e &#8211; in contrasto con tale previsione &#8211; per l\u2019elezione di tutti quelli corrispondenti all\u2019abnorme premio di maggioranza.<\/p>\n<p>Un simile esito preoccupa anche alla luce delle molte contestazioni che sin dalla sua introduzione hanno caratterizzato il voto per corrispondenza. Non avendo il nostro ordinamento un giudice del contenzioso elettorale, in caso di contestazioni del risultato elettorale l\u2019organo competente quale potrebbe essere? Per la sua elezione come parlamentare, competente sarebbe la giunta per le elezioni della Camera in cui il <em>Premier<\/em> si candida. Questa soluzione potrebbe applicarsi anche all\u2019elezione come Presidente del Consiglio, considerato che la giunta \u00e8 composta dai parlamentari che si vedono attribuire i seggi nell\u2019ambito del medesimo procedimento elettorale che potr\u00e0 essere oggetto del contenzioso? Si pu\u00f2 considerare una garanzia sufficiente attribuire il contenzioso per l\u2019elezione del <em>Premier<\/em> a una decisione della sua stessa maggioranza parlamentare?<\/p>\n<p>Questa lacuna va considerata insieme all\u2019indebolimento delle altre garanzie costituzionali che deriverebbe dal premio del 55%. Tale norma regalerebbe potenzialmente ad un solo partito, per di pi\u00f9 minoritario, la scelta sull\u2019elezione del Presidente della Repubblica, sulla revisione costituzionale, sull\u2019elezione dei giudici costituzionali e dei membri laici del CSM\u2026 siamo proprio sicuri che dati i contenuti, si sia nei limiti di ci\u00f2 che pu\u00f2 ancora essere considerato una revisione costituzionale? Toccando solo quattro articoli si riuscirebbe a trasformare le Camere nel fantoccio di un organo rappresentativo (e il Capo dello Stato in un impotente comprimario). Il dubbio \u00e8 se questa operazione non ci porti al di fuori dalla forma dello Stato costituzionale di diritto, in definitiva fuori dal novero delle democrazie liberali.<\/p>\n","protected":false},"excerpt":{"rendered":"<p>di Roberta Calvano e Lorenzo Spadacini Pi\u00f9 ci si pensa pi\u00f9 si disvela l\u2019impatto potenzialmente devastante che la riforma del cd. Premierato (disegnata nel ddl AS 935 in discussione al Senato) \u00e8 suscettibile di produrre sulla democrazia costituzionale.<\/p>\n<div class='heateorSssClear'><\/div><div  class='heateor_sss_sharing_container heateor_sss_horizontal_sharing' data-heateor-sss-href='https:\/\/www.lacostituzione.info\/index.php\/2023\/12\/30\/elezione-diretta-del-premier-e-indiretta-delle-camere-il-problema-del-voto-degli-italiani-allestero\/'><div class='heateor_sss_sharing_title' style=\"font-weight:bold\" >Condividi!<\/div><div class=\"heateor_sss_sharing_ul\"><a aria-label=\"Facebook\" class=\"heateor_sss_facebook\" href=\"https:\/\/www.facebook.com\/sharer\/sharer.php?u=https%3A%2F%2Fwww.lacostituzione.info%2Findex.php%2F2023%2F12%2F30%2Felezione-diretta-del-premier-e-indiretta-delle-camere-il-problema-del-voto-degli-italiani-allestero%2F\" title=\"Facebook\" rel=\"nofollow noopener\" target=\"_blank\" style=\"font-size:32px!important;box-shadow:none;display:inline-block;vertical-align:middle\"><span class=\"heateor_sss_svg\" style=\"background-color:#0765FE;width:35px;height:35px;display:inline-block;opacity:1;float:left;font-size:32px;box-shadow:none;display:inline-block;font-size:16px;padding:0 4px;vertical-align:middle;background-repeat:repeat;overflow:hidden;padding:0;cursor:pointer;box-sizing:content-box\"><svg style=\"display:block;\" focusable=\"false\" aria-hidden=\"true\" xmlns=\"http:\/\/www.w3.org\/2000\/svg\" width=\"100%\" height=\"100%\" viewBox=\"0 0 32 32\"><path fill=\"#fff\" d=\"M28 16c0-6.627-5.373-12-12-12S4 9.373 4 16c0 5.628 3.875 10.35 9.101 11.647v-7.98h-2.474V16H13.1v-1.58c0-4.085 1.849-5.978 5.859-5.978.76 0 2.072.15 2.608.298v3.325c-.283-.03-.775-.045-1.386-.045-1.967 0-2.728.745-2.728 2.683V16h3.92l-.673 3.667h-3.247v8.245C23.395 27.195 28 22.135 28 16Z\"><\/path><\/svg><\/span><\/a><a aria-label=\"Twitter\" class=\"heateor_sss_button_twitter\" href=\"https:\/\/twitter.com\/intent\/tweet?text=Elezione%20diretta%20del%20premier%20e%20indiretta%20delle%20Camere.%20Il%20problema%20del%20voto%20degli%20italiani%20all%27estero&url=https%3A%2F%2Fwww.lacostituzione.info%2Findex.php%2F2023%2F12%2F30%2Felezione-diretta-del-premier-e-indiretta-delle-camere-il-problema-del-voto-degli-italiani-allestero%2F\" title=\"Twitter\" rel=\"nofollow noopener\" target=\"_blank\" style=\"font-size:32px!important;box-shadow:none;display:inline-block;vertical-align:middle\"><span class=\"heateor_sss_svg heateor_sss_s__default heateor_sss_s_twitter\" style=\"background-color:#55acee;width:35px;height:35px;display:inline-block;opacity:1;float:left;font-size:32px;box-shadow:none;display:inline-block;font-size:16px;padding:0 4px;vertical-align:middle;background-repeat:repeat;overflow:hidden;padding:0;cursor:pointer;box-sizing:content-box\"><svg style=\"display:block;\" focusable=\"false\" aria-hidden=\"true\" xmlns=\"http:\/\/www.w3.org\/2000\/svg\" width=\"100%\" height=\"100%\" viewBox=\"-4 -4 39 39\"><path d=\"M28 8.557a9.913 9.913 0 0 1-2.828.775 4.93 4.93 0 0 0 2.166-2.725 9.738 9.738 0 0 1-3.13 1.194 4.92 4.92 0 0 0-3.593-1.55 4.924 4.924 0 0 0-4.794 6.049c-4.09-.21-7.72-2.17-10.15-5.15a4.942 4.942 0 0 0-.665 2.477c0 1.71.87 3.214 2.19 4.1a4.968 4.968 0 0 1-2.23-.616v.06c0 2.39 1.7 4.38 3.952 4.83-.414.115-.85.174-1.297.174-.318 0-.626-.03-.928-.086a4.935 4.935 0 0 0 4.6 3.42 9.893 9.893 0 0 1-6.114 2.107c-.398 0-.79-.023-1.175-.068a13.953 13.953 0 0 0 7.55 2.213c9.056 0 14.01-7.507 14.01-14.013 0-.213-.005-.426-.015-.637.96-.695 1.795-1.56 2.455-2.55z\" fill=\"#fff\"><\/path><\/svg><\/span><\/a><a aria-label=\"Reddit\" class=\"heateor_sss_button_reddit\" href=\"https:\/\/reddit.com\/submit?url=https%3A%2F%2Fwww.lacostituzione.info%2Findex.php%2F2023%2F12%2F30%2Felezione-diretta-del-premier-e-indiretta-delle-camere-il-problema-del-voto-degli-italiani-allestero%2F&title=Elezione%20diretta%20del%20premier%20e%20indiretta%20delle%20Camere.%20Il%20problema%20del%20voto%20degli%20italiani%20all%27estero\" title=\"Reddit\" rel=\"nofollow noopener\" target=\"_blank\" style=\"font-size:32px!important;box-shadow:none;display:inline-block;vertical-align:middle\"><span class=\"heateor_sss_svg heateor_sss_s__default heateor_sss_s_reddit\" style=\"background-color:#ff5700;width:35px;height:35px;display:inline-block;opacity:1;float:left;font-size:32px;box-shadow:none;display:inline-block;font-size:16px;padding:0 4px;vertical-align:middle;background-repeat:repeat;overflow:hidden;padding:0;cursor:pointer;box-sizing:content-box\"><svg style=\"display:block;\" focusable=\"false\" aria-hidden=\"true\" xmlns=\"http:\/\/www.w3.org\/2000\/svg\" width=\"100%\" height=\"100%\" viewBox=\"-3.5 -3.5 39 39\"><path d=\"M28.543 15.774a2.953 2.953 0 0 0-2.951-2.949 2.882 2.882 0 0 0-1.9.713 14.075 14.075 0 0 0-6.85-2.044l1.38-4.349 3.768.884a2.452 2.452 0 1 0 .24-1.176l-4.274-1a.6.6 0 0 0-.709.4l-1.659 5.224a14.314 14.314 0 0 0-7.316 2.029 2.908 2.908 0 0 0-1.872-.681 2.942 2.942 0 0 0-1.618 5.4 5.109 5.109 0 0 0-.062.765c0 4.158 5.037 7.541 11.229 7.541s11.22-3.383 11.22-7.541a5.2 5.2 0 0 0-.053-.706 2.963 2.963 0 0 0 1.427-2.51zm-18.008 1.88a1.753 1.753 0 0 1 1.73-1.74 1.73 1.73 0 0 1 1.709 1.74 1.709 1.709 0 0 1-1.709 1.711 1.733 1.733 0 0 1-1.73-1.711zm9.565 4.968a5.573 5.573 0 0 1-4.081 1.272h-.032a5.576 5.576 0 0 1-4.087-1.272.6.6 0 0 1 .844-.854 4.5 4.5 0 0 0 3.238.927h.032a4.5 4.5 0 0 0 3.237-.927.6.6 0 1 1 .844.854zm-.331-3.256a1.726 1.726 0 1 1 1.709-1.712 1.717 1.717 0 0 1-1.712 1.712z\" fill=\"#fff\"\/><\/svg><\/span><\/a><a aria-label=\"Linkedin\" class=\"heateor_sss_button_linkedin\" href=\"https:\/\/www.linkedin.com\/sharing\/share-offsite\/?url=https%3A%2F%2Fwww.lacostituzione.info%2Findex.php%2F2023%2F12%2F30%2Felezione-diretta-del-premier-e-indiretta-delle-camere-il-problema-del-voto-degli-italiani-allestero%2F\" title=\"Linkedin\" rel=\"nofollow noopener\" target=\"_blank\" style=\"font-size:32px!important;box-shadow:none;display:inline-block;vertical-align:middle\"><span class=\"heateor_sss_svg heateor_sss_s__default heateor_sss_s_linkedin\" style=\"background-color:#0077b5;width:35px;height:35px;display:inline-block;opacity:1;float:left;font-size:32px;box-shadow:none;display:inline-block;font-size:16px;padding:0 4px;vertical-align:middle;background-repeat:repeat;overflow:hidden;padding:0;cursor:pointer;box-sizing:content-box\"><svg style=\"display:block;\" focusable=\"false\" aria-hidden=\"true\" xmlns=\"http:\/\/www.w3.org\/2000\/svg\" width=\"100%\" height=\"100%\" viewBox=\"0 0 32 32\"><path d=\"M6.227 12.61h4.19v13.48h-4.19V12.61zm2.095-6.7a2.43 2.43 0 0 1 0 4.86c-1.344 0-2.428-1.09-2.428-2.43s1.084-2.43 2.428-2.43m4.72 6.7h4.02v1.84h.058c.56-1.058 1.927-2.176 3.965-2.176 4.238 0 5.02 2.792 5.02 6.42v7.395h-4.183v-6.56c0-1.564-.03-3.574-2.178-3.574-2.18 0-2.514 1.7-2.514 3.46v6.668h-4.187V12.61z\" fill=\"#fff\"><\/path><\/svg><\/span><\/a><a aria-label=\"Pinterest\" class=\"heateor_sss_button_pinterest\" href=\"https:\/\/www.lacostituzione.info\/index.php\/2023\/12\/30\/elezione-diretta-del-premier-e-indiretta-delle-camere-il-problema-del-voto-degli-italiani-allestero\/\" onclick=\"event.preventDefault();javascript:void( (function() {var e=document.createElement('script' );e.setAttribute('type','text\/javascript' );e.setAttribute('charset','UTF-8' );e.setAttribute('src','\/\/assets.pinterest.com\/js\/pinmarklet.js?r='+Math.random()*99999999);document.body.appendChild(e)})());\" title=\"Pinterest\" rel=\"noopener\" style=\"font-size:32px!important;box-shadow:none;display:inline-block;vertical-align:middle\"><span class=\"heateor_sss_svg heateor_sss_s__default heateor_sss_s_pinterest\" style=\"background-color:#cc2329;width:35px;height:35px;display:inline-block;opacity:1;float:left;font-size:32px;box-shadow:none;display:inline-block;font-size:16px;padding:0 4px;vertical-align:middle;background-repeat:repeat;overflow:hidden;padding:0;cursor:pointer;box-sizing:content-box\"><svg style=\"display:block;\" focusable=\"false\" aria-hidden=\"true\" xmlns=\"http:\/\/www.w3.org\/2000\/svg\" width=\"100%\" height=\"100%\" viewBox=\"-2 -2 35 35\"><path fill=\"#fff\" d=\"M16.539 4.5c-6.277 0-9.442 4.5-9.442 8.253 0 2.272.86 4.293 2.705 5.046.303.125.574.005.662-.33.061-.231.205-.816.27-1.06.088-.331.053-.447-.191-.736-.532-.627-.873-1.439-.873-2.591 0-3.338 2.498-6.327 6.505-6.327 3.548 0 5.497 2.168 5.497 5.062 0 3.81-1.686 7.025-4.188 7.025-1.382 0-2.416-1.142-2.085-2.545.397-1.674 1.166-3.48 1.166-4.689 0-1.081-.581-1.983-1.782-1.983-1.413 0-2.548 1.462-2.548 3.419 0 1.247.421 2.091.421 2.091l-1.699 7.199c-.505 2.137-.076 4.755-.039 5.019.021.158.223.196.314.077.13-.17 1.813-2.247 2.384-4.324.162-.587.929-3.631.929-3.631.46.876 1.801 1.646 3.227 1.646 4.247 0 7.128-3.871 7.128-9.053.003-3.918-3.317-7.568-8.361-7.568z\"\/><\/svg><\/span><\/a><a aria-label=\"Whatsapp\" class=\"heateor_sss_whatsapp\" href=\"https:\/\/api.whatsapp.com\/send?text=Elezione%20diretta%20del%20premier%20e%20indiretta%20delle%20Camere.%20Il%20problema%20del%20voto%20degli%20italiani%20all%27estero%20https%3A%2F%2Fwww.lacostituzione.info%2Findex.php%2F2023%2F12%2F30%2Felezione-diretta-del-premier-e-indiretta-delle-camere-il-problema-del-voto-degli-italiani-allestero%2F\" title=\"Whatsapp\" rel=\"nofollow noopener\" target=\"_blank\" style=\"font-size:32px!important;box-shadow:none;display:inline-block;vertical-align:middle\"><span class=\"heateor_sss_svg\" style=\"background-color:#55eb4c;width:35px;height:35px;display:inline-block;opacity:1;float:left;font-size:32px;box-shadow:none;display:inline-block;font-size:16px;padding:0 4px;vertical-align:middle;background-repeat:repeat;overflow:hidden;padding:0;cursor:pointer;box-sizing:content-box\"><svg style=\"display:block;\" focusable=\"false\" aria-hidden=\"true\" xmlns=\"http:\/\/www.w3.org\/2000\/svg\" width=\"100%\" height=\"100%\" viewBox=\"-6 -5 40 40\"><path class=\"heateor_sss_svg_stroke heateor_sss_no_fill\" stroke=\"#fff\" stroke-width=\"2\" fill=\"none\" d=\"M 11.579798566743314 24.396926207859085 A 10 10 0 1 0 6.808479557110079 20.73576436351046\"><\/path><path d=\"M 7 19 l -1 6 l 6 -1\" class=\"heateor_sss_no_fill heateor_sss_svg_stroke\" stroke=\"#fff\" stroke-width=\"2\" fill=\"none\"><\/path><path d=\"M 10 10 q -1 8 8 11 c 5 -1 0 -6 -1 -3 q -4 -3 -5 -5 c 4 -2 -1 -5 -1 -4\" fill=\"#fff\"><\/path><\/svg><\/span><\/a><\/div><div class=\"heateorSssClear\"><\/div><\/div><div class='heateorSssClear'><\/div>","protected":false},"author":1,"featured_media":0,"comment_status":"open","ping_status":"open","sticky":false,"template":"","format":"standard","meta":{"jetpack_post_was_ever_published":false,"_jetpack_newsletter_access":"","_jetpack_dont_email_post_to_subs":false,"_jetpack_newsletter_tier_id":0,"_jetpack_memberships_contains_paywalled_content":false,"_jetpack_memberships_contains_paid_content":false,"footnotes":"","jetpack_publicize_message":"","jetpack_publicize_feature_enabled":true,"jetpack_social_post_already_shared":false,"jetpack_social_options":{"image_generator_settings":{"template":"highway","default_image_id":0,"enabled":false},"version":2}},"categories":[4],"tags":[1680,134,1679,317],"class_list":["post-8966","post","type-post","status-publish","format-standard","hentry","category-attualita","tag-elezione-diretta-del-premier","tag-italiani-allestero","tag-premierato","tag-riforma-costituzionale"],"jetpack_publicize_connections":[],"jetpack_featured_media_url":"","jetpack_shortlink":"https:\/\/wp.me\/p84sDq-2kC","jetpack_likes_enabled":true,"jetpack_sharing_enabled":true,"_links":{"self":[{"href":"https:\/\/www.lacostituzione.info\/index.php\/wp-json\/wp\/v2\/posts\/8966","targetHints":{"allow":["GET"]}}],"collection":[{"href":"https:\/\/www.lacostituzione.info\/index.php\/wp-json\/wp\/v2\/posts"}],"about":[{"href":"https:\/\/www.lacostituzione.info\/index.php\/wp-json\/wp\/v2\/types\/post"}],"author":[{"embeddable":true,"href":"https:\/\/www.lacostituzione.info\/index.php\/wp-json\/wp\/v2\/users\/1"}],"replies":[{"embeddable":true,"href":"https:\/\/www.lacostituzione.info\/index.php\/wp-json\/wp\/v2\/comments?post=8966"}],"version-history":[{"count":0,"href":"https:\/\/www.lacostituzione.info\/index.php\/wp-json\/wp\/v2\/posts\/8966\/revisions"}],"wp:attachment":[{"href":"https:\/\/www.lacostituzione.info\/index.php\/wp-json\/wp\/v2\/media?parent=8966"}],"wp:term":[{"taxonomy":"category","embeddable":true,"href":"https:\/\/www.lacostituzione.info\/index.php\/wp-json\/wp\/v2\/categories?post=8966"},{"taxonomy":"post_tag","embeddable":true,"href":"https:\/\/www.lacostituzione.info\/index.php\/wp-json\/wp\/v2\/tags?post=8966"}],"curies":[{"name":"wp","href":"https:\/\/api.w.org\/{rel}","templated":true}]}}