{"id":9020,"date":"2024-01-18T10:11:39","date_gmt":"2024-01-18T09:11:39","guid":{"rendered":"http:\/\/www.lacostituzione.info\/?p=9020"},"modified":"2024-01-18T10:11:55","modified_gmt":"2024-01-18T09:11:55","slug":"sugli-obiettivi-della-riforma-costituzionale-proposta-imprimatur-diretto-e-egemonia-del-governo","status":"publish","type":"post","link":"https:\/\/www.lacostituzione.info\/index.php\/2024\/01\/18\/sugli-obiettivi-della-riforma-costituzionale-proposta-imprimatur-diretto-e-egemonia-del-governo\/","title":{"rendered":"Sugli obiettivi della riforma costituzionale proposta: imprimatur diretto e egemonia del Governo"},"content":{"rendered":"\n<p><a href=\"http:\/\/www.lacostituzione.info\/wp-content\/uploads\/2023\/12\/meloni.jpeg\"><img loading=\"lazy\" decoding=\"async\" data-attachment-id=\"8918\" data-permalink=\"https:\/\/www.lacostituzione.info\/index.php\/2023\/12\/04\/sette-pensieri-sul-premierato-infantile\/meloni-2\/#main\" data-orig-file=\"https:\/\/www.lacostituzione.info\/wp-content\/uploads\/2023\/12\/meloni.jpeg\" data-orig-size=\"301,167\" data-comments-opened=\"1\" data-image-meta=\"{&quot;aperture&quot;:&quot;0&quot;,&quot;credit&quot;:&quot;&quot;,&quot;camera&quot;:&quot;&quot;,&quot;caption&quot;:&quot;&quot;,&quot;created_timestamp&quot;:&quot;0&quot;,&quot;copyright&quot;:&quot;&quot;,&quot;focal_length&quot;:&quot;0&quot;,&quot;iso&quot;:&quot;0&quot;,&quot;shutter_speed&quot;:&quot;0&quot;,&quot;title&quot;:&quot;&quot;,&quot;orientation&quot;:&quot;0&quot;}\" data-image-title=\"meloni\" data-image-description=\"\" data-image-caption=\"\" data-medium-file=\"https:\/\/www.lacostituzione.info\/wp-content\/uploads\/2023\/12\/meloni-300x166.jpeg\" data-large-file=\"https:\/\/www.lacostituzione.info\/wp-content\/uploads\/2023\/12\/meloni.jpeg\" class=\"alignleft size-thumbnail wp-image-8918\" src=\"http:\/\/www.lacostituzione.info\/wp-content\/uploads\/2023\/12\/meloni-150x150.jpeg\" alt=\"\" width=\"150\" height=\"150\" \/><\/a>di\u00a0<strong>Marco Ladu<\/strong><\/p>\n<p>Ogni tentativo di riforma costituzionale nel nostro Paese deve essere affrontato, a mio avviso, partendo dal presupposto che gli interessi delle forze politiche di maggioranza \u2013 oggi tesi, tra le altre cose, a modificare l\u2019assetto della forma di governo vigente \u2013 spesso e volentieri non coincidono affatto con i <em>desiderata<\/em> dei costituzionalisti.<!--more--> Questi ultimi, infatti, per una fisiologica inclinazione intrinseca all\u2019esercizio del proprio mestiere, cedono al fascino della dissertazione scientifica, speculando e astraendo le pi\u00f9 disparate questioni giuridiche, talvolta per\u00f2 trascurando o relegando ad un secondo piano (che reputano debba interessarli fino ad un certo punto) la drammatica semplificazione che caratterizza il terreno della politica nonch\u00e9 la circostanza che proprio la politica, <em>lato sensu<\/em> considerata, \u00e8 capace di maneggiare lo strumento della revisione costituzionale in un\u2019ottica meramente strumentale.<\/p>\n<p>Credo, infatti, che la proposta di revisione costituzionale promossa dal Governo Meloni in carica abbia ben poco a che fare con l\u2019esigenza di migliorare e correggere o, perch\u00e9 no, persino superare alcune criticit\u00e0 legate al \u201crendimento\u201d della forma di governo italiana.<\/p>\n<p>Prima di motivare questa mia affermazione, tuttavia, ricordo in estrema sintesi che la proposta in questione mira oggi all\u2019elezione diretta del Presidente del Consiglio dei Ministri in concomitanza (e persino, possiamo immaginare, con un un\u2019unica scheda) con l\u2019elezione dei due rami del Parlamento, Camera e Senato, inserendo in Costituzione la garanzia del 55% dei seggi, in ciascuna Camera, alle liste e ai candidati collegati al Presidente del Consiglio. Inoltre, il disegno di legge costituzionale punta s\u00ec a mantenere la fiducia iniziale, che il Parlamento deve concedere al Governo guidato dal Presidente eletto, ma ancorandola al programma politico che l\u2019Esecutivo intende realizzare. Se la fiducia iniziale dovesse essere negata, infatti, il Presidente della Repubblica potr\u00e0 concedere al Presidente del Consiglio eletto una seconda chance che, se a sua volta non produrr\u00e0 gli esisti auspicati, porter\u00e0 allo scioglimento anticipato delle Camere e, quindi, a nuove elezioni.<\/p>\n<p>Ora, sono molteplici le obiezioni di ordine costituzionale, e quindi legate alla correttezza giuridico-formale dell\u2019impostazione della proposta di riforma, che si possono muovere. Qui mi limito a sottolineare quattro punti, a cavallo tra il tecnico e, perch\u00e9 no, il politico.<\/p>\n<p>Punto primo: la riforma vuole essere \u201cpuntuale\u201d e limitata a pochissime previsioni anzitutto per evitare l\u2019errore commesso nel 2006 da Berlusconi e nel 2016 da Matteo Renzi, i quali avevano infatti messo in campo \u201cgrandi riforme\u201d ritenute troppo pervasive e bocciate dal corpo elettorale; perci\u00f2, la Presidente Giorgia Meloni vuole apparire \u201csobria\u201d ed \u201cessenziale\u201d, cos\u00ec da assecondare l\u2019opinione di molti studiosi e rassicurando il corpo elettorale. Banale senz\u2019altro, ma a mio avviso sempre utile, ricordare che non \u00e8 la quantit\u00e0 a fare la differenza, bens\u00ec la qualit\u00e0 di quel che si propone e che anche piccole modifiche alla Carta fondamentale sono in grado di produrre effetti persino deleteri.<\/p>\n<p>Punto secondo: vi sarebbe molto da dire sull\u2019inserimento in Costituzione, <em>de facto<\/em>, del premio di maggioranza, che \u00e8 gi\u00e0 stato sanzionato dalla Corte costituzionale italiana nel 2014, in relazione al c.d. Porcellum, e nel 2017, in relazione al c.d. Italicum renziano. Qui \u00e8 evidente che, ella logica dell\u2019attuale Governo, poco importa tentare di recuperare l\u2019interesse dei cittadini-elettori alla vita politica, per riavvicinarli alle istituzioni democratiche, perch\u00e9, quel che conta, \u00e8 avere una maggioranza stabile in Parlamento (problema affrontato, proprio in questa sede, da <a href=\"https:\/\/www.lacostituzione.info\/index.php\/2024\/01\/11\/premierato-una-risposta-sbagliata-a-un-problema-mal-posto\/\"><abbr class='c2c-text-hover' title='Professore ordinario di Diritto costituzionale - Universit\u00e0 di Ferrara'>Roberto Bin<\/abbr><\/a>). Ed \u00e8 su tale maggioranza, sicura e rigidamente ancorata all\u2019arco della legislatura, che le forze politiche vittoriose vogliono contare per agire indisturbate ed evitare di ritornare alle urne (il che si traduce nel dover fare i conti con l\u2019imprevedibilit\u00e0 del corpo elettorale).<\/p>\n<p>Punto terzo: sempre in relazione al sistema elettorale, fa quasi sorridere il \u201ccontentino\u201d che il Governo intende dare alla Corte costituzionale, inserendo nel testo il rispetto dei principi di \u201cgovernabilit\u00e0\u201d e \u201crappresentativit\u00e0\u201d del sistema elettorale. Una previsione questa che da sola non significa nulla perch\u00e9 \u00e8 quel che si direbbe \u201caria fritta\u201d (e, si sa, tra il dire e il fare\u2026).<\/p>\n<p>Punto quarto: non \u00e8 dato sapere perch\u00e9 il Presidente del Consiglio eletto (che, astutamente, non si vuole chiamare Primo Ministro) debba ottenere la fiducia delle Camere se pienamente legittimato dalla votazione popolare; bene il voto sul programma, forse per formalizzare gli impegni assunti con il corpo elettorale, ma non condivido il fatto che si debba proseguire sulla via del voto di fiducia conferito dal Parlamento. Al pari, non \u00e8 dato sapere come mai la riforma Meloni rinunci a ritoccare il bicameralismo paritario.<\/p>\n<p>E, proseguendo sul tema, non mi \u00e8 chiaro come mai la Presidente Meloni, con al seguito il Governo da lei guidato, non intenda \u201critoccare\u201d l\u2019istituto della mozione di sfiducia, come in una precedente proposta del 2018 da lei stessa sottoscritta, introducendo il meccanismo di quella costruttiva.<\/p>\n<p>Ancora, ed \u00e8 qui che si innesta un punto che mi preme particolarmente, con l\u2019attuale proposta di riforma Giorgia Meloni rinuncia a uno dei suoi cavalli di battaglia: l\u2019elezione diretta del Presidente della Repubblica.<\/p>\n<p>A mio avviso, una possibile risposta a tutto ci\u00f2 pu\u00f2 essere formulata sul postulato della drammatica semplificazione della politica alla quale ho fatto inizialmente riferimento. Difatti, quando il partito di Fratelli d\u2019Italia si trovava all\u2019opposizione (il riferimento \u00e8 quantomeno alla scorsa XVIII legislatura), man mano vedeva accrescere il suo consenso, la preoccupazione di Giorgia Meloni non poteva che essere rivolta ad un ipotetico \u201cingombro\u201d del Capo dello Stato, da tempo espressione della maggioranza di centrosinistra. Se si considerano le Presidenze Napolitano e Mattarella, infatti, la destra non ha mai nascosto il \u201cfastidio\u201d per l\u2019interventismo presidenziale e non ha mancato di denunciare la faziosit\u00e0 di molte scelte compiute dal Quirinale, specie in occasione della gestione delle crisi di Governo, asserendo un vero e proprio disallineamento tra volont\u00e0 del corpo elettorale e designazione del Capo dello Stato (in soldoni: se il popolo vota a destra perch\u00e9 il Presidente della Repubblica continua ad essere quello individuato dal centrosinistra?). Con questo spirito, il partito guidato da Giorgia Meloni si \u00e8 sottratto dal Governo di unit\u00e0 nazionale guidato da Mario Draghi e tanto incoraggiato dal Presidente Mattarella, in attesa di incassare il successo elettorale che si intravedeva dai sondaggi.<\/p>\n<p>Dopo l\u2019esito delle elezioni politiche del 25 settembre 2022, mi pare di poterlo ipotizzare, si assiste ad un cambio di rotta nel \u201csentire\u201d di Giorgia Meloni e della stessa coalizione della destra (di centro-destra \u00e8 rimasto veramente ben poco). Il tema \u00e8 quello della legittimazione dell\u2019azione politica della maggioranza e del suo Esecutivo. Giorgia Meloni, infatti, dubito fortemente che si senta oggi poco legittimata dal corpo elettorale, anzi, direi tutt\u2019altro! A partire dal conferimento dell\u2019incarico di formare il nuovo Governo, che la Meloni ha accettato senza riserva, nei mesi successivi ha intrapreso la propria azione politica nel fragoroso silenzio del Presidente Mattarella.<\/p>\n<p>Credo, dunque, che il susseguirsi degli eventi abbia dimostrato che l\u2019elezione diretta del Capo dello Stato non \u00e8 pi\u00f9 una priorit\u00e0 per Giorgia Meloni e le forze ad essa alleate. Che sia soltanto astutamente rinviato? Che si intenda procedere per gradi modificando qui e l\u00e0 il Dettato costituzionale, ma non in un colpo solo?<\/p>\n<p>Quel che mi spaventa, alla luce di quanto ricordato, \u00e8 l\u2019ostinazione nel voler a tutti i costi proporre una riforma costituzionale. Sembra quasi che un partito politico privo di una radicale proposta di revisione della forma di governo italiana non abbia un\u2019agenda (cos\u00ec viene definita) e un programma politico validi. Senza di essa manca qualcosa. Ed \u00e8 cos\u00ec che anche il Governo Meloni propone la sua \u201cformula\u201d alla ricerca esclusiva di una legittimazione diretta del Presidente del Consiglio della quale non vi \u00e8 affatto bisogno. Pu\u00f2 forse dirsi che Giorgia Meloni non sia stata voluta dagli elettori? Il nostro sistema elettorale ha fatto di tutto, e ci \u00e8 riuscito, per agganciare all\u2019esito delle elezioni anche l\u2019individuazione indiretta del vertice del Governo. Nonostante non vi siano stati dubbi sull\u2019incarico conferito a Giorgia Meloni si cerca comunque un <em>imprimatur<\/em> diretto del Popolo per poter finalmente sostenere che il Governo agisce sotto l\u2019egida di un Presidente del Consiglio \u201cscelto dagli italiani\u201d.<\/p>\n<p>Se si guarda bene, almeno negli ultimi quarant\u2019anni, di riforme costituzionali ne sono state avanzate parecchie, con soluzioni talvolta ibride e contaminate da variegate interpretazioni del funzionamento della forma di governo francese e di quella tedesca. In questo lungo arco di tempo, per\u00f2, in assenza di un\u2019esplicita modificazione costituzionale, il Governo \u2013 ed \u00e8 ahim\u00e8 cosa nota (sic!) &#8211; ha visto crescere a dismisura i suoi poteri e si \u00e8 riposizionato nell\u2019assetto degli organi costituzionali. Il Governo, va detto e ribadito, oggi \u00e8 incontrastato su tutto: detiene la quasi totalit\u00e0 delle proposte di iniziativa legislativa del nostro Stato; si impone nella legislazione con l\u2019abuso dei decreti-legge e ponendo la questione di fiducia in sede di conversione degli stessi; riesce, in barba alle procedure parlamentari e sopprimendo qualsiasi ragionevole termine, a escludere una Camera (ad anni alterni) dall\u2019approvazione delle leggi di bilancio; abusa della questione di fiducia, spesso posta su un unico maxi-emendamento. Insomma, non si capisce perch\u00e9, allo stato attuale delle cose, si continui a pensare che nel nostro Paese il Governo sia \u201cdebole\u201d e si voglia a tutti costi cercare di \u201cstabilizzare\u201d, una volta per tutte, un organo che \u00e8 al di sopra di tutti gli altri a partire dal Parlamento, che conta ben poco. Personalmente, non penso sia il caso di concorrere a determinare l\u2019elezione diretta del Presidente del Consiglio in questo contesto istituzionale n\u00e9 che sia opportuno assecondare l\u2019idea di una necessaria stabilizzazione di un Governo cos\u00ec forte. A questo punto, direi piuttosto: in presenza di una tale egemonia del Governo, \u00e8 un bene che non siano molti a restare in carica a lungo!<\/p>\n<p>Ritengo che quel che serve, in via prioritaria, \u00e8 riprendere la funzione del Parlamento e la sua centralit\u00e0, limitando al contempo gli abusi e i poteri pressocch\u00e9 sconfinati del Governo. Fatto questo, ci si potr\u00e0 chiedere se abbia senso introdurre un Senato effettivamente rappresentativo delle Regioni, se abbia un senso differenziare l\u2019autonomia regionale (senza sopprimere i diritti dei cittadini e senza creare uno squilibro nell\u2019accesso ai servizi a livello territoriale) e se abbia senso modificare tanto altro ancora, anche a partire dalle prerogative del Capo dello Stato e del Presidente del Consiglio dei Ministri. Fino a quando, per\u00f2, il Governo non torner\u00e0 al suo posto, ritengo molto pericoloso assecondare l\u2019idea che il Presidente del Consiglio oggi debba essere eletto dal Popolo perch\u00e9 questa dinamica richiama alla mente una certa ricerca di legittimazione dell\u2019uomo solo al comando, circondato solo da pochi fedelissimi, che tutto pu\u00f2 rispetto al suo partito, rispetto al Parlamento e, purtroppo, anche rispetto alle istituzioni di garanzia. Il nostro Paese, vista la sua storia, deve fare molta attenzione a cedere al fascino del \u201ccapo\u201d.<\/p>\n","protected":false},"excerpt":{"rendered":"<p>di\u00a0Marco Ladu Ogni tentativo di riforma costituzionale nel nostro Paese deve essere affrontato, a mio avviso, partendo dal presupposto che gli interessi delle forze politiche di maggioranza \u2013 oggi tesi, tra le altre cose, a modificare l\u2019assetto della forma di governo vigente \u2013 spesso e volentieri non coincidono affatto con i desiderata dei costituzionalisti.<\/p>\n<div class='heateorSssClear'><\/div><div  class='heateor_sss_sharing_container heateor_sss_horizontal_sharing' data-heateor-sss-href='https:\/\/www.lacostituzione.info\/index.php\/2024\/01\/18\/sugli-obiettivi-della-riforma-costituzionale-proposta-imprimatur-diretto-e-egemonia-del-governo\/'><div class='heateor_sss_sharing_title' style=\"font-weight:bold\" >Condividi!<\/div><div class=\"heateor_sss_sharing_ul\"><a aria-label=\"Facebook\" class=\"heateor_sss_facebook\" href=\"https:\/\/www.facebook.com\/sharer\/sharer.php?u=https%3A%2F%2Fwww.lacostituzione.info%2Findex.php%2F2024%2F01%2F18%2Fsugli-obiettivi-della-riforma-costituzionale-proposta-imprimatur-diretto-e-egemonia-del-governo%2F\" title=\"Facebook\" rel=\"nofollow noopener\" target=\"_blank\" style=\"font-size:32px!important;box-shadow:none;display:inline-block;vertical-align:middle\"><span class=\"heateor_sss_svg\" style=\"background-color:#0765FE;width:35px;height:35px;display:inline-block;opacity:1;float:left;font-size:32px;box-shadow:none;display:inline-block;font-size:16px;padding:0 4px;vertical-align:middle;background-repeat:repeat;overflow:hidden;padding:0;cursor:pointer;box-sizing:content-box\"><svg style=\"display:block;\" focusable=\"false\" aria-hidden=\"true\" xmlns=\"http:\/\/www.w3.org\/2000\/svg\" width=\"100%\" height=\"100%\" viewBox=\"0 0 32 32\"><path fill=\"#fff\" d=\"M28 16c0-6.627-5.373-12-12-12S4 9.373 4 16c0 5.628 3.875 10.35 9.101 11.647v-7.98h-2.474V16H13.1v-1.58c0-4.085 1.849-5.978 5.859-5.978.76 0 2.072.15 2.608.298v3.325c-.283-.03-.775-.045-1.386-.045-1.967 0-2.728.745-2.728 2.683V16h3.92l-.673 3.667h-3.247v8.245C23.395 27.195 28 22.135 28 16Z\"><\/path><\/svg><\/span><\/a><a aria-label=\"Twitter\" class=\"heateor_sss_button_twitter\" href=\"https:\/\/twitter.com\/intent\/tweet?text=Sugli%20obiettivi%20della%20riforma%20costituzionale%20proposta%3A%20imprimatur%20diretto%20e%20egemonia%20del%20Governo&url=https%3A%2F%2Fwww.lacostituzione.info%2Findex.php%2F2024%2F01%2F18%2Fsugli-obiettivi-della-riforma-costituzionale-proposta-imprimatur-diretto-e-egemonia-del-governo%2F\" title=\"Twitter\" rel=\"nofollow noopener\" target=\"_blank\" style=\"font-size:32px!important;box-shadow:none;display:inline-block;vertical-align:middle\"><span class=\"heateor_sss_svg heateor_sss_s__default heateor_sss_s_twitter\" style=\"background-color:#55acee;width:35px;height:35px;display:inline-block;opacity:1;float:left;font-size:32px;box-shadow:none;display:inline-block;font-size:16px;padding:0 4px;vertical-align:middle;background-repeat:repeat;overflow:hidden;padding:0;cursor:pointer;box-sizing:content-box\"><svg style=\"display:block;\" focusable=\"false\" aria-hidden=\"true\" xmlns=\"http:\/\/www.w3.org\/2000\/svg\" width=\"100%\" height=\"100%\" viewBox=\"-4 -4 39 39\"><path d=\"M28 8.557a9.913 9.913 0 0 1-2.828.775 4.93 4.93 0 0 0 2.166-2.725 9.738 9.738 0 0 1-3.13 1.194 4.92 4.92 0 0 0-3.593-1.55 4.924 4.924 0 0 0-4.794 6.049c-4.09-.21-7.72-2.17-10.15-5.15a4.942 4.942 0 0 0-.665 2.477c0 1.71.87 3.214 2.19 4.1a4.968 4.968 0 0 1-2.23-.616v.06c0 2.39 1.7 4.38 3.952 4.83-.414.115-.85.174-1.297.174-.318 0-.626-.03-.928-.086a4.935 4.935 0 0 0 4.6 3.42 9.893 9.893 0 0 1-6.114 2.107c-.398 0-.79-.023-1.175-.068a13.953 13.953 0 0 0 7.55 2.213c9.056 0 14.01-7.507 14.01-14.013 0-.213-.005-.426-.015-.637.96-.695 1.795-1.56 2.455-2.55z\" fill=\"#fff\"><\/path><\/svg><\/span><\/a><a aria-label=\"Reddit\" class=\"heateor_sss_button_reddit\" href=\"https:\/\/reddit.com\/submit?url=https%3A%2F%2Fwww.lacostituzione.info%2Findex.php%2F2024%2F01%2F18%2Fsugli-obiettivi-della-riforma-costituzionale-proposta-imprimatur-diretto-e-egemonia-del-governo%2F&title=Sugli%20obiettivi%20della%20riforma%20costituzionale%20proposta%3A%20imprimatur%20diretto%20e%20egemonia%20del%20Governo\" title=\"Reddit\" rel=\"nofollow noopener\" target=\"_blank\" style=\"font-size:32px!important;box-shadow:none;display:inline-block;vertical-align:middle\"><span class=\"heateor_sss_svg heateor_sss_s__default heateor_sss_s_reddit\" style=\"background-color:#ff5700;width:35px;height:35px;display:inline-block;opacity:1;float:left;font-size:32px;box-shadow:none;display:inline-block;font-size:16px;padding:0 4px;vertical-align:middle;background-repeat:repeat;overflow:hidden;padding:0;cursor:pointer;box-sizing:content-box\"><svg style=\"display:block;\" focusable=\"false\" aria-hidden=\"true\" xmlns=\"http:\/\/www.w3.org\/2000\/svg\" width=\"100%\" height=\"100%\" viewBox=\"-3.5 -3.5 39 39\"><path d=\"M28.543 15.774a2.953 2.953 0 0 0-2.951-2.949 2.882 2.882 0 0 0-1.9.713 14.075 14.075 0 0 0-6.85-2.044l1.38-4.349 3.768.884a2.452 2.452 0 1 0 .24-1.176l-4.274-1a.6.6 0 0 0-.709.4l-1.659 5.224a14.314 14.314 0 0 0-7.316 2.029 2.908 2.908 0 0 0-1.872-.681 2.942 2.942 0 0 0-1.618 5.4 5.109 5.109 0 0 0-.062.765c0 4.158 5.037 7.541 11.229 7.541s11.22-3.383 11.22-7.541a5.2 5.2 0 0 0-.053-.706 2.963 2.963 0 0 0 1.427-2.51zm-18.008 1.88a1.753 1.753 0 0 1 1.73-1.74 1.73 1.73 0 0 1 1.709 1.74 1.709 1.709 0 0 1-1.709 1.711 1.733 1.733 0 0 1-1.73-1.711zm9.565 4.968a5.573 5.573 0 0 1-4.081 1.272h-.032a5.576 5.576 0 0 1-4.087-1.272.6.6 0 0 1 .844-.854 4.5 4.5 0 0 0 3.238.927h.032a4.5 4.5 0 0 0 3.237-.927.6.6 0 1 1 .844.854zm-.331-3.256a1.726 1.726 0 1 1 1.709-1.712 1.717 1.717 0 0 1-1.712 1.712z\" fill=\"#fff\"\/><\/svg><\/span><\/a><a aria-label=\"Linkedin\" class=\"heateor_sss_button_linkedin\" href=\"https:\/\/www.linkedin.com\/sharing\/share-offsite\/?url=https%3A%2F%2Fwww.lacostituzione.info%2Findex.php%2F2024%2F01%2F18%2Fsugli-obiettivi-della-riforma-costituzionale-proposta-imprimatur-diretto-e-egemonia-del-governo%2F\" title=\"Linkedin\" rel=\"nofollow noopener\" target=\"_blank\" style=\"font-size:32px!important;box-shadow:none;display:inline-block;vertical-align:middle\"><span class=\"heateor_sss_svg heateor_sss_s__default heateor_sss_s_linkedin\" style=\"background-color:#0077b5;width:35px;height:35px;display:inline-block;opacity:1;float:left;font-size:32px;box-shadow:none;display:inline-block;font-size:16px;padding:0 4px;vertical-align:middle;background-repeat:repeat;overflow:hidden;padding:0;cursor:pointer;box-sizing:content-box\"><svg style=\"display:block;\" focusable=\"false\" aria-hidden=\"true\" xmlns=\"http:\/\/www.w3.org\/2000\/svg\" width=\"100%\" height=\"100%\" viewBox=\"0 0 32 32\"><path d=\"M6.227 12.61h4.19v13.48h-4.19V12.61zm2.095-6.7a2.43 2.43 0 0 1 0 4.86c-1.344 0-2.428-1.09-2.428-2.43s1.084-2.43 2.428-2.43m4.72 6.7h4.02v1.84h.058c.56-1.058 1.927-2.176 3.965-2.176 4.238 0 5.02 2.792 5.02 6.42v7.395h-4.183v-6.56c0-1.564-.03-3.574-2.178-3.574-2.18 0-2.514 1.7-2.514 3.46v6.668h-4.187V12.61z\" fill=\"#fff\"><\/path><\/svg><\/span><\/a><a aria-label=\"Pinterest\" class=\"heateor_sss_button_pinterest\" href=\"https:\/\/www.lacostituzione.info\/index.php\/2024\/01\/18\/sugli-obiettivi-della-riforma-costituzionale-proposta-imprimatur-diretto-e-egemonia-del-governo\/\" onclick=\"event.preventDefault();javascript:void( (function() {var e=document.createElement('script' );e.setAttribute('type','text\/javascript' );e.setAttribute('charset','UTF-8' );e.setAttribute('src','\/\/assets.pinterest.com\/js\/pinmarklet.js?r='+Math.random()*99999999);document.body.appendChild(e)})());\" title=\"Pinterest\" rel=\"noopener\" style=\"font-size:32px!important;box-shadow:none;display:inline-block;vertical-align:middle\"><span class=\"heateor_sss_svg heateor_sss_s__default heateor_sss_s_pinterest\" style=\"background-color:#cc2329;width:35px;height:35px;display:inline-block;opacity:1;float:left;font-size:32px;box-shadow:none;display:inline-block;font-size:16px;padding:0 4px;vertical-align:middle;background-repeat:repeat;overflow:hidden;padding:0;cursor:pointer;box-sizing:content-box\"><svg style=\"display:block;\" focusable=\"false\" aria-hidden=\"true\" xmlns=\"http:\/\/www.w3.org\/2000\/svg\" width=\"100%\" height=\"100%\" viewBox=\"-2 -2 35 35\"><path fill=\"#fff\" d=\"M16.539 4.5c-6.277 0-9.442 4.5-9.442 8.253 0 2.272.86 4.293 2.705 5.046.303.125.574.005.662-.33.061-.231.205-.816.27-1.06.088-.331.053-.447-.191-.736-.532-.627-.873-1.439-.873-2.591 0-3.338 2.498-6.327 6.505-6.327 3.548 0 5.497 2.168 5.497 5.062 0 3.81-1.686 7.025-4.188 7.025-1.382 0-2.416-1.142-2.085-2.545.397-1.674 1.166-3.48 1.166-4.689 0-1.081-.581-1.983-1.782-1.983-1.413 0-2.548 1.462-2.548 3.419 0 1.247.421 2.091.421 2.091l-1.699 7.199c-.505 2.137-.076 4.755-.039 5.019.021.158.223.196.314.077.13-.17 1.813-2.247 2.384-4.324.162-.587.929-3.631.929-3.631.46.876 1.801 1.646 3.227 1.646 4.247 0 7.128-3.871 7.128-9.053.003-3.918-3.317-7.568-8.361-7.568z\"\/><\/svg><\/span><\/a><a aria-label=\"Whatsapp\" class=\"heateor_sss_whatsapp\" href=\"https:\/\/api.whatsapp.com\/send?text=Sugli%20obiettivi%20della%20riforma%20costituzionale%20proposta%3A%20imprimatur%20diretto%20e%20egemonia%20del%20Governo%20https%3A%2F%2Fwww.lacostituzione.info%2Findex.php%2F2024%2F01%2F18%2Fsugli-obiettivi-della-riforma-costituzionale-proposta-imprimatur-diretto-e-egemonia-del-governo%2F\" title=\"Whatsapp\" rel=\"nofollow noopener\" target=\"_blank\" style=\"font-size:32px!important;box-shadow:none;display:inline-block;vertical-align:middle\"><span class=\"heateor_sss_svg\" style=\"background-color:#55eb4c;width:35px;height:35px;display:inline-block;opacity:1;float:left;font-size:32px;box-shadow:none;display:inline-block;font-size:16px;padding:0 4px;vertical-align:middle;background-repeat:repeat;overflow:hidden;padding:0;cursor:pointer;box-sizing:content-box\"><svg style=\"display:block;\" focusable=\"false\" aria-hidden=\"true\" xmlns=\"http:\/\/www.w3.org\/2000\/svg\" width=\"100%\" height=\"100%\" viewBox=\"-6 -5 40 40\"><path class=\"heateor_sss_svg_stroke heateor_sss_no_fill\" stroke=\"#fff\" stroke-width=\"2\" fill=\"none\" d=\"M 11.579798566743314 24.396926207859085 A 10 10 0 1 0 6.808479557110079 20.73576436351046\"><\/path><path d=\"M 7 19 l -1 6 l 6 -1\" class=\"heateor_sss_no_fill heateor_sss_svg_stroke\" stroke=\"#fff\" stroke-width=\"2\" fill=\"none\"><\/path><path d=\"M 10 10 q -1 8 8 11 c 5 -1 0 -6 -1 -3 q -4 -3 -5 -5 c 4 -2 -1 -5 -1 -4\" fill=\"#fff\"><\/path><\/svg><\/span><\/a><\/div><div class=\"heateorSssClear\"><\/div><\/div><div class='heateorSssClear'><\/div>","protected":false},"author":1,"featured_media":0,"comment_status":"open","ping_status":"open","sticky":false,"template":"","format":"standard","meta":{"jetpack_post_was_ever_published":false,"_jetpack_newsletter_access":"","_jetpack_dont_email_post_to_subs":false,"_jetpack_newsletter_tier_id":0,"_jetpack_memberships_contains_paywalled_content":false,"_jetpack_memberships_contains_paid_content":false,"footnotes":"","jetpack_publicize_message":"","jetpack_publicize_feature_enabled":true,"jetpack_social_post_already_shared":false,"jetpack_social_options":{"image_generator_settings":{"template":"highway","default_image_id":0,"enabled":false},"version":2}},"categories":[4],"tags":[1680,113,1679,317],"class_list":["post-9020","post","type-post","status-publish","format-standard","hentry","category-attualita","tag-elezione-diretta-del-premier","tag-parlamento","tag-premierato","tag-riforma-costituzionale"],"jetpack_publicize_connections":[],"jetpack_featured_media_url":"","jetpack_shortlink":"https:\/\/wp.me\/p84sDq-2lu","jetpack_likes_enabled":true,"jetpack_sharing_enabled":true,"_links":{"self":[{"href":"https:\/\/www.lacostituzione.info\/index.php\/wp-json\/wp\/v2\/posts\/9020","targetHints":{"allow":["GET"]}}],"collection":[{"href":"https:\/\/www.lacostituzione.info\/index.php\/wp-json\/wp\/v2\/posts"}],"about":[{"href":"https:\/\/www.lacostituzione.info\/index.php\/wp-json\/wp\/v2\/types\/post"}],"author":[{"embeddable":true,"href":"https:\/\/www.lacostituzione.info\/index.php\/wp-json\/wp\/v2\/users\/1"}],"replies":[{"embeddable":true,"href":"https:\/\/www.lacostituzione.info\/index.php\/wp-json\/wp\/v2\/comments?post=9020"}],"version-history":[{"count":0,"href":"https:\/\/www.lacostituzione.info\/index.php\/wp-json\/wp\/v2\/posts\/9020\/revisions"}],"wp:attachment":[{"href":"https:\/\/www.lacostituzione.info\/index.php\/wp-json\/wp\/v2\/media?parent=9020"}],"wp:term":[{"taxonomy":"category","embeddable":true,"href":"https:\/\/www.lacostituzione.info\/index.php\/wp-json\/wp\/v2\/categories?post=9020"},{"taxonomy":"post_tag","embeddable":true,"href":"https:\/\/www.lacostituzione.info\/index.php\/wp-json\/wp\/v2\/tags?post=9020"}],"curies":[{"name":"wp","href":"https:\/\/api.w.org\/{rel}","templated":true}]}}