{"id":9075,"date":"2024-02-19T19:32:03","date_gmt":"2024-02-19T18:32:03","guid":{"rendered":"http:\/\/www.lacostituzione.info\/?p=9075"},"modified":"2024-02-20T10:02:58","modified_gmt":"2024-02-20T09:02:58","slug":"il-giudice-vacante-alla-corte-costituzionale-una-questione-di-numeri","status":"publish","type":"post","link":"https:\/\/www.lacostituzione.info\/index.php\/2024\/02\/19\/il-giudice-vacante-alla-corte-costituzionale-una-questione-di-numeri\/","title":{"rendered":"Il giudice vacante alla Corte costituzionale: una questione di numeri"},"content":{"rendered":"\n\n\n<p style=\"text-align: center;\"><img loading=\"lazy\" decoding=\"async\" data-attachment-id=\"8997\" data-permalink=\"https:\/\/www.lacostituzione.info\/index.php\/2024\/01\/06\/i-giudici-della-corte-costituzionale-non-sono-piu-signori\/ccost\/#main\" data-orig-file=\"https:\/\/www.lacostituzione.info\/wp-content\/uploads\/2024\/01\/ccost.jpg\" data-orig-size=\"774,516\" data-comments-opened=\"1\" data-image-meta=\"{&quot;aperture&quot;:&quot;0&quot;,&quot;credit&quot;:&quot;&quot;,&quot;camera&quot;:&quot;&quot;,&quot;caption&quot;:&quot;&quot;,&quot;created_timestamp&quot;:&quot;0&quot;,&quot;copyright&quot;:&quot;&quot;,&quot;focal_length&quot;:&quot;0&quot;,&quot;iso&quot;:&quot;0&quot;,&quot;shutter_speed&quot;:&quot;0&quot;,&quot;title&quot;:&quot;&quot;,&quot;orientation&quot;:&quot;0&quot;}\" data-image-title=\"ccost\" data-image-description=\"\" data-image-caption=\"\" data-medium-file=\"https:\/\/www.lacostituzione.info\/wp-content\/uploads\/2024\/01\/ccost-300x200.jpg\" data-large-file=\"https:\/\/www.lacostituzione.info\/wp-content\/uploads\/2024\/01\/ccost.jpg\" class=\"aligncenter size-thumbnail wp-image-8997\" src=\"http:\/\/www.lacostituzione.info\/wp-content\/uploads\/2024\/01\/ccost-150x150.jpg\" alt=\"\" width=\"150\" height=\"150\" \/>di <strong>Pietro Faraguna<\/strong><\/p>\n<p>\u00abLa Corte costituzionale \u00e8 composta di quindici giudici\u00bb: cos\u00ec afferma l\u2019art. 135 della Costituzione. Oggi per\u00f2 sono quattordici: <span style=\"font-size: revert;\">dall&#8217;11 novembre 2023, ultimo giorno del mandato della Presidente Sciarra, cos\u00ec come del mandato dei vice-Presidenti de Pretis e Zanon. Per qualche giorno i giudici sono stati in realt\u00e0 12, subito dopo la contestuale scadenza del terzetto, ma gli ultimi due, di nomina presidenziale, sono stati prontamente sostituiti con le nuove nomine presidenziali dei giudici Pitruzzella e Sciarrone Alibrandi. Il posto lasciato vacante dalla Presidente Sciarra, eletta giudice costituzionale dal Parlamento in seduta comune, \u00e8 invece ancora vacante, e sembra destinato a restare tale per un po\u2019.<\/span><\/p>\n<p>Facciamo un passo indietro: i 15 giudici che compongono la Corte costituzionale italiana per un terzo vengono nominati dal Capo dello Stato, per un terzo vengono eletti in seno alle supreme magistrature e per un terzo sono eletti dal Parlamento riunito in seduta comune.\u00a0Per l\u2019elezione di questi ultimi la Costituzione ha stabilito maggioranze molto alte (2\/3 degli aventi diritto nei primi tre scrutini, 3\/5 in quelli successivi) che, unitamente a requisiti soggettivi non meno elevati (i giudici costituzionali devono essere professori universitari in materie giuridiche, avvocati con almeno 20 anni di esercizio o magistrati nelle supreme magistrature), contribuiscono a determinare un profilo di altissima professionalit\u00e0 e di ampia legittimazione, anche per quei giudici che traggano la loro nomina dall\u2019elezione parlamentare. La maggioranza richiesta per eleggerli \u00e8 persino pi\u00f9 alta di quella necessaria a modificare la stessa Costituzione che stabilisce i criteri della loro elezione (con buona pace del primo <a href=\"https:\/\/www.robertobin.it\/FONTI_STORICHE\/Theorie%20der%20rechtsquellen.pdf\">Alf Ross<\/a>, cap. XIV)!<\/p>\n<p>Recentemente, tuttavia, il mutamento della realt\u00e0 politica ha determinato una crescente difficolt\u00e0 nel raggiungere gli elevati quorum stabiliti dalla Costituzione (lo stesso vale per l\u2019elezione del Capo dello Stato, tanto che per ben due volte si \u00e8 recentemente \u201cripiegato\u201d sulla rielezione del Presidente uscente). Tale difficolt\u00e0 \u00e8 stata pi\u00f9 agilmente superata quando l\u2019elezione non riguardava un solo posto vacante, ma pi\u00f9 d\u2019uno, cos\u00ec da poter raggiungere un accordo contestuale tra diversi gruppi parlamentari, e raggiungere cos\u00ec l\u2019elevatissimo quorum richiesto dalla Costituzione.<\/p>\n<p>Se, dunque, la dinamica \u00e8 perfettamente comprensibile sul piano descrittivo, rimane una grave inadempienza costituzionale. Attendere la formazione di un \u201cpacchetto\u201d di giudici \u201cparlamentari\u201d da eleggere conduce a una progressiva concentrazione dell\u2019elezione parlamentare: non riuscendosi a raggiungere l\u2019accordo per l\u2019elezione di un solo giudice, si attende di doverne eleggere (almeno) due. Questi scadranno contemporaneamente (salvo imprevisti), e il loro pacchetto si \u201cunir\u00e0\u201d all\u2019elezione di un singolo giudice in scadenza solitaria. Il pacchetto diventer\u00e0 cos\u00ec inevitabilmente sempre pi\u00f9 grande: assisteremo presto agli effetti di questo processo, con il posto lasciato vacante dalla Presidente Sciarra che sembra destinato ad essere riempito solo quando scadr\u00e0 il \u201cpacchetto\u201d dei prossimi <u>tre<\/u> giudici <em>parlamentari<\/em> in scadenza contestuale.<\/p>\n<p>Questa dinamica, tuttavia, genera alcuni inconvenienti piccoli e un rischio molto grande: il piccolo inconveniente \u00e8 che la Corte, tra la scadenza del giudice \u201csolitario\u201d e la scadenza del pacchetto pi\u00f9 grande, lavori a ranghi ridotti. Lavorare con un giudice in meno significa avere una fonte di competenza e sensibilit\u00e0 in meno, significa avere tempi di decisione pi\u00f9 lunghi (seppure non sia questo il problema dell\u2019attuale stagione della Corte), significa lavorare in un collegio composto in numero pari (non il massimo per un organo che decide pur sempre votando a maggioranza).<\/p>\n<p>Il rischio molto grande \u00e8 determinato dal fatto che il suo funzionamento \u00e8 impedito se i giudici sono meno di undici. L\u2019inadempimento costituzionale, in presenza di condizioni sfortunate, potrebbe avere un effetto valanga (o \u2013 per dirla all\u2019inglese, secondo un\u2019immagine che rende meglio &#8211; a palla di neve), determinando la formazione di un pacchetto di 4 o persino 5 giudici.<\/p>\n<p>Il pacchetto di 4 giudici sar\u00e0 la probabile realt\u00e0 del prossimo dicembre 2024, quando al posto lasciato vacante dalla Presidente Sciarra si aggiungeranno ben tre ulteriori vacanze (il Presidente Barbera e i vice-Presidenti Modugno e Prosperetti, tutti di elezione parlamentare).\u00a0La Corte si ritrover\u00e0 dunque con 11 giudici su 15.\u00a0Per poche settimane, se tutto andr\u00e0 bene (per qualche mese, in realt\u00e0, perch\u00e9 i giudici ancora in carica non partecipano alle udienze e camere di consiglio in cui si discutono cause le cui decisioni non farebbero in tempo a firmare).\u00a0Se qualcosa dovesse andare storto: per pi\u00f9 tempo.<\/p>\n<p>La composizione della Corte con 11 giudici su 15 \u00e8 evidentemente pericolosa per la sua stessa operativit\u00e0, in quanto rimette a qualunque vicissitudine personale \u2013 a partire da una semplice influenza \u2013 il funzionamento dell\u2019intero organo. Peggio ancora: metterebbe nelle mani di ogni singolo giudice il potere nucleare di impedire il funzionamento dell\u2019organo, con la sola forza della sua assenza.<\/p>\n<p>E se, domani, l\u2019adagiarsi su questa cattiva prassi determinasse la confluenza di due pacchetti di 2 e 3 giudici parlamentari, con la scadenza del primo pacchetto e l\u2019incapacit\u00e0 di sostituirlo fino alla scadenza del secondo? In tal caso avremmo almeno qualche settimana di paralisi certa di un organo costituzionale.<\/p>\n<p>Come risolvere questa situazione?\u00a0Difficile immaginare una soluzione che passi attraverso una riforma delle regole sull\u2019elezione, posto che tale strada necessiterebbe di un contributo fattivo di quegli stessi attori politici al cui comportamento inerte la riforma dovrebbe rimediare: qualche ipotesi, tattavia, guardando anche al dibattito che si \u00e8 recentemente acceso in Germania, \u00e8 vagliata <a href=\"https:\/\/www.diritticomparati.it\/la-corte-prima-della-tempesta-come-premunire-le-corti-costituzionali-da-futuri-assalti-la-situazione-in-germania-e-in-italia\/\">qui<\/a> da Caterina.\u00a0Allontanandosi dalle soluzioni interne al circuito politico, potrebbe guardarsi a un recente episodio che ha coinvolto la Corte federale del Canada: con una pronuncia del 13 febbraio 2024, la Corte federale ha riconosciuto una convenzione costituzionale secondo la quale i posti vacanti in ambito giudiziario devono essere occupati entro un termine ragionevole, e ha imposto al governo l\u2019obbligo di rispettare tale convenzione (<a href=\"https:\/\/www.fct-cf.gc.ca\/Content\/assets\/pdf\/base\/2024-02-13_News_Bulletin__T-1472-23_Hameed_v_AGC.pdf\">Yavar Hameed Applicant and Prime Minister and Minister Of Justice<\/a>).<\/p>\n<p>Il Canada \u00e8 un Paese senz\u2019altro molto diverso dall\u2019Italia, e la Corte federale canadese \u00e8 senz\u2019altro molto diversa dalla Corte costituzionale italiana, a cominciare dai canali di accesso. Nella sua pronuncia la Corte federale non si occupava di se stessa, ma delle nomine di ben 79 giudici vacanti in varie corti superiori del Paese (in quel modello scelti dal Presidente, secondo dinamiche completamente diverse rispetto alla nostra tradizione giuridica).\u00a0<\/p>\n<p>Ferme tutte queste diversit\u00e0, \u00e8 pur vero che la giustizia costituzionale in Italia ha mostrato una versatilit\u00e0 notevole nel recente passato: la Corte ha aperto strade di accesso prima impensabili (ad esempio, per dichiarare l\u2019illegittimit\u00e0 costituzionale delle leggi elettorali) e ha elaborato tecniche decisionali nuove (basti pensare al rinvio delle decisioni a data fissa, nel caso Cappato e in altre successive occasioni). In questo laboratorio innovativo, \u00e8 pi\u00f9 che improbabile, ma non giuridicamente impossibile, immaginare un conflitto di attribuzione con cui la Corte ponga a se stessa il tema della violazione delle attribuzioni costituzionali ad essa attribuite in virt\u00f9 dell\u2019inerzia parlamentare nel compiere un atto che \u00e8 costituzionalmente dovuto: certo, una sentenza della Corte non avrebbe strumenti per costringere il Parlamento a eleggere il giudice mancante (anche se, continuando in punto di mera speculazione teorica, potrebbero poi immaginarsi ulteriori strade, come l\u2019incostituzionalit\u00e0 del divieto di prorogatio, introdotto da legge cost. 2 del 1967, per contrasto con i principi supremi dell\u2019ordinamento, da dichiararsi in un giudizio autorimesso che sorge proprio da quel conflitto).<\/p>\n<p>In una parola: fantadiritto (o quasi).\u00a0Ma il giudice mancante \u00e8 la realt\u00e0. E prima di pensare alla paralisi dell\u2019ordinamento costituzionale c\u2019\u00e8 forse spazio per denunciare, nel dibattito pubblico e in quello scientifico, quello che \u00e8 un grave inadempimento costituzionale, che si perpetra dallo scorso 20 novembre nell\u2019apparente disinteresse generale.<\/p>\n","protected":false},"excerpt":{"rendered":"<p>di Pietro Faraguna \u00abLa Corte costituzionale \u00e8 composta di quindici giudici\u00bb: cos\u00ec afferma l\u2019art. 135 della Costituzione. Oggi per\u00f2 sono quattordici: dall&#8217;11 novembre 2023, ultimo giorno del mandato della Presidente Sciarra, cos\u00ec come del mandato dei vice-Presidenti de Pretis e Zanon. Per qualche giorno i giudici sono stati in realt\u00e0 12, subito dopo la contestuale &#8230; <a title=\"Il giudice vacante alla Corte costituzionale: una questione di numeri\" class=\"read-more\" href=\"https:\/\/www.lacostituzione.info\/index.php\/2024\/02\/19\/il-giudice-vacante-alla-corte-costituzionale-una-questione-di-numeri\/\">Leggi tutto<\/a><\/p>\n<div class='heateorSssClear'><\/div><div  class='heateor_sss_sharing_container heateor_sss_horizontal_sharing' data-heateor-sss-href='https:\/\/www.lacostituzione.info\/index.php\/2024\/02\/19\/il-giudice-vacante-alla-corte-costituzionale-una-questione-di-numeri\/'><div class='heateor_sss_sharing_title' style=\"font-weight:bold\" >Condividi!<\/div><div class=\"heateor_sss_sharing_ul\"><a aria-label=\"Facebook\" class=\"heateor_sss_facebook\" href=\"https:\/\/www.facebook.com\/sharer\/sharer.php?u=https%3A%2F%2Fwww.lacostituzione.info%2Findex.php%2F2024%2F02%2F19%2Fil-giudice-vacante-alla-corte-costituzionale-una-questione-di-numeri%2F\" title=\"Facebook\" rel=\"nofollow noopener\" target=\"_blank\" style=\"font-size:32px!important;box-shadow:none;display:inline-block;vertical-align:middle\"><span class=\"heateor_sss_svg\" style=\"background-color:#0765FE;width:35px;height:35px;display:inline-block;opacity:1;float:left;font-size:32px;box-shadow:none;display:inline-block;font-size:16px;padding:0 4px;vertical-align:middle;background-repeat:repeat;overflow:hidden;padding:0;cursor:pointer;box-sizing:content-box\"><svg style=\"display:block;\" focusable=\"false\" aria-hidden=\"true\" xmlns=\"http:\/\/www.w3.org\/2000\/svg\" width=\"100%\" height=\"100%\" viewBox=\"0 0 32 32\"><path fill=\"#fff\" d=\"M28 16c0-6.627-5.373-12-12-12S4 9.373 4 16c0 5.628 3.875 10.35 9.101 11.647v-7.98h-2.474V16H13.1v-1.58c0-4.085 1.849-5.978 5.859-5.978.76 0 2.072.15 2.608.298v3.325c-.283-.03-.775-.045-1.386-.045-1.967 0-2.728.745-2.728 2.683V16h3.92l-.673 3.667h-3.247v8.245C23.395 27.195 28 22.135 28 16Z\"><\/path><\/svg><\/span><\/a><a aria-label=\"Twitter\" class=\"heateor_sss_button_twitter\" href=\"https:\/\/twitter.com\/intent\/tweet?text=Il%20giudice%20vacante%20alla%20Corte%20costituzionale%3A%20una%20questione%20di%20numeri&url=https%3A%2F%2Fwww.lacostituzione.info%2Findex.php%2F2024%2F02%2F19%2Fil-giudice-vacante-alla-corte-costituzionale-una-questione-di-numeri%2F\" title=\"Twitter\" rel=\"nofollow noopener\" target=\"_blank\" style=\"font-size:32px!important;box-shadow:none;display:inline-block;vertical-align:middle\"><span class=\"heateor_sss_svg heateor_sss_s__default heateor_sss_s_twitter\" style=\"background-color:#55acee;width:35px;height:35px;display:inline-block;opacity:1;float:left;font-size:32px;box-shadow:none;display:inline-block;font-size:16px;padding:0 4px;vertical-align:middle;background-repeat:repeat;overflow:hidden;padding:0;cursor:pointer;box-sizing:content-box\"><svg style=\"display:block;\" focusable=\"false\" aria-hidden=\"true\" xmlns=\"http:\/\/www.w3.org\/2000\/svg\" width=\"100%\" height=\"100%\" viewBox=\"-4 -4 39 39\"><path d=\"M28 8.557a9.913 9.913 0 0 1-2.828.775 4.93 4.93 0 0 0 2.166-2.725 9.738 9.738 0 0 1-3.13 1.194 4.92 4.92 0 0 0-3.593-1.55 4.924 4.924 0 0 0-4.794 6.049c-4.09-.21-7.72-2.17-10.15-5.15a4.942 4.942 0 0 0-.665 2.477c0 1.71.87 3.214 2.19 4.1a4.968 4.968 0 0 1-2.23-.616v.06c0 2.39 1.7 4.38 3.952 4.83-.414.115-.85.174-1.297.174-.318 0-.626-.03-.928-.086a4.935 4.935 0 0 0 4.6 3.42 9.893 9.893 0 0 1-6.114 2.107c-.398 0-.79-.023-1.175-.068a13.953 13.953 0 0 0 7.55 2.213c9.056 0 14.01-7.507 14.01-14.013 0-.213-.005-.426-.015-.637.96-.695 1.795-1.56 2.455-2.55z\" fill=\"#fff\"><\/path><\/svg><\/span><\/a><a aria-label=\"Reddit\" class=\"heateor_sss_button_reddit\" href=\"https:\/\/reddit.com\/submit?url=https%3A%2F%2Fwww.lacostituzione.info%2Findex.php%2F2024%2F02%2F19%2Fil-giudice-vacante-alla-corte-costituzionale-una-questione-di-numeri%2F&title=Il%20giudice%20vacante%20alla%20Corte%20costituzionale%3A%20una%20questione%20di%20numeri\" title=\"Reddit\" rel=\"nofollow noopener\" target=\"_blank\" style=\"font-size:32px!important;box-shadow:none;display:inline-block;vertical-align:middle\"><span class=\"heateor_sss_svg heateor_sss_s__default heateor_sss_s_reddit\" style=\"background-color:#ff5700;width:35px;height:35px;display:inline-block;opacity:1;float:left;font-size:32px;box-shadow:none;display:inline-block;font-size:16px;padding:0 4px;vertical-align:middle;background-repeat:repeat;overflow:hidden;padding:0;cursor:pointer;box-sizing:content-box\"><svg style=\"display:block;\" focusable=\"false\" aria-hidden=\"true\" xmlns=\"http:\/\/www.w3.org\/2000\/svg\" width=\"100%\" height=\"100%\" viewBox=\"-3.5 -3.5 39 39\"><path d=\"M28.543 15.774a2.953 2.953 0 0 0-2.951-2.949 2.882 2.882 0 0 0-1.9.713 14.075 14.075 0 0 0-6.85-2.044l1.38-4.349 3.768.884a2.452 2.452 0 1 0 .24-1.176l-4.274-1a.6.6 0 0 0-.709.4l-1.659 5.224a14.314 14.314 0 0 0-7.316 2.029 2.908 2.908 0 0 0-1.872-.681 2.942 2.942 0 0 0-1.618 5.4 5.109 5.109 0 0 0-.062.765c0 4.158 5.037 7.541 11.229 7.541s11.22-3.383 11.22-7.541a5.2 5.2 0 0 0-.053-.706 2.963 2.963 0 0 0 1.427-2.51zm-18.008 1.88a1.753 1.753 0 0 1 1.73-1.74 1.73 1.73 0 0 1 1.709 1.74 1.709 1.709 0 0 1-1.709 1.711 1.733 1.733 0 0 1-1.73-1.711zm9.565 4.968a5.573 5.573 0 0 1-4.081 1.272h-.032a5.576 5.576 0 0 1-4.087-1.272.6.6 0 0 1 .844-.854 4.5 4.5 0 0 0 3.238.927h.032a4.5 4.5 0 0 0 3.237-.927.6.6 0 1 1 .844.854zm-.331-3.256a1.726 1.726 0 1 1 1.709-1.712 1.717 1.717 0 0 1-1.712 1.712z\" fill=\"#fff\"\/><\/svg><\/span><\/a><a aria-label=\"Linkedin\" class=\"heateor_sss_button_linkedin\" href=\"https:\/\/www.linkedin.com\/sharing\/share-offsite\/?url=https%3A%2F%2Fwww.lacostituzione.info%2Findex.php%2F2024%2F02%2F19%2Fil-giudice-vacante-alla-corte-costituzionale-una-questione-di-numeri%2F\" title=\"Linkedin\" rel=\"nofollow noopener\" target=\"_blank\" style=\"font-size:32px!important;box-shadow:none;display:inline-block;vertical-align:middle\"><span class=\"heateor_sss_svg heateor_sss_s__default heateor_sss_s_linkedin\" style=\"background-color:#0077b5;width:35px;height:35px;display:inline-block;opacity:1;float:left;font-size:32px;box-shadow:none;display:inline-block;font-size:16px;padding:0 4px;vertical-align:middle;background-repeat:repeat;overflow:hidden;padding:0;cursor:pointer;box-sizing:content-box\"><svg style=\"display:block;\" focusable=\"false\" aria-hidden=\"true\" xmlns=\"http:\/\/www.w3.org\/2000\/svg\" width=\"100%\" height=\"100%\" viewBox=\"0 0 32 32\"><path d=\"M6.227 12.61h4.19v13.48h-4.19V12.61zm2.095-6.7a2.43 2.43 0 0 1 0 4.86c-1.344 0-2.428-1.09-2.428-2.43s1.084-2.43 2.428-2.43m4.72 6.7h4.02v1.84h.058c.56-1.058 1.927-2.176 3.965-2.176 4.238 0 5.02 2.792 5.02 6.42v7.395h-4.183v-6.56c0-1.564-.03-3.574-2.178-3.574-2.18 0-2.514 1.7-2.514 3.46v6.668h-4.187V12.61z\" fill=\"#fff\"><\/path><\/svg><\/span><\/a><a aria-label=\"Pinterest\" class=\"heateor_sss_button_pinterest\" href=\"https:\/\/www.lacostituzione.info\/index.php\/2024\/02\/19\/il-giudice-vacante-alla-corte-costituzionale-una-questione-di-numeri\/\" onclick=\"event.preventDefault();javascript:void( (function() {var e=document.createElement('script' );e.setAttribute('type','text\/javascript' );e.setAttribute('charset','UTF-8' );e.setAttribute('src','\/\/assets.pinterest.com\/js\/pinmarklet.js?r='+Math.random()*99999999);document.body.appendChild(e)})());\" title=\"Pinterest\" rel=\"noopener\" style=\"font-size:32px!important;box-shadow:none;display:inline-block;vertical-align:middle\"><span class=\"heateor_sss_svg heateor_sss_s__default heateor_sss_s_pinterest\" style=\"background-color:#cc2329;width:35px;height:35px;display:inline-block;opacity:1;float:left;font-size:32px;box-shadow:none;display:inline-block;font-size:16px;padding:0 4px;vertical-align:middle;background-repeat:repeat;overflow:hidden;padding:0;cursor:pointer;box-sizing:content-box\"><svg style=\"display:block;\" focusable=\"false\" aria-hidden=\"true\" xmlns=\"http:\/\/www.w3.org\/2000\/svg\" width=\"100%\" height=\"100%\" viewBox=\"-2 -2 35 35\"><path fill=\"#fff\" d=\"M16.539 4.5c-6.277 0-9.442 4.5-9.442 8.253 0 2.272.86 4.293 2.705 5.046.303.125.574.005.662-.33.061-.231.205-.816.27-1.06.088-.331.053-.447-.191-.736-.532-.627-.873-1.439-.873-2.591 0-3.338 2.498-6.327 6.505-6.327 3.548 0 5.497 2.168 5.497 5.062 0 3.81-1.686 7.025-4.188 7.025-1.382 0-2.416-1.142-2.085-2.545.397-1.674 1.166-3.48 1.166-4.689 0-1.081-.581-1.983-1.782-1.983-1.413 0-2.548 1.462-2.548 3.419 0 1.247.421 2.091.421 2.091l-1.699 7.199c-.505 2.137-.076 4.755-.039 5.019.021.158.223.196.314.077.13-.17 1.813-2.247 2.384-4.324.162-.587.929-3.631.929-3.631.46.876 1.801 1.646 3.227 1.646 4.247 0 7.128-3.871 7.128-9.053.003-3.918-3.317-7.568-8.361-7.568z\"\/><\/svg><\/span><\/a><a aria-label=\"Whatsapp\" class=\"heateor_sss_whatsapp\" href=\"https:\/\/api.whatsapp.com\/send?text=Il%20giudice%20vacante%20alla%20Corte%20costituzionale%3A%20una%20questione%20di%20numeri%20https%3A%2F%2Fwww.lacostituzione.info%2Findex.php%2F2024%2F02%2F19%2Fil-giudice-vacante-alla-corte-costituzionale-una-questione-di-numeri%2F\" title=\"Whatsapp\" rel=\"nofollow noopener\" target=\"_blank\" style=\"font-size:32px!important;box-shadow:none;display:inline-block;vertical-align:middle\"><span class=\"heateor_sss_svg\" style=\"background-color:#55eb4c;width:35px;height:35px;display:inline-block;opacity:1;float:left;font-size:32px;box-shadow:none;display:inline-block;font-size:16px;padding:0 4px;vertical-align:middle;background-repeat:repeat;overflow:hidden;padding:0;cursor:pointer;box-sizing:content-box\"><svg style=\"display:block;\" focusable=\"false\" aria-hidden=\"true\" xmlns=\"http:\/\/www.w3.org\/2000\/svg\" width=\"100%\" height=\"100%\" viewBox=\"-6 -5 40 40\"><path class=\"heateor_sss_svg_stroke heateor_sss_no_fill\" stroke=\"#fff\" stroke-width=\"2\" fill=\"none\" d=\"M 11.579798566743314 24.396926207859085 A 10 10 0 1 0 6.808479557110079 20.73576436351046\"><\/path><path d=\"M 7 19 l -1 6 l 6 -1\" class=\"heateor_sss_no_fill heateor_sss_svg_stroke\" stroke=\"#fff\" stroke-width=\"2\" fill=\"none\"><\/path><path d=\"M 10 10 q -1 8 8 11 c 5 -1 0 -6 -1 -3 q -4 -3 -5 -5 c 4 -2 -1 -5 -1 -4\" fill=\"#fff\"><\/path><\/svg><\/span><\/a><\/div><div class=\"heateorSssClear\"><\/div><\/div><div class='heateorSssClear'><\/div>","protected":false},"author":1,"featured_media":0,"comment_status":"open","ping_status":"open","sticky":false,"template":"","format":"standard","meta":{"jetpack_post_was_ever_published":false,"_jetpack_newsletter_access":"","_jetpack_dont_email_post_to_subs":false,"_jetpack_newsletter_tier_id":0,"_jetpack_memberships_contains_paywalled_content":false,"_jetpack_memberships_contains_paid_content":false,"footnotes":"","jetpack_publicize_message":"","jetpack_publicize_feature_enabled":true,"jetpack_social_post_already_shared":false,"jetpack_social_options":{"image_generator_settings":{"template":"highway","default_image_id":0,"enabled":false},"version":2}},"categories":[12],"tags":[149,1708,1707],"class_list":["post-9075","post","type-post","status-publish","format-standard","hentry","category-editoriale","tag-corte-costituzionale","tag-elezione-giudici-costituzionali","tag-giudici-costituzionali"],"jetpack_publicize_connections":[],"jetpack_featured_media_url":"","jetpack_shortlink":"https:\/\/wp.me\/p84sDq-2mn","jetpack_likes_enabled":true,"jetpack_sharing_enabled":true,"_links":{"self":[{"href":"https:\/\/www.lacostituzione.info\/index.php\/wp-json\/wp\/v2\/posts\/9075","targetHints":{"allow":["GET"]}}],"collection":[{"href":"https:\/\/www.lacostituzione.info\/index.php\/wp-json\/wp\/v2\/posts"}],"about":[{"href":"https:\/\/www.lacostituzione.info\/index.php\/wp-json\/wp\/v2\/types\/post"}],"author":[{"embeddable":true,"href":"https:\/\/www.lacostituzione.info\/index.php\/wp-json\/wp\/v2\/users\/1"}],"replies":[{"embeddable":true,"href":"https:\/\/www.lacostituzione.info\/index.php\/wp-json\/wp\/v2\/comments?post=9075"}],"version-history":[{"count":0,"href":"https:\/\/www.lacostituzione.info\/index.php\/wp-json\/wp\/v2\/posts\/9075\/revisions"}],"wp:attachment":[{"href":"https:\/\/www.lacostituzione.info\/index.php\/wp-json\/wp\/v2\/media?parent=9075"}],"wp:term":[{"taxonomy":"category","embeddable":true,"href":"https:\/\/www.lacostituzione.info\/index.php\/wp-json\/wp\/v2\/categories?post=9075"},{"taxonomy":"post_tag","embeddable":true,"href":"https:\/\/www.lacostituzione.info\/index.php\/wp-json\/wp\/v2\/tags?post=9075"}],"curies":[{"name":"wp","href":"https:\/\/api.w.org\/{rel}","templated":true}]}}