{"id":9231,"date":"2024-07-02T19:12:59","date_gmt":"2024-07-02T17:12:59","guid":{"rendered":"http:\/\/www.lacostituzione.info\/?p=9231"},"modified":"2024-07-02T19:13:11","modified_gmt":"2024-07-02T17:13:11","slug":"autonomia-differenziata-e-tempo-di-conti-anche-per-le-regioni-scalpitanti","status":"publish","type":"post","link":"https:\/\/www.lacostituzione.info\/index.php\/2024\/07\/02\/autonomia-differenziata-e-tempo-di-conti-anche-per-le-regioni-scalpitanti\/","title":{"rendered":"Autonomia differenziata? \u00c8 tempo di conti anche per le Regioni scalpitanti"},"content":{"rendered":"\n\n\n<p><img loading=\"lazy\" decoding=\"async\" data-attachment-id=\"9233\" data-permalink=\"https:\/\/www.lacostituzione.info\/index.php\/2024\/07\/02\/autonomia-differenziata-e-tempo-di-conti-anche-per-le-regioni-scalpitanti\/zaia-2\/#main\" data-orig-file=\"https:\/\/www.lacostituzione.info\/wp-content\/uploads\/2024\/07\/zaia.jpg\" data-orig-size=\"1200,800\" data-comments-opened=\"1\" data-image-meta=\"{&quot;aperture&quot;:&quot;0&quot;,&quot;credit&quot;:&quot;&quot;,&quot;camera&quot;:&quot;&quot;,&quot;caption&quot;:&quot;&quot;,&quot;created_timestamp&quot;:&quot;0&quot;,&quot;copyright&quot;:&quot;&quot;,&quot;focal_length&quot;:&quot;0&quot;,&quot;iso&quot;:&quot;0&quot;,&quot;shutter_speed&quot;:&quot;0&quot;,&quot;title&quot;:&quot;&quot;,&quot;orientation&quot;:&quot;0&quot;}\" data-image-title=\"zaia\" data-image-description=\"\" data-image-caption=\"\" data-medium-file=\"https:\/\/www.lacostituzione.info\/wp-content\/uploads\/2024\/07\/zaia-300x200.jpg\" data-large-file=\"https:\/\/www.lacostituzione.info\/wp-content\/uploads\/2024\/07\/zaia-1024x683.jpg\" class=\"alignleft size-thumbnail wp-image-9233\" src=\"http:\/\/www.lacostituzione.info\/wp-content\/uploads\/2024\/07\/zaia-150x150.jpg\" alt=\"\" width=\"150\" height=\"150\" \/>di\u00a0<strong>Camilla Buzzacchi<\/strong><\/p>\n<p>Approvata la legge n. 86 del 2024 recante <em>Disposizioni per l&#8217;attuazione dell&#8217;autonomia differenziata delle Regioni a statuto ordinario ai sensi dell&#8217;articolo 116, terzo comma, della Costituzione<\/em>, il ministro che ne ha sostenuto l\u2019iniziativa ed il percorso nonch\u00e9 il Governo, che dichiara il disegno di differenziazione di tutta coerenza con il quadro politico, territoriale, economico e finanziario del Paese, mostrano la soddisfazione di chi \u00e8 arrivato all\u2019obiettivo.<!--more--><\/p>\n<p>Peraltro, tale percezione sembra dimostrata dall\u2019immediata presentazione di <a href=\"https:\/\/tg24.sky.it\/politica\/2024\/07\/01\/veneto-autonomia-differenziata-richiesta\">richiesta di competenze \u201cnon Lep\u201d<\/a> che la Regione Veneto \u2013 senza perdere tempo \u2013 ha avanzato il 1 luglio. In realt\u00e0 non limitandosi alle 9 materie non Lep \u2013 organizzazione della giustizia di pace, rapporti internazionali e con l\u2019Unione della Regione, commercio con l\u2019estero, professioni, protezione civile, previdenza complementare e integrativa, coordinamento della finanza pubblica e del sistema tributario, casse di risparmio, casse rurali, aziende di credito a carattere regionale, e per finire enti di credito fondiario e agrario a carattere regionale \u2013 ma recuperando, per un avvio di verifiche, anche le materie \u201cLep\u201d alle quali con la bozza di intesa del 2018 gi\u00e0 si era candidata. E dunque attribuzioni di grandissimo rilievo sul terreno delle politiche del lavoro, dell\u2019istruzione, della salute, nonch\u00e9 della tutela dell\u2019ambiente e dell\u2019ecosistema: materie che indubbiamente determineranno dilatazione della spesa regionale. Le istituzioni della Serenissima devono essersi fatte i conti necessari in vista dello sforzo fiscale che sosterr\u00e0 un tale complesso di funzioni\/competenze, se con tale sicurezza gi\u00e0 si sbilanciano nella direzione dell\u2019acquisto di politiche onerose. Tanto quelle che prevedono prestazioni \u2013 le materie \u201cLep\u201d \u2013 quanto quelle che non sono soggette all\u2019individuazione di costi e fabbisogni standard, ma che difficilmente si pu\u00f2 sostenere che non incideranno in maniera significativa sulla spesa regionale.<\/p>\n<p>In questo passaggio dell\u2019integrazione europea, connotato dalla riscrittura della c.d. \u201cgovernance economica europea\u201d, e dunque delle regole fiscali dell\u2019area euro, forse sfugge a qualcuno che la Repubblica sta andando incontro a una traiettoria di aggiustamento delle politiche finanziarie da concordare con le istituzioni europee, peraltro in corso di formazione e insediamento, che preveder\u00e0 una precisa ridefinizione della spesa. Ridefinizione che non riguarder\u00e0 solo lo Stato centrale, ma chieder\u00e0 il concorso del sistema denominato di \u201cfinanza pubblica allargata\u201d: a cui concorre l\u2019amministrazione centrale ma anche l\u2019ultimo Comune d\u2019Italia.<\/p>\n<p>Se questo \u00e8 chiaro alle istituzioni romane come a quelle dei territori, vi \u00e8 da chiedersi come sia pensabile \u2013 ed opportuna \u2013 la fuga in avanti di amministratori regionali, che sembrano continuare a ragionare in termini di \u201csovranismo\u201d fiscale e finanziario. Come se il piano fiscale che a fine estate il Mef concorder\u00e0 con la Commissione non dovr\u00e0 individuare volumi di spesa \u2013 e conseguenti flussi di entrata \u2013 che non possono non tener conto di funzioni di primaria incidenza che, a breve, passerebbero ad alcune Regioni senza che ancora si sappia quale spesa esse assorbiranno, e dunque quali compartecipazioni al gettito erariale riferito al territorio dovranno impiegare. Se, in conformit\u00e0 alla legge n. 86\/2024, queste saranno le risorse che finanzieranno le nuove prerogative regionali<\/p>\n<p>Che piacciano o no le regole della nuova governance economica europea, il punto su cui \u00e8 inutile discutere \u00e8 che il faro verr\u00e0 acceso sulla spesa. Quella dello Stato, che deve per\u00f2 essere determinata con piena consapevolezza della quantit\u00e0 di risorse che si sposteranno sui territori \u201cdifferenziati\u201d: e che potranno ulteriormente essere da preventivare, se le competenze di nuova acquisizione, sulla base delle leggi che recepiranno le intese, daranno luogo a difficolt\u00e0 nei contesti regionali e, dunque, a nuovi finanziamenti da parte dello Stato.<\/p>\n<p>Lombardia, Veneto ed Emilia-Romagna non hanno ancora fornito dati e analisi che dimostrano la sostenibilit\u00e0 finanziaria delle competenze che chiedono; n\u00e9 che escludano situazioni di difficolt\u00e0, a fronte delle quali come potr\u00e0 lo Stato rifiutarsi di rifinanziare servizi e prestazioni per i cittadini delle Regioni \u201cdifferenziate\u201d?<\/p>\n<p>La stessa legge Calderoli dimostra ampia consapevolezza di uno scenario di incertezza, perch\u00e9 prevede una durata decennale delle intese e perch\u00e9 introduce un monitoraggio, che sar\u00e0 forzatamente seguito da rimedi, se le Regioni ad autonomia \u201cpotenziata\u201d non riusciranno a reggere finanziariamente l\u2019impatto delle nuove politiche. E, si ribadisce, nessun dato oggettivo, che rassicuri rispetto a tale esito infausto, \u00e8 stato ad oggi portato all\u2019evidenza.<\/p>\n<p>Potrebbe essere saggio attendere l\u2019autunno per vedere il cammino di revisione della spesa che attende la Repubblica italiana: la Corte dei conti ha richiamato con forza l\u2019attenzione su questo sviluppo a breve nella recentissima approvazione del giudizio di parifica del rendiconto consuntivo dello Stato. E solo a seguito della definizione degli impegni che il Governo assumer\u00e0 con la Commissione si potr\u00e0 poi capire quanto l\u2019ebbrezza della differenziazione sia compatibile con il rientro del debito e con la riduzione della spesa dello Stato, che copriranno un arco temporale da qui alla fine del decennio. Rientro del debito e riduzione della spesa che sembrano qualcosa che riguardi solo lo Stato, ma inevitabilmente sono una prospettiva che ricade su tutto l\u2019ordinamento. Cos\u00ec come l\u2019intesa di una Regione che si candida a utilizzare l\u2019art. 116.3 Cost. sembra qualcosa che riguarda solo la Regione, ma inevitabilmente \u00e8 un orizzonte che riguarda tutto l\u2019ordinamento repubblicano.<\/p>\n<p>\u00a0<\/p>\n","protected":false},"excerpt":{"rendered":"<p>di\u00a0Camilla Buzzacchi Approvata la legge n. 86 del 2024 recante Disposizioni per l&#8217;attuazione dell&#8217;autonomia differenziata delle Regioni a statuto ordinario ai sensi dell&#8217;articolo 116, terzo comma, della Costituzione, il ministro che ne ha sostenuto l\u2019iniziativa ed il percorso nonch\u00e9 il Governo, che dichiara il disegno di differenziazione di tutta coerenza con il quadro politico, territoriale, &#8230; <a title=\"Autonomia differenziata? \u00c8 tempo di conti anche per le Regioni scalpitanti\" class=\"read-more\" href=\"https:\/\/www.lacostituzione.info\/index.php\/2024\/07\/02\/autonomia-differenziata-e-tempo-di-conti-anche-per-le-regioni-scalpitanti\/\">Leggi tutto<\/a><\/p>\n<div class='heateorSssClear'><\/div><div  class='heateor_sss_sharing_container heateor_sss_horizontal_sharing' data-heateor-sss-href='https:\/\/www.lacostituzione.info\/index.php\/2024\/07\/02\/autonomia-differenziata-e-tempo-di-conti-anche-per-le-regioni-scalpitanti\/'><div class='heateor_sss_sharing_title' style=\"font-weight:bold\" >Condividi!<\/div><div class=\"heateor_sss_sharing_ul\"><a aria-label=\"Facebook\" class=\"heateor_sss_facebook\" href=\"https:\/\/www.facebook.com\/sharer\/sharer.php?u=https%3A%2F%2Fwww.lacostituzione.info%2Findex.php%2F2024%2F07%2F02%2Fautonomia-differenziata-e-tempo-di-conti-anche-per-le-regioni-scalpitanti%2F\" title=\"Facebook\" rel=\"nofollow noopener\" target=\"_blank\" style=\"font-size:32px!important;box-shadow:none;display:inline-block;vertical-align:middle\"><span class=\"heateor_sss_svg\" style=\"background-color:#0765FE;width:35px;height:35px;display:inline-block;opacity:1;float:left;font-size:32px;box-shadow:none;display:inline-block;font-size:16px;padding:0 4px;vertical-align:middle;background-repeat:repeat;overflow:hidden;padding:0;cursor:pointer;box-sizing:content-box\"><svg style=\"display:block;\" focusable=\"false\" aria-hidden=\"true\" xmlns=\"http:\/\/www.w3.org\/2000\/svg\" width=\"100%\" height=\"100%\" viewBox=\"0 0 32 32\"><path fill=\"#fff\" d=\"M28 16c0-6.627-5.373-12-12-12S4 9.373 4 16c0 5.628 3.875 10.35 9.101 11.647v-7.98h-2.474V16H13.1v-1.58c0-4.085 1.849-5.978 5.859-5.978.76 0 2.072.15 2.608.298v3.325c-.283-.03-.775-.045-1.386-.045-1.967 0-2.728.745-2.728 2.683V16h3.92l-.673 3.667h-3.247v8.245C23.395 27.195 28 22.135 28 16Z\"><\/path><\/svg><\/span><\/a><a aria-label=\"Twitter\" class=\"heateor_sss_button_twitter\" href=\"https:\/\/twitter.com\/intent\/tweet?text=Autonomia%20differenziata%3F%20%C3%88%20tempo%20di%20conti%20anche%20per%20le%20Regioni%20scalpitanti&url=https%3A%2F%2Fwww.lacostituzione.info%2Findex.php%2F2024%2F07%2F02%2Fautonomia-differenziata-e-tempo-di-conti-anche-per-le-regioni-scalpitanti%2F\" title=\"Twitter\" rel=\"nofollow noopener\" target=\"_blank\" style=\"font-size:32px!important;box-shadow:none;display:inline-block;vertical-align:middle\"><span class=\"heateor_sss_svg heateor_sss_s__default heateor_sss_s_twitter\" style=\"background-color:#55acee;width:35px;height:35px;display:inline-block;opacity:1;float:left;font-size:32px;box-shadow:none;display:inline-block;font-size:16px;padding:0 4px;vertical-align:middle;background-repeat:repeat;overflow:hidden;padding:0;cursor:pointer;box-sizing:content-box\"><svg style=\"display:block;\" focusable=\"false\" aria-hidden=\"true\" xmlns=\"http:\/\/www.w3.org\/2000\/svg\" width=\"100%\" height=\"100%\" viewBox=\"-4 -4 39 39\"><path d=\"M28 8.557a9.913 9.913 0 0 1-2.828.775 4.93 4.93 0 0 0 2.166-2.725 9.738 9.738 0 0 1-3.13 1.194 4.92 4.92 0 0 0-3.593-1.55 4.924 4.924 0 0 0-4.794 6.049c-4.09-.21-7.72-2.17-10.15-5.15a4.942 4.942 0 0 0-.665 2.477c0 1.71.87 3.214 2.19 4.1a4.968 4.968 0 0 1-2.23-.616v.06c0 2.39 1.7 4.38 3.952 4.83-.414.115-.85.174-1.297.174-.318 0-.626-.03-.928-.086a4.935 4.935 0 0 0 4.6 3.42 9.893 9.893 0 0 1-6.114 2.107c-.398 0-.79-.023-1.175-.068a13.953 13.953 0 0 0 7.55 2.213c9.056 0 14.01-7.507 14.01-14.013 0-.213-.005-.426-.015-.637.96-.695 1.795-1.56 2.455-2.55z\" fill=\"#fff\"><\/path><\/svg><\/span><\/a><a aria-label=\"Reddit\" class=\"heateor_sss_button_reddit\" href=\"https:\/\/reddit.com\/submit?url=https%3A%2F%2Fwww.lacostituzione.info%2Findex.php%2F2024%2F07%2F02%2Fautonomia-differenziata-e-tempo-di-conti-anche-per-le-regioni-scalpitanti%2F&title=Autonomia%20differenziata%3F%20%C3%88%20tempo%20di%20conti%20anche%20per%20le%20Regioni%20scalpitanti\" title=\"Reddit\" rel=\"nofollow noopener\" target=\"_blank\" style=\"font-size:32px!important;box-shadow:none;display:inline-block;vertical-align:middle\"><span class=\"heateor_sss_svg heateor_sss_s__default heateor_sss_s_reddit\" style=\"background-color:#ff5700;width:35px;height:35px;display:inline-block;opacity:1;float:left;font-size:32px;box-shadow:none;display:inline-block;font-size:16px;padding:0 4px;vertical-align:middle;background-repeat:repeat;overflow:hidden;padding:0;cursor:pointer;box-sizing:content-box\"><svg style=\"display:block;\" focusable=\"false\" aria-hidden=\"true\" xmlns=\"http:\/\/www.w3.org\/2000\/svg\" width=\"100%\" height=\"100%\" viewBox=\"-3.5 -3.5 39 39\"><path d=\"M28.543 15.774a2.953 2.953 0 0 0-2.951-2.949 2.882 2.882 0 0 0-1.9.713 14.075 14.075 0 0 0-6.85-2.044l1.38-4.349 3.768.884a2.452 2.452 0 1 0 .24-1.176l-4.274-1a.6.6 0 0 0-.709.4l-1.659 5.224a14.314 14.314 0 0 0-7.316 2.029 2.908 2.908 0 0 0-1.872-.681 2.942 2.942 0 0 0-1.618 5.4 5.109 5.109 0 0 0-.062.765c0 4.158 5.037 7.541 11.229 7.541s11.22-3.383 11.22-7.541a5.2 5.2 0 0 0-.053-.706 2.963 2.963 0 0 0 1.427-2.51zm-18.008 1.88a1.753 1.753 0 0 1 1.73-1.74 1.73 1.73 0 0 1 1.709 1.74 1.709 1.709 0 0 1-1.709 1.711 1.733 1.733 0 0 1-1.73-1.711zm9.565 4.968a5.573 5.573 0 0 1-4.081 1.272h-.032a5.576 5.576 0 0 1-4.087-1.272.6.6 0 0 1 .844-.854 4.5 4.5 0 0 0 3.238.927h.032a4.5 4.5 0 0 0 3.237-.927.6.6 0 1 1 .844.854zm-.331-3.256a1.726 1.726 0 1 1 1.709-1.712 1.717 1.717 0 0 1-1.712 1.712z\" fill=\"#fff\"\/><\/svg><\/span><\/a><a aria-label=\"Linkedin\" class=\"heateor_sss_button_linkedin\" href=\"https:\/\/www.linkedin.com\/sharing\/share-offsite\/?url=https%3A%2F%2Fwww.lacostituzione.info%2Findex.php%2F2024%2F07%2F02%2Fautonomia-differenziata-e-tempo-di-conti-anche-per-le-regioni-scalpitanti%2F\" title=\"Linkedin\" rel=\"nofollow noopener\" target=\"_blank\" style=\"font-size:32px!important;box-shadow:none;display:inline-block;vertical-align:middle\"><span class=\"heateor_sss_svg heateor_sss_s__default heateor_sss_s_linkedin\" style=\"background-color:#0077b5;width:35px;height:35px;display:inline-block;opacity:1;float:left;font-size:32px;box-shadow:none;display:inline-block;font-size:16px;padding:0 4px;vertical-align:middle;background-repeat:repeat;overflow:hidden;padding:0;cursor:pointer;box-sizing:content-box\"><svg style=\"display:block;\" focusable=\"false\" aria-hidden=\"true\" xmlns=\"http:\/\/www.w3.org\/2000\/svg\" width=\"100%\" height=\"100%\" viewBox=\"0 0 32 32\"><path d=\"M6.227 12.61h4.19v13.48h-4.19V12.61zm2.095-6.7a2.43 2.43 0 0 1 0 4.86c-1.344 0-2.428-1.09-2.428-2.43s1.084-2.43 2.428-2.43m4.72 6.7h4.02v1.84h.058c.56-1.058 1.927-2.176 3.965-2.176 4.238 0 5.02 2.792 5.02 6.42v7.395h-4.183v-6.56c0-1.564-.03-3.574-2.178-3.574-2.18 0-2.514 1.7-2.514 3.46v6.668h-4.187V12.61z\" fill=\"#fff\"><\/path><\/svg><\/span><\/a><a aria-label=\"Pinterest\" class=\"heateor_sss_button_pinterest\" href=\"https:\/\/www.lacostituzione.info\/index.php\/2024\/07\/02\/autonomia-differenziata-e-tempo-di-conti-anche-per-le-regioni-scalpitanti\/\" onclick=\"event.preventDefault();javascript:void( (function() {var e=document.createElement('script' );e.setAttribute('type','text\/javascript' );e.setAttribute('charset','UTF-8' );e.setAttribute('src','\/\/assets.pinterest.com\/js\/pinmarklet.js?r='+Math.random()*99999999);document.body.appendChild(e)})());\" title=\"Pinterest\" rel=\"noopener\" style=\"font-size:32px!important;box-shadow:none;display:inline-block;vertical-align:middle\"><span class=\"heateor_sss_svg heateor_sss_s__default heateor_sss_s_pinterest\" style=\"background-color:#cc2329;width:35px;height:35px;display:inline-block;opacity:1;float:left;font-size:32px;box-shadow:none;display:inline-block;font-size:16px;padding:0 4px;vertical-align:middle;background-repeat:repeat;overflow:hidden;padding:0;cursor:pointer;box-sizing:content-box\"><svg style=\"display:block;\" focusable=\"false\" aria-hidden=\"true\" xmlns=\"http:\/\/www.w3.org\/2000\/svg\" width=\"100%\" height=\"100%\" viewBox=\"-2 -2 35 35\"><path fill=\"#fff\" d=\"M16.539 4.5c-6.277 0-9.442 4.5-9.442 8.253 0 2.272.86 4.293 2.705 5.046.303.125.574.005.662-.33.061-.231.205-.816.27-1.06.088-.331.053-.447-.191-.736-.532-.627-.873-1.439-.873-2.591 0-3.338 2.498-6.327 6.505-6.327 3.548 0 5.497 2.168 5.497 5.062 0 3.81-1.686 7.025-4.188 7.025-1.382 0-2.416-1.142-2.085-2.545.397-1.674 1.166-3.48 1.166-4.689 0-1.081-.581-1.983-1.782-1.983-1.413 0-2.548 1.462-2.548 3.419 0 1.247.421 2.091.421 2.091l-1.699 7.199c-.505 2.137-.076 4.755-.039 5.019.021.158.223.196.314.077.13-.17 1.813-2.247 2.384-4.324.162-.587.929-3.631.929-3.631.46.876 1.801 1.646 3.227 1.646 4.247 0 7.128-3.871 7.128-9.053.003-3.918-3.317-7.568-8.361-7.568z\"\/><\/svg><\/span><\/a><a aria-label=\"Whatsapp\" class=\"heateor_sss_whatsapp\" href=\"https:\/\/api.whatsapp.com\/send?text=Autonomia%20differenziata%3F%20%C3%88%20tempo%20di%20conti%20anche%20per%20le%20Regioni%20scalpitanti%20https%3A%2F%2Fwww.lacostituzione.info%2Findex.php%2F2024%2F07%2F02%2Fautonomia-differenziata-e-tempo-di-conti-anche-per-le-regioni-scalpitanti%2F\" title=\"Whatsapp\" rel=\"nofollow noopener\" target=\"_blank\" style=\"font-size:32px!important;box-shadow:none;display:inline-block;vertical-align:middle\"><span class=\"heateor_sss_svg\" style=\"background-color:#55eb4c;width:35px;height:35px;display:inline-block;opacity:1;float:left;font-size:32px;box-shadow:none;display:inline-block;font-size:16px;padding:0 4px;vertical-align:middle;background-repeat:repeat;overflow:hidden;padding:0;cursor:pointer;box-sizing:content-box\"><svg style=\"display:block;\" focusable=\"false\" aria-hidden=\"true\" xmlns=\"http:\/\/www.w3.org\/2000\/svg\" width=\"100%\" height=\"100%\" viewBox=\"-6 -5 40 40\"><path class=\"heateor_sss_svg_stroke heateor_sss_no_fill\" stroke=\"#fff\" stroke-width=\"2\" fill=\"none\" d=\"M 11.579798566743314 24.396926207859085 A 10 10 0 1 0 6.808479557110079 20.73576436351046\"><\/path><path d=\"M 7 19 l -1 6 l 6 -1\" class=\"heateor_sss_no_fill heateor_sss_svg_stroke\" stroke=\"#fff\" stroke-width=\"2\" fill=\"none\"><\/path><path d=\"M 10 10 q -1 8 8 11 c 5 -1 0 -6 -1 -3 q -4 -3 -5 -5 c 4 -2 -1 -5 -1 -4\" fill=\"#fff\"><\/path><\/svg><\/span><\/a><\/div><div class=\"heateorSssClear\"><\/div><\/div><div class='heateorSssClear'><\/div>","protected":false},"author":1,"featured_media":0,"comment_status":"open","ping_status":"open","sticky":false,"template":"","format":"standard","meta":{"jetpack_post_was_ever_published":false,"_jetpack_newsletter_access":"","_jetpack_dont_email_post_to_subs":false,"_jetpack_newsletter_tier_id":0,"_jetpack_memberships_contains_paywalled_content":false,"_jetpack_memberships_contains_paid_content":false,"footnotes":"","jetpack_publicize_message":"","jetpack_publicize_feature_enabled":true,"jetpack_social_post_already_shared":false,"jetpack_social_options":{"image_generator_settings":{"template":"highway","default_image_id":0,"enabled":false},"version":2}},"categories":[4],"tags":[1646,296,301,130],"class_list":["post-9231","post","type-post","status-publish","format-standard","hentry","category-attualita","tag-autonomia-differenziata","tag-debito-pubblico","tag-finanza-regionale","tag-veneto"],"jetpack_publicize_connections":[],"jetpack_featured_media_url":"","jetpack_shortlink":"https:\/\/wp.me\/p84sDq-2oT","jetpack_likes_enabled":true,"jetpack_sharing_enabled":true,"_links":{"self":[{"href":"https:\/\/www.lacostituzione.info\/index.php\/wp-json\/wp\/v2\/posts\/9231","targetHints":{"allow":["GET"]}}],"collection":[{"href":"https:\/\/www.lacostituzione.info\/index.php\/wp-json\/wp\/v2\/posts"}],"about":[{"href":"https:\/\/www.lacostituzione.info\/index.php\/wp-json\/wp\/v2\/types\/post"}],"author":[{"embeddable":true,"href":"https:\/\/www.lacostituzione.info\/index.php\/wp-json\/wp\/v2\/users\/1"}],"replies":[{"embeddable":true,"href":"https:\/\/www.lacostituzione.info\/index.php\/wp-json\/wp\/v2\/comments?post=9231"}],"version-history":[{"count":0,"href":"https:\/\/www.lacostituzione.info\/index.php\/wp-json\/wp\/v2\/posts\/9231\/revisions"}],"wp:attachment":[{"href":"https:\/\/www.lacostituzione.info\/index.php\/wp-json\/wp\/v2\/media?parent=9231"}],"wp:term":[{"taxonomy":"category","embeddable":true,"href":"https:\/\/www.lacostituzione.info\/index.php\/wp-json\/wp\/v2\/categories?post=9231"},{"taxonomy":"post_tag","embeddable":true,"href":"https:\/\/www.lacostituzione.info\/index.php\/wp-json\/wp\/v2\/tags?post=9231"}],"curies":[{"name":"wp","href":"https:\/\/api.w.org\/{rel}","templated":true}]}}