{"id":9255,"date":"2024-07-17T10:34:01","date_gmt":"2024-07-17T08:34:01","guid":{"rendered":"http:\/\/www.lacostituzione.info\/?p=9255"},"modified":"2024-07-17T10:34:12","modified_gmt":"2024-07-17T08:34:12","slug":"la-sentenza-giudizio-universale-e-il-minimo-costituzionale-tra-costituzione-e-cedu","status":"publish","type":"post","link":"https:\/\/www.lacostituzione.info\/index.php\/2024\/07\/17\/la-sentenza-giudizio-universale-e-il-minimo-costituzionale-tra-costituzione-e-cedu\/","title":{"rendered":"La sentenza \u201cGiudizio Universale\u201d e il \u201cminimo costituzionale\u201d tra Costituzione e CEDU"},"content":{"rendered":"\n<p style=\"text-align: center;\"><img loading=\"lazy\" decoding=\"async\" data-attachment-id=\"8972\" data-permalink=\"https:\/\/www.lacostituzione.info\/index.php\/2023\/12\/30\/la-fine-delluso-aziendale-della-costituzione-nella-saga-ex-ilva\/ilva\/#main\" data-orig-file=\"https:\/\/www.lacostituzione.info\/wp-content\/uploads\/2023\/12\/ilva.jpg\" data-orig-size=\"690,362\" data-comments-opened=\"1\" data-image-meta=\"{&quot;aperture&quot;:&quot;0&quot;,&quot;credit&quot;:&quot;&quot;,&quot;camera&quot;:&quot;&quot;,&quot;caption&quot;:&quot;&quot;,&quot;created_timestamp&quot;:&quot;0&quot;,&quot;copyright&quot;:&quot;&quot;,&quot;focal_length&quot;:&quot;0&quot;,&quot;iso&quot;:&quot;0&quot;,&quot;shutter_speed&quot;:&quot;0&quot;,&quot;title&quot;:&quot;&quot;,&quot;orientation&quot;:&quot;0&quot;}\" data-image-title=\"ilva\" data-image-description=\"\" data-image-caption=\"\" data-medium-file=\"https:\/\/www.lacostituzione.info\/wp-content\/uploads\/2023\/12\/ilva-300x157.jpg\" data-large-file=\"https:\/\/www.lacostituzione.info\/wp-content\/uploads\/2023\/12\/ilva.jpg\" class=\"aligncenter size-thumbnail wp-image-8972\" src=\"http:\/\/www.lacostituzione.info\/wp-content\/uploads\/2023\/12\/ilva-150x150.jpg\" alt=\"\" width=\"150\" height=\"150\" \/>di <strong>Gianvito Campeggio<\/strong><\/p>\n<p>In Italia, le sentenze dei giudici devono essere motivate in base al c.d. \u201cminimo costituzionale\u201d.\u00a0L\u2019espressione \u00e8 stata coniata a seguito dell\u2019art. 54 del Decreto legge n. 83\/2012, con riguardo all\u2019impugnazione in appello, ma \u00e8 stata fatta propria dalla Corte di cassazione, come traduzione pratica dell\u2019art. 111 c. 6 della Costituzione.<!--more--><\/p>\n<p>In sostanza, il \u201cminimo costituzionale\u201d implica che le motivazioni giudiziali debbano essere: esplicite e chiare, comprensibili, e non contenere \u201cmanifeste e irriducibili contraddittoriet\u00e0\u201d (cfr. Corte cass., ordinanza n. <a href=\"https:\/\/www.studiocerbone.com\/corte-di-cassazione-ordinanza-n-19765-del-20-giugno-2022-la-motivazione-della-sentenza-e-apparente-quando-e-al-di-sotto-del-minimo-costituzionale-richiesto-dallart-111-comma-6-cost-ind\/\">19765<\/a> del 20 giugno 2022 e sentenza n. <a href=\"https:\/\/www.studiocerbone.com\/corte-di-cassazione-sentenza-n-20068-depositata-il-13-luglio-2023-il-sindacato-di-legittimita-sulla-motivazione-resta-circoscritto-alla-sola-verifica-della-violazione-del-minimo-costituzionale\/\">20068<\/a> del 13 luglio 2023).\u00a0L\u2019assenza di questo \u201cminimo\u201d produce nullit\u00e0 della decisione giudiziale.<\/p>\n<p>Ora, se si legge la sentenza del caso climatico \u201c<a href=\"https:\/\/giudiziouniversale.eu\/la-causa-legale\/\"><em>Giudizio Universale<\/em><\/a>\u201d, si apprendono tre passaggi argomentativi della Giudice, secondo cui, nell\u2019ordinamento italiano, non esisterebbe \u00ab<em>una obbligazione dello Stato (di natura civile coercibile da parte del singolo) di ridurre le emissioni<\/em>\u00bb, dato che \u00ab<em>l\u2019interesse invocato\u2026 non rientra nel novero degli interessi soggettivi giuridicamente tutelati<\/em>\u00bb\u00a0e per l\u2019esistenza di \u00ab<em>atti, provvedimenti e comportamenti manifestamente espressivi della funzione di indirizzo politico, consistente nella determinazione delle linee fondamentali di sviluppo dell\u2019ordinamento e della politica dello Stato nella delicata e complessa questione, indubbiamente emergenziale, del cambiamento climatico antropogenico<\/em>\u00bb.<\/p>\n<p>\u00c8 tutto chiaro, comprensibile e non irriducibilmente contraddittorio, come da \u201cminimo costituzionale\u201d?\u00a0Non sembrerebbe. Per rendersene conto, basta porre quattro gruppi di domande alle tre motivazioni della sentenza.<\/p>\n<p>1. l primo gruppo. Davvero in Italia difetta \u00ab<em style=\"font-size: revert;\">una obbligazione dello Stato (di natura civile coercibile da parte del singolo) di ridurre le emissioni<\/em><span style=\"font-size: revert;\">\u00bb, quando l\u2019art. 1173 Cod. civ. (espressamente intitolato \u201cfonti \u2013 non interessi \u2013 delle obbligazioni\u201d), stabilisce che le obbligazioni derivano, oltre che da contratto o fatto illecito, \u00ab<\/span><em style=\"font-size: revert;\">da ogni altro atto o fatto idoneo a produrle in conformit\u00e0 dell\u2019ordinamento giuridico<\/em><span style=\"font-size: revert;\">\u00bb, in una prospettiva di apertura e integrazione, coerente con gli artt. 10, 11 e 117 c.1 Cost? Dunque gli accordi climatici internazionali, per di pi\u00f9 accolti nell\u2019ordinamento italiano con ordine di esecuzione (come nel caso della ratifica dell\u2019UNFCCC e dell\u2019Accordo di Parigi) che li traduce in fonti interne, non sarebbero \u201catti idonei\u201d a far insorgere obbligazioni? Anche quando prevedono di far agire lo Stato \u00ab<\/span><em style=\"font-size: revert;\">a beneficio della presente e delle future generazioni<\/em><span style=\"font-size: revert;\">\u00bb (UNFCCC) e a \u00ab<\/span><em style=\"font-size: revert;\">tutela e promozione dei diritti umani<\/em><span style=\"font-size: revert;\">\u00bb (Accordo di Parigi)? E allora a che servirebbero? Forse sarebbero atti produttivi di obbligazioni verso altri ma \u2026 non verso gli italiani?<\/span><\/p>\n<p>2. Il secondo gruppo.\u00a0Come si fa a sostenere che \u00ab<em>l\u2019interesse invocato \u2026 non rientra nel novero degli interessi soggettivi giuridicamente tutelati<\/em>\u00bb, in un panorama \u201cmultilivello\u201d di diritti fondamentali, che pacificamene includono il diritto alla vita e quello alla salute? In sostanza, vita e salute umana non sarebbero sufficienti a discutere davanti a un giudice di questioni climatiche? Se \u00e8 cos\u00ec, evidentemente lo si potrebbe fare solo <em>post mortem <\/em>o in un altro pianeta (ma non nel \u201cpianeta Italia\u201d)?<\/p>\n<p>3.\u00a0Il terzo gruppo.\u00a0Se davvero la questione del cambiamento climatico antropogenico \u00e8 \u00ab<em>indubbiamente emergenziale<\/em>\u00bb, come si fa a sostenere che non sussistano al suo cospetto \u00ab<em>interessi soggettivi giuridicamente tutelati<\/em>\u00bb? Forse che l\u2019emergenza climatica non \u00e8 un fatto pericoloso o dannoso e quindi ingiusto? Forse che essa non coinciderebbe con un \u201cfatto idoneo\u201d a produrre obblighi? Ma, allora, che razza di emergenza sarebbe? Una emergenza climatica \u2026 \u201cnon emergenza\u201d, perch\u00e9 problema esclusivamente politico non riguardante la sorte (gli \u201cinteressi\u201d) degli esseri umani? Anche qui\u2026 con possibili tutele solo <em>post mortem<\/em>?<\/p>\n<p>4.\u00a0Il quarto gruppo.\u00a0Che cosa sono i \u00ab<em>comportamenti manifestamente espressivi della funzione di indirizzo politico<\/em>\u00bb? E che cosa sarebbe la \u00ab<em>determinazione delle linee fondamentali di sviluppo dell\u2019ordinamento<\/em>\u00bb? Qui la formulazione giudiziale fa a pugni \u2013 oltre che con le teorie repubblicane dell\u2019indirizzo politico \u2013 con gli artt. 7, comma 1, e 133 del Codice del processo amministrativo, dai quali \u00e8 possibile distinguere gli \u201catti\u201d dalle condotte \u201cmediatamente\u201d riconducibili al potere pubblico (Rosati, <a href=\"https:\/\/www.ildirittoamministrativo.it\/I-comportamenti-mediatamente-riconducibili-al-potere-profili-di-giurisdizione-alla-luce-della-recente-giurisprudenza-legittimit%C3%A0\/stu641\"><em>I comportamenti mediatamente riconducibili al potere<\/em><\/a>), in continuit\u00e0 con quanto chiarito, una volta per tutte, dal Consiglio di Stato, con la distinzione tra \u201ccomportamenti\u201d della pubblica amministrazione, invasivi dei diritti soggettivi del privato, sempre conoscibili dal giudice ordinario anche se lacunosi e omissivi, e \u201ccomportamenti\u201d determinati dall\u2019assolvimento di soli adempimenti pubblicistici (Cons. Stato Ad. Plenaria n. 7\/2005). Del resto, i comportamenti <em>\u201c<\/em>mediatamente<em>\u201d<\/em> riconducibili al potere pubblico presuppongono evidentemente l\u2019esercizio del potere, sicch\u00e9 essi non possono consistere in omissioni. Per tale motivo, l\u2019art. 34 comma 2 del medesimo Codice processuale amministrativo scandisce che \u00ab<em>in nessun caso il giudice <\/em>[amministrativo]<em> pu\u00f2 pronunciare con riferimento a poteri amministrativi non ancora esercitati<\/em>\u201d. Al contrario, il giudice civile pu\u00f2 pacificamente sindacare e sanzionare omissioni di comportamenti materiali, se produttivi di lesioni di diritti (cfr., di recente, Sezioni Unite dalla Corte di cassazione civile, n. <a href=\"https:\/\/www.altalex.com\/documents\/news\/2023\/03\/07\/danno-salute-inquinamento-atmosferico-risarcimento-decide-giudice-ordinario\">5668\/2023<\/a>). Stando, invece, alla sentenza romana, tutti i \u201ccomportamenti\u201d sarebbero sempre \u00ab<em>manifestamente espressivi della funzione di indirizzo politico<\/em>\u00bb, perch\u00e9 miranti alla \u00ab<em>determinazione delle linee fondamentali di sviluppo dell\u2019ordinamento<\/em>\u00bb. Insomma, l\u2019indirizzo politico sarebbe presente ovunque e comunque. Solo da esso, non dalla persona umana e dai suoi diritti, dipenderebbe lo \u00ab<em>sviluppo dell\u2019ordinamento<\/em>\u00bb. Una ineccepibile lezione di autoritarismo.<\/p>\n<p>C\u2019\u00e8 da fare un\u2019altra precisazione, che non giova certo alla chiarezza.\u00a0Leggendo la parte finale della sentenza di \u201c<em>Giudizio Universale<\/em>\u201d, si apprende comunque che, pur in assenza di \u201cinteresse\u201d, gli attori \u2013 secondo la Giudice \u2013 possono impugnare il PNIEC (il Piano Nazionale Integrato per l\u2019Energia e Clima, fondamentale per affrontare le questioni climatiche), purch\u00e9 lo facciano davanti al giudice amministrativo. In pratica, si scopre che, sulle questioni climatiche, esisterebbe un interesse legittimo, tale da abilitare l\u2019accesso al giudice solo amministrativo. Detto altrimenti, esisterebbe un interesse, ma \u2026 senza diritti soggettivi. Esisterebbe pure un \u201catto\u201d che, nonostante tutti i \u00ab<em>comportamenti manifestamente espressivi della funzione di indirizzo politico<\/em>\u00bb, sarebbe sindacabile davanti all\u2019autorit\u00e0 giurisdizionale.<\/p>\n<p>Secondo alcuni Autori, siffatta contraddizione avrebbe comunque una spiegazione, nel senso di riconoscere l\u2019emergenza climatica non come urgenza di sopravvivenza sui beni vitali, bens\u00ec solo come interesse di gestione, tutelabile per via amministrativa (cfr. Tropea, <a href=\"https:\/\/www.giustiziainsieme.it\/it\/diritto-e-processo-amministrativo\/3116-il-cigno-verde-e-la-separazione-dei-poteri-nota-a-sentenza-tribunale-civile-di-roma-causa-n-39415-del-2021?hitcount=0\"><em>Il cigno verde e la separazione dei poteri<\/em><\/a>).\u00a0<\/p>\n<p>Tale tesi, tuttavia, \u00e8 stata definitivamente superata dalla Corte europea dei diritti dell\u2019uomo, soprattutto con la decisione sul caso \u201c<em>Duarte Agostinho e altri c. Portogallo e altri 32 Stati<\/em>\u201d (<a href=\"https:\/\/hudoc.echr.coe.int\/eng#{%22appno%22:[%2239371\/20%22]}\">39371\/20<\/a>).\u00a0Il punto centrale, che getta luce sul tema, dimostrando l\u2019incomprensibilit\u00e0 e inconsistenza delle motivazioni del Tribunale italiano, riguarda il modo attraverso cui argomentare l\u2019assenza di responsabilit\u00e0 extracontrattuale dello Stato nella lotta al cambiamento climatico (responsabilit\u00e0 extracontrattuale perch\u00e9 comunque lesiva di diritti CEDU): questa assenza deve essere dimostrata attraverso prove normative, ossia attraverso espliciti richiami a fonti \u2013 costituzionali o legislative \u2013 che espressamente escludano tale responsabilit\u00e0 di diritto interno.<\/p>\n<p>La Corte lo fa ai fini della verifica dell\u2019esperibilit\u00e0 dei rimedi interni a tutela dei diritti umani presidiati dalla Convenzione.\u00a0Ma questo \u00e8 importante, per tre ragioni:<\/p>\n<p>&#8211; perch\u00e9 presuppone che le questioni climatiche riguardino comunque diritti CEDU, con buona pace della tesi romana dell\u2019inesistenza, nell\u2019ordinamento italiano, di \u00ab<em>interessi soggettivi giuridicamente tutelati<\/em>\u00bb;<\/p>\n<p>&#8211; perch\u00e9 integra il \u201cminimo costituzionale\u201d di chiarezza e comprensibilit\u00e0 delle motivazioni giudiziali italiane, nel campo specifico dei contenziosi climatici, con i requisiti di dimostrazione normativa, circa l\u2019esistenza di fonti \u2013 o costituzionali o legislative &#8211; di esplicita esclusione della responsabilit\u00e0 extracontrattuale statale;<\/p>\n<p>&#8211; perch\u00e9 l\u2019esigenza delle deroghe solo legislative e solo espresse \u00e8 contenuta pure nell\u2019ordinamento italiano, all\u2019art. 2740 Cod. civ., ora rinvigorito dalla lettura CEDU.<\/p>\n<p>Ecco allora che, stando a questo \u201cminimo\u201d CEDU, nell\u2019ordinamento italiano, tra artt. 1173 e 2740 Cod. civ. e art. 28 Cost., fonti \u2013 costituzionali o legislative \u2013 di esplicita esclusione della responsabilit\u00e0 extracontrattuale statale, in generale e, nello specifico, nella materia climatica, non \u00e8 dato trovare.<\/p>\n","protected":false},"excerpt":{"rendered":"<p>di Gianvito Campeggio In Italia, le sentenze dei giudici devono essere motivate in base al c.d. \u201cminimo costituzionale\u201d.\u00a0L\u2019espressione \u00e8 stata coniata a seguito dell\u2019art. 54 del Decreto legge n. 83\/2012, con riguardo all\u2019impugnazione in appello, ma \u00e8 stata fatta propria dalla Corte di cassazione, come traduzione pratica dell\u2019art. 111 c. 6 della Costituzione.<\/p>\n<div class='heateorSssClear'><\/div><div  class='heateor_sss_sharing_container heateor_sss_horizontal_sharing' data-heateor-sss-href='https:\/\/www.lacostituzione.info\/index.php\/2024\/07\/17\/la-sentenza-giudizio-universale-e-il-minimo-costituzionale-tra-costituzione-e-cedu\/'><div class='heateor_sss_sharing_title' style=\"font-weight:bold\" >Condividi!<\/div><div class=\"heateor_sss_sharing_ul\"><a aria-label=\"Facebook\" class=\"heateor_sss_facebook\" href=\"https:\/\/www.facebook.com\/sharer\/sharer.php?u=https%3A%2F%2Fwww.lacostituzione.info%2Findex.php%2F2024%2F07%2F17%2Fla-sentenza-giudizio-universale-e-il-minimo-costituzionale-tra-costituzione-e-cedu%2F\" title=\"Facebook\" rel=\"nofollow noopener\" target=\"_blank\" style=\"font-size:32px!important;box-shadow:none;display:inline-block;vertical-align:middle\"><span class=\"heateor_sss_svg\" style=\"background-color:#0765FE;width:35px;height:35px;display:inline-block;opacity:1;float:left;font-size:32px;box-shadow:none;display:inline-block;font-size:16px;padding:0 4px;vertical-align:middle;background-repeat:repeat;overflow:hidden;padding:0;cursor:pointer;box-sizing:content-box\"><svg style=\"display:block;\" focusable=\"false\" aria-hidden=\"true\" xmlns=\"http:\/\/www.w3.org\/2000\/svg\" width=\"100%\" height=\"100%\" viewBox=\"0 0 32 32\"><path fill=\"#fff\" d=\"M28 16c0-6.627-5.373-12-12-12S4 9.373 4 16c0 5.628 3.875 10.35 9.101 11.647v-7.98h-2.474V16H13.1v-1.58c0-4.085 1.849-5.978 5.859-5.978.76 0 2.072.15 2.608.298v3.325c-.283-.03-.775-.045-1.386-.045-1.967 0-2.728.745-2.728 2.683V16h3.92l-.673 3.667h-3.247v8.245C23.395 27.195 28 22.135 28 16Z\"><\/path><\/svg><\/span><\/a><a aria-label=\"Twitter\" class=\"heateor_sss_button_twitter\" href=\"https:\/\/twitter.com\/intent\/tweet?text=La%20sentenza%20%E2%80%9CGiudizio%20Universale%E2%80%9D%20e%20il%20%E2%80%9Cminimo%20costituzionale%E2%80%9D%20tra%20Costituzione%20e%20CEDU&url=https%3A%2F%2Fwww.lacostituzione.info%2Findex.php%2F2024%2F07%2F17%2Fla-sentenza-giudizio-universale-e-il-minimo-costituzionale-tra-costituzione-e-cedu%2F\" title=\"Twitter\" rel=\"nofollow noopener\" target=\"_blank\" style=\"font-size:32px!important;box-shadow:none;display:inline-block;vertical-align:middle\"><span class=\"heateor_sss_svg heateor_sss_s__default heateor_sss_s_twitter\" style=\"background-color:#55acee;width:35px;height:35px;display:inline-block;opacity:1;float:left;font-size:32px;box-shadow:none;display:inline-block;font-size:16px;padding:0 4px;vertical-align:middle;background-repeat:repeat;overflow:hidden;padding:0;cursor:pointer;box-sizing:content-box\"><svg style=\"display:block;\" focusable=\"false\" aria-hidden=\"true\" xmlns=\"http:\/\/www.w3.org\/2000\/svg\" width=\"100%\" height=\"100%\" viewBox=\"-4 -4 39 39\"><path d=\"M28 8.557a9.913 9.913 0 0 1-2.828.775 4.93 4.93 0 0 0 2.166-2.725 9.738 9.738 0 0 1-3.13 1.194 4.92 4.92 0 0 0-3.593-1.55 4.924 4.924 0 0 0-4.794 6.049c-4.09-.21-7.72-2.17-10.15-5.15a4.942 4.942 0 0 0-.665 2.477c0 1.71.87 3.214 2.19 4.1a4.968 4.968 0 0 1-2.23-.616v.06c0 2.39 1.7 4.38 3.952 4.83-.414.115-.85.174-1.297.174-.318 0-.626-.03-.928-.086a4.935 4.935 0 0 0 4.6 3.42 9.893 9.893 0 0 1-6.114 2.107c-.398 0-.79-.023-1.175-.068a13.953 13.953 0 0 0 7.55 2.213c9.056 0 14.01-7.507 14.01-14.013 0-.213-.005-.426-.015-.637.96-.695 1.795-1.56 2.455-2.55z\" fill=\"#fff\"><\/path><\/svg><\/span><\/a><a aria-label=\"Reddit\" class=\"heateor_sss_button_reddit\" href=\"https:\/\/reddit.com\/submit?url=https%3A%2F%2Fwww.lacostituzione.info%2Findex.php%2F2024%2F07%2F17%2Fla-sentenza-giudizio-universale-e-il-minimo-costituzionale-tra-costituzione-e-cedu%2F&title=La%20sentenza%20%E2%80%9CGiudizio%20Universale%E2%80%9D%20e%20il%20%E2%80%9Cminimo%20costituzionale%E2%80%9D%20tra%20Costituzione%20e%20CEDU\" title=\"Reddit\" rel=\"nofollow noopener\" target=\"_blank\" style=\"font-size:32px!important;box-shadow:none;display:inline-block;vertical-align:middle\"><span class=\"heateor_sss_svg heateor_sss_s__default heateor_sss_s_reddit\" style=\"background-color:#ff5700;width:35px;height:35px;display:inline-block;opacity:1;float:left;font-size:32px;box-shadow:none;display:inline-block;font-size:16px;padding:0 4px;vertical-align:middle;background-repeat:repeat;overflow:hidden;padding:0;cursor:pointer;box-sizing:content-box\"><svg style=\"display:block;\" focusable=\"false\" aria-hidden=\"true\" xmlns=\"http:\/\/www.w3.org\/2000\/svg\" width=\"100%\" height=\"100%\" viewBox=\"-3.5 -3.5 39 39\"><path d=\"M28.543 15.774a2.953 2.953 0 0 0-2.951-2.949 2.882 2.882 0 0 0-1.9.713 14.075 14.075 0 0 0-6.85-2.044l1.38-4.349 3.768.884a2.452 2.452 0 1 0 .24-1.176l-4.274-1a.6.6 0 0 0-.709.4l-1.659 5.224a14.314 14.314 0 0 0-7.316 2.029 2.908 2.908 0 0 0-1.872-.681 2.942 2.942 0 0 0-1.618 5.4 5.109 5.109 0 0 0-.062.765c0 4.158 5.037 7.541 11.229 7.541s11.22-3.383 11.22-7.541a5.2 5.2 0 0 0-.053-.706 2.963 2.963 0 0 0 1.427-2.51zm-18.008 1.88a1.753 1.753 0 0 1 1.73-1.74 1.73 1.73 0 0 1 1.709 1.74 1.709 1.709 0 0 1-1.709 1.711 1.733 1.733 0 0 1-1.73-1.711zm9.565 4.968a5.573 5.573 0 0 1-4.081 1.272h-.032a5.576 5.576 0 0 1-4.087-1.272.6.6 0 0 1 .844-.854 4.5 4.5 0 0 0 3.238.927h.032a4.5 4.5 0 0 0 3.237-.927.6.6 0 1 1 .844.854zm-.331-3.256a1.726 1.726 0 1 1 1.709-1.712 1.717 1.717 0 0 1-1.712 1.712z\" fill=\"#fff\"\/><\/svg><\/span><\/a><a aria-label=\"Linkedin\" class=\"heateor_sss_button_linkedin\" href=\"https:\/\/www.linkedin.com\/sharing\/share-offsite\/?url=https%3A%2F%2Fwww.lacostituzione.info%2Findex.php%2F2024%2F07%2F17%2Fla-sentenza-giudizio-universale-e-il-minimo-costituzionale-tra-costituzione-e-cedu%2F\" title=\"Linkedin\" rel=\"nofollow noopener\" target=\"_blank\" style=\"font-size:32px!important;box-shadow:none;display:inline-block;vertical-align:middle\"><span class=\"heateor_sss_svg heateor_sss_s__default heateor_sss_s_linkedin\" style=\"background-color:#0077b5;width:35px;height:35px;display:inline-block;opacity:1;float:left;font-size:32px;box-shadow:none;display:inline-block;font-size:16px;padding:0 4px;vertical-align:middle;background-repeat:repeat;overflow:hidden;padding:0;cursor:pointer;box-sizing:content-box\"><svg style=\"display:block;\" focusable=\"false\" aria-hidden=\"true\" xmlns=\"http:\/\/www.w3.org\/2000\/svg\" width=\"100%\" height=\"100%\" viewBox=\"0 0 32 32\"><path d=\"M6.227 12.61h4.19v13.48h-4.19V12.61zm2.095-6.7a2.43 2.43 0 0 1 0 4.86c-1.344 0-2.428-1.09-2.428-2.43s1.084-2.43 2.428-2.43m4.72 6.7h4.02v1.84h.058c.56-1.058 1.927-2.176 3.965-2.176 4.238 0 5.02 2.792 5.02 6.42v7.395h-4.183v-6.56c0-1.564-.03-3.574-2.178-3.574-2.18 0-2.514 1.7-2.514 3.46v6.668h-4.187V12.61z\" fill=\"#fff\"><\/path><\/svg><\/span><\/a><a aria-label=\"Pinterest\" class=\"heateor_sss_button_pinterest\" href=\"https:\/\/www.lacostituzione.info\/index.php\/2024\/07\/17\/la-sentenza-giudizio-universale-e-il-minimo-costituzionale-tra-costituzione-e-cedu\/\" onclick=\"event.preventDefault();javascript:void( (function() {var e=document.createElement('script' );e.setAttribute('type','text\/javascript' );e.setAttribute('charset','UTF-8' );e.setAttribute('src','\/\/assets.pinterest.com\/js\/pinmarklet.js?r='+Math.random()*99999999);document.body.appendChild(e)})());\" title=\"Pinterest\" rel=\"noopener\" style=\"font-size:32px!important;box-shadow:none;display:inline-block;vertical-align:middle\"><span class=\"heateor_sss_svg heateor_sss_s__default heateor_sss_s_pinterest\" style=\"background-color:#cc2329;width:35px;height:35px;display:inline-block;opacity:1;float:left;font-size:32px;box-shadow:none;display:inline-block;font-size:16px;padding:0 4px;vertical-align:middle;background-repeat:repeat;overflow:hidden;padding:0;cursor:pointer;box-sizing:content-box\"><svg style=\"display:block;\" focusable=\"false\" aria-hidden=\"true\" xmlns=\"http:\/\/www.w3.org\/2000\/svg\" width=\"100%\" height=\"100%\" viewBox=\"-2 -2 35 35\"><path fill=\"#fff\" d=\"M16.539 4.5c-6.277 0-9.442 4.5-9.442 8.253 0 2.272.86 4.293 2.705 5.046.303.125.574.005.662-.33.061-.231.205-.816.27-1.06.088-.331.053-.447-.191-.736-.532-.627-.873-1.439-.873-2.591 0-3.338 2.498-6.327 6.505-6.327 3.548 0 5.497 2.168 5.497 5.062 0 3.81-1.686 7.025-4.188 7.025-1.382 0-2.416-1.142-2.085-2.545.397-1.674 1.166-3.48 1.166-4.689 0-1.081-.581-1.983-1.782-1.983-1.413 0-2.548 1.462-2.548 3.419 0 1.247.421 2.091.421 2.091l-1.699 7.199c-.505 2.137-.076 4.755-.039 5.019.021.158.223.196.314.077.13-.17 1.813-2.247 2.384-4.324.162-.587.929-3.631.929-3.631.46.876 1.801 1.646 3.227 1.646 4.247 0 7.128-3.871 7.128-9.053.003-3.918-3.317-7.568-8.361-7.568z\"\/><\/svg><\/span><\/a><a aria-label=\"Whatsapp\" class=\"heateor_sss_whatsapp\" href=\"https:\/\/api.whatsapp.com\/send?text=La%20sentenza%20%E2%80%9CGiudizio%20Universale%E2%80%9D%20e%20il%20%E2%80%9Cminimo%20costituzionale%E2%80%9D%20tra%20Costituzione%20e%20CEDU%20https%3A%2F%2Fwww.lacostituzione.info%2Findex.php%2F2024%2F07%2F17%2Fla-sentenza-giudizio-universale-e-il-minimo-costituzionale-tra-costituzione-e-cedu%2F\" title=\"Whatsapp\" rel=\"nofollow noopener\" target=\"_blank\" style=\"font-size:32px!important;box-shadow:none;display:inline-block;vertical-align:middle\"><span class=\"heateor_sss_svg\" style=\"background-color:#55eb4c;width:35px;height:35px;display:inline-block;opacity:1;float:left;font-size:32px;box-shadow:none;display:inline-block;font-size:16px;padding:0 4px;vertical-align:middle;background-repeat:repeat;overflow:hidden;padding:0;cursor:pointer;box-sizing:content-box\"><svg style=\"display:block;\" focusable=\"false\" aria-hidden=\"true\" xmlns=\"http:\/\/www.w3.org\/2000\/svg\" width=\"100%\" height=\"100%\" viewBox=\"-6 -5 40 40\"><path class=\"heateor_sss_svg_stroke heateor_sss_no_fill\" stroke=\"#fff\" stroke-width=\"2\" fill=\"none\" d=\"M 11.579798566743314 24.396926207859085 A 10 10 0 1 0 6.808479557110079 20.73576436351046\"><\/path><path d=\"M 7 19 l -1 6 l 6 -1\" class=\"heateor_sss_no_fill heateor_sss_svg_stroke\" stroke=\"#fff\" stroke-width=\"2\" fill=\"none\"><\/path><path d=\"M 10 10 q -1 8 8 11 c 5 -1 0 -6 -1 -3 q -4 -3 -5 -5 c 4 -2 -1 -5 -1 -4\" fill=\"#fff\"><\/path><\/svg><\/span><\/a><\/div><div class=\"heateorSssClear\"><\/div><\/div><div class='heateorSssClear'><\/div>","protected":false},"author":1,"featured_media":0,"comment_status":"open","ping_status":"open","sticky":false,"template":"","format":"standard","meta":{"jetpack_post_was_ever_published":false,"_jetpack_newsletter_access":"","_jetpack_dont_email_post_to_subs":false,"_jetpack_newsletter_tier_id":0,"_jetpack_memberships_contains_paywalled_content":false,"_jetpack_memberships_contains_paid_content":false,"footnotes":"","jetpack_publicize_message":"","jetpack_publicize_feature_enabled":true,"jetpack_social_post_already_shared":false,"jetpack_social_options":{"image_generator_settings":{"template":"highway","default_image_id":0,"enabled":false},"version":2}},"categories":[5],"tags":[1441,1630,495],"class_list":["post-9255","post","type-post","status-publish","format-standard","hentry","category-lavori-in-corso","tag-catastrofe-climatica","tag-cause-climatiche","tag-diritti-della-persona"],"jetpack_publicize_connections":[],"jetpack_featured_media_url":"","jetpack_shortlink":"https:\/\/wp.me\/p84sDq-2ph","jetpack_likes_enabled":true,"jetpack_sharing_enabled":true,"_links":{"self":[{"href":"https:\/\/www.lacostituzione.info\/index.php\/wp-json\/wp\/v2\/posts\/9255","targetHints":{"allow":["GET"]}}],"collection":[{"href":"https:\/\/www.lacostituzione.info\/index.php\/wp-json\/wp\/v2\/posts"}],"about":[{"href":"https:\/\/www.lacostituzione.info\/index.php\/wp-json\/wp\/v2\/types\/post"}],"author":[{"embeddable":true,"href":"https:\/\/www.lacostituzione.info\/index.php\/wp-json\/wp\/v2\/users\/1"}],"replies":[{"embeddable":true,"href":"https:\/\/www.lacostituzione.info\/index.php\/wp-json\/wp\/v2\/comments?post=9255"}],"version-history":[{"count":0,"href":"https:\/\/www.lacostituzione.info\/index.php\/wp-json\/wp\/v2\/posts\/9255\/revisions"}],"wp:attachment":[{"href":"https:\/\/www.lacostituzione.info\/index.php\/wp-json\/wp\/v2\/media?parent=9255"}],"wp:term":[{"taxonomy":"category","embeddable":true,"href":"https:\/\/www.lacostituzione.info\/index.php\/wp-json\/wp\/v2\/categories?post=9255"},{"taxonomy":"post_tag","embeddable":true,"href":"https:\/\/www.lacostituzione.info\/index.php\/wp-json\/wp\/v2\/tags?post=9255"}],"curies":[{"name":"wp","href":"https:\/\/api.w.org\/{rel}","templated":true}]}}