{"id":9427,"date":"2025-03-08T10:46:05","date_gmt":"2025-03-08T09:46:05","guid":{"rendered":"http:\/\/www.lacostituzione.info\/?p=9427"},"modified":"2025-03-08T15:48:29","modified_gmt":"2025-03-08T14:48:29","slug":"quale-e-il-vero-problema-i-migranti-clandestini-o-i-politici-impreparati","status":"publish","type":"post","link":"https:\/\/www.lacostituzione.info\/index.php\/2025\/03\/08\/quale-e-il-vero-problema-i-migranti-clandestini-o-i-politici-impreparati\/","title":{"rendered":"Quale \u00e8 il vero problema, i migranti &#8220;clandestini&#8221; o i politici &#8220;impreparati&#8221;?"},"content":{"rendered":"<p><img loading=\"lazy\" decoding=\"async\" data-attachment-id=\"9428\" data-permalink=\"https:\/\/www.lacostituzione.info\/index.php\/2025\/03\/08\/quale-e-il-vero-problema-i-migranti-clandestini-o-i-politici-impreparati\/pinocchio-2\/#main\" data-orig-file=\"https:\/\/www.lacostituzione.info\/wp-content\/uploads\/2025\/03\/pinocchio.jpg\" data-orig-size=\"182,255\" data-comments-opened=\"1\" data-image-meta=\"{&quot;aperture&quot;:&quot;0&quot;,&quot;credit&quot;:&quot;&quot;,&quot;camera&quot;:&quot;&quot;,&quot;caption&quot;:&quot;&quot;,&quot;created_timestamp&quot;:&quot;0&quot;,&quot;copyright&quot;:&quot;&quot;,&quot;focal_length&quot;:&quot;0&quot;,&quot;iso&quot;:&quot;0&quot;,&quot;shutter_speed&quot;:&quot;0&quot;,&quot;title&quot;:&quot;&quot;,&quot;orientation&quot;:&quot;0&quot;}\" data-image-title=\"pinocchio\" data-image-description=\"\" data-image-caption=\"\" data-medium-file=\"https:\/\/www.lacostituzione.info\/wp-content\/uploads\/2025\/03\/pinocchio.jpg\" data-large-file=\"https:\/\/www.lacostituzione.info\/wp-content\/uploads\/2025\/03\/pinocchio.jpg\" class=\"alignleft size-thumbnail wp-image-9428\" src=\"http:\/\/www.lacostituzione.info\/wp-content\/uploads\/2025\/03\/pinocchio-150x150.jpg\" alt=\"\" width=\"150\" height=\"150\" \/>di\u00a0<strong><abbr class='c2c-text-hover' title='Professore ordinario di Diritto costituzionale - Universit\u00e0 di Ferrara'>Roberto Bin<\/abbr><\/strong><\/p>\n<p>Siamo all&#8217;ennesimo scontro con i giudici. L&#8217;organo pi\u00f9 elevato della magistratura, le sezioni unite della Cassazione, ha riconosciuto che il gesto dell&#8217;allora Ministro Salvini (che aveva trattenuto dei migranti dal 16 al 25 agosto del 2018, <a href=\"https:\/\/www.repubblica.it\/cronaca\/2019\/02\/06\/news\/caso_diciotti_maggioranza_togati_il_csm_tuteli_giudici-218477401\/\">a bordo della nave Diciotti),<\/a> era illegittimo e che perci\u00f2 i migranti devono essere risarciti per aver subito una lesione dei loro diritti..<!--more--> Di avviso contrario si erano pronunciati, per ragioni diverse, i giudici di primo grado e la Corte di apello, che pure aveva riconosciuto l&#8217;illegittimit\u00e0 del comportamento del ministro. Per cui ci\u00f2 che la Cassazione aggiunge \u00e8 solo l&#8217;obbligo di riasarcire i migranti colpiti dall&#8217;atto illegittimo del ministro lesivo dei loro diritti. Applica quindi un principio generale che \u00e8 posto a tutela dei diritti di noi tutti, che non possono essere violati impunemente dalla pubblica autorit\u00e0. Garanzie costituzionali fondamentali, di questo si tratta.<\/p>\n<p>Subito la politica ha reagito con la consueta violenza. La presidente Meloni ha dichiarato &#8211; a quanto <a href=\"https:\/\/www.repubblica.it\/politica\/2025\/03\/07\/news\/diciotti_governo_risarcimento_migranti_cassazione-424048005\/?ref=RHLF-BG-P1-S1-T1\">riporta la stampa<\/a> (citando un suo messaggio su X) &#8211; &#8220;non credo siano queste le decisioni che avvicinano i cittadini alle istituzioni e confesso che dover spendere soldi per questo, quando non abbiamo abbastanza risorse per fare tutto quello che sarebbe giusto fare, \u00e8 molto frustrante&#8221;; e il ministro Salvini ha aggiunto &#8220;mi sembra un&#8217;altra invasione di campo indebita. Se c&#8217;\u00e8 qualche giudice che ama cos\u00ec tanto i clandestini, li accolga un p\u00f2 a casa sua e li mantenga\u201d. Affermazioni sorprendenti.<\/p>\n<p>Chi sta al Governo fa sfoggio di un&#8217;ignoranza sospetta. Non esistono migranti clandestini o illegali sinch\u00e9 chi arriva nei nostri porti &#8211; non importa se uno splendido yacht, su un barcone sfasciato o sul gommone della guardia costiera &#8211; non sia accolto dall&#8217;apposita autorit\u00e0 portuale, che ne verifica il titolo di ingresso: se non ha regolare passaporto, lo straniero pu\u00f2 per\u00f2 esercitare il suo diritto fondamentale (riconosciuto dall&#8217;art. 10.3 Cost. e dal diritto internazionale) di chiedere asilo. A quel punto il migrante pu\u00f2 essere trattenuto o respinto secondo procedure abbastanza precise (anche se di dubbia legittimit\u00e0), ma non \u00e8 affatto n\u00e9 illegale n\u00e9 clandestino. Salvini dovrebbe saperlo, perch\u00e9 in altro procedimento la Cassazione (III Sez. Civ., sent. 24686\/2023) aveva confermato la condanna del suo partito, la Lega Nord, che aveva affisso manifesti contro ll&#8217;ipotesi di accogliere 32 richiedenti asilo in una localit\u00e0 in provincia di Saronno: l\u2019appellativo di \u201cclandestino\u201d era stato attribuito a \u00abpersone straniere che avevano presentato allo Stato italiano domanda di protezione internazionale\u00bb; ad esse \u2013 in base al decreto legislativo 142\/2015 &#8211; \u00able misure di accoglienza devono applicarsi fin dal momento della manifestazione della volont\u00e0 di chiedere la protezione internazionale\u00bb; \u00abla presentazione di tale domanda implica il rilascio di un apposito permesso di soggiorno (per richiedenti asilo) che consente di svolgere anche attivit\u00e0 lavorativa\u00bb. Perci\u00f2, rivolgersi a loro con l\u2019appellativo di \u201cclandestini\u201d offende la loro dignit\u00e0 e costituisce una violazione del divieto di discriminazione, con relativo obbligo di risarcimento.<\/p>\n<p>Il problema \u00e8 che n\u00e9 Meloni n\u00e9 Salvini sembrano conoscere e capire questi elementari principi. Come si fa spiegare alla\u00a0<em>premier<\/em> che il compito dei giudici non \u00e8 &#8220;avvicinare i cittadini alle istituzioni&#8221;, n\u00e9 quello di far risparmiare soldi allo Stato, bens\u00ec la tutela dei diritti delle persone nei confronti degli atti illegittimi compiuti dalle autorit\u00e0 pubbliche? O si pu\u00f2 spiegare a Salvini che chi riesce a arrivare in Italia non \u00e8 un &#8220;clandestino&#8221;, ma una <em>persona<\/em> che non deve essere offesa? Sorge persino il dubbio che non abbiano gli strumenti per comprenderlo. Del resto siamo l&#8217;unico paese in Europa che si fa governare da persone prive di un titolo di studio adeguato a svolgere buona parte dei mestieri certo meno impegnativi: anche Orb\u00e0n e Fico, per restare tra i <em>leader<\/em> sovranisti, o Marine Le Pen e Ignacio Garriga, cio\u00e8 i leader di estrema destra francese e spagnolo, hanno alle spalle studi universitari e un mestiere congruo con il titolo conseguito. In Italia invece no: mezzo governo, a partire dalla premier e dal suo vice, \u00e8 composto da persone prive di un titolo di studio universitario: alcuni ci hanno provato, ma hanno dovuto lasciare gli studi per l&#8217;urgenza di venire a governarci.<\/p>\n<p>Naturalmente non \u00e8 il titolo di studio a fare il bravo governante, ci mancherebbe: ne erano privi buona parte di coloro che hanno edificato la Repubblica e scritto la sua Costituzione. Ma nessuno di loro si \u00e8 mai sognato di pronunciare parole in cui traspare tanta impudica esibizione di non conoscere l&#8217;abc del diritto costituzionale. Del resto tutto lo sbraitare da parte di ministri e sottosegretari contro le &#8220;toghe rosse&#8221; che cos&#8217;\u00e8 se non un episodio di quella esibizione?<\/p>\n","protected":false},"excerpt":{"rendered":"<p>di\u00a0<abbr class='c2c-text-hover' title='Professore ordinario di Diritto costituzionale - Universit\u00e0 di Ferrara'>Roberto Bin<\/abbr> Siamo all&#8217;ennesimo scontro con i giudici. L&#8217;organo pi\u00f9 elevato della magistratura, le sezioni unite della Cassazione, ha riconosciuto che il gesto dell&#8217;allora Ministro Salvini (che aveva trattenuto dei migranti dal 16 al 25 agosto del 2018, a bordo della nave Diciotti), era illegittimo e che perci\u00f2 i migranti devono essere risarciti per aver &#8230; <a title=\"Quale \u00e8 il vero problema, i migranti &#8220;clandestini&#8221; o i politici &#8220;impreparati&#8221;?\" class=\"read-more\" href=\"https:\/\/www.lacostituzione.info\/index.php\/2025\/03\/08\/quale-e-il-vero-problema-i-migranti-clandestini-o-i-politici-impreparati\/\">Leggi tutto<\/a><\/p>\n<div class='heateorSssClear'><\/div><div  class='heateor_sss_sharing_container heateor_sss_horizontal_sharing' data-heateor-sss-href='https:\/\/www.lacostituzione.info\/index.php\/2025\/03\/08\/quale-e-il-vero-problema-i-migranti-clandestini-o-i-politici-impreparati\/'><div class='heateor_sss_sharing_title' style=\"font-weight:bold\" >Condividi!<\/div><div class=\"heateor_sss_sharing_ul\"><a aria-label=\"Facebook\" class=\"heateor_sss_facebook\" href=\"https:\/\/www.facebook.com\/sharer\/sharer.php?u=https%3A%2F%2Fwww.lacostituzione.info%2Findex.php%2F2025%2F03%2F08%2Fquale-e-il-vero-problema-i-migranti-clandestini-o-i-politici-impreparati%2F\" title=\"Facebook\" rel=\"nofollow noopener\" target=\"_blank\" style=\"font-size:32px!important;box-shadow:none;display:inline-block;vertical-align:middle\"><span class=\"heateor_sss_svg\" style=\"background-color:#0765FE;width:35px;height:35px;display:inline-block;opacity:1;float:left;font-size:32px;box-shadow:none;display:inline-block;font-size:16px;padding:0 4px;vertical-align:middle;background-repeat:repeat;overflow:hidden;padding:0;cursor:pointer;box-sizing:content-box\"><svg style=\"display:block;\" focusable=\"false\" aria-hidden=\"true\" xmlns=\"http:\/\/www.w3.org\/2000\/svg\" width=\"100%\" height=\"100%\" viewBox=\"0 0 32 32\"><path fill=\"#fff\" d=\"M28 16c0-6.627-5.373-12-12-12S4 9.373 4 16c0 5.628 3.875 10.35 9.101 11.647v-7.98h-2.474V16H13.1v-1.58c0-4.085 1.849-5.978 5.859-5.978.76 0 2.072.15 2.608.298v3.325c-.283-.03-.775-.045-1.386-.045-1.967 0-2.728.745-2.728 2.683V16h3.92l-.673 3.667h-3.247v8.245C23.395 27.195 28 22.135 28 16Z\"><\/path><\/svg><\/span><\/a><a aria-label=\"Twitter\" class=\"heateor_sss_button_twitter\" href=\"https:\/\/twitter.com\/intent\/tweet?text=Quale%20%C3%A8%20il%20vero%20problema%2C%20i%20migranti%20%22clandestini%22%20o%20i%20politici%20%22impreparati%22%3F&url=https%3A%2F%2Fwww.lacostituzione.info%2Findex.php%2F2025%2F03%2F08%2Fquale-e-il-vero-problema-i-migranti-clandestini-o-i-politici-impreparati%2F\" title=\"Twitter\" rel=\"nofollow noopener\" target=\"_blank\" style=\"font-size:32px!important;box-shadow:none;display:inline-block;vertical-align:middle\"><span class=\"heateor_sss_svg heateor_sss_s__default heateor_sss_s_twitter\" style=\"background-color:#55acee;width:35px;height:35px;display:inline-block;opacity:1;float:left;font-size:32px;box-shadow:none;display:inline-block;font-size:16px;padding:0 4px;vertical-align:middle;background-repeat:repeat;overflow:hidden;padding:0;cursor:pointer;box-sizing:content-box\"><svg style=\"display:block;\" focusable=\"false\" aria-hidden=\"true\" xmlns=\"http:\/\/www.w3.org\/2000\/svg\" width=\"100%\" height=\"100%\" viewBox=\"-4 -4 39 39\"><path d=\"M28 8.557a9.913 9.913 0 0 1-2.828.775 4.93 4.93 0 0 0 2.166-2.725 9.738 9.738 0 0 1-3.13 1.194 4.92 4.92 0 0 0-3.593-1.55 4.924 4.924 0 0 0-4.794 6.049c-4.09-.21-7.72-2.17-10.15-5.15a4.942 4.942 0 0 0-.665 2.477c0 1.71.87 3.214 2.19 4.1a4.968 4.968 0 0 1-2.23-.616v.06c0 2.39 1.7 4.38 3.952 4.83-.414.115-.85.174-1.297.174-.318 0-.626-.03-.928-.086a4.935 4.935 0 0 0 4.6 3.42 9.893 9.893 0 0 1-6.114 2.107c-.398 0-.79-.023-1.175-.068a13.953 13.953 0 0 0 7.55 2.213c9.056 0 14.01-7.507 14.01-14.013 0-.213-.005-.426-.015-.637.96-.695 1.795-1.56 2.455-2.55z\" fill=\"#fff\"><\/path><\/svg><\/span><\/a><a aria-label=\"Reddit\" class=\"heateor_sss_button_reddit\" href=\"https:\/\/reddit.com\/submit?url=https%3A%2F%2Fwww.lacostituzione.info%2Findex.php%2F2025%2F03%2F08%2Fquale-e-il-vero-problema-i-migranti-clandestini-o-i-politici-impreparati%2F&title=Quale%20%C3%A8%20il%20vero%20problema%2C%20i%20migranti%20%22clandestini%22%20o%20i%20politici%20%22impreparati%22%3F\" title=\"Reddit\" rel=\"nofollow noopener\" target=\"_blank\" style=\"font-size:32px!important;box-shadow:none;display:inline-block;vertical-align:middle\"><span class=\"heateor_sss_svg heateor_sss_s__default heateor_sss_s_reddit\" style=\"background-color:#ff5700;width:35px;height:35px;display:inline-block;opacity:1;float:left;font-size:32px;box-shadow:none;display:inline-block;font-size:16px;padding:0 4px;vertical-align:middle;background-repeat:repeat;overflow:hidden;padding:0;cursor:pointer;box-sizing:content-box\"><svg style=\"display:block;\" focusable=\"false\" aria-hidden=\"true\" xmlns=\"http:\/\/www.w3.org\/2000\/svg\" width=\"100%\" height=\"100%\" viewBox=\"-3.5 -3.5 39 39\"><path d=\"M28.543 15.774a2.953 2.953 0 0 0-2.951-2.949 2.882 2.882 0 0 0-1.9.713 14.075 14.075 0 0 0-6.85-2.044l1.38-4.349 3.768.884a2.452 2.452 0 1 0 .24-1.176l-4.274-1a.6.6 0 0 0-.709.4l-1.659 5.224a14.314 14.314 0 0 0-7.316 2.029 2.908 2.908 0 0 0-1.872-.681 2.942 2.942 0 0 0-1.618 5.4 5.109 5.109 0 0 0-.062.765c0 4.158 5.037 7.541 11.229 7.541s11.22-3.383 11.22-7.541a5.2 5.2 0 0 0-.053-.706 2.963 2.963 0 0 0 1.427-2.51zm-18.008 1.88a1.753 1.753 0 0 1 1.73-1.74 1.73 1.73 0 0 1 1.709 1.74 1.709 1.709 0 0 1-1.709 1.711 1.733 1.733 0 0 1-1.73-1.711zm9.565 4.968a5.573 5.573 0 0 1-4.081 1.272h-.032a5.576 5.576 0 0 1-4.087-1.272.6.6 0 0 1 .844-.854 4.5 4.5 0 0 0 3.238.927h.032a4.5 4.5 0 0 0 3.237-.927.6.6 0 1 1 .844.854zm-.331-3.256a1.726 1.726 0 1 1 1.709-1.712 1.717 1.717 0 0 1-1.712 1.712z\" fill=\"#fff\"\/><\/svg><\/span><\/a><a aria-label=\"Linkedin\" class=\"heateor_sss_button_linkedin\" href=\"https:\/\/www.linkedin.com\/sharing\/share-offsite\/?url=https%3A%2F%2Fwww.lacostituzione.info%2Findex.php%2F2025%2F03%2F08%2Fquale-e-il-vero-problema-i-migranti-clandestini-o-i-politici-impreparati%2F\" title=\"Linkedin\" rel=\"nofollow noopener\" target=\"_blank\" style=\"font-size:32px!important;box-shadow:none;display:inline-block;vertical-align:middle\"><span class=\"heateor_sss_svg heateor_sss_s__default heateor_sss_s_linkedin\" style=\"background-color:#0077b5;width:35px;height:35px;display:inline-block;opacity:1;float:left;font-size:32px;box-shadow:none;display:inline-block;font-size:16px;padding:0 4px;vertical-align:middle;background-repeat:repeat;overflow:hidden;padding:0;cursor:pointer;box-sizing:content-box\"><svg style=\"display:block;\" focusable=\"false\" aria-hidden=\"true\" xmlns=\"http:\/\/www.w3.org\/2000\/svg\" width=\"100%\" height=\"100%\" viewBox=\"0 0 32 32\"><path d=\"M6.227 12.61h4.19v13.48h-4.19V12.61zm2.095-6.7a2.43 2.43 0 0 1 0 4.86c-1.344 0-2.428-1.09-2.428-2.43s1.084-2.43 2.428-2.43m4.72 6.7h4.02v1.84h.058c.56-1.058 1.927-2.176 3.965-2.176 4.238 0 5.02 2.792 5.02 6.42v7.395h-4.183v-6.56c0-1.564-.03-3.574-2.178-3.574-2.18 0-2.514 1.7-2.514 3.46v6.668h-4.187V12.61z\" fill=\"#fff\"><\/path><\/svg><\/span><\/a><a aria-label=\"Pinterest\" class=\"heateor_sss_button_pinterest\" href=\"https:\/\/www.lacostituzione.info\/index.php\/2025\/03\/08\/quale-e-il-vero-problema-i-migranti-clandestini-o-i-politici-impreparati\/\" onclick=\"event.preventDefault();javascript:void( (function() {var e=document.createElement('script' );e.setAttribute('type','text\/javascript' );e.setAttribute('charset','UTF-8' );e.setAttribute('src','\/\/assets.pinterest.com\/js\/pinmarklet.js?r='+Math.random()*99999999);document.body.appendChild(e)})());\" title=\"Pinterest\" rel=\"noopener\" style=\"font-size:32px!important;box-shadow:none;display:inline-block;vertical-align:middle\"><span class=\"heateor_sss_svg heateor_sss_s__default heateor_sss_s_pinterest\" style=\"background-color:#cc2329;width:35px;height:35px;display:inline-block;opacity:1;float:left;font-size:32px;box-shadow:none;display:inline-block;font-size:16px;padding:0 4px;vertical-align:middle;background-repeat:repeat;overflow:hidden;padding:0;cursor:pointer;box-sizing:content-box\"><svg style=\"display:block;\" focusable=\"false\" aria-hidden=\"true\" xmlns=\"http:\/\/www.w3.org\/2000\/svg\" width=\"100%\" height=\"100%\" viewBox=\"-2 -2 35 35\"><path fill=\"#fff\" d=\"M16.539 4.5c-6.277 0-9.442 4.5-9.442 8.253 0 2.272.86 4.293 2.705 5.046.303.125.574.005.662-.33.061-.231.205-.816.27-1.06.088-.331.053-.447-.191-.736-.532-.627-.873-1.439-.873-2.591 0-3.338 2.498-6.327 6.505-6.327 3.548 0 5.497 2.168 5.497 5.062 0 3.81-1.686 7.025-4.188 7.025-1.382 0-2.416-1.142-2.085-2.545.397-1.674 1.166-3.48 1.166-4.689 0-1.081-.581-1.983-1.782-1.983-1.413 0-2.548 1.462-2.548 3.419 0 1.247.421 2.091.421 2.091l-1.699 7.199c-.505 2.137-.076 4.755-.039 5.019.021.158.223.196.314.077.13-.17 1.813-2.247 2.384-4.324.162-.587.929-3.631.929-3.631.46.876 1.801 1.646 3.227 1.646 4.247 0 7.128-3.871 7.128-9.053.003-3.918-3.317-7.568-8.361-7.568z\"\/><\/svg><\/span><\/a><a aria-label=\"Whatsapp\" class=\"heateor_sss_whatsapp\" href=\"https:\/\/api.whatsapp.com\/send?text=Quale%20%C3%A8%20il%20vero%20problema%2C%20i%20migranti%20%22clandestini%22%20o%20i%20politici%20%22impreparati%22%3F%20https%3A%2F%2Fwww.lacostituzione.info%2Findex.php%2F2025%2F03%2F08%2Fquale-e-il-vero-problema-i-migranti-clandestini-o-i-politici-impreparati%2F\" title=\"Whatsapp\" rel=\"nofollow noopener\" target=\"_blank\" style=\"font-size:32px!important;box-shadow:none;display:inline-block;vertical-align:middle\"><span class=\"heateor_sss_svg\" style=\"background-color:#55eb4c;width:35px;height:35px;display:inline-block;opacity:1;float:left;font-size:32px;box-shadow:none;display:inline-block;font-size:16px;padding:0 4px;vertical-align:middle;background-repeat:repeat;overflow:hidden;padding:0;cursor:pointer;box-sizing:content-box\"><svg style=\"display:block;\" focusable=\"false\" aria-hidden=\"true\" xmlns=\"http:\/\/www.w3.org\/2000\/svg\" width=\"100%\" height=\"100%\" viewBox=\"-6 -5 40 40\"><path class=\"heateor_sss_svg_stroke heateor_sss_no_fill\" stroke=\"#fff\" stroke-width=\"2\" fill=\"none\" d=\"M 11.579798566743314 24.396926207859085 A 10 10 0 1 0 6.808479557110079 20.73576436351046\"><\/path><path d=\"M 7 19 l -1 6 l 6 -1\" class=\"heateor_sss_no_fill heateor_sss_svg_stroke\" stroke=\"#fff\" stroke-width=\"2\" fill=\"none\"><\/path><path d=\"M 10 10 q -1 8 8 11 c 5 -1 0 -6 -1 -3 q -4 -3 -5 -5 c 4 -2 -1 -5 -1 -4\" fill=\"#fff\"><\/path><\/svg><\/span><\/a><\/div><div class=\"heateorSssClear\"><\/div><\/div><div class='heateorSssClear'><\/div>","protected":false},"author":3,"featured_media":0,"comment_status":"open","ping_status":"open","sticky":false,"template":"","format":"standard","meta":{"jetpack_post_was_ever_published":false,"_jetpack_newsletter_access":"","_jetpack_dont_email_post_to_subs":false,"_jetpack_newsletter_tier_id":0,"_jetpack_memberships_contains_paywalled_content":false,"_jetpack_memberships_contains_paid_content":false,"footnotes":"","jetpack_publicize_message":"","jetpack_publicize_feature_enabled":true,"jetpack_social_post_already_shared":false,"jetpack_social_options":{"image_generator_settings":{"template":"highway","default_image_id":0,"enabled":false},"version":2}},"categories":[4],"tags":[1303,1861,98,154],"class_list":["post-9427","post","type-post","status-publish","format-standard","hentry","category-attualita","tag-diciotti","tag-diritti-costituzionali","tag-immigrati","tag-salvini"],"jetpack_publicize_connections":[],"jetpack_featured_media_url":"","jetpack_shortlink":"https:\/\/wp.me\/p84sDq-2s3","jetpack_likes_enabled":true,"jetpack_sharing_enabled":true,"_links":{"self":[{"href":"https:\/\/www.lacostituzione.info\/index.php\/wp-json\/wp\/v2\/posts\/9427","targetHints":{"allow":["GET"]}}],"collection":[{"href":"https:\/\/www.lacostituzione.info\/index.php\/wp-json\/wp\/v2\/posts"}],"about":[{"href":"https:\/\/www.lacostituzione.info\/index.php\/wp-json\/wp\/v2\/types\/post"}],"author":[{"embeddable":true,"href":"https:\/\/www.lacostituzione.info\/index.php\/wp-json\/wp\/v2\/users\/3"}],"replies":[{"embeddable":true,"href":"https:\/\/www.lacostituzione.info\/index.php\/wp-json\/wp\/v2\/comments?post=9427"}],"version-history":[{"count":0,"href":"https:\/\/www.lacostituzione.info\/index.php\/wp-json\/wp\/v2\/posts\/9427\/revisions"}],"wp:attachment":[{"href":"https:\/\/www.lacostituzione.info\/index.php\/wp-json\/wp\/v2\/media?parent=9427"}],"wp:term":[{"taxonomy":"category","embeddable":true,"href":"https:\/\/www.lacostituzione.info\/index.php\/wp-json\/wp\/v2\/categories?post=9427"},{"taxonomy":"post_tag","embeddable":true,"href":"https:\/\/www.lacostituzione.info\/index.php\/wp-json\/wp\/v2\/tags?post=9427"}],"curies":[{"name":"wp","href":"https:\/\/api.w.org\/{rel}","templated":true}]}}