{"id":9532,"date":"2025-05-23T18:13:10","date_gmt":"2025-05-23T16:13:10","guid":{"rendered":"https:\/\/www.lacostituzione.info\/?p=9532"},"modified":"2025-05-23T18:14:21","modified_gmt":"2025-05-23T16:14:21","slug":"la-cittadinanza-eugenetica-della-riforma-tajani","status":"publish","type":"post","link":"https:\/\/www.lacostituzione.info\/index.php\/2025\/05\/23\/la-cittadinanza-eugenetica-della-riforma-tajani\/","title":{"rendered":"La cittadinanza \u201ceugenetica\u201d della riforma Tajani"},"content":{"rendered":"\n<p style=\"text-align: center;\"><img loading=\"lazy\" decoding=\"async\" data-attachment-id=\"9533\" data-permalink=\"https:\/\/www.lacostituzione.info\/index.php\/2025\/05\/23\/la-cittadinanza-eugenetica-della-riforma-tajani\/eug\/#main\" data-orig-file=\"https:\/\/www.lacostituzione.info\/wp-content\/uploads\/2025\/05\/eug.jpeg\" data-orig-size=\"252,200\" data-comments-opened=\"1\" data-image-meta=\"{&quot;aperture&quot;:&quot;0&quot;,&quot;credit&quot;:&quot;&quot;,&quot;camera&quot;:&quot;&quot;,&quot;caption&quot;:&quot;&quot;,&quot;created_timestamp&quot;:&quot;0&quot;,&quot;copyright&quot;:&quot;&quot;,&quot;focal_length&quot;:&quot;0&quot;,&quot;iso&quot;:&quot;0&quot;,&quot;shutter_speed&quot;:&quot;0&quot;,&quot;title&quot;:&quot;&quot;,&quot;orientation&quot;:&quot;0&quot;}\" data-image-title=\"eug\" data-image-description=\"\" data-image-caption=\"\" data-medium-file=\"https:\/\/www.lacostituzione.info\/wp-content\/uploads\/2025\/05\/eug.jpeg\" data-large-file=\"https:\/\/www.lacostituzione.info\/wp-content\/uploads\/2025\/05\/eug.jpeg\" class=\"aligncenter size-thumbnail wp-image-9533\" src=\"http:\/\/www.lacostituzione.info\/wp-content\/uploads\/2025\/05\/eug-150x150.jpeg\" alt=\"\" width=\"150\" height=\"150\" \/>di <strong>Ines Bruno<\/strong><\/p>\n<p>Stretta sugli avi italiani grazie ai quali pu\u00f2 essere accertata la cittadinanza italiana e quota per gli \u201coriundi\u201d nel decreto flussi: questi i punti chiave del c.d. decreto legge \u201cTajani\u201d, convertito definitivamente in legge in questi giorni (cfr. ANSA, <a href=\"https:\/\/www.ansa.it\/sito\/notizie\/politica\/2025\/05\/20\/il-decreto-cittadinanza-diventa-legge-stretta-sugli-avi_8f4c6b8f-9362-49ba-a67b-7f9cfce4782f.html\"><em>Il decreto cittadinanza diventa legge, stretta sugli avi<\/em><\/a>).<!--more--><\/p>\n<p>Il tema pi\u00f9 controverso investe la condizione personale degli italo-discendenti nati all\u2019estero, i quali saranno automaticamente cittadini <em>iure sanguinis<\/em> solo per due generazioni. Infatti, sar\u00e0 riconosciuto come italiano solo chi ha avuto almeno un genitore o un nonno nato in Italia, e alla condizione che quel genitore o nonno abbia, o abbia avuto al momento della morte, esclusivamente la cittadinanza italiana o sia stato residente in Italia almeno da due anni continuativi prima della nascita del figlio.<\/p>\n<p>In pratica, la legge incide sullo statuto dell\u2019oriundo di emigrato italiano, di cui gi\u00e0 si \u00e8 discusso in questa testata (v. <a href=\"https:\/\/www.lacostituzione.info\/index.php\/2025\/05\/12\/loriundo-italiano-e-le-sue-quattro-identita\/\">Trivi<\/a> e <a href=\"https:\/\/www.lacostituzione.info\/index.php\/2025\/05\/12\/gli-oriundi-italiani-tra-interpretazione-politica-e-naturalistica-dello-ius-sanguinis\/\">Cunha Verciano<\/a>), negando il nesso dalla \u201cemigrazione\u201d dei genitori o nonni prima della sua nascita o per la loro cittadinanza estera di \u201cemigrati\u201d. \u00c8 stata definita la \u201cgrande perdita\u201d dello <em>ius sanguinis<\/em> (<a href=\"https:\/\/www.judicium.it\/il-decreto-legge-n-36-del-28-marzo-2025-la-grande-perdita-della-cittadinanza-italiana\/\">Bonato<\/a>).\u00a0<\/p>\n<p>Con questo criterio \u201cselettivo\u201d, la riforma nasconde un aspetto un poco inquietante. Essa, infatti, appare ispirata a una sorta di \u201ceugenetica della cittadinanza\u201d.\u00a0Vediamo sinteticamente in che senso.<\/p>\n<p>Nel panorama storico del diritto comparato, l\u2019eugenetica \u00e8 stata utilizzata dal legislatore in tre modalit\u00e0 differenti:<\/p>\n<p>&#8211; quella c.d. \u201cscandinava\u201d, ovvero per intervenire sulle nascite al fine di evitare cittadini \u201cmalformati\u201d e dunque non \u201cparitariamente attivi\u201d come gli altri, oppure per scongiurare la trasmissione di malattie e disabilit\u00e0, per esempio con l\u2019obbligo della diagnosi prenatale della sindrome di Down (cfr .L. Dotti, <em>L\u2019utopia eugenetica del welfare State svedese, 1934-1975<\/em>, Rubettino, 2004);<\/p>\n<p>&#8211; quella tedesca della \u201cselezione\u201d della razza \u201cpura\u201d oggetto delle proibizioni di sperimentazione, conseguenti all\u2019orrore nazista (cfr. M. Burleigh, <em>The Racial State: Germany 1933-1945<\/em>. Cambridge University Press, 1991);<\/p>\n<p>&#8211; quella statunitense volta a disciplinare, con legge, la \u201cgenuinit\u00e0\u201d del patrimonio genetico di discendenza dei vincoli di sangue a fini politici, specialmente con riguardo agli <em>ex<\/em> schiavi, come dimostra la vicenda della \u201c<em>Grandfather\u00a0Clause<\/em>\u201d, utilizzata per limitare il diritto di voto degli afrodiscendenti (cfr. G. Power, <em>Eugenics, Jim Crow, and Baltimore\u2019s Best<\/em>, in <em>Maryland Bar Journal, <\/em>2016, 1572).\u00a0<\/p>\n<p>A tutti gli effetti, la legge \u201cTajani\u201d appare \u201ceugenetica\u201d in questa terza modalit\u00e0. Essa pretende di definire, con legge, la \u201cgenuinit\u00e0\u201d (si parla, in proposito, di \u201c<em>genuine link<\/em>\u201d) della discendenza di sangue dell\u2019oriundo\u00a0italiano ai fini dell\u2019accesso alla cittadinanza per l\u2019esercizio soprattutto del diritto di voto (anche in vista, come noto, della riforma costituzionale dell\u2019elezione diretta del <em>premier<\/em>, che del voto degli italiani di discendenza all\u2019estero non ha in debito tenuto conto: cfr. <a href=\"https:\/\/www.lacostituzione.info\/index.php\/2023\/12\/30\/elezione-diretta-del-premier-e-indiretta-delle-camere-il-problema-del-voto-degli-italiani-allestero\/\">Calvano-Spadacini<\/a>, nonch\u00e9 <a href=\"https:\/\/www.federalismi.it\/nv14\/articolo-documento.cfm?artid=51349\">Midiri<\/a>).<\/p>\n<p>Poich\u00e9 il vincolo di sangue (lo <em>ius sanguinis<\/em>) non \u00e8 una \u201c<em>fictio<\/em>\u201d giuridica, ma un dato di natura che, come chiarito dalla Corte di cassazione pi\u00f9 volte, inquadra una condizione personale di fatto, da accertare semplicemente (e non invece discrezionalmente) nella continuit\u00e0 (non altrettanto naturalmente interrotta) della successione temporale di discendenza (per es. Cass. civ. SS.UU. n. 25318\/2022), l\u2019impostazione legislativa della riforma sembra porre problemi costituzionali di non poco conto, pretendendo di creare una \u201c<em>fictio<\/em>\u201d l\u00ec dove la \u201c<em>fictio<\/em>\u201d, per legge di natura, non c\u2019\u00e8.<\/p>\n<p>L\u2019approccio \u00e8 spiccatamente biopolitico. Come tale, esso appare in contrasto con l\u2019art. 3 Cost., sia nel comma 1 (discriminare persone, in base alla \u201ccondizione personale\u201d dello scorrere del tempo del proprio vincolo di naturale discendenza di sangue, negando cos\u00ec pari dignit\u00e0 sociale fra gli oriundi), sia nel comma 2 (creare un ostacolo di fatto \u2013 la \u201cgenuinit\u00e0 della discendenza\u201d \u2013 per la \u201ceffettiva partecipazione di tutti i lavoratori all\u2019organizzazione politica, economica e sociale del Paese\u201d, che legittimamente pu\u00f2 avvenire anche attraverso il \u201clavoro all\u2019estero\u201d, ai sensi dell\u2019art. 35 Cost., dunque senza alcun tipo di obbligo di \u201cresidenza\u201d, in coerenza, tra l\u2019altro, anche con l\u2019art. 16 Cost. (c.d. libert\u00e0 di \u201cespatrio\u201d).<\/p>\n<p>Esso appare verosimilmente in contrasto pure con l\u2019art. 21 della Carta dei diritti fondamentali della UE (discriminare i discendenti di sangue in base alla &#8230; \u201cnascita\u201d) e con l\u2019art. 14 CEDU (discriminarli in base alla &#8230; \u201corigine nazionale\u201d oltre che alla &#8230; \u201cnascita\u201d).<\/p>\n<p>Infine, la disposizione congegnata, applicata nel lungo periodo, condurr\u00e0 a una vera e propria \u201cestinzione\u201d dell\u2019italiano all\u2019estero, fatte salve le ristrette, e nel tempo sempre meno probabili, condizioni previste per i suoi genitori.\u00a0<\/p>\n<p>Si tratterebbe, pertanto, di una sorta di \u201ceugenetica dell\u2019estinzione\u201d dell\u2019oriundo.\u00a0Il tutto, per negare agli italiani all\u2019estero il diritto di voto, visto che comunque agli oriundi rimarrebbe concesso (solo) l\u2019ingresso nel \u201cdecreto flussi\u201d, degradandoli, da discendenti di emigrati, a \u201cimmigrati stranieri\u201d.<\/p>\n<p>Tutto questo fa sospettare di incostituzionalit\u00e0 la legge anche per violazione dell\u2019art. 22 Cost.: privare gli oriundi della gi\u00e0 esistente, per legge di natura e non per \u201c<em>fictio<\/em>\u201d giuridica, \u201ccontinuit\u00e0 di sangue\u201d, sostituendola con la \u201c<em>fictio<\/em>\u201d della \u201cgenuinit\u00e0 di sangue\u201d, a fini&#8230; politici, quando, fino a ieri, il voto degli italiani all\u2019estero veniva celebrato (persino dagli esponenti dell\u2019attuale maggioranza) come conquista del pieno riconoscimento della dignit\u00e0 politica di tutti gli oriundi proprio in nome dell\u2019assenza di qualsiasi \u201c<em>fictio<\/em>\u201d rispetto agli italiani.<\/p>\n<p>\u00c8 un bel pasticcio. Probabilmente sarebbe stato sufficiente porsi la seguente domanda, per non incorrere in questi scenari di irrazionalit\u00e0 e incostituzionalit\u00e0: si pu\u00f2 disciplinare con legge la \u201cgenuinit\u00e0 di sangue\u201d?\u00a0Nel campo dello <em>ius sanguinis <\/em>dell\u2019oriundo (non dello <em>ius sanguinis<\/em> in generale), non si sta certo intervenendo sulla dignit\u00e0 della persona umana nel suo statuto giuridico di \u201cstraniero\u201d e, dunque, nell\u2019esercizio della riserva di legge di cui all\u2019art. 10, secondo comma, Cost.\u00a0Si sta parlando di dignit\u00e0 della persona umana con un triplice statuto:<\/p>\n<p>&#8211; di \u201cnaturale\u201d cittadino italiano per \u201cnaturale\u201d vincolo di sangue, che non \u00e8 \u201c<em>fictio<\/em>\u201d giuridica,<\/p>\n<p>&#8211; discendente da emigrati italiani, riconosciuti, con loro libert\u00e0 di emigrazione, in pari dignit\u00e0 sociale ai sensi dell\u2019art. 35, quarto comma Cost.,<\/p>\n<p>&#8211; lavoratore all\u2019estero, da riconoscere e tutelare sempre ai sensi dell\u2019art. 35 Cost.<\/p>\n<p>Verso questo triplice statuto, che interseca la persona umana come discendente italiano lavoratore all\u2019estero, emigrante (prima) e oriundo (poi), entra in gioco la riserva di legge del quarto comma dell\u2019art. 35 Cost., la quale, come osservato in dottrina (cfr. M. Offeddu, <em>Il 4\u00b0 comma dell\u2019art. 35<\/em>, in <em>Commentario della Costituzione a cura di G. Branca<\/em>, 1979), risulta rinforzata su tre fronti:<\/p>\n<p>&#8211; come rispetto dell\u2019art. 3 Cost., visto che si parla non semplicemente di persona umana, ma di \u201cgi\u00e0\u201d cittadini lavoratori all\u2019estero (prima emigrati poi oriundi), dunque in una particolare \u201ccondizione personale\u201d non discriminabile (come chiarito dalla Corte costituzionale sin dalla sent. n. 15\/1960),<\/p>\n<p>&#8211; come imposizione di \u201cobblighi\u201d sulla libert\u00e0 di emigrazione, ossia sulla condizione personale di \u201cuscita\u201d dal territorio, non certo sulla discendenza da emigrazione (ossia sulla condizione personale di \u201cnascita\u201d in un territorio straniero);<\/p>\n<p>&#8211; come giustificazione degli obblighi \u201cnell\u2019interesse generale\u201d, non certo per ragioni politiche di ridimensionamento del diritto di voto all\u2019estero.<\/p>\n<p>Perch\u00e9, allora, il legislatore \u00e8 intervenuto fuori del perimetro di questa riserva di legge? Dando anche solo un rapido sguardo di lettura al dibattito parlamentare, la risposta sembra essere solo una: per restringere la platea degli elettori italiani all\u2019estero.<\/p>\n<p>Alla fine, se la \u201c<em>ratio<\/em>\u201d della legge, formalmente dichiarata, consiste nel c.d. \u201cammodernamento\u201d della disciplina della cittadinanza, la reale \u201c<em>intentio<\/em>\u201d (il c.d. \u201c<em>original intent<\/em>\u201d) del legislatore, che l\u2019ha redatta, colpisce di fatto un solo destinatario: l\u2019oriundo italiano.\u00a0E quando \u201c<em>ratio<\/em>\u201d, dichiarata, e \u201c<em>intentio<\/em>\u201d, documentabile, non si corrispondono, si entra nel campo minato delle leggi provvedimento; in questo caso, una legge provvedimento \u201canti-oriundi\u201d (come gi\u00e0 prefigurato a inizio dibatti parlamentari, da D. Peron, <em>Cittadinanza:<\/em> <em>il \u201cnuovo nemico in citt\u00e0\u201d sono gli \u2018oriundi\u2019<\/em>, in <em>Insieme. A revista italiana daqui<\/em>, 2024).<\/p>\n<p>Spetter\u00e0 alla Corte costituzionale dichiarare quanto ci sia di costituzionalmente legittimo (e conforme ai divieti di discriminazione per \u201cnascita\u201d e \u201corigine nazionale\u201d) in questo provvedimento \u201canti-oriundi\u201d.<\/p>\n","protected":false},"excerpt":{"rendered":"<p>di Ines Bruno Stretta sugli avi italiani grazie ai quali pu\u00f2 essere accertata la cittadinanza italiana e quota per gli \u201coriundi\u201d nel decreto flussi: questi i punti chiave del c.d. decreto legge \u201cTajani\u201d, convertito definitivamente in legge in questi giorni (cfr. ANSA, Il decreto cittadinanza diventa legge, stretta sugli avi).<\/p>\n<div class='heateorSssClear'><\/div><div  class='heateor_sss_sharing_container heateor_sss_horizontal_sharing' data-heateor-sss-href='https:\/\/www.lacostituzione.info\/index.php\/2025\/05\/23\/la-cittadinanza-eugenetica-della-riforma-tajani\/'><div class='heateor_sss_sharing_title' style=\"font-weight:bold\" >Condividi!<\/div><div class=\"heateor_sss_sharing_ul\"><a aria-label=\"Facebook\" class=\"heateor_sss_facebook\" href=\"https:\/\/www.facebook.com\/sharer\/sharer.php?u=https%3A%2F%2Fwww.lacostituzione.info%2Findex.php%2F2025%2F05%2F23%2Fla-cittadinanza-eugenetica-della-riforma-tajani%2F\" title=\"Facebook\" rel=\"nofollow noopener\" target=\"_blank\" style=\"font-size:32px!important;box-shadow:none;display:inline-block;vertical-align:middle\"><span class=\"heateor_sss_svg\" style=\"background-color:#0765FE;width:35px;height:35px;display:inline-block;opacity:1;float:left;font-size:32px;box-shadow:none;display:inline-block;font-size:16px;padding:0 4px;vertical-align:middle;background-repeat:repeat;overflow:hidden;padding:0;cursor:pointer;box-sizing:content-box\"><svg style=\"display:block;\" focusable=\"false\" aria-hidden=\"true\" xmlns=\"http:\/\/www.w3.org\/2000\/svg\" width=\"100%\" height=\"100%\" viewBox=\"0 0 32 32\"><path fill=\"#fff\" d=\"M28 16c0-6.627-5.373-12-12-12S4 9.373 4 16c0 5.628 3.875 10.35 9.101 11.647v-7.98h-2.474V16H13.1v-1.58c0-4.085 1.849-5.978 5.859-5.978.76 0 2.072.15 2.608.298v3.325c-.283-.03-.775-.045-1.386-.045-1.967 0-2.728.745-2.728 2.683V16h3.92l-.673 3.667h-3.247v8.245C23.395 27.195 28 22.135 28 16Z\"><\/path><\/svg><\/span><\/a><a aria-label=\"Twitter\" class=\"heateor_sss_button_twitter\" href=\"https:\/\/twitter.com\/intent\/tweet?text=La%20cittadinanza%20%E2%80%9Ceugenetica%E2%80%9D%20della%20riforma%20Tajani&url=https%3A%2F%2Fwww.lacostituzione.info%2Findex.php%2F2025%2F05%2F23%2Fla-cittadinanza-eugenetica-della-riforma-tajani%2F\" title=\"Twitter\" rel=\"nofollow noopener\" target=\"_blank\" style=\"font-size:32px!important;box-shadow:none;display:inline-block;vertical-align:middle\"><span class=\"heateor_sss_svg heateor_sss_s__default heateor_sss_s_twitter\" style=\"background-color:#55acee;width:35px;height:35px;display:inline-block;opacity:1;float:left;font-size:32px;box-shadow:none;display:inline-block;font-size:16px;padding:0 4px;vertical-align:middle;background-repeat:repeat;overflow:hidden;padding:0;cursor:pointer;box-sizing:content-box\"><svg style=\"display:block;\" focusable=\"false\" aria-hidden=\"true\" xmlns=\"http:\/\/www.w3.org\/2000\/svg\" width=\"100%\" height=\"100%\" viewBox=\"-4 -4 39 39\"><path d=\"M28 8.557a9.913 9.913 0 0 1-2.828.775 4.93 4.93 0 0 0 2.166-2.725 9.738 9.738 0 0 1-3.13 1.194 4.92 4.92 0 0 0-3.593-1.55 4.924 4.924 0 0 0-4.794 6.049c-4.09-.21-7.72-2.17-10.15-5.15a4.942 4.942 0 0 0-.665 2.477c0 1.71.87 3.214 2.19 4.1a4.968 4.968 0 0 1-2.23-.616v.06c0 2.39 1.7 4.38 3.952 4.83-.414.115-.85.174-1.297.174-.318 0-.626-.03-.928-.086a4.935 4.935 0 0 0 4.6 3.42 9.893 9.893 0 0 1-6.114 2.107c-.398 0-.79-.023-1.175-.068a13.953 13.953 0 0 0 7.55 2.213c9.056 0 14.01-7.507 14.01-14.013 0-.213-.005-.426-.015-.637.96-.695 1.795-1.56 2.455-2.55z\" fill=\"#fff\"><\/path><\/svg><\/span><\/a><a aria-label=\"Reddit\" class=\"heateor_sss_button_reddit\" href=\"https:\/\/reddit.com\/submit?url=https%3A%2F%2Fwww.lacostituzione.info%2Findex.php%2F2025%2F05%2F23%2Fla-cittadinanza-eugenetica-della-riforma-tajani%2F&title=La%20cittadinanza%20%E2%80%9Ceugenetica%E2%80%9D%20della%20riforma%20Tajani\" title=\"Reddit\" rel=\"nofollow noopener\" target=\"_blank\" style=\"font-size:32px!important;box-shadow:none;display:inline-block;vertical-align:middle\"><span class=\"heateor_sss_svg heateor_sss_s__default heateor_sss_s_reddit\" style=\"background-color:#ff5700;width:35px;height:35px;display:inline-block;opacity:1;float:left;font-size:32px;box-shadow:none;display:inline-block;font-size:16px;padding:0 4px;vertical-align:middle;background-repeat:repeat;overflow:hidden;padding:0;cursor:pointer;box-sizing:content-box\"><svg style=\"display:block;\" focusable=\"false\" aria-hidden=\"true\" xmlns=\"http:\/\/www.w3.org\/2000\/svg\" width=\"100%\" height=\"100%\" viewBox=\"-3.5 -3.5 39 39\"><path d=\"M28.543 15.774a2.953 2.953 0 0 0-2.951-2.949 2.882 2.882 0 0 0-1.9.713 14.075 14.075 0 0 0-6.85-2.044l1.38-4.349 3.768.884a2.452 2.452 0 1 0 .24-1.176l-4.274-1a.6.6 0 0 0-.709.4l-1.659 5.224a14.314 14.314 0 0 0-7.316 2.029 2.908 2.908 0 0 0-1.872-.681 2.942 2.942 0 0 0-1.618 5.4 5.109 5.109 0 0 0-.062.765c0 4.158 5.037 7.541 11.229 7.541s11.22-3.383 11.22-7.541a5.2 5.2 0 0 0-.053-.706 2.963 2.963 0 0 0 1.427-2.51zm-18.008 1.88a1.753 1.753 0 0 1 1.73-1.74 1.73 1.73 0 0 1 1.709 1.74 1.709 1.709 0 0 1-1.709 1.711 1.733 1.733 0 0 1-1.73-1.711zm9.565 4.968a5.573 5.573 0 0 1-4.081 1.272h-.032a5.576 5.576 0 0 1-4.087-1.272.6.6 0 0 1 .844-.854 4.5 4.5 0 0 0 3.238.927h.032a4.5 4.5 0 0 0 3.237-.927.6.6 0 1 1 .844.854zm-.331-3.256a1.726 1.726 0 1 1 1.709-1.712 1.717 1.717 0 0 1-1.712 1.712z\" fill=\"#fff\"\/><\/svg><\/span><\/a><a aria-label=\"Linkedin\" class=\"heateor_sss_button_linkedin\" href=\"https:\/\/www.linkedin.com\/sharing\/share-offsite\/?url=https%3A%2F%2Fwww.lacostituzione.info%2Findex.php%2F2025%2F05%2F23%2Fla-cittadinanza-eugenetica-della-riforma-tajani%2F\" title=\"Linkedin\" rel=\"nofollow noopener\" target=\"_blank\" style=\"font-size:32px!important;box-shadow:none;display:inline-block;vertical-align:middle\"><span class=\"heateor_sss_svg heateor_sss_s__default heateor_sss_s_linkedin\" style=\"background-color:#0077b5;width:35px;height:35px;display:inline-block;opacity:1;float:left;font-size:32px;box-shadow:none;display:inline-block;font-size:16px;padding:0 4px;vertical-align:middle;background-repeat:repeat;overflow:hidden;padding:0;cursor:pointer;box-sizing:content-box\"><svg style=\"display:block;\" focusable=\"false\" aria-hidden=\"true\" xmlns=\"http:\/\/www.w3.org\/2000\/svg\" width=\"100%\" height=\"100%\" viewBox=\"0 0 32 32\"><path d=\"M6.227 12.61h4.19v13.48h-4.19V12.61zm2.095-6.7a2.43 2.43 0 0 1 0 4.86c-1.344 0-2.428-1.09-2.428-2.43s1.084-2.43 2.428-2.43m4.72 6.7h4.02v1.84h.058c.56-1.058 1.927-2.176 3.965-2.176 4.238 0 5.02 2.792 5.02 6.42v7.395h-4.183v-6.56c0-1.564-.03-3.574-2.178-3.574-2.18 0-2.514 1.7-2.514 3.46v6.668h-4.187V12.61z\" fill=\"#fff\"><\/path><\/svg><\/span><\/a><a aria-label=\"Pinterest\" class=\"heateor_sss_button_pinterest\" href=\"https:\/\/www.lacostituzione.info\/index.php\/2025\/05\/23\/la-cittadinanza-eugenetica-della-riforma-tajani\/\" onclick=\"event.preventDefault();javascript:void( (function() {var e=document.createElement('script' );e.setAttribute('type','text\/javascript' );e.setAttribute('charset','UTF-8' );e.setAttribute('src','\/\/assets.pinterest.com\/js\/pinmarklet.js?r='+Math.random()*99999999);document.body.appendChild(e)})());\" title=\"Pinterest\" rel=\"noopener\" style=\"font-size:32px!important;box-shadow:none;display:inline-block;vertical-align:middle\"><span class=\"heateor_sss_svg heateor_sss_s__default heateor_sss_s_pinterest\" style=\"background-color:#cc2329;width:35px;height:35px;display:inline-block;opacity:1;float:left;font-size:32px;box-shadow:none;display:inline-block;font-size:16px;padding:0 4px;vertical-align:middle;background-repeat:repeat;overflow:hidden;padding:0;cursor:pointer;box-sizing:content-box\"><svg style=\"display:block;\" focusable=\"false\" aria-hidden=\"true\" xmlns=\"http:\/\/www.w3.org\/2000\/svg\" width=\"100%\" height=\"100%\" viewBox=\"-2 -2 35 35\"><path fill=\"#fff\" d=\"M16.539 4.5c-6.277 0-9.442 4.5-9.442 8.253 0 2.272.86 4.293 2.705 5.046.303.125.574.005.662-.33.061-.231.205-.816.27-1.06.088-.331.053-.447-.191-.736-.532-.627-.873-1.439-.873-2.591 0-3.338 2.498-6.327 6.505-6.327 3.548 0 5.497 2.168 5.497 5.062 0 3.81-1.686 7.025-4.188 7.025-1.382 0-2.416-1.142-2.085-2.545.397-1.674 1.166-3.48 1.166-4.689 0-1.081-.581-1.983-1.782-1.983-1.413 0-2.548 1.462-2.548 3.419 0 1.247.421 2.091.421 2.091l-1.699 7.199c-.505 2.137-.076 4.755-.039 5.019.021.158.223.196.314.077.13-.17 1.813-2.247 2.384-4.324.162-.587.929-3.631.929-3.631.46.876 1.801 1.646 3.227 1.646 4.247 0 7.128-3.871 7.128-9.053.003-3.918-3.317-7.568-8.361-7.568z\"\/><\/svg><\/span><\/a><a aria-label=\"Whatsapp\" class=\"heateor_sss_whatsapp\" href=\"https:\/\/api.whatsapp.com\/send?text=La%20cittadinanza%20%E2%80%9Ceugenetica%E2%80%9D%20della%20riforma%20Tajani%20https%3A%2F%2Fwww.lacostituzione.info%2Findex.php%2F2025%2F05%2F23%2Fla-cittadinanza-eugenetica-della-riforma-tajani%2F\" title=\"Whatsapp\" rel=\"nofollow noopener\" target=\"_blank\" style=\"font-size:32px!important;box-shadow:none;display:inline-block;vertical-align:middle\"><span class=\"heateor_sss_svg\" style=\"background-color:#55eb4c;width:35px;height:35px;display:inline-block;opacity:1;float:left;font-size:32px;box-shadow:none;display:inline-block;font-size:16px;padding:0 4px;vertical-align:middle;background-repeat:repeat;overflow:hidden;padding:0;cursor:pointer;box-sizing:content-box\"><svg style=\"display:block;\" focusable=\"false\" aria-hidden=\"true\" xmlns=\"http:\/\/www.w3.org\/2000\/svg\" width=\"100%\" height=\"100%\" viewBox=\"-6 -5 40 40\"><path class=\"heateor_sss_svg_stroke heateor_sss_no_fill\" stroke=\"#fff\" stroke-width=\"2\" fill=\"none\" d=\"M 11.579798566743314 24.396926207859085 A 10 10 0 1 0 6.808479557110079 20.73576436351046\"><\/path><path d=\"M 7 19 l -1 6 l 6 -1\" class=\"heateor_sss_no_fill heateor_sss_svg_stroke\" stroke=\"#fff\" stroke-width=\"2\" fill=\"none\"><\/path><path d=\"M 10 10 q -1 8 8 11 c 5 -1 0 -6 -1 -3 q -4 -3 -5 -5 c 4 -2 -1 -5 -1 -4\" fill=\"#fff\"><\/path><\/svg><\/span><\/a><\/div><div class=\"heateorSssClear\"><\/div><\/div><div class='heateorSssClear'><\/div>","protected":false},"author":1,"featured_media":0,"comment_status":"open","ping_status":"open","sticky":false,"template":"","format":"standard","meta":{"jetpack_post_was_ever_published":false,"_jetpack_newsletter_access":"","_jetpack_dont_email_post_to_subs":false,"_jetpack_newsletter_tier_id":0,"_jetpack_memberships_contains_paywalled_content":false,"_jetpack_memberships_contains_paid_content":false,"footnotes":"","jetpack_publicize_message":"","jetpack_publicize_feature_enabled":true,"jetpack_social_post_already_shared":false,"jetpack_social_options":{"image_generator_settings":{"template":"highway","default_image_id":0,"enabled":false},"version":2}},"categories":[5],"tags":[1198,1189,1877,1875,1839],"class_list":["post-9532","post","type-post","status-publish","format-standard","hentry","category-lavori-in-corso","tag-cittadinanza","tag-cittadini-allestero","tag-jus-sanguinis","tag-oriundi","tag-voto-italiani-allestero"],"jetpack_publicize_connections":[],"jetpack_featured_media_url":"","jetpack_shortlink":"https:\/\/wp.me\/p84sDq-2tK","jetpack_likes_enabled":true,"jetpack_sharing_enabled":true,"_links":{"self":[{"href":"https:\/\/www.lacostituzione.info\/index.php\/wp-json\/wp\/v2\/posts\/9532","targetHints":{"allow":["GET"]}}],"collection":[{"href":"https:\/\/www.lacostituzione.info\/index.php\/wp-json\/wp\/v2\/posts"}],"about":[{"href":"https:\/\/www.lacostituzione.info\/index.php\/wp-json\/wp\/v2\/types\/post"}],"author":[{"embeddable":true,"href":"https:\/\/www.lacostituzione.info\/index.php\/wp-json\/wp\/v2\/users\/1"}],"replies":[{"embeddable":true,"href":"https:\/\/www.lacostituzione.info\/index.php\/wp-json\/wp\/v2\/comments?post=9532"}],"version-history":[{"count":0,"href":"https:\/\/www.lacostituzione.info\/index.php\/wp-json\/wp\/v2\/posts\/9532\/revisions"}],"wp:attachment":[{"href":"https:\/\/www.lacostituzione.info\/index.php\/wp-json\/wp\/v2\/media?parent=9532"}],"wp:term":[{"taxonomy":"category","embeddable":true,"href":"https:\/\/www.lacostituzione.info\/index.php\/wp-json\/wp\/v2\/categories?post=9532"},{"taxonomy":"post_tag","embeddable":true,"href":"https:\/\/www.lacostituzione.info\/index.php\/wp-json\/wp\/v2\/tags?post=9532"}],"curies":[{"name":"wp","href":"https:\/\/api.w.org\/{rel}","templated":true}]}}