{"id":9648,"date":"2025-09-13T17:05:07","date_gmt":"2025-09-13T15:05:07","guid":{"rendered":"https:\/\/www.lacostituzione.info\/?p=9648"},"modified":"2025-09-13T17:39:42","modified_gmt":"2025-09-13T15:39:42","slug":"il-caso-bartolozzi-reato-in-concorso-o-semplicemente-connesso","status":"publish","type":"post","link":"https:\/\/www.lacostituzione.info\/index.php\/2025\/09\/13\/il-caso-bartolozzi-reato-in-concorso-o-semplicemente-connesso\/","title":{"rendered":"Il caso Bartolozzi: reato \u201cin concorso\u201d o semplicemente \u201cconnesso\u201d?"},"content":{"rendered":"\n<p>di\u00a0<strong>Salvatore Curreri<img loading=\"lazy\" decoding=\"async\" data-attachment-id=\"9649\" data-permalink=\"https:\/\/www.lacostituzione.info\/index.php\/2025\/09\/13\/il-caso-bartolozzi-reato-in-concorso-o-semplicemente-connesso\/barto2\/#main\" data-orig-file=\"https:\/\/www.lacostituzione.info\/wp-content\/uploads\/2025\/09\/barto2.jpeg\" data-orig-size=\"325,155\" data-comments-opened=\"1\" data-image-meta=\"{&quot;aperture&quot;:&quot;0&quot;,&quot;credit&quot;:&quot;&quot;,&quot;camera&quot;:&quot;&quot;,&quot;caption&quot;:&quot;&quot;,&quot;created_timestamp&quot;:&quot;0&quot;,&quot;copyright&quot;:&quot;&quot;,&quot;focal_length&quot;:&quot;0&quot;,&quot;iso&quot;:&quot;0&quot;,&quot;shutter_speed&quot;:&quot;0&quot;,&quot;title&quot;:&quot;&quot;,&quot;orientation&quot;:&quot;0&quot;}\" data-image-title=\"barto2\" data-image-description=\"\" data-image-caption=\"\" data-medium-file=\"https:\/\/www.lacostituzione.info\/wp-content\/uploads\/2025\/09\/barto2-300x143.jpeg\" data-large-file=\"https:\/\/www.lacostituzione.info\/wp-content\/uploads\/2025\/09\/barto2.jpeg\" class=\"alignright size-thumbnail wp-image-9649\" src=\"http:\/\/www.lacostituzione.info\/wp-content\/uploads\/2025\/09\/barto2-150x150.jpeg\" alt=\"\" width=\"150\" height=\"150\" \/><\/strong><\/p>\n<p>La decisione della Procura di Roma di iscrivere nel registro degli indagati il capo di gabinetto del Ministero della Giustizia Giusi Bartolozzi con l\u2019accusa di aver reso false informazioni (art. 371 bis c.p.) sul caso Almasri nel corso della sua testimonianza al Tribunale dei ministri suscita non poche perplessit\u00e0.<!--more--><\/p>\n<p>Pare evidente, infatti, l\u2019intento dalla Procura di separare la posizione processuale della Bartolozzi da quella degli altri membri del Governo \u2013 il ministro della Giustizia Nordio, il ministro dell\u2019Interno Piantedosi e il sottosegretario alla Presidenza del Consiglio, con delega ai Servizi Segreti Mantovano \u2013 nei confronti dei quali la stessa Procura lo scorso 5 agosto ha inoltrato alla Camera richiesta di autorizzazione a procedere ai sensi dell\u2019articolo 96 Cost.<\/p>\n<p>Mentre, infatti, a questi ultimi sono stati contestati i reati di omissione di atti d\u2019ufficio, favoreggiamento e peculato, alla Bartolozzi \u00e8 stato contestato di aver fornito una versione inattendibile e mendace dei fatti, affermando di non aver sottoposto, di propria iniziativa al Ministro il provvedimento \u2013 predisposto dagli Uffici \u2013 di conferma dell\u2019arresto di Almasri disposto dalla Corte penale internazionale. Un\u2019autonoma ipotesi di reato, quindi, che, secondo la Procura, giustifica il motivo per cui per procedere penalmente nei confronti della Bartolozzi non occorra chiedere l\u2019autorizzazione a procedere prevista dall\u2019art. 96 Cost. La prospettiva, quindi, potrebbe essere, in caso di rinvio a giudizio, l\u2019avvio di un processo penale nei confronti del solo capo gabinetto, chiamandovi magari a testimoniare quei membri del Governo che, nonostante il prevedibile rifiuto all\u2019autorizzazione a procedere nei loro confronti, si troverebbero comunque coinvolti nella vicenda, con evidente clamoroso eco mediatica e possibili conseguenze politiche sull\u2019intero esecutivo.<\/p>\n<p>Tale tentativo di separare la sorte della Bartolozzi dagli altri membri del Governo indagati gi\u00e0 si scontra sotto il profilo politico con la ribadita piena e incondizionata solidariet\u00e0 espressa nei confronti del suo capo di gabinetto da parte del Ministro della Giustizia, che in pi\u00f9 occasioni ha ribadito di assumersi l\u2019intera responsabilit\u00e0 politica e giuridica della vicenda, smentendo qualsiasi ipotesi tesa ad accreditare un ruolo autonomo della Bartolozzi nella gestione della vicenda.<\/p>\n<p>Quel che per\u00f2 preme maggiormente evidenziare, anche per le conseguenze giuridiche che qui maggiormente interessano, \u00e8 che il ruolo non marginale svolto dalla Bartolozzi nella gestione della vicenda Almasri \u00e8 ammesso dalla stessa Procura nelle motivazioni della richiesta di autorizzazione a procedere nei confronti dei tre membri del Governo, dove il suo nominativo ricorre ben sedici volte! Nonostante, quindi, il suo ruolo non marginale, la Procura intende tenere distinta la posizione della Bartolozzi rispetto agli altri ministri indagati, non solo non estendendo nei suoi confronti la richiesta di autorizzazione a procedere ma anche ipotizzando a suo carico una autonoma fattispecie di reato che consentirebbe di agire penalmente contro di lei senza dover chiedere tale autorizzazione, in previsione del (prevedibile) suo rifiuto.<\/p>\n<p>Tale indirizzo della Procura suscita per\u00f2, come detto, non poche perplessit\u00e0 perch\u00e9 non conforme a quanto la normativa vigente prevede nei casi in cui soggetti terzi siano coinvolti in reati che si ipotizza i ministri abbiano commesso nell\u2019esercizio delle loro funzioni. L\u2019articolo 5 della legge costituzionale n. 1\/1989, infatti, prevede espressamente che l\u2019autorizzazione a procedere prevista dall\u2019articolo 96 della Costituzione va chiesta anche nei confronti di persone che non sono membri delle Camere.<\/p>\n<p>Il dubbio se tale riferimento debba intendersi esclusivamente limitato a ministri non parlamentari oppure possa estendersi a soggetti terzi \u2013 non facenti parte del Governo \u2013 coinvolti nel reato ipotizzato \u00e8 stato sciolto dall\u2019<a href=\"https:\/\/www.normattiva.it\/uri-res\/N2Ls?urn:nir:stato:legge:1989-06-05;219%20\">articolo 4.2 della legge n. 219\/1989<\/a> (<em>Nuove norme in tema di reati ministeriali e di reati previsti dall&#8217;articolo 90 della Costituzione<\/em>), laddove si fa espresso riferimento alla possibilit\u00e0 che l\u2019autorizzazione a procedere venga richiesta, ed eventualmente negata, nei confronti di soggetti n\u00e9 ministri, n\u00e9 parlamentari (c.d. imputati laici).<\/p>\n<p>Pertanto, nell\u2019ipotesi di \u201cconcorso\u201d di reato tra ministri e terzi, la Procura delle Repubblica, sulla base dell\u2019istruttoria del Tribunale dei ministri, deve chiedere l\u2019autorizzazione a procedere nei confronti di tutti i soggetti coinvolti, siano essi membri del governo oppure terzi. Spetta poi alla Camera di competenza a decidere, tra tali soggetti, quelli per cui si potr\u00e0 procedere penalmente e quelli per cui invece l\u2019autorizzazione a procedere va negata per aver \u201cagito per la tutela di un interesse dello Stato costituzionalmente rilevante ovvero per il perseguimento di un preminente interesse pubblico\u201d (art. 9.3 l. cost. 1\/1989).<\/p>\n<p>Tutto ci\u00f2 presuppone per\u00f2 che la Camera sia messa in condizione di operare tale distinzione e quindi che la richiesta di autorizzazione a procedere formulata dal Tribunale dei ministri coinvolga tutti i soggetti coinvolti nella fattispecie penale ipotizzata. In tal senso ci sono numerosi precedenti (v. ad esempio la richiesta di autorizzazione a procedere formulata nei confronti dell\u2019allora Ministro delle politiche agricole Alemanno, nonch\u00e9 di Callisto Tanzi e Romano Bernardoni per l\u2019ipotizzato reato di finanziamento illecito ai partiti).<\/p>\n<p>Consapevole di tale prevedibile obiezione, il Presidente della Giunta per le autorizzazioni della Camera Dori (AVS), a margine della seduta dello scorso <a href=\"https:\/\/www.camera.it\/leg19\/824?tipo=C&amp;anno=2025&amp;mese=09&amp;giorno=10&amp;view=filtered_scheda_bic&amp;commissione=17&amp;pagina=#data.20250910.com17.bollettino.sede00020\">10 settembre<\/a> in cui \u00e8 iniziato l\u2019esame della richiesta di autorizzazione a procedere nei confronti del Governo (<a href=\"https:\/\/documenti.camera.it\/apps\/commonServices\/getDocumento.ashx?sezione=documentiparlamentari&amp;tipoDoc=pdf&amp;idLegislatura=19&amp;categoria=004bis&amp;numero=001&amp;doc=INTERO\">doc. IV-<em>bis<\/em>, n. 1<\/a>), replicando indirettamente alle osservazioni del deputato Iaia (FdI), ha voluto precisare che non occorre chiedere l\u2019autorizzazione a procedere nei confronti della Bartolozzi, perch\u00e9 il reato ipotizzato a suo carico \u00e8 stato commesso in modo autonomo, per cui sarebbe solo \u201cconnesso\u201d, anzich\u00e9 \u201cin concorso\u201d come richiede la legge. Una sottigliezza giuridica diretta a voler formalisticamente separare ci\u00f2 che, per\u00f2, nella realt\u00e0 dei fatti \u00e8 parte di una complessa vicenda gestita in modo unitario. In altri termini, l\u2019ipotizzato reato di false informazioni non riguarda altro se non la stessa vicenda Almasri, per cui sostenere che la sua intrinseca natura individuale lo renda semplicemente \u201cconnesso\u201d alla vicenda Almasri, e non commesso in concorso con il Ministro, significa quantomeno sottovalutare il nesso finalistico e consequenziale che lo lega al reato di omissione di atti d\u2019ufficio contestato al Ministro della Giustizia, giacch\u00e9 esso presuppone proprio la decisione del capo gabinetto di non sottoporre ad esso il provvedimento di conferma dell\u2019arresto.<\/p>\n<p>Alla luce di quanto sopra, quali potrebbero essere i futuri scenari? Certamente, il capo gabinetto potrebbe reagire in sede processuale, eccependo la mancata autorizzazione a procedere nei suoi confronti. Ma a reagire potrebbe essere la stessa Camera dei deputati. Innanzi tutto, la Giunta per le autorizzazioni a procedere, in un\u2019ottica di leale collaborazione, in prima battuta potrebbe chiedere alla Procura di Roma d\u2019integrare la richiesta di autorizzazione a procedere, estendendola alla stessa Bartolozzi. In tal modo la Procura sarebbe obbligata a motivare le ragioni del disallineamento tra le motivazioni della richiesta di autorizzazione, in cui, come detto, il ruolo della Bartolozzi non appare marginale, e il dispositivo della richiesta in cui invece la richiesta di autorizzazione a procedere nei suoi confronti non \u00e8 presente. Al limite, riprendendo un precedente del settembre 2010 (caso Lunardi-Sepe), ricordato dall\u2019allora Presidente della Giunta Castagnetti, essa potrebbe rimandare indietro la richiesta di autorizzazione, senza nemmeno prenderla in considerazione, finch\u00e9 non integrata in tal senso.<\/p>\n<p>Se cos\u00ec non fosse, la Camera potrebbe sollevare conflitto di attribuzioni nei confronti del Tribunale dei ministri, per aver quest\u2019ultimo, stralciando la posizione della Bartolozzi, impedito ad essa di poter esercitare le prerogative previste dalla Costituzione. Non ci sono precedenti specifici sul punto ma gi\u00e0 in occasioni simili, allorquando cio\u00e8 la Procura della Repubblica ha agito nei confronti di ministri senza chiedere l\u2019autorizzazione parlamentare, ritenendo che avessero compiuti reati a titolo personale e non nell\u2019esercizio delle loro funzioni, la Corte costituzionale ha affermato che la Camera di competenza ha il diritto: sia di essere informata al fine di valutare la natura ministeriale o no del reato oggetto di indagine; sia, ove non condivida la conclusione negativa del Tribunale dei ministri, di sollevare contro i giudici conflitto di attribuzione davanti alla Corte costituzionale, per essere stata menomata, per effetto della decisione giudiziaria, del potere ad essa riconosciuto di valutare se il ministro e gli altri soggetti coinvolti hanno agito in nome di un superiore interesse pubblico (sentenze nn. 241\/2009 caso Matteoli, 87\/2012 caso Ruby-Berlusconi, 88\/2012 caso Mastella).<\/p>\n<p>Insomma, dietro la decisione di iscrivere la Bartolozzi nel registro degli indagati non \u00e8 difficile intravvedere la volont\u00e0 di innescare un ennesimo conflitto, stavolta di tono costituzionale, tra magistratura e politica, magari strumentalmente in vista del prossimo referendum sulla separazione delle carriere.<\/p>\n","protected":false},"excerpt":{"rendered":"<p>di\u00a0Salvatore Curreri La decisione della Procura di Roma di iscrivere nel registro degli indagati il capo di gabinetto del Ministero della Giustizia Giusi Bartolozzi con l\u2019accusa di aver reso false informazioni (art. 371 bis c.p.) sul caso Almasri nel corso della sua testimonianza al Tribunale dei ministri suscita non poche perplessit\u00e0.<\/p>\n<div class='heateorSssClear'><\/div><div  class='heateor_sss_sharing_container heateor_sss_horizontal_sharing' data-heateor-sss-href='https:\/\/www.lacostituzione.info\/index.php\/2025\/09\/13\/il-caso-bartolozzi-reato-in-concorso-o-semplicemente-connesso\/'><div class='heateor_sss_sharing_title' style=\"font-weight:bold\" >Condividi!<\/div><div class=\"heateor_sss_sharing_ul\"><a aria-label=\"Facebook\" class=\"heateor_sss_facebook\" href=\"https:\/\/www.facebook.com\/sharer\/sharer.php?u=https%3A%2F%2Fwww.lacostituzione.info%2Findex.php%2F2025%2F09%2F13%2Fil-caso-bartolozzi-reato-in-concorso-o-semplicemente-connesso%2F\" title=\"Facebook\" rel=\"nofollow noopener\" target=\"_blank\" style=\"font-size:32px!important;box-shadow:none;display:inline-block;vertical-align:middle\"><span class=\"heateor_sss_svg\" style=\"background-color:#0765FE;width:35px;height:35px;display:inline-block;opacity:1;float:left;font-size:32px;box-shadow:none;display:inline-block;font-size:16px;padding:0 4px;vertical-align:middle;background-repeat:repeat;overflow:hidden;padding:0;cursor:pointer;box-sizing:content-box\"><svg style=\"display:block;\" focusable=\"false\" aria-hidden=\"true\" xmlns=\"http:\/\/www.w3.org\/2000\/svg\" width=\"100%\" height=\"100%\" viewBox=\"0 0 32 32\"><path fill=\"#fff\" d=\"M28 16c0-6.627-5.373-12-12-12S4 9.373 4 16c0 5.628 3.875 10.35 9.101 11.647v-7.98h-2.474V16H13.1v-1.58c0-4.085 1.849-5.978 5.859-5.978.76 0 2.072.15 2.608.298v3.325c-.283-.03-.775-.045-1.386-.045-1.967 0-2.728.745-2.728 2.683V16h3.92l-.673 3.667h-3.247v8.245C23.395 27.195 28 22.135 28 16Z\"><\/path><\/svg><\/span><\/a><a aria-label=\"Twitter\" class=\"heateor_sss_button_twitter\" href=\"https:\/\/twitter.com\/intent\/tweet?text=Il%20caso%20Bartolozzi%3A%20reato%20%E2%80%9Cin%20concorso%E2%80%9D%20o%20semplicemente%20%E2%80%9Cconnesso%E2%80%9D%3F&url=https%3A%2F%2Fwww.lacostituzione.info%2Findex.php%2F2025%2F09%2F13%2Fil-caso-bartolozzi-reato-in-concorso-o-semplicemente-connesso%2F\" title=\"Twitter\" rel=\"nofollow noopener\" target=\"_blank\" style=\"font-size:32px!important;box-shadow:none;display:inline-block;vertical-align:middle\"><span class=\"heateor_sss_svg heateor_sss_s__default heateor_sss_s_twitter\" style=\"background-color:#55acee;width:35px;height:35px;display:inline-block;opacity:1;float:left;font-size:32px;box-shadow:none;display:inline-block;font-size:16px;padding:0 4px;vertical-align:middle;background-repeat:repeat;overflow:hidden;padding:0;cursor:pointer;box-sizing:content-box\"><svg style=\"display:block;\" focusable=\"false\" aria-hidden=\"true\" xmlns=\"http:\/\/www.w3.org\/2000\/svg\" width=\"100%\" height=\"100%\" viewBox=\"-4 -4 39 39\"><path d=\"M28 8.557a9.913 9.913 0 0 1-2.828.775 4.93 4.93 0 0 0 2.166-2.725 9.738 9.738 0 0 1-3.13 1.194 4.92 4.92 0 0 0-3.593-1.55 4.924 4.924 0 0 0-4.794 6.049c-4.09-.21-7.72-2.17-10.15-5.15a4.942 4.942 0 0 0-.665 2.477c0 1.71.87 3.214 2.19 4.1a4.968 4.968 0 0 1-2.23-.616v.06c0 2.39 1.7 4.38 3.952 4.83-.414.115-.85.174-1.297.174-.318 0-.626-.03-.928-.086a4.935 4.935 0 0 0 4.6 3.42 9.893 9.893 0 0 1-6.114 2.107c-.398 0-.79-.023-1.175-.068a13.953 13.953 0 0 0 7.55 2.213c9.056 0 14.01-7.507 14.01-14.013 0-.213-.005-.426-.015-.637.96-.695 1.795-1.56 2.455-2.55z\" fill=\"#fff\"><\/path><\/svg><\/span><\/a><a aria-label=\"Reddit\" class=\"heateor_sss_button_reddit\" href=\"https:\/\/reddit.com\/submit?url=https%3A%2F%2Fwww.lacostituzione.info%2Findex.php%2F2025%2F09%2F13%2Fil-caso-bartolozzi-reato-in-concorso-o-semplicemente-connesso%2F&title=Il%20caso%20Bartolozzi%3A%20reato%20%E2%80%9Cin%20concorso%E2%80%9D%20o%20semplicemente%20%E2%80%9Cconnesso%E2%80%9D%3F\" title=\"Reddit\" rel=\"nofollow noopener\" target=\"_blank\" style=\"font-size:32px!important;box-shadow:none;display:inline-block;vertical-align:middle\"><span class=\"heateor_sss_svg heateor_sss_s__default heateor_sss_s_reddit\" style=\"background-color:#ff5700;width:35px;height:35px;display:inline-block;opacity:1;float:left;font-size:32px;box-shadow:none;display:inline-block;font-size:16px;padding:0 4px;vertical-align:middle;background-repeat:repeat;overflow:hidden;padding:0;cursor:pointer;box-sizing:content-box\"><svg style=\"display:block;\" focusable=\"false\" aria-hidden=\"true\" xmlns=\"http:\/\/www.w3.org\/2000\/svg\" width=\"100%\" height=\"100%\" viewBox=\"-3.5 -3.5 39 39\"><path d=\"M28.543 15.774a2.953 2.953 0 0 0-2.951-2.949 2.882 2.882 0 0 0-1.9.713 14.075 14.075 0 0 0-6.85-2.044l1.38-4.349 3.768.884a2.452 2.452 0 1 0 .24-1.176l-4.274-1a.6.6 0 0 0-.709.4l-1.659 5.224a14.314 14.314 0 0 0-7.316 2.029 2.908 2.908 0 0 0-1.872-.681 2.942 2.942 0 0 0-1.618 5.4 5.109 5.109 0 0 0-.062.765c0 4.158 5.037 7.541 11.229 7.541s11.22-3.383 11.22-7.541a5.2 5.2 0 0 0-.053-.706 2.963 2.963 0 0 0 1.427-2.51zm-18.008 1.88a1.753 1.753 0 0 1 1.73-1.74 1.73 1.73 0 0 1 1.709 1.74 1.709 1.709 0 0 1-1.709 1.711 1.733 1.733 0 0 1-1.73-1.711zm9.565 4.968a5.573 5.573 0 0 1-4.081 1.272h-.032a5.576 5.576 0 0 1-4.087-1.272.6.6 0 0 1 .844-.854 4.5 4.5 0 0 0 3.238.927h.032a4.5 4.5 0 0 0 3.237-.927.6.6 0 1 1 .844.854zm-.331-3.256a1.726 1.726 0 1 1 1.709-1.712 1.717 1.717 0 0 1-1.712 1.712z\" fill=\"#fff\"\/><\/svg><\/span><\/a><a aria-label=\"Linkedin\" class=\"heateor_sss_button_linkedin\" href=\"https:\/\/www.linkedin.com\/sharing\/share-offsite\/?url=https%3A%2F%2Fwww.lacostituzione.info%2Findex.php%2F2025%2F09%2F13%2Fil-caso-bartolozzi-reato-in-concorso-o-semplicemente-connesso%2F\" title=\"Linkedin\" rel=\"nofollow noopener\" target=\"_blank\" style=\"font-size:32px!important;box-shadow:none;display:inline-block;vertical-align:middle\"><span class=\"heateor_sss_svg heateor_sss_s__default heateor_sss_s_linkedin\" style=\"background-color:#0077b5;width:35px;height:35px;display:inline-block;opacity:1;float:left;font-size:32px;box-shadow:none;display:inline-block;font-size:16px;padding:0 4px;vertical-align:middle;background-repeat:repeat;overflow:hidden;padding:0;cursor:pointer;box-sizing:content-box\"><svg style=\"display:block;\" focusable=\"false\" aria-hidden=\"true\" xmlns=\"http:\/\/www.w3.org\/2000\/svg\" width=\"100%\" height=\"100%\" viewBox=\"0 0 32 32\"><path d=\"M6.227 12.61h4.19v13.48h-4.19V12.61zm2.095-6.7a2.43 2.43 0 0 1 0 4.86c-1.344 0-2.428-1.09-2.428-2.43s1.084-2.43 2.428-2.43m4.72 6.7h4.02v1.84h.058c.56-1.058 1.927-2.176 3.965-2.176 4.238 0 5.02 2.792 5.02 6.42v7.395h-4.183v-6.56c0-1.564-.03-3.574-2.178-3.574-2.18 0-2.514 1.7-2.514 3.46v6.668h-4.187V12.61z\" fill=\"#fff\"><\/path><\/svg><\/span><\/a><a aria-label=\"Pinterest\" class=\"heateor_sss_button_pinterest\" href=\"https:\/\/www.lacostituzione.info\/index.php\/2025\/09\/13\/il-caso-bartolozzi-reato-in-concorso-o-semplicemente-connesso\/\" onclick=\"event.preventDefault();javascript:void( (function() {var e=document.createElement('script' );e.setAttribute('type','text\/javascript' );e.setAttribute('charset','UTF-8' );e.setAttribute('src','\/\/assets.pinterest.com\/js\/pinmarklet.js?r='+Math.random()*99999999);document.body.appendChild(e)})());\" title=\"Pinterest\" rel=\"noopener\" style=\"font-size:32px!important;box-shadow:none;display:inline-block;vertical-align:middle\"><span class=\"heateor_sss_svg heateor_sss_s__default heateor_sss_s_pinterest\" style=\"background-color:#cc2329;width:35px;height:35px;display:inline-block;opacity:1;float:left;font-size:32px;box-shadow:none;display:inline-block;font-size:16px;padding:0 4px;vertical-align:middle;background-repeat:repeat;overflow:hidden;padding:0;cursor:pointer;box-sizing:content-box\"><svg style=\"display:block;\" focusable=\"false\" aria-hidden=\"true\" xmlns=\"http:\/\/www.w3.org\/2000\/svg\" width=\"100%\" height=\"100%\" viewBox=\"-2 -2 35 35\"><path fill=\"#fff\" d=\"M16.539 4.5c-6.277 0-9.442 4.5-9.442 8.253 0 2.272.86 4.293 2.705 5.046.303.125.574.005.662-.33.061-.231.205-.816.27-1.06.088-.331.053-.447-.191-.736-.532-.627-.873-1.439-.873-2.591 0-3.338 2.498-6.327 6.505-6.327 3.548 0 5.497 2.168 5.497 5.062 0 3.81-1.686 7.025-4.188 7.025-1.382 0-2.416-1.142-2.085-2.545.397-1.674 1.166-3.48 1.166-4.689 0-1.081-.581-1.983-1.782-1.983-1.413 0-2.548 1.462-2.548 3.419 0 1.247.421 2.091.421 2.091l-1.699 7.199c-.505 2.137-.076 4.755-.039 5.019.021.158.223.196.314.077.13-.17 1.813-2.247 2.384-4.324.162-.587.929-3.631.929-3.631.46.876 1.801 1.646 3.227 1.646 4.247 0 7.128-3.871 7.128-9.053.003-3.918-3.317-7.568-8.361-7.568z\"\/><\/svg><\/span><\/a><a aria-label=\"Whatsapp\" class=\"heateor_sss_whatsapp\" href=\"https:\/\/api.whatsapp.com\/send?text=Il%20caso%20Bartolozzi%3A%20reato%20%E2%80%9Cin%20concorso%E2%80%9D%20o%20semplicemente%20%E2%80%9Cconnesso%E2%80%9D%3F%20https%3A%2F%2Fwww.lacostituzione.info%2Findex.php%2F2025%2F09%2F13%2Fil-caso-bartolozzi-reato-in-concorso-o-semplicemente-connesso%2F\" title=\"Whatsapp\" rel=\"nofollow noopener\" target=\"_blank\" style=\"font-size:32px!important;box-shadow:none;display:inline-block;vertical-align:middle\"><span class=\"heateor_sss_svg\" style=\"background-color:#55eb4c;width:35px;height:35px;display:inline-block;opacity:1;float:left;font-size:32px;box-shadow:none;display:inline-block;font-size:16px;padding:0 4px;vertical-align:middle;background-repeat:repeat;overflow:hidden;padding:0;cursor:pointer;box-sizing:content-box\"><svg style=\"display:block;\" focusable=\"false\" aria-hidden=\"true\" xmlns=\"http:\/\/www.w3.org\/2000\/svg\" width=\"100%\" height=\"100%\" viewBox=\"-6 -5 40 40\"><path class=\"heateor_sss_svg_stroke heateor_sss_no_fill\" stroke=\"#fff\" stroke-width=\"2\" fill=\"none\" d=\"M 11.579798566743314 24.396926207859085 A 10 10 0 1 0 6.808479557110079 20.73576436351046\"><\/path><path d=\"M 7 19 l -1 6 l 6 -1\" class=\"heateor_sss_no_fill heateor_sss_svg_stroke\" stroke=\"#fff\" stroke-width=\"2\" fill=\"none\"><\/path><path d=\"M 10 10 q -1 8 8 11 c 5 -1 0 -6 -1 -3 q -4 -3 -5 -5 c 4 -2 -1 -5 -1 -4\" fill=\"#fff\"><\/path><\/svg><\/span><\/a><\/div><div class=\"heateorSssClear\"><\/div><\/div><div class='heateorSssClear'><\/div>","protected":false},"author":13,"featured_media":0,"comment_status":"open","ping_status":"open","sticky":false,"template":"","format":"standard","meta":{"jetpack_post_was_ever_published":false,"_jetpack_newsletter_access":"","_jetpack_dont_email_post_to_subs":false,"_jetpack_newsletter_tier_id":0,"_jetpack_memberships_contains_paywalled_content":false,"_jetpack_memberships_contains_paid_content":false,"footnotes":"","jetpack_publicize_message":"","jetpack_publicize_feature_enabled":true,"jetpack_social_post_already_shared":true,"jetpack_social_options":{"image_generator_settings":{"template":"highway","default_image_id":0,"enabled":false},"version":2}},"categories":[4],"tags":[1895,1371,1896,1375],"class_list":["post-9648","post","type-post","status-publish","format-standard","hentry","category-attualita","tag-almasri","tag-autorizzazione-a-procedere","tag-connessione-di-reati","tag-tribunale-dei-ministri"],"jetpack_publicize_connections":[],"jetpack_featured_media_url":"","jetpack_shortlink":"https:\/\/wp.me\/p84sDq-2vC","jetpack_likes_enabled":true,"jetpack_sharing_enabled":true,"_links":{"self":[{"href":"https:\/\/www.lacostituzione.info\/index.php\/wp-json\/wp\/v2\/posts\/9648","targetHints":{"allow":["GET"]}}],"collection":[{"href":"https:\/\/www.lacostituzione.info\/index.php\/wp-json\/wp\/v2\/posts"}],"about":[{"href":"https:\/\/www.lacostituzione.info\/index.php\/wp-json\/wp\/v2\/types\/post"}],"author":[{"embeddable":true,"href":"https:\/\/www.lacostituzione.info\/index.php\/wp-json\/wp\/v2\/users\/13"}],"replies":[{"embeddable":true,"href":"https:\/\/www.lacostituzione.info\/index.php\/wp-json\/wp\/v2\/comments?post=9648"}],"version-history":[{"count":0,"href":"https:\/\/www.lacostituzione.info\/index.php\/wp-json\/wp\/v2\/posts\/9648\/revisions"}],"wp:attachment":[{"href":"https:\/\/www.lacostituzione.info\/index.php\/wp-json\/wp\/v2\/media?parent=9648"}],"wp:term":[{"taxonomy":"category","embeddable":true,"href":"https:\/\/www.lacostituzione.info\/index.php\/wp-json\/wp\/v2\/categories?post=9648"},{"taxonomy":"post_tag","embeddable":true,"href":"https:\/\/www.lacostituzione.info\/index.php\/wp-json\/wp\/v2\/tags?post=9648"}],"curies":[{"name":"wp","href":"https:\/\/api.w.org\/{rel}","templated":true}]}}