{"id":9720,"date":"2025-11-07T17:37:02","date_gmt":"2025-11-07T16:37:02","guid":{"rendered":"https:\/\/www.lacostituzione.info\/?p=9720"},"modified":"2025-11-08T00:07:48","modified_gmt":"2025-11-07T23:07:48","slug":"separazione-della-carriere-in-rispettoso-dissenso-dal-presidente-barbera","status":"publish","type":"post","link":"https:\/\/www.lacostituzione.info\/index.php\/2025\/11\/07\/separazione-della-carriere-in-rispettoso-dissenso-dal-presidente-barbera\/","title":{"rendered":"Separazione delle carriere: in rispettoso dissenso dal Presidente Barbera"},"content":{"rendered":"<p style=\"text-align: center;\"><strong> <img loading=\"lazy\" decoding=\"async\" data-attachment-id=\"2720\" data-permalink=\"https:\/\/www.lacostituzione.info\/index.php\/2017\/05\/22\/inquirente-e-giudicante-il-nodo-della-separazione-delle-carriere-dei-magistrati\/toghe_rosse\/#main\" data-orig-file=\"https:\/\/www.lacostituzione.info\/wp-content\/uploads\/2017\/05\/toghe_rosse.jpg\" data-orig-size=\"500,353\" data-comments-opened=\"1\" data-image-meta=\"{&quot;aperture&quot;:&quot;0&quot;,&quot;credit&quot;:&quot;&quot;,&quot;camera&quot;:&quot;&quot;,&quot;caption&quot;:&quot;&quot;,&quot;created_timestamp&quot;:&quot;0&quot;,&quot;copyright&quot;:&quot;&quot;,&quot;focal_length&quot;:&quot;0&quot;,&quot;iso&quot;:&quot;0&quot;,&quot;shutter_speed&quot;:&quot;0&quot;,&quot;title&quot;:&quot;&quot;,&quot;orientation&quot;:&quot;0&quot;}\" data-image-title=\"toghe_rosse\" data-image-description=\"\" data-image-caption=\"\" data-medium-file=\"https:\/\/www.lacostituzione.info\/wp-content\/uploads\/2017\/05\/toghe_rosse-300x212.jpg\" data-large-file=\"https:\/\/www.lacostituzione.info\/wp-content\/uploads\/2017\/05\/toghe_rosse.jpg\" class=\"aligncenter size-thumbnail wp-image-2720\" src=\"http:\/\/www.lacostituzione.info\/wp-content\/uploads\/2017\/05\/toghe_rosse-150x150.jpg\" alt=\"\" width=\"150\" height=\"150\" \/><\/strong>di\u00a0<strong>Antonio D&#8217;Andrea<\/strong><\/p>\n<p>Nella riforma Vassalli del 1987, richiamata dal Presidente Augusto Barbera in un suo recente e stimolante articolo pubblicato il 4 novembre su <em>Il Foglio<\/em>, non esiste alcun vincolo, n\u00e9 logico n\u00e9 giuridico, che imponga la separazione delle <em>carriere<\/em>. <!--more-->Semmai, come egli stesso afferma, \u00e8 la separazione delle <em>funzioni<\/em>, che per\u00f2 gi\u00e0 esiste, a concorrere ad un processo che \u00e8, e resta, a tendenza accusatoria, conservando alcune garanzie di un modello evidentemente \u201cmisto\u201d, in cui il PM e il giudice condividono la medesima cultura, si potrebbe dire costituzionale, della giurisdizione nonch\u00e9 lo stesso statuto d\u2019indipendenza, che almeno con riguardo al PM, \u00e8 \u201cmitigato\u201d dall\u2019art. 107, u.c., Cost., pur nella gestione unitaria delle carriere richiamata per entrambi dall\u2019art. 105 Cost.<\/p>\n<p>Neppure l\u2019art. 111 Cost., che nella sua pomposa riformulazione avrebbe (ri)stabilito il c.d. \u201cgiusto processo\u201d, richiede due carriere separate, ma un giudice terzo ed imparziale in un processo che sappia garantire, specie quando \u00e8 formalizzata l\u2019accusa in ambito penale, parit\u00e0 di condizioni e di mezzi alle parti poste in contraddittorio tra di loro. Se questi sono i presupposti giuridici, la separazione delle carriere non incide sulla separazione delle funzioni, rischiando soltanto di indebolire la funzione giudicante e di rafforzare quella requirente, naturalmente pi\u00f9 esposta ad un <em>sentiment<\/em> politico.<\/p>\n<p>Quanto al tema della c.d. porte girevoli, la riforma Cartabia \u00e8 gi\u00e0 intervenuta sul punto \u2013 e non \u00e8 servita una modifica costituzionale \u2013 consentendo soltanto un cambio di funzione nei primi dieci anni di servizio tra giudici e PM. Dati alla mano, solo pochissimi magistrati ne hanno usufruito, a dimostrazione che si tratta di un falso problema. Le \u201cporte girevoli\u201d restano un fantasma agitato da certa propaganda politica, essendo la distinzione gi\u00e0 garantita. Pu\u00f2 essere ulteriormente perfezionata, ma senza che sia necessario percorrere la strada della revisione costituzionale. Bastano e avanzano le norme sull\u2019ordinamento giudiziario, che non hanno rango costituzionale.<\/p>\n<p>Barbera richiama puntualmente i lavori dell\u2019Assemblea Costituente, che respinse nettamente ogni ipotesi di subordinazione del PM al Governo, scegliendo, come classico esempio di compromesso tra comunisti e democristiani, l\u2019unitariet\u00e0 della giurisdizione, e richiama l\u2019art. 104 Cost., invocando il rispetto per la storia. Quante volte si sono innalzati cori contro le \u201ctoghe rosse\u201d e la \u201cgiustizia politicizzata\u201d? Lo stesso Barbera ricorda opportunamente che \u201cprima Craxi e poi Berlusconi prendendo in mano questa bandiera [&#8230;] favorirono ulteriori passi indietro delle forze politiche\u201d a conferma che la spinta alla separazione delle carriere nacque per mere contingenze politiche, non certo per perseguire una maggiore efficienza della giustizia. \u00c8 storia nota quel che si prov\u00f2 a fare, non certo per favorire lo smaltimento dei processi penali, ma per arrestarne il corso, ricorrendo a uno strumentario vario (anche di segno costituzionale) oltre che ai meccanismi di prescrizione.<\/p>\n<p>La storia andrebbe sempre osservata nella sua dinamica ordinamentale, tanto pi\u00f9 quanto questa incrocia profili di tenuta costituzionale. Si potr\u00e0 allora ricordare l\u2019insofferenza manifestata dal Governo Meloni attraverso suoi esponenti di punta che hanno prima attaccato la Corte costituzionale (quando lo stesso Barbera ne era autorevole Presidente), ritenendola responsabile di aver smantellato per preoccupazioni di ordine politico l\u2019impianto della legge Calderoli sull\u2019autonomia differenziata, poi la Corte di Cassazione, allorch\u00e9 \u00e8 stata segnata una battuta d\u2019arresto al piano migranti in Albania innanzitutto per opera della Corte di Lussemburgo e, da ultimo, persino la Corte dei conti, che ha rifiutato il visto di legittimit\u00e0 al progetto del ponte sullo Stretto. Le toghe rosse sono state scorte, e non solo dal Ministro Nordio, anche presso la Corte penale internazionale, in relazione al noto caso Al-Masri. In sostanza, ogni volta che la giurisdizione, anche sovranazionale, ha esercitato la propria funzione di controllo, questo Governo ha reagito scompostamente. Credo che su questo convenga lo stesso Barbera.<\/p>\n<p>Veniamo a qualche punto della riforma costituzionale appena approvata che pu\u00f2 essere richiamato quale cattivo esempio di correzione della rotta costituzionale.<\/p>\n<p>C\u2019\u00e8 chi difende il sorteggio come rimedio alle degenerazioni correntizie, ma il sorteggio \u201ccieco\u201d non eliminer\u00e0 le correnti, posto che nessuno \u00e8 in grado di garantire il rischio postumo di interferenza correntizia, come pure l\u2019apertura di scenari del tutto imprevedibili rispetto alla scelta dei sorteggiabili (che spetter\u00e0 definire al legislatore, in un secondo momento: ma quando? E in attesa, si prorogherebbe il CSM unico?). Inoltre la riforma moltiplica organi e burocrazia: non solo crea due CSM, ma istituisce un\u2019Alta Corte per decidere dei procedimenti disciplinari e persino del loro eventuale appello, sia pure con diversa composizione. Un grado di appello (cos\u00ec almeno viene definito), che per\u00f2 coinvolger\u00e0, con una rotazione interna, giudici disciplinari facenti parte dello stesso organo cui sarebbero assoggettati insieme le due distinte categorie di magistrati. Non si tratta di una soluzione barocca che torna ad unificare le due figure che si afferma sarebbero portatori di ruoli professionali da separare sebbene non gi\u00e0 quando se ne dovr\u00e0 valutare l\u2019illecito disciplinare? Quel che \u00e8 indiscutibile \u00e8 che si crea <em>ex novo<\/em> una giurisdizione speciale in aperto contrasto con quanto previsto dall\u2019art.102, c. 2, Cost. Lasciamo sullo sfondo l\u2019individuazione della componente togata dell\u2019Alta Corte (9 su 15) che non far\u00e0 parte dei due CSM, per evitare qualsiasi tipo di contiguit\u00e0 con l\u2019incolpato e lo stesso organo che si occupa della sua carriera (tutto si risolve nel sorteggio e nessuno mette becco), e omettiamo qualsiasi considerazione sull\u2019elenco dei sorteggiabili stilato dal Parlamento per l\u2019individuazione della componente laica dei due CSM e della stessa Alta Corte. Ammettiamo anche, come sostiene Barbera, che si possa evitare dal considerare connesso all\u2019autogoverno della magistratura la rappresentativit\u00e0 in senso \u201cpolitico\u201d delle note e aggiungerei sicuramente legittime appartenenze correntizie, ma non certo al prezzo di incidere sulla capacit\u00e0 del nominato di saper veicolare sulla sua figura un consenso consapevole da parte dei magistrati cui si sottrae del tutto l\u2019elettorato attivo. Si restringa pure il campo degli eleggibili (il che ovviamente inciderebbe sull\u2019elettorato passivo), ma non si comprometta l\u2019esercizio attivo del voto. Non pu\u00f2 esistere un autogoverno solo nominale!<\/p>\n<p>I veri problemi della giustizia sembrerebbero di altra natura: lentezza dei processi (specie in ambito civile), carenze di personale, scarsi investimenti nelle nuove tecnologie. Separare le carriere di alcuni magistrati non abbrevia un processo n\u00e9 migliora un ufficio. Peraltro, si inserisce in un quadro di riforme che rende molto bene la direzione di marcia intrapresa da questo Governo. Fra tutte, la volont\u00e0 di eleggere direttamente il Presidente del Consiglio, contestualmente ad una maggioranza parlamentare che riduce ancora di pi\u00f9 il Parlamento ad una mera cinghia di trasmissione con la maggioranza di governo. Dopo il Parlamento, da tempo messo all\u2019angolo e delegittimato (in verit\u00e0, non solo ad opera di questa maggioranza governativa), ora tocca alla magistratura pi\u00f9 interferente con il potere politico, quel potere che chiede di agire con una libert\u00e0 che non gli \u00e8 riconosciuta dalle regole costituzionali tanto a Roma quanto a Washington!<\/p>\n","protected":false},"excerpt":{"rendered":"<p>di\u00a0Antonio D&#8217;Andrea Nella riforma Vassalli del 1987, richiamata dal Presidente Augusto Barbera in un suo recente e stimolante articolo pubblicato il 4 novembre su Il Foglio, non esiste alcun vincolo, n\u00e9 logico n\u00e9 giuridico, che imponga la separazione delle carriere.<\/p>\n<div class='heateorSssClear'><\/div><div  class='heateor_sss_sharing_container heateor_sss_horizontal_sharing' data-heateor-sss-href='https:\/\/www.lacostituzione.info\/index.php\/2025\/11\/07\/separazione-della-carriere-in-rispettoso-dissenso-dal-presidente-barbera\/'><div class='heateor_sss_sharing_title' style=\"font-weight:bold\" >Condividi!<\/div><div class=\"heateor_sss_sharing_ul\"><a aria-label=\"Facebook\" class=\"heateor_sss_facebook\" href=\"https:\/\/www.facebook.com\/sharer\/sharer.php?u=https%3A%2F%2Fwww.lacostituzione.info%2Findex.php%2F2025%2F11%2F07%2Fseparazione-della-carriere-in-rispettoso-dissenso-dal-presidente-barbera%2F\" title=\"Facebook\" rel=\"nofollow noopener\" target=\"_blank\" style=\"font-size:32px!important;box-shadow:none;display:inline-block;vertical-align:middle\"><span class=\"heateor_sss_svg\" style=\"background-color:#0765FE;width:35px;height:35px;display:inline-block;opacity:1;float:left;font-size:32px;box-shadow:none;display:inline-block;font-size:16px;padding:0 4px;vertical-align:middle;background-repeat:repeat;overflow:hidden;padding:0;cursor:pointer;box-sizing:content-box\"><svg style=\"display:block;\" focusable=\"false\" aria-hidden=\"true\" xmlns=\"http:\/\/www.w3.org\/2000\/svg\" width=\"100%\" height=\"100%\" viewBox=\"0 0 32 32\"><path fill=\"#fff\" d=\"M28 16c0-6.627-5.373-12-12-12S4 9.373 4 16c0 5.628 3.875 10.35 9.101 11.647v-7.98h-2.474V16H13.1v-1.58c0-4.085 1.849-5.978 5.859-5.978.76 0 2.072.15 2.608.298v3.325c-.283-.03-.775-.045-1.386-.045-1.967 0-2.728.745-2.728 2.683V16h3.92l-.673 3.667h-3.247v8.245C23.395 27.195 28 22.135 28 16Z\"><\/path><\/svg><\/span><\/a><a aria-label=\"Twitter\" class=\"heateor_sss_button_twitter\" href=\"https:\/\/twitter.com\/intent\/tweet?text=Separazione%20delle%20carriere%3A%20in%20rispettoso%20dissenso%20dal%20Presidente%20Barbera&url=https%3A%2F%2Fwww.lacostituzione.info%2Findex.php%2F2025%2F11%2F07%2Fseparazione-della-carriere-in-rispettoso-dissenso-dal-presidente-barbera%2F\" title=\"Twitter\" rel=\"nofollow noopener\" target=\"_blank\" style=\"font-size:32px!important;box-shadow:none;display:inline-block;vertical-align:middle\"><span class=\"heateor_sss_svg heateor_sss_s__default heateor_sss_s_twitter\" style=\"background-color:#55acee;width:35px;height:35px;display:inline-block;opacity:1;float:left;font-size:32px;box-shadow:none;display:inline-block;font-size:16px;padding:0 4px;vertical-align:middle;background-repeat:repeat;overflow:hidden;padding:0;cursor:pointer;box-sizing:content-box\"><svg style=\"display:block;\" focusable=\"false\" aria-hidden=\"true\" xmlns=\"http:\/\/www.w3.org\/2000\/svg\" width=\"100%\" height=\"100%\" viewBox=\"-4 -4 39 39\"><path d=\"M28 8.557a9.913 9.913 0 0 1-2.828.775 4.93 4.93 0 0 0 2.166-2.725 9.738 9.738 0 0 1-3.13 1.194 4.92 4.92 0 0 0-3.593-1.55 4.924 4.924 0 0 0-4.794 6.049c-4.09-.21-7.72-2.17-10.15-5.15a4.942 4.942 0 0 0-.665 2.477c0 1.71.87 3.214 2.19 4.1a4.968 4.968 0 0 1-2.23-.616v.06c0 2.39 1.7 4.38 3.952 4.83-.414.115-.85.174-1.297.174-.318 0-.626-.03-.928-.086a4.935 4.935 0 0 0 4.6 3.42 9.893 9.893 0 0 1-6.114 2.107c-.398 0-.79-.023-1.175-.068a13.953 13.953 0 0 0 7.55 2.213c9.056 0 14.01-7.507 14.01-14.013 0-.213-.005-.426-.015-.637.96-.695 1.795-1.56 2.455-2.55z\" fill=\"#fff\"><\/path><\/svg><\/span><\/a><a aria-label=\"Reddit\" class=\"heateor_sss_button_reddit\" href=\"https:\/\/reddit.com\/submit?url=https%3A%2F%2Fwww.lacostituzione.info%2Findex.php%2F2025%2F11%2F07%2Fseparazione-della-carriere-in-rispettoso-dissenso-dal-presidente-barbera%2F&title=Separazione%20delle%20carriere%3A%20in%20rispettoso%20dissenso%20dal%20Presidente%20Barbera\" title=\"Reddit\" rel=\"nofollow noopener\" target=\"_blank\" style=\"font-size:32px!important;box-shadow:none;display:inline-block;vertical-align:middle\"><span class=\"heateor_sss_svg heateor_sss_s__default heateor_sss_s_reddit\" style=\"background-color:#ff5700;width:35px;height:35px;display:inline-block;opacity:1;float:left;font-size:32px;box-shadow:none;display:inline-block;font-size:16px;padding:0 4px;vertical-align:middle;background-repeat:repeat;overflow:hidden;padding:0;cursor:pointer;box-sizing:content-box\"><svg style=\"display:block;\" focusable=\"false\" aria-hidden=\"true\" xmlns=\"http:\/\/www.w3.org\/2000\/svg\" width=\"100%\" height=\"100%\" viewBox=\"-3.5 -3.5 39 39\"><path d=\"M28.543 15.774a2.953 2.953 0 0 0-2.951-2.949 2.882 2.882 0 0 0-1.9.713 14.075 14.075 0 0 0-6.85-2.044l1.38-4.349 3.768.884a2.452 2.452 0 1 0 .24-1.176l-4.274-1a.6.6 0 0 0-.709.4l-1.659 5.224a14.314 14.314 0 0 0-7.316 2.029 2.908 2.908 0 0 0-1.872-.681 2.942 2.942 0 0 0-1.618 5.4 5.109 5.109 0 0 0-.062.765c0 4.158 5.037 7.541 11.229 7.541s11.22-3.383 11.22-7.541a5.2 5.2 0 0 0-.053-.706 2.963 2.963 0 0 0 1.427-2.51zm-18.008 1.88a1.753 1.753 0 0 1 1.73-1.74 1.73 1.73 0 0 1 1.709 1.74 1.709 1.709 0 0 1-1.709 1.711 1.733 1.733 0 0 1-1.73-1.711zm9.565 4.968a5.573 5.573 0 0 1-4.081 1.272h-.032a5.576 5.576 0 0 1-4.087-1.272.6.6 0 0 1 .844-.854 4.5 4.5 0 0 0 3.238.927h.032a4.5 4.5 0 0 0 3.237-.927.6.6 0 1 1 .844.854zm-.331-3.256a1.726 1.726 0 1 1 1.709-1.712 1.717 1.717 0 0 1-1.712 1.712z\" fill=\"#fff\"\/><\/svg><\/span><\/a><a aria-label=\"Linkedin\" class=\"heateor_sss_button_linkedin\" href=\"https:\/\/www.linkedin.com\/sharing\/share-offsite\/?url=https%3A%2F%2Fwww.lacostituzione.info%2Findex.php%2F2025%2F11%2F07%2Fseparazione-della-carriere-in-rispettoso-dissenso-dal-presidente-barbera%2F\" title=\"Linkedin\" rel=\"nofollow noopener\" target=\"_blank\" style=\"font-size:32px!important;box-shadow:none;display:inline-block;vertical-align:middle\"><span class=\"heateor_sss_svg heateor_sss_s__default heateor_sss_s_linkedin\" style=\"background-color:#0077b5;width:35px;height:35px;display:inline-block;opacity:1;float:left;font-size:32px;box-shadow:none;display:inline-block;font-size:16px;padding:0 4px;vertical-align:middle;background-repeat:repeat;overflow:hidden;padding:0;cursor:pointer;box-sizing:content-box\"><svg style=\"display:block;\" focusable=\"false\" aria-hidden=\"true\" xmlns=\"http:\/\/www.w3.org\/2000\/svg\" width=\"100%\" height=\"100%\" viewBox=\"0 0 32 32\"><path d=\"M6.227 12.61h4.19v13.48h-4.19V12.61zm2.095-6.7a2.43 2.43 0 0 1 0 4.86c-1.344 0-2.428-1.09-2.428-2.43s1.084-2.43 2.428-2.43m4.72 6.7h4.02v1.84h.058c.56-1.058 1.927-2.176 3.965-2.176 4.238 0 5.02 2.792 5.02 6.42v7.395h-4.183v-6.56c0-1.564-.03-3.574-2.178-3.574-2.18 0-2.514 1.7-2.514 3.46v6.668h-4.187V12.61z\" fill=\"#fff\"><\/path><\/svg><\/span><\/a><a aria-label=\"Pinterest\" class=\"heateor_sss_button_pinterest\" href=\"https:\/\/www.lacostituzione.info\/index.php\/2025\/11\/07\/separazione-della-carriere-in-rispettoso-dissenso-dal-presidente-barbera\/\" onclick=\"event.preventDefault();javascript:void( (function() {var e=document.createElement('script' );e.setAttribute('type','text\/javascript' );e.setAttribute('charset','UTF-8' );e.setAttribute('src','\/\/assets.pinterest.com\/js\/pinmarklet.js?r='+Math.random()*99999999);document.body.appendChild(e)})());\" title=\"Pinterest\" rel=\"noopener\" style=\"font-size:32px!important;box-shadow:none;display:inline-block;vertical-align:middle\"><span class=\"heateor_sss_svg heateor_sss_s__default heateor_sss_s_pinterest\" style=\"background-color:#cc2329;width:35px;height:35px;display:inline-block;opacity:1;float:left;font-size:32px;box-shadow:none;display:inline-block;font-size:16px;padding:0 4px;vertical-align:middle;background-repeat:repeat;overflow:hidden;padding:0;cursor:pointer;box-sizing:content-box\"><svg style=\"display:block;\" focusable=\"false\" aria-hidden=\"true\" xmlns=\"http:\/\/www.w3.org\/2000\/svg\" width=\"100%\" height=\"100%\" viewBox=\"-2 -2 35 35\"><path fill=\"#fff\" d=\"M16.539 4.5c-6.277 0-9.442 4.5-9.442 8.253 0 2.272.86 4.293 2.705 5.046.303.125.574.005.662-.33.061-.231.205-.816.27-1.06.088-.331.053-.447-.191-.736-.532-.627-.873-1.439-.873-2.591 0-3.338 2.498-6.327 6.505-6.327 3.548 0 5.497 2.168 5.497 5.062 0 3.81-1.686 7.025-4.188 7.025-1.382 0-2.416-1.142-2.085-2.545.397-1.674 1.166-3.48 1.166-4.689 0-1.081-.581-1.983-1.782-1.983-1.413 0-2.548 1.462-2.548 3.419 0 1.247.421 2.091.421 2.091l-1.699 7.199c-.505 2.137-.076 4.755-.039 5.019.021.158.223.196.314.077.13-.17 1.813-2.247 2.384-4.324.162-.587.929-3.631.929-3.631.46.876 1.801 1.646 3.227 1.646 4.247 0 7.128-3.871 7.128-9.053.003-3.918-3.317-7.568-8.361-7.568z\"\/><\/svg><\/span><\/a><a aria-label=\"Whatsapp\" class=\"heateor_sss_whatsapp\" href=\"https:\/\/api.whatsapp.com\/send?text=Separazione%20delle%20carriere%3A%20in%20rispettoso%20dissenso%20dal%20Presidente%20Barbera%20https%3A%2F%2Fwww.lacostituzione.info%2Findex.php%2F2025%2F11%2F07%2Fseparazione-della-carriere-in-rispettoso-dissenso-dal-presidente-barbera%2F\" title=\"Whatsapp\" rel=\"nofollow noopener\" target=\"_blank\" style=\"font-size:32px!important;box-shadow:none;display:inline-block;vertical-align:middle\"><span class=\"heateor_sss_svg\" style=\"background-color:#55eb4c;width:35px;height:35px;display:inline-block;opacity:1;float:left;font-size:32px;box-shadow:none;display:inline-block;font-size:16px;padding:0 4px;vertical-align:middle;background-repeat:repeat;overflow:hidden;padding:0;cursor:pointer;box-sizing:content-box\"><svg style=\"display:block;\" focusable=\"false\" aria-hidden=\"true\" xmlns=\"http:\/\/www.w3.org\/2000\/svg\" width=\"100%\" height=\"100%\" viewBox=\"-6 -5 40 40\"><path class=\"heateor_sss_svg_stroke heateor_sss_no_fill\" stroke=\"#fff\" stroke-width=\"2\" fill=\"none\" d=\"M 11.579798566743314 24.396926207859085 A 10 10 0 1 0 6.808479557110079 20.73576436351046\"><\/path><path d=\"M 7 19 l -1 6 l 6 -1\" class=\"heateor_sss_no_fill heateor_sss_svg_stroke\" stroke=\"#fff\" stroke-width=\"2\" fill=\"none\"><\/path><path d=\"M 10 10 q -1 8 8 11 c 5 -1 0 -6 -1 -3 q -4 -3 -5 -5 c 4 -2 -1 -5 -1 -4\" fill=\"#fff\"><\/path><\/svg><\/span><\/a><\/div><div class=\"heateorSssClear\"><\/div><\/div><div class='heateorSssClear'><\/div>","protected":false},"author":16,"featured_media":0,"comment_status":"open","ping_status":"open","sticky":false,"template":"","format":"standard","meta":{"jetpack_post_was_ever_published":false,"_jetpack_newsletter_access":"","_jetpack_dont_email_post_to_subs":false,"_jetpack_newsletter_tier_id":0,"_jetpack_memberships_contains_paywalled_content":false,"_jetpack_memberships_contains_paid_content":false,"footnotes":"","jetpack_publicize_message":"","jetpack_publicize_feature_enabled":true,"jetpack_social_post_already_shared":true,"jetpack_social_options":{"image_generator_settings":{"template":"highway","default_image_id":0,"enabled":false},"version":2}},"categories":[12],"tags":[1157,772,1909],"class_list":["post-9720","post","type-post","status-publish","format-standard","hentry","category-editoriale","tag-csm","tag-giudici","tag-pm"],"jetpack_publicize_connections":[],"jetpack_featured_media_url":"","jetpack_shortlink":"https:\/\/wp.me\/p84sDq-2wM","jetpack_likes_enabled":true,"jetpack_sharing_enabled":true,"_links":{"self":[{"href":"https:\/\/www.lacostituzione.info\/index.php\/wp-json\/wp\/v2\/posts\/9720","targetHints":{"allow":["GET"]}}],"collection":[{"href":"https:\/\/www.lacostituzione.info\/index.php\/wp-json\/wp\/v2\/posts"}],"about":[{"href":"https:\/\/www.lacostituzione.info\/index.php\/wp-json\/wp\/v2\/types\/post"}],"author":[{"embeddable":true,"href":"https:\/\/www.lacostituzione.info\/index.php\/wp-json\/wp\/v2\/users\/16"}],"replies":[{"embeddable":true,"href":"https:\/\/www.lacostituzione.info\/index.php\/wp-json\/wp\/v2\/comments?post=9720"}],"version-history":[{"count":0,"href":"https:\/\/www.lacostituzione.info\/index.php\/wp-json\/wp\/v2\/posts\/9720\/revisions"}],"wp:attachment":[{"href":"https:\/\/www.lacostituzione.info\/index.php\/wp-json\/wp\/v2\/media?parent=9720"}],"wp:term":[{"taxonomy":"category","embeddable":true,"href":"https:\/\/www.lacostituzione.info\/index.php\/wp-json\/wp\/v2\/categories?post=9720"},{"taxonomy":"post_tag","embeddable":true,"href":"https:\/\/www.lacostituzione.info\/index.php\/wp-json\/wp\/v2\/tags?post=9720"}],"curies":[{"name":"wp","href":"https:\/\/api.w.org\/{rel}","templated":true}]}}